{"id":4123,"date":"2013-04-19T17:31:00","date_gmt":"2013-04-19T15:31:00","guid":{"rendered":"http:\/\/blogs.diariosur.es\/pasarelaurbana\/?p=4123"},"modified":"2013-04-19T17:31:00","modified_gmt":"2013-04-19T15:31:00","slug":"la-fiembre-del-estampado-navajo","status":"publish","type":"post","link":"https:\/\/blogs.diariosur.es\/pasarelaurbana\/2013\/04\/19\/la-fiembre-del-estampado-navajo\/","title":{"rendered":"La fiembre del estampado navajo"},"content":{"rendered":"<p style=\"text-align: center;\">\u00a1Buenas! \u00a1Vamos a por el viernes! Finalizamos la semana con un look informal perfecto para el d\u00eda a d\u00eda. Lo protagoniza Carmen Gal\u00e1n, una joven malague\u00f1a que estudia para ser matrona en Budapest. Me gusta la combinaci\u00f3n de la camisa verde militar con aplicaci\u00f3n de tela de print navajo en la espalda con el short vaquero tipo boyfriend (el corte por excelencia de esta temporada en la que lo m\u00e1s &#8216;in&#8217; en materia denim es vestir modelos que parezcan sacados de un armario masculino). Remata el estilismo con un shopping bag negro de Mango, un collar dorado de Blanco y unas botas planas de Psyco Italia con originales flecos en la parte trasera (un detalle que las hace diferentes). Ideal el anillo XL de Uno de 50 con maxi piedras de colores y el abriguito de pelo (a primera hora de la ma\u00f1ana a\u00fan hace fresquete) que le da un punto sofisticado. Os dejo con ella. Y recordad: ma\u00f1ana especial moda en SUR.es con nuestro post de street style de fin de semana (en esta ocasi\u00f3n os daremos las claves para acertar en un evento informal).<\/p>\n<p>&nbsp;<\/p>\n<p><a href=\"\/pasarelaurbana\/wp-content\/uploads\/sites\/49\/2013\/04\/413.jpg\"><img loading=\"lazy\" class=\"aligncenter size-full wp-image-4126\" title=\"41\" src=\"\/pasarelaurbana\/wp-content\/uploads\/sites\/49\/2013\/04\/413.jpg\" alt=\"\" width=\"600\" height=\"803\" srcset=\"https:\/\/static-blogs.diariosur.es\/wp-content\/uploads\/sites\/49\/2013\/04\/413.jpg 600w, https:\/\/static-blogs.diariosur.es\/wp-content\/uploads\/sites\/49\/2013\/04\/413-224x300.jpg 224w\" sizes=\"(max-width: 600px) 100vw, 600px\" \/><\/a><!--more--><\/p>\n<p><a href=\"\/pasarelaurbana\/wp-content\/uploads\/sites\/49\/2013\/04\/402.jpg\"><img loading=\"lazy\" class=\"aligncenter size-full wp-image-4125\" title=\"40\" src=\"\/pasarelaurbana\/wp-content\/uploads\/sites\/49\/2013\/04\/402.jpg\" alt=\"\" width=\"600\" height=\"803\" srcset=\"https:\/\/static-blogs.diariosur.es\/wp-content\/uploads\/sites\/49\/2013\/04\/402.jpg 600w, https:\/\/static-blogs.diariosur.es\/wp-content\/uploads\/sites\/49\/2013\/04\/402-224x300.jpg 224w\" sizes=\"(max-width: 600px) 100vw, 600px\" \/><\/a><\/p>\n<p><a href=\"\/pasarelaurbana\/wp-content\/uploads\/sites\/49\/2013\/04\/424.jpg\"><img loading=\"lazy\" class=\"aligncenter size-full wp-image-4127\" title=\"42\" src=\"\/pasarelaurbana\/wp-content\/uploads\/sites\/49\/2013\/04\/424.jpg\" alt=\"\" width=\"600\" height=\"803\" srcset=\"https:\/\/static-blogs.diariosur.es\/wp-content\/uploads\/sites\/49\/2013\/04\/424.jpg 600w, https:\/\/static-blogs.diariosur.es\/wp-content\/uploads\/sites\/49\/2013\/04\/424-224x300.jpg 224w\" sizes=\"(max-width: 600px) 100vw, 600px\" \/><\/a><\/p>\n<p><a href=\"\/pasarelaurbana\/wp-content\/uploads\/sites\/49\/2013\/04\/431.jpg\"><img loading=\"lazy\" class=\"aligncenter size-full wp-image-4128\" title=\"43\" src=\"\/pasarelaurbana\/wp-content\/uploads\/sites\/49\/2013\/04\/431.jpg\" alt=\"\" width=\"600\" height=\"803\" srcset=\"https:\/\/static-blogs.diariosur.es\/wp-content\/uploads\/sites\/49\/2013\/04\/431.jpg 600w, https:\/\/static-blogs.diariosur.es\/wp-content\/uploads\/sites\/49\/2013\/04\/431-224x300.jpg 224w\" sizes=\"(max-width: 600px) 100vw, 600px\" \/><\/a><\/p>\n<p><a href=\"\/pasarelaurbana\/wp-content\/uploads\/sites\/49\/2013\/04\/44.jpg\"><img loading=\"lazy\" class=\"aligncenter size-full wp-image-4129\" title=\"44\" src=\"\/pasarelaurbana\/wp-content\/uploads\/sites\/49\/2013\/04\/44.jpg\" alt=\"\" width=\"600\" height=\"803\" srcset=\"https:\/\/static-blogs.diariosur.es\/wp-content\/uploads\/sites\/49\/2013\/04\/44.jpg 600w, https:\/\/static-blogs.diariosur.es\/wp-content\/uploads\/sites\/49\/2013\/04\/44-224x300.jpg 224w\" sizes=\"(max-width: 600px) 100vw, 600px\" \/><\/a><\/p>\n<p><a href=\"\/pasarelaurbana\/wp-content\/uploads\/sites\/49\/2013\/04\/45.jpg\"><img loading=\"lazy\" class=\"aligncenter size-full wp-image-4130\" title=\"45\" src=\"\/pasarelaurbana\/wp-content\/uploads\/sites\/49\/2013\/04\/45.jpg\" alt=\"\" width=\"600\" height=\"803\" srcset=\"https:\/\/static-blogs.diariosur.es\/wp-content\/uploads\/sites\/49\/2013\/04\/45.jpg 600w, https:\/\/static-blogs.diariosur.es\/wp-content\/uploads\/sites\/49\/2013\/04\/45-224x300.jpg 224w\" sizes=\"(max-width: 600px) 100vw, 600px\" \/><\/a><\/p>\n<p style=\"text-align: center;\"><a href=\"\/pasarelaurbana\/wp-content\/uploads\/sites\/49\/2013\/04\/46.jpg\"><img loading=\"lazy\" class=\"aligncenter size-full wp-image-4124\" title=\"46\" src=\"\/pasarelaurbana\/wp-content\/uploads\/sites\/49\/2013\/04\/46.jpg\" alt=\"\" width=\"600\" height=\"803\" srcset=\"https:\/\/static-blogs.diariosur.es\/wp-content\/uploads\/sites\/49\/2013\/04\/46.jpg 600w, https:\/\/static-blogs.diariosur.es\/wp-content\/uploads\/sites\/49\/2013\/04\/46-224x300.jpg 224w\" sizes=\"(max-width: 600px) 100vw, 600px\" \/><\/a><\/p>\n<p style=\"text-align: center;\"><strong>Carmen Gal\u00e1n<\/strong>. Estudia para formarse como matrona en Budapest. 26 a\u00f1os<\/p>\n<p style=\"text-align: center;\">Camisa: Mango<\/p>\n<p style=\"text-align: center;\">Shorts: H&#038;M<\/p>\n<p style=\"text-align: center;\">Chaqueta: Mango<\/p>\n<p style=\"text-align: center;\">Botas: Psyco<\/p>\n<p style=\"text-align: center;\">Gafas: Woman Secret<\/p>\n<p style=\"text-align: center;\">Bolso: Mango<\/p>\n<p style=\"text-align: center;\">Collar: Blanco<\/p>\n<p style=\"text-align: center;\">Anillo: Uno de 50<\/p>\n","protected":false},"excerpt":{"rendered":"<p>\u00a1Buenas! \u00a1Vamos a por el viernes! Finalizamos la semana con un look informal perfecto para el d\u00eda a d\u00eda. Lo protagoniza Carmen Gal\u00e1n, una joven malague\u00f1a que estudia para ser matrona en Budapest. Me gusta la combinaci\u00f3n de la camisa verde militar con aplicaci\u00f3n de tela de print navajo en la espalda con el short [&hellip;]<\/p>\n","protected":false},"author":54,"featured_media":0,"comment_status":"open","ping_status":"closed","sticky":false,"template":"","format":"standard","meta":[],"categories":[2],"tags":[],"_links":{"self":[{"href":"https:\/\/blogs.diariosur.es\/pasarelaurbana\/wp-json\/wp\/v2\/posts\/4123"}],"collection":[{"href":"https:\/\/blogs.diariosur.es\/pasarelaurbana\/wp-json\/wp\/v2\/posts"}],"about":[{"href":"https:\/\/blogs.diariosur.es\/pasarelaurbana\/wp-json\/wp\/v2\/types\/post"}],"author":[{"embeddable":true,"href":"https:\/\/blogs.diariosur.es\/pasarelaurbana\/wp-json\/wp\/v2\/users\/54"}],"replies":[{"embeddable":true,"href":"https:\/\/blogs.diariosur.es\/pasarelaurbana\/wp-json\/wp\/v2\/comments?post=4123"}],"version-history":[{"count":0,"href":"https:\/\/blogs.diariosur.es\/pasarelaurbana\/wp-json\/wp\/v2\/posts\/4123\/revisions"}],"wp:attachment":[{"href":"https:\/\/blogs.diariosur.es\/pasarelaurbana\/wp-json\/wp\/v2\/media?parent=4123"}],"wp:term":[{"taxonomy":"category","embeddable":true,"href":"https:\/\/blogs.diariosur.es\/pasarelaurbana\/wp-json\/wp\/v2\/categories?post=4123"},{"taxonomy":"post_tag","embeddable":true,"href":"https:\/\/blogs.diariosur.es\/pasarelaurbana\/wp-json\/wp\/v2\/tags?post=4123"}],"curies":[{"name":"wp","href":"https:\/\/api.w.org\/{rel}","templated":true}]}}