{"id":4133,"date":"2013-04-23T15:27:37","date_gmt":"2013-04-23T13:27:37","guid":{"rendered":"http:\/\/blogs.diariosur.es\/pasarelaurbana\/?p=4133"},"modified":"2013-04-23T15:27:37","modified_gmt":"2013-04-23T13:27:37","slug":"la-pasarela-se-traslada-al-festival-fichamos-los-mejores-looks-de-cine","status":"publish","type":"post","link":"https:\/\/blogs.diariosur.es\/pasarelaurbana\/2013\/04\/23\/la-pasarela-se-traslada-al-festival-fichamos-los-mejores-looks-de-cine\/","title":{"rendered":"La pasarela se traslada al Festival: fichamos los mejores looks de cine"},"content":{"rendered":"<p style=\"text-align: center;\">\u00a1Buenas! Perdonad mi ausencia de los \u00faltimos d\u00eda. Mientras dure el<strong> Festival de M\u00e1laga<\/strong>, nuestra pasarela urbana se traslada a los entornos del Teatro Cervantes, el Alb\u00e9niz, el Museo Thyssen o el Teatro Echegaray para fichar los mejores estilismos que nos regalen los actores y actrices asistentes a la decimosexta edici\u00f3n del certamen. M\u00e1laga se viste estos dias de cine&#8230;y de tendencias \u00a1y all\u00ed est\u00e1 SUR para ficharlas! \u00bfQuieres saber qu\u00e9 llevan los actores en los photocall? \u00bfSus &#8216;outfits&#8217; m\u00e1s acertados y sus propuestas m\u00e1s desafortunadas? \u00a1Pues atentos al blog que hemos creado mi compa\u00f1era Mari Carmen Parra (de Gracias a Dior) y una servidora para contaros con pelos y se\u00f1ales todo lo que cueza durante estos ocho d\u00edas festivaleros!: las marcas favoritas de los actores\/actrices, sus estilismos m\u00e1s recurrentes, sus complementos, sus modelazos para la alfombra roja&#8230;Todo esto y mucho m\u00e1s en<strong><a href=\"blogs.diariosur.es\/pasarelafestival\/\"> LA PASARELA DEL FESTIVAL<\/a><\/strong><\/p>\n<p style=\"text-align: center;\">Os dejo con los post que hemos publicado hasta ahora<\/p>\n<p style=\"text-align: center;\"><strong>S\u00e1bado<\/strong><\/p>\n<p style=\"text-align: center;\"><a href=\"http:\/\/blogs.diariosur.es\/pasarelafestival\/2013\/04\/21\/luces-camara-moda-analizamos-los-looks-de-la-primera-jornada-de-festival\/\">Luces, c\u00e1mara\u2026\u00a1moda!: analizamos los looks de la primera jornada de festival<\/a><\/p>\n<p style=\"text-align: center;\"><strong>Domingo<\/strong><\/p>\n<p style=\"text-align: center;\"><a href=\"http:\/\/blogs.diariosur.es\/pasarelafestival\/2013\/04\/22\/un-festival-de-tendencias\/\">Un festival de tendencias<\/a><\/p>\n<p style=\"text-align: center;\"><strong>Lunes<\/strong><\/p>\n<p style=\"text-align: center;\"><a href=\"http:\/\/blogs.diariosur.es\/pasarelafestival\/2013\/04\/22\/asi-si-inma-cuesta-e-ingrid-rubio-las-reinas-del-photocall\/\">As\u00ed s\u00ed: Inma Cuesta e Ingrid Rubio, las reinas del photocal<\/a><\/p>\n<p style=\"text-align: center;\"><a href=\"http:\/\/blogs.diariosur.es\/pasarelafestival\/2013\/04\/23\/el-miguel-palacio-mas-codiciado\/\">El Miguel Palacio m\u00e1s codiciado<\/a><\/p>\n<p style=\"text-align: center;\"><strong>Martes<\/strong><\/p>\n<p style=\"text-align: center;\"><a href=\"http:\/\/blogs.diariosur.es\/pasarelafestival\/2013\/04\/23\/el-estilo-unico-e-inigualable-de-jose-corbacho\/\">El estilo \u00fanico e inigualable de\u2026 Jos\u00e9 Corbacho<\/a><\/p>\n<p style=\"text-align: center;\">\n<p><a href=\"\/pasarelaurbana\/wp-content\/uploads\/sites\/49\/2013\/04\/festival.jpg\"><img loading=\"lazy\" class=\"aligncenter size-full wp-image-4134\" title=\"festival\" src=\"\/pasarelaurbana\/wp-content\/uploads\/sites\/49\/2013\/04\/festival.jpg\" alt=\"\" width=\"600\" height=\"391\" srcset=\"https:\/\/static-blogs.diariosur.es\/wp-content\/uploads\/sites\/49\/2013\/04\/festival.jpg 600w, https:\/\/static-blogs.diariosur.es\/wp-content\/uploads\/sites\/49\/2013\/04\/festival-300x196.jpg 300w\" sizes=\"(max-width: 600px) 100vw, 600px\" \/><\/a><\/p>\n","protected":false},"excerpt":{"rendered":"<p>\u00a1Buenas! Perdonad mi ausencia de los \u00faltimos d\u00eda. Mientras dure el Festival de M\u00e1laga, nuestra pasarela urbana se traslada a los entornos del Teatro Cervantes, el Alb\u00e9niz, el Museo Thyssen o el Teatro Echegaray para fichar los mejores estilismos que nos regalen los actores y actrices asistentes a la decimosexta edici\u00f3n del certamen. M\u00e1laga se [&hellip;]<\/p>\n","protected":false},"author":54,"featured_media":0,"comment_status":"open","ping_status":"closed","sticky":false,"template":"","format":"standard","meta":[],"categories":[2],"tags":[],"_links":{"self":[{"href":"https:\/\/blogs.diariosur.es\/pasarelaurbana\/wp-json\/wp\/v2\/posts\/4133"}],"collection":[{"href":"https:\/\/blogs.diariosur.es\/pasarelaurbana\/wp-json\/wp\/v2\/posts"}],"about":[{"href":"https:\/\/blogs.diariosur.es\/pasarelaurbana\/wp-json\/wp\/v2\/types\/post"}],"author":[{"embeddable":true,"href":"https:\/\/blogs.diariosur.es\/pasarelaurbana\/wp-json\/wp\/v2\/users\/54"}],"replies":[{"embeddable":true,"href":"https:\/\/blogs.diariosur.es\/pasarelaurbana\/wp-json\/wp\/v2\/comments?post=4133"}],"version-history":[{"count":0,"href":"https:\/\/blogs.diariosur.es\/pasarelaurbana\/wp-json\/wp\/v2\/posts\/4133\/revisions"}],"wp:attachment":[{"href":"https:\/\/blogs.diariosur.es\/pasarelaurbana\/wp-json\/wp\/v2\/media?parent=4133"}],"wp:term":[{"taxonomy":"category","embeddable":true,"href":"https:\/\/blogs.diariosur.es\/pasarelaurbana\/wp-json\/wp\/v2\/categories?post=4133"},{"taxonomy":"post_tag","embeddable":true,"href":"https:\/\/blogs.diariosur.es\/pasarelaurbana\/wp-json\/wp\/v2\/tags?post=4133"}],"curies":[{"name":"wp","href":"https:\/\/api.w.org\/{rel}","templated":true}]}}