{"id":4135,"date":"2013-04-26T23:54:45","date_gmt":"2013-04-26T21:54:45","guid":{"rendered":"http:\/\/blogs.diariosur.es\/pasarelaurbana\/?p=4135"},"modified":"2013-04-26T23:54:45","modified_gmt":"2013-04-26T21:54:45","slug":"looks-protagonistas","status":"publish","type":"post","link":"https:\/\/blogs.diariosur.es\/pasarelaurbana\/2013\/04\/26\/looks-protagonistas\/","title":{"rendered":"Looks protagonistas"},"content":{"rendered":"<p style=\"text-align: center;\">\u00a0El Festival de M\u00e1laga ha vestido esta semana la ciudad de cine&#8230;y de moda.\u00a0 Un a\u00f1o m\u00e1s, el certamen ha convertido puntos como el Teatro Cervantes, el Alb\u00e9niz o el Teatro Echegaray en aut\u00e9nticas pasarelas sobre las que han desfilado las propuestas de temporada de los rostros m\u00e1s conocidos de nuestra gran pantalla. Entre las propuestas de las actrices espa\u00f1olas se han impuesto el bicolor blanco y negro (la pareja crom\u00e1tica m\u00e1s repetida esta edici\u00f3n sobre la alfombra roja), los cortes asim\u00e1tricos, los vestidos plisados, las transparencias y las pailletes. El mono, por su parte, ha sido una de las prendas estrella de esta decimosexta edici\u00f3n, en la que los clutch metalizados y los maxi collares dorados de eslabones han sido los complementos m\u00e1s codiciados.<br \/>\nY mientras actores y actrices acaparaban flashes en los \u2018photocalls\u2019, a pie de calle el \u2018street style\u2019 se contagiaba tambi\u00e9n de este halo de glamour que ha dejado \u2018outfits\u2019 bastante interesantes sobre la pasarela urbana malague\u00f1a. As\u00ed, en los alrededores de los puntos calientes del festival la moda ha sido otra gran protagonista. Periodistas, miembros de la organizaci\u00f3n del certamen, aficionados o meros curiosos han sacado estos \u00faltimos d\u00edas sus mejores galas para desfilar por el Centro cual \u2018celebrity\u2019 y presumir de estilo.<br \/>\nBajo la premisa de la comodidad (clave para afrontar jornadas maratonianas de proyecciones y caminatas a la caza de famosos) hemos fichado aut\u00e9nticas joyas de primavera, como las deportivas de cuadros vichy de Juan del R\u00edo (Flumen), sus gafas de pasta (arrasan entre los modernos), el collar \u00e9tnico de Carla Molinari, los shorts de pedrer\u00eda de Lara Fern\u00e1ndez o el pa\u00f1uelo al cuello de Bosco Vida (muy chic). \u00a1Pasen y vean!<\/p>\n<p><a href=\"\/pasarelaurbana\/wp-content\/uploads\/sites\/49\/2013\/04\/116.jpg\"><img loading=\"lazy\" class=\"aligncenter size-full wp-image-4137\" title=\"1\" src=\"\/pasarelaurbana\/wp-content\/uploads\/sites\/49\/2013\/04\/116.jpg\" alt=\"\" width=\"600\" height=\"800\" srcset=\"https:\/\/static-blogs.diariosur.es\/wp-content\/uploads\/sites\/49\/2013\/04\/116.jpg 600w, https:\/\/static-blogs.diariosur.es\/wp-content\/uploads\/sites\/49\/2013\/04\/116-225x300.jpg 225w\" sizes=\"(max-width: 600px) 100vw, 600px\" \/><\/a><\/p>\n<p><!--more--><\/p>\n<p><a href=\"\/pasarelaurbana\/wp-content\/uploads\/sites\/49\/2013\/04\/215.jpg\"><img loading=\"lazy\" class=\"aligncenter size-full wp-image-4138\" title=\"2\" src=\"\/pasarelaurbana\/wp-content\/uploads\/sites\/49\/2013\/04\/215.jpg\" alt=\"\" width=\"600\" height=\"800\" srcset=\"https:\/\/static-blogs.diariosur.es\/wp-content\/uploads\/sites\/49\/2013\/04\/215.jpg 600w, https:\/\/static-blogs.diariosur.es\/wp-content\/uploads\/sites\/49\/2013\/04\/215-225x300.jpg 225w\" sizes=\"(max-width: 600px) 100vw, 600px\" \/><\/a><\/p>\n<p><a href=\"\/pasarelaurbana\/wp-content\/uploads\/sites\/49\/2013\/04\/316.jpg\"><img loading=\"lazy\" class=\"aligncenter size-full wp-image-4139\" title=\"3\" src=\"\/pasarelaurbana\/wp-content\/uploads\/sites\/49\/2013\/04\/316.jpg\" alt=\"\" width=\"600\" height=\"800\" srcset=\"https:\/\/static-blogs.diariosur.es\/wp-content\/uploads\/sites\/49\/2013\/04\/316.jpg 600w, https:\/\/static-blogs.diariosur.es\/wp-content\/uploads\/sites\/49\/2013\/04\/316-225x300.jpg 225w\" sizes=\"(max-width: 600px) 100vw, 600px\" \/><\/a><\/p>\n<p><a href=\"\/pasarelaurbana\/wp-content\/uploads\/sites\/49\/2013\/04\/47.jpg\"><img loading=\"lazy\" class=\"aligncenter size-full wp-image-4140\" title=\"4\" src=\"\/pasarelaurbana\/wp-content\/uploads\/sites\/49\/2013\/04\/47.jpg\" alt=\"\" width=\"600\" height=\"800\" srcset=\"https:\/\/static-blogs.diariosur.es\/wp-content\/uploads\/sites\/49\/2013\/04\/47.jpg 600w, https:\/\/static-blogs.diariosur.es\/wp-content\/uploads\/sites\/49\/2013\/04\/47-225x300.jpg 225w\" sizes=\"(max-width: 600px) 100vw, 600px\" \/><\/a><\/p>\n<p><a href=\"\/pasarelaurbana\/wp-content\/uploads\/sites\/49\/2013\/04\/54.jpg\"><img loading=\"lazy\" class=\"aligncenter size-full wp-image-4141\" title=\"5\" src=\"\/pasarelaurbana\/wp-content\/uploads\/sites\/49\/2013\/04\/54.jpg\" alt=\"\" width=\"600\" height=\"450\" srcset=\"https:\/\/static-blogs.diariosur.es\/wp-content\/uploads\/sites\/49\/2013\/04\/54.jpg 600w, https:\/\/static-blogs.diariosur.es\/wp-content\/uploads\/sites\/49\/2013\/04\/54-300x225.jpg 300w\" sizes=\"(max-width: 600px) 100vw, 600px\" \/><\/a><\/p>\n<p><a href=\"\/pasarelaurbana\/wp-content\/uploads\/sites\/49\/2013\/04\/63.jpg\"><img loading=\"lazy\" class=\"aligncenter size-full wp-image-4142\" title=\"6\" src=\"\/pasarelaurbana\/wp-content\/uploads\/sites\/49\/2013\/04\/63.jpg\" alt=\"\" width=\"600\" height=\"450\" srcset=\"https:\/\/static-blogs.diariosur.es\/wp-content\/uploads\/sites\/49\/2013\/04\/63.jpg 600w, https:\/\/static-blogs.diariosur.es\/wp-content\/uploads\/sites\/49\/2013\/04\/63-300x225.jpg 300w\" sizes=\"(max-width: 600px) 100vw, 600px\" \/><\/a><\/p>\n<p><a href=\"\/pasarelaurbana\/wp-content\/uploads\/sites\/49\/2013\/04\/73.jpg\"><img loading=\"lazy\" class=\"aligncenter size-full wp-image-4143\" title=\"7\" src=\"\/pasarelaurbana\/wp-content\/uploads\/sites\/49\/2013\/04\/73.jpg\" alt=\"\" width=\"600\" height=\"450\" srcset=\"https:\/\/static-blogs.diariosur.es\/wp-content\/uploads\/sites\/49\/2013\/04\/73.jpg 600w, https:\/\/static-blogs.diariosur.es\/wp-content\/uploads\/sites\/49\/2013\/04\/73-300x225.jpg 300w\" sizes=\"(max-width: 600px) 100vw, 600px\" \/><\/a><\/p>\n<p style=\"text-align: center;\"><strong>Lara Fern\u00e1ndez<\/strong>. Psic\u00f3loga. 25 a\u00f1os<\/p>\n<p style=\"text-align: center;\"><span style=\"text-decoration: underline;\">Camisa vaquera +shorts de \u2018pailletes\u2019= un d\u00fao muy \u2018fashion\u2019<\/span><br \/>\nSi hay una prenda capaz de reinventarse a s\u00ed misma temporada tras temporada y mantenerse en el podio de las m\u00e1s deseadas esa es la camisa vaquera. Su \u00e9xito reside en su car\u00e1cter camale\u00f3nico y en las facilidades que brinda a la hora de combinarse con todo tipo de estilos. Esta primavera vuelve a la carga en su versi\u00f3n deste\u00f1ida. Se llevan de efecto \u2018tie-dye\u2019 (con el \u2018denim\u2019 degradado), como el modelo de Zara que luci\u00f3 Lara Fern\u00e1ndez a las puertas del cine Alb\u00e9niz. Para asistir a una tarde de festival, esta psic\u00f3loga de 25 a\u00f1os opt\u00f3 por maridarla con unos bonitos shorts, tambi\u00e9n del buque insignia de Inditex, cuajados de \u2018pailletes\u2019 con dibujos geom\u00e9tricos de inspiraci\u00f3n \u00e9tnica. Complet\u00f3 el estilismo con cu\u00f1as negras, clutch de efecto corcho (muy original) de Oysho y collar tribal de Bimba y Lola. \u00bfSu objetivo? \u00abIr informal pero con un punto arregado y apostando por prendas c\u00f3modas y vers\u00e1tiles que sirvan para ir correcta de tarde-noche\u00bb, nos confes\u00f3 Lara, en cuyo armario no faltan las camisas y los pantalones vaqueros.<\/p>\n<p style=\"text-align: center;\">Camisa vaquera, shorts de pailletes y cu\u00f1as: Zara.<\/p>\n<p style=\"text-align: center;\">Clutch:Oysho. <\/p>\n<p style=\"text-align: center;\">Collar: Bimba y Lola.<\/p>\n<p>&nbsp;<\/p>\n<p><a href=\"\/pasarelaurbana\/wp-content\/uploads\/sites\/49\/2013\/04\/84.jpg\"><img loading=\"lazy\" class=\"aligncenter size-full wp-image-4144\" title=\"8\" src=\"\/pasarelaurbana\/wp-content\/uploads\/sites\/49\/2013\/04\/84.jpg\" alt=\"\" width=\"600\" height=\"800\" srcset=\"https:\/\/static-blogs.diariosur.es\/wp-content\/uploads\/sites\/49\/2013\/04\/84.jpg 600w, https:\/\/static-blogs.diariosur.es\/wp-content\/uploads\/sites\/49\/2013\/04\/84-225x300.jpg 225w\" sizes=\"(max-width: 600px) 100vw, 600px\" \/><\/a><\/p>\n<p><a href=\"\/pasarelaurbana\/wp-content\/uploads\/sites\/49\/2013\/04\/94.jpg\"><img loading=\"lazy\" class=\"aligncenter size-full wp-image-4145\" title=\"9\" src=\"\/pasarelaurbana\/wp-content\/uploads\/sites\/49\/2013\/04\/94.jpg\" alt=\"\" width=\"600\" height=\"800\" srcset=\"https:\/\/static-blogs.diariosur.es\/wp-content\/uploads\/sites\/49\/2013\/04\/94.jpg 600w, https:\/\/static-blogs.diariosur.es\/wp-content\/uploads\/sites\/49\/2013\/04\/94-225x300.jpg 225w\" sizes=\"(max-width: 600px) 100vw, 600px\" \/><\/a><\/p>\n<p><a href=\"\/pasarelaurbana\/wp-content\/uploads\/sites\/49\/2013\/04\/105.jpg\"><img loading=\"lazy\" class=\"aligncenter size-full wp-image-4146\" title=\"10\" src=\"\/pasarelaurbana\/wp-content\/uploads\/sites\/49\/2013\/04\/105.jpg\" alt=\"\" width=\"600\" height=\"800\" srcset=\"https:\/\/static-blogs.diariosur.es\/wp-content\/uploads\/sites\/49\/2013\/04\/105.jpg 600w, https:\/\/static-blogs.diariosur.es\/wp-content\/uploads\/sites\/49\/2013\/04\/105-225x300.jpg 225w\" sizes=\"(max-width: 600px) 100vw, 600px\" \/><\/a><\/p>\n<p><a href=\"\/pasarelaurbana\/wp-content\/uploads\/sites\/49\/2013\/04\/117.jpg\"><img loading=\"lazy\" class=\"aligncenter size-full wp-image-4147\" title=\"11\" src=\"\/pasarelaurbana\/wp-content\/uploads\/sites\/49\/2013\/04\/117.jpg\" alt=\"\" width=\"600\" height=\"800\" srcset=\"https:\/\/static-blogs.diariosur.es\/wp-content\/uploads\/sites\/49\/2013\/04\/117.jpg 600w, https:\/\/static-blogs.diariosur.es\/wp-content\/uploads\/sites\/49\/2013\/04\/117-225x300.jpg 225w\" sizes=\"(max-width: 600px) 100vw, 600px\" \/><\/a><\/p>\n<p><a href=\"\/pasarelaurbana\/wp-content\/uploads\/sites\/49\/2013\/04\/123.jpg\"><img loading=\"lazy\" class=\"aligncenter size-full wp-image-4148\" title=\"12\" src=\"\/pasarelaurbana\/wp-content\/uploads\/sites\/49\/2013\/04\/123.jpg\" alt=\"\" width=\"600\" height=\"450\" srcset=\"https:\/\/static-blogs.diariosur.es\/wp-content\/uploads\/sites\/49\/2013\/04\/123.jpg 600w, https:\/\/static-blogs.diariosur.es\/wp-content\/uploads\/sites\/49\/2013\/04\/123-300x225.jpg 300w\" sizes=\"(max-width: 600px) 100vw, 600px\" \/><\/a><\/p>\n<p><a href=\"\/pasarelaurbana\/wp-content\/uploads\/sites\/49\/2013\/04\/133.jpg\"><img loading=\"lazy\" class=\"aligncenter size-full wp-image-4149\" title=\"13\" src=\"\/pasarelaurbana\/wp-content\/uploads\/sites\/49\/2013\/04\/133.jpg\" alt=\"\" width=\"600\" height=\"450\" srcset=\"https:\/\/static-blogs.diariosur.es\/wp-content\/uploads\/sites\/49\/2013\/04\/133.jpg 600w, https:\/\/static-blogs.diariosur.es\/wp-content\/uploads\/sites\/49\/2013\/04\/133-300x225.jpg 300w\" sizes=\"(max-width: 600px) 100vw, 600px\" \/><\/a><\/p>\n<p><a href=\"\/pasarelaurbana\/wp-content\/uploads\/sites\/49\/2013\/04\/144.jpg\"><img loading=\"lazy\" class=\"aligncenter size-full wp-image-4150\" title=\"14\" src=\"\/pasarelaurbana\/wp-content\/uploads\/sites\/49\/2013\/04\/144.jpg\" alt=\"\" width=\"600\" height=\"800\" srcset=\"https:\/\/static-blogs.diariosur.es\/wp-content\/uploads\/sites\/49\/2013\/04\/144.jpg 600w, https:\/\/static-blogs.diariosur.es\/wp-content\/uploads\/sites\/49\/2013\/04\/144-225x300.jpg 225w\" sizes=\"(max-width: 600px) 100vw, 600px\" \/><\/a><\/p>\n<p><a href=\"\/pasarelaurbana\/wp-content\/uploads\/sites\/49\/2013\/04\/154.jpg\"><img loading=\"lazy\" class=\"aligncenter size-full wp-image-4136\" title=\"15\" src=\"\/pasarelaurbana\/wp-content\/uploads\/sites\/49\/2013\/04\/154.jpg\" alt=\"\" width=\"600\" height=\"800\" srcset=\"https:\/\/static-blogs.diariosur.es\/wp-content\/uploads\/sites\/49\/2013\/04\/154.jpg 600w, https:\/\/static-blogs.diariosur.es\/wp-content\/uploads\/sites\/49\/2013\/04\/154-225x300.jpg 225w\" sizes=\"(max-width: 600px) 100vw, 600px\" \/><\/a><\/p>\n<p style=\"text-align: center;\"><strong>Bosco Vida<\/strong>. Actor, escritor y jurado del Festival de M\u00e1laga. 25 a\u00f1os<\/p>\n<p style=\"text-align: center;\"><span style=\"text-decoration: underline;\">Negro y \u2018nude\u2019, el nuevo bicolor que causa furor<\/span><br \/>\nEntiende la moda como un modo de expresi\u00f3n personal. Un concepto que, en el caso de los actores -plantea- debe ir m\u00e1s all\u00e1: \u00abSu indumentaria es otro personaje m\u00e1s, as\u00ed que deber\u00edan cuidar m\u00e1s su forma de vestir en el festival\u00bb, advierte Bosco Vida, int\u00e9rprete, escritor y jurado del Festival de M\u00e1laga con quien nos topamos a las puertas del Cervantes con un interesante \u2018look\u2019 bicolor en blanco y \u2018nude\u2019. A fichar: el pa\u00f1uelo en el cuello (muy chic) y la camiseta con calavera con \u2018print\u2019 navajo de Pull&#038;Bear. Sobre estas l\u00edneas, Bosco posa con un viejo conocido de esta pasarela urbana: el blogger malague\u00f1o <strong>Demetrio de la Torre<\/strong>, con un total look blanco compuesto por camiseta de Celine, pitillos y blazer oscura de Zara y mocasines de charol bicolor en marr\u00f3n y azul marino (preciosos). A copiar: sus estilosas gafas redondas de Asos. Bosco lleva:<\/p>\n<p style=\"text-align: center;\">Camiseta: Pull&#038;Bear.<\/p>\n<p style=\"text-align: center;\">Blazer:Zara. <\/p>\n<p style=\"text-align: center;\">Pa\u00f1uelo: De los hippies.<\/p>\n<p style=\"text-align: center;\">Pantal\u00f3n:Miss Sixty<\/p>\n<p style=\"text-align: center;\">Deportivas: Bershka.<\/p>\n<p style=\"text-align: center;\">Pulseras: Variadas, a destacar la roja de la Fundaci\u00f3n Vicente Ferrer.<\/p>\n<p><a href=\"\/pasarelaurbana\/wp-content\/uploads\/sites\/49\/2013\/04\/164.jpg\"><img loading=\"lazy\" class=\"aligncenter size-full wp-image-4152\" title=\"16\" src=\"\/pasarelaurbana\/wp-content\/uploads\/sites\/49\/2013\/04\/164.jpg\" alt=\"\" width=\"600\" height=\"800\" srcset=\"https:\/\/static-blogs.diariosur.es\/wp-content\/uploads\/sites\/49\/2013\/04\/164.jpg 600w, https:\/\/static-blogs.diariosur.es\/wp-content\/uploads\/sites\/49\/2013\/04\/164-225x300.jpg 225w\" sizes=\"(max-width: 600px) 100vw, 600px\" \/><\/a><\/p>\n<p><a href=\"\/pasarelaurbana\/wp-content\/uploads\/sites\/49\/2013\/04\/174.jpg\"><img loading=\"lazy\" class=\"aligncenter size-full wp-image-4153\" title=\"17\" src=\"\/pasarelaurbana\/wp-content\/uploads\/sites\/49\/2013\/04\/174.jpg\" alt=\"\" width=\"600\" height=\"800\" srcset=\"https:\/\/static-blogs.diariosur.es\/wp-content\/uploads\/sites\/49\/2013\/04\/174.jpg 600w, https:\/\/static-blogs.diariosur.es\/wp-content\/uploads\/sites\/49\/2013\/04\/174-225x300.jpg 225w\" sizes=\"(max-width: 600px) 100vw, 600px\" \/><\/a><\/p>\n<p><a href=\"\/pasarelaurbana\/wp-content\/uploads\/sites\/49\/2013\/04\/182.jpg\"><img loading=\"lazy\" class=\"aligncenter size-full wp-image-4154\" title=\"18\" src=\"\/pasarelaurbana\/wp-content\/uploads\/sites\/49\/2013\/04\/182.jpg\" alt=\"\" width=\"600\" height=\"800\" srcset=\"https:\/\/static-blogs.diariosur.es\/wp-content\/uploads\/sites\/49\/2013\/04\/182.jpg 600w, https:\/\/static-blogs.diariosur.es\/wp-content\/uploads\/sites\/49\/2013\/04\/182-225x300.jpg 225w\" sizes=\"(max-width: 600px) 100vw, 600px\" \/><\/a><\/p>\n<p><a href=\"\/pasarelaurbana\/wp-content\/uploads\/sites\/49\/2013\/04\/193.jpg\"><img loading=\"lazy\" class=\"aligncenter size-full wp-image-4155\" title=\"19\" src=\"\/pasarelaurbana\/wp-content\/uploads\/sites\/49\/2013\/04\/193.jpg\" alt=\"\" width=\"600\" height=\"450\" srcset=\"https:\/\/static-blogs.diariosur.es\/wp-content\/uploads\/sites\/49\/2013\/04\/193.jpg 600w, https:\/\/static-blogs.diariosur.es\/wp-content\/uploads\/sites\/49\/2013\/04\/193-300x225.jpg 300w\" sizes=\"(max-width: 600px) 100vw, 600px\" \/><\/a><\/p>\n<p><a href=\"\/pasarelaurbana\/wp-content\/uploads\/sites\/49\/2013\/04\/205.jpg\"><img loading=\"lazy\" class=\"aligncenter size-full wp-image-4156\" title=\"20\" src=\"\/pasarelaurbana\/wp-content\/uploads\/sites\/49\/2013\/04\/205.jpg\" alt=\"\" width=\"600\" height=\"450\" srcset=\"https:\/\/static-blogs.diariosur.es\/wp-content\/uploads\/sites\/49\/2013\/04\/205.jpg 600w, https:\/\/static-blogs.diariosur.es\/wp-content\/uploads\/sites\/49\/2013\/04\/205-300x225.jpg 300w\" sizes=\"(max-width: 600px) 100vw, 600px\" \/><\/a><\/p>\n<p><a href=\"\/pasarelaurbana\/wp-content\/uploads\/sites\/49\/2013\/04\/216.jpg\"><img loading=\"lazy\" class=\"aligncenter size-full wp-image-4157\" title=\"21\" src=\"\/pasarelaurbana\/wp-content\/uploads\/sites\/49\/2013\/04\/216.jpg\" alt=\"\" width=\"600\" height=\"450\" srcset=\"https:\/\/static-blogs.diariosur.es\/wp-content\/uploads\/sites\/49\/2013\/04\/216.jpg 600w, https:\/\/static-blogs.diariosur.es\/wp-content\/uploads\/sites\/49\/2013\/04\/216-300x225.jpg 300w\" sizes=\"(max-width: 600px) 100vw, 600px\" \/><\/a><\/p>\n<p style=\"text-align: center;\">\u00a0<strong style=\"text-align: center;\">Carla Molinari<\/strong><span style=\"text-align: center;\">. Ayudante de producci\u00f3n. 24 a\u00f1os<\/span><\/p>\n<p style=\"text-align: center;\"><span style=\"text-decoration: underline;\">Los collares \u00e9tnicos, imprescindibles esta primavera<\/span><br \/>\nEsta temporada lo m\u00e1s \u2018in\u2019 es \u2018viajar\u2019 con los looks hasta una rec\u00f3ndita tribu y presumir de estilo. Junto al bicolor y a las rayas (que ya tuvieron su momento de gloria a principio de primavera), ahora le toca el turno al estampado navajo. El \u2018print\u2019 tribal es tendencia absoluta, tanto en ropa como en complementos. Carla Molinari, una ayudante de producci\u00f3n de 24 a\u00f1os, recurri\u00f3 el pasado jueves a un maxi collar con telas \u00e9tnicas para asistir a la presentaci\u00f3n de una pel\u00edcula de la ZonaZine. La pieza se convirti\u00f3\u00a0 en el foco de su \u2018look\u2019, construido en torno a prendas b\u00e1sicas: camiseta rosa palo, blazer oscura, jeans pitillo y botines negros. Un clutch de tonos pasteles puso el broche a su estilismo.<\/p>\n<p style=\"text-align: center;\">Camiseta: Primark.<\/p>\n<p style=\"text-align: center;\">Blazer: Pull&#038;Bear.<\/p>\n<p style=\"text-align: center;\">Collar: Zara.<\/p>\n<p style=\"text-align: center;\">Pantalones: Stradivarius.<\/p>\n<p style=\"text-align: center;\">Clutch: Misako.<\/p>\n<p style=\"text-align: center;\">Botines: Zara.<\/p>\n<p>&nbsp;<\/p>\n<p><a href=\"\/pasarelaurbana\/wp-content\/uploads\/sites\/49\/2013\/04\/224.jpg\"><img loading=\"lazy\" class=\"aligncenter size-full wp-image-4158\" title=\"22\" src=\"\/pasarelaurbana\/wp-content\/uploads\/sites\/49\/2013\/04\/224.jpg\" alt=\"\" width=\"600\" height=\"803\" srcset=\"https:\/\/static-blogs.diariosur.es\/wp-content\/uploads\/sites\/49\/2013\/04\/224.jpg 600w, https:\/\/static-blogs.diariosur.es\/wp-content\/uploads\/sites\/49\/2013\/04\/224-224x300.jpg 224w\" sizes=\"(max-width: 600px) 100vw, 600px\" \/><\/a><\/p>\n<p><a href=\"\/pasarelaurbana\/wp-content\/uploads\/sites\/49\/2013\/04\/245.jpg\"><img loading=\"lazy\" class=\"aligncenter size-full wp-image-4160\" title=\"24\" src=\"\/pasarelaurbana\/wp-content\/uploads\/sites\/49\/2013\/04\/245.jpg\" alt=\"\" width=\"600\" height=\"803\" srcset=\"https:\/\/static-blogs.diariosur.es\/wp-content\/uploads\/sites\/49\/2013\/04\/245.jpg 600w, https:\/\/static-blogs.diariosur.es\/wp-content\/uploads\/sites\/49\/2013\/04\/245-224x300.jpg 224w\" sizes=\"(max-width: 600px) 100vw, 600px\" \/><\/a><\/p>\n<p><a href=\"\/pasarelaurbana\/wp-content\/uploads\/sites\/49\/2013\/04\/233.jpg\"><img loading=\"lazy\" class=\"aligncenter size-full wp-image-4159\" title=\"23\" src=\"\/pasarelaurbana\/wp-content\/uploads\/sites\/49\/2013\/04\/233.jpg\" alt=\"\" width=\"600\" height=\"803\" srcset=\"https:\/\/static-blogs.diariosur.es\/wp-content\/uploads\/sites\/49\/2013\/04\/233.jpg 600w, https:\/\/static-blogs.diariosur.es\/wp-content\/uploads\/sites\/49\/2013\/04\/233-224x300.jpg 224w\" sizes=\"(max-width: 600px) 100vw, 600px\" \/><\/a><\/p>\n<p><a href=\"\/pasarelaurbana\/wp-content\/uploads\/sites\/49\/2013\/04\/253.jpg\"><img loading=\"lazy\" class=\"aligncenter size-full wp-image-4162\" title=\"25\" src=\"\/pasarelaurbana\/wp-content\/uploads\/sites\/49\/2013\/04\/253.jpg\" alt=\"\" width=\"600\" height=\"803\" srcset=\"https:\/\/static-blogs.diariosur.es\/wp-content\/uploads\/sites\/49\/2013\/04\/253.jpg 600w, https:\/\/static-blogs.diariosur.es\/wp-content\/uploads\/sites\/49\/2013\/04\/253-224x300.jpg 224w\" sizes=\"(max-width: 600px) 100vw, 600px\" \/><\/a><\/p>\n<p><a href=\"\/pasarelaurbana\/wp-content\/uploads\/sites\/49\/2013\/04\/265.jpg\"><img loading=\"lazy\" class=\"aligncenter size-full wp-image-4163\" title=\"26\" src=\"\/pasarelaurbana\/wp-content\/uploads\/sites\/49\/2013\/04\/265.jpg\" alt=\"\" width=\"600\" height=\"803\" srcset=\"https:\/\/static-blogs.diariosur.es\/wp-content\/uploads\/sites\/49\/2013\/04\/265.jpg 600w, https:\/\/static-blogs.diariosur.es\/wp-content\/uploads\/sites\/49\/2013\/04\/265-224x300.jpg 224w\" sizes=\"(max-width: 600px) 100vw, 600px\" \/><\/a><\/p>\n<p style=\"text-align: center;\"><strong>Juan del R\u00edo (Flumen)<\/strong>. Empresario, socio de la firma malague\u00f1a Flumen&#038;Co. 35 a\u00f1os<\/p>\n<p style=\"text-align: center;\"><span style=\"text-decoration: underline;\">Gafas de madera y deportivas chic, estrellas del \u2018outfit\u2019<\/span><br \/>\nUn \u2018outfit\u2019 de contrastes es la interesante propuesta de Juan del R\u00edo (Flumen para los amigos), que apost\u00f3 para una jornada de trabajo por el Centro por un acertado \u2018look\u2019 centrado en los complementos. Ideales sus deportivas de vichy verde, de Maians, su pa\u00f1uelo de flores de Flumen&#038;Co y sus gafas de madera de Schwood. Este empresario de 35 a\u00f1os complet\u00f3 el estilismo con chaqueta celeste y pantal\u00f3n caqui (una pareja crom\u00e1tica muy bien avenida a la que me apunto esta primavera porque sienta genial).<\/p>\n<p style=\"text-align: center;\">Camisa: Purificaci\u00f3n Garc\u00eda.<\/p>\n<p style=\"text-align: center;\">Corbata: Massimo Dutti.<\/p>\n<p style=\"text-align: center;\">Pantal\u00f3n: Lefties.<\/p>\n<p style=\"text-align: center;\">Deportivas: Maians.<\/p>\n<p style=\"text-align: center;\">Cintur\u00f3n: Zara.<\/p>\n<p style=\"text-align: center;\">Pa\u00f1uelo: Flumen&#038;Co.<\/p>\n<p style=\"text-align: center;\">Gafas de madera: Shwood.<\/p>\n<p style=\"text-align: center;\">\u00a1Espero que os haya gustado! El lunes, tras el par\u00e9ntesis festivalero, vuelvo a la carga con nuevos post. Os espero. \u00a1Buen fin de semana!<\/p>\n","protected":false},"excerpt":{"rendered":"<p>\u00a0El Festival de M\u00e1laga ha vestido esta semana la ciudad de cine&#8230;y de moda.\u00a0 Un a\u00f1o m\u00e1s, el certamen ha convertido puntos como el Teatro Cervantes, el Alb\u00e9niz o el Teatro Echegaray en aut\u00e9nticas pasarelas sobre las que han desfilado las propuestas de temporada de los rostros m\u00e1s conocidos de nuestra gran pantalla. Entre las [&hellip;]<\/p>\n","protected":false},"author":54,"featured_media":0,"comment_status":"open","ping_status":"closed","sticky":false,"template":"","format":"standard","meta":[],"categories":[2],"tags":[],"_links":{"self":[{"href":"https:\/\/blogs.diariosur.es\/pasarelaurbana\/wp-json\/wp\/v2\/posts\/4135"}],"collection":[{"href":"https:\/\/blogs.diariosur.es\/pasarelaurbana\/wp-json\/wp\/v2\/posts"}],"about":[{"href":"https:\/\/blogs.diariosur.es\/pasarelaurbana\/wp-json\/wp\/v2\/types\/post"}],"author":[{"embeddable":true,"href":"https:\/\/blogs.diariosur.es\/pasarelaurbana\/wp-json\/wp\/v2\/users\/54"}],"replies":[{"embeddable":true,"href":"https:\/\/blogs.diariosur.es\/pasarelaurbana\/wp-json\/wp\/v2\/comments?post=4135"}],"version-history":[{"count":0,"href":"https:\/\/blogs.diariosur.es\/pasarelaurbana\/wp-json\/wp\/v2\/posts\/4135\/revisions"}],"wp:attachment":[{"href":"https:\/\/blogs.diariosur.es\/pasarelaurbana\/wp-json\/wp\/v2\/media?parent=4135"}],"wp:term":[{"taxonomy":"category","embeddable":true,"href":"https:\/\/blogs.diariosur.es\/pasarelaurbana\/wp-json\/wp\/v2\/categories?post=4135"},{"taxonomy":"post_tag","embeddable":true,"href":"https:\/\/blogs.diariosur.es\/pasarelaurbana\/wp-json\/wp\/v2\/tags?post=4135"}],"curies":[{"name":"wp","href":"https:\/\/api.w.org\/{rel}","templated":true}]}}