{"id":4167,"date":"2013-05-01T21:11:02","date_gmt":"2013-05-01T19:11:02","guid":{"rendered":"http:\/\/blogs.diariosur.es\/pasarelaurbana\/?p=4167"},"modified":"2013-05-01T21:11:02","modified_gmt":"2013-05-01T19:11:02","slug":"que-tiemblen-las-sneakers-vuelven-las-bambas-con-plataforma","status":"publish","type":"post","link":"https:\/\/blogs.diariosur.es\/pasarelaurbana\/2013\/05\/01\/que-tiemblen-las-sneakers-vuelven-las-bambas-con-plataforma\/","title":{"rendered":"\u00a1Que tiemblen las sneakers! Vuelven las bambas con plataforma"},"content":{"rendered":"<p style=\"text-align: center;\">\u00a1Hola a tod@s! Tras mi ausencia de las \u00faltimas semanas (en las que los estilismos del Festival de Cine me han abducido: pod\u00e9is ver todas las cr\u00f3nicas de photocalls y alfombra roja al detalle <a href=\"http:\/\/blogs.diariosur.es\/pasarelafestival\/\"><strong>aqu\u00ed<\/strong>)<\/a>vuelvo a la carga con la pasarela urbana, dispuesta a seguir fichando las mejores propuestas del street style malague\u00f1o, a colarme en nuevos\u00a0 armarios para el suplemento de SUR &#8216;Gente de M\u00e1laga&#8217; y a continuar repasando lo \u00faltimo en moda y tendencias para que est\u00e9is al d\u00eda. Y precisamente de tendencias (y de echar la vista atr\u00e1s) va el post de hoy. En lo que a estilismos se refiere, el pasado siempre vuelve; una verdad como un pu\u00f1o que hoy nos traslada a la <strong>d\u00e9cada de los 90<\/strong>. (Ainssssssss los 90, \u00a1qui\u00e9n los pillara! jejejeje) Con la resaca del desenfreno de los alocados ochenta, a finales del siglo XX la moda se refugi\u00f3 en la simplicidad. El &#8216;menos es m\u00e1s&#8217; se convirti\u00f3 en el eje de estilo de una generaci\u00f3n rendida a blusas anchas, pantalones pirata, cazadoras vaqueras, jerseys oversize y prendas deportivas que buscaba ante todo la comodidad. En medio de este escenario, <strong>lo m\u00e1s &#8216;in&#8217; en lo que a calzado se refiere era ir subidas en unas deportivas con plataforma<\/strong>. Las que, como yo, super\u00e1is la treintena: \u00a1Tirad la primera piedra si no sucumbisteis a las<strong> &#8216;No Name&#8217; o a las &#8216;Superga&#8217;!<\/strong> Triunfaban en formato bicolor: las hab\u00eda blancas y negras. \u00a1Y estaban hasta en la sopa! En la \u00e9poca de &#8216;Salvados por la Campana&#8217; cuando todas est\u00e1bamos enganchadas al culebr\u00f3n &#8216;Beverly Hills&#8217; y pon\u00edamos la radio a toda pastilla para escuchar a los &#8216;Take That&#8217; o a las &#8216;Spice Girls&#8217;, el &#8216;must have&#8217; m\u00e1s codiciado de los armarios eran estas deportivas. Una servidora las tuvo en blancas, \u00a1y me las puse hasta estrozarlas! \u00a1Me encantaban! Primero porque iban con todo y segundo porque siendo s\u00faper c\u00f3modas permit\u00edan que una (a la que la naturaleza no le ha dado mucha altura) sumara unos cent\u00edmetros sin sufrir los estragos del tac\u00f3n.<\/p>\n<p style=\"text-align: center;\">Pues bien, esta primavera,\u00a0 casi veinte a\u00f1os despu\u00e9s, las bambas con plataforma <strong>vuelven a la carga cual Ave F\u00e9nix<\/strong> convertidas en el nuevo b\u00e1sico de la temporada. <strong>Hace unas semanas paseando por calle Larios me top\u00e9 con ellas en el escaparate de Pinsapo Shoes<\/strong> y el coraz\u00f3n me dio un vuelco. \u00a1Qu\u00e9 momentazo revival! No se vosotras, pero yo pienso invertir en unas para esta primavera. Ahora es el momento, ya que son perfectas para estos d\u00edas que no hace ni fr\u00edo ni calor. \u00a1Combinan bien con shorts, faldas, vestidos o pantalones y son super vers\u00e1tiles!<\/p>\n<p style=\"text-align: center;\">Si quer\u00e9is unas, pod\u00e9is optar por un<strong> modelo cl\u00e1sico en blancas o negras<\/strong> (ideales poque van con todo) o por <strong>estampados m\u00e1s llamativos<\/strong> (preciosas las de print navajo de No Name). Si busc\u00e1is un toque m\u00e1s sofisticado tambi\u00e9n las ten\u00e9is en <strong>acabados metalizados<\/strong>, como el dorado o el plateado (chul\u00edsimas). \u00a1Qu\u00e9 tiemblen las sneakers porque las bambas con plataforma han vuelto para quedarse! Os dejo con una selecci\u00f3n de fotos. \u00bfY a vosotras? \u00bfos convencen? \u00a1Hasta ma\u00f1ana!<\/p>\n<p style=\"text-align: center;\"><a href=\"\/pasarelaurbana\/wp-content\/uploads\/sites\/49\/2013\/05\/nonamenegrasjpg.jpg\"><img loading=\"lazy\" class=\"aligncenter size-full wp-image-4172\" title=\"nonamenegrasjpg\" src=\"\/pasarelaurbana\/wp-content\/uploads\/sites\/49\/2013\/05\/nonamenegrasjpg.jpg\" alt=\"\" width=\"600\" height=\"454\" srcset=\"https:\/\/static-blogs.diariosur.es\/wp-content\/uploads\/sites\/49\/2013\/05\/nonamenegrasjpg.jpg 600w, https:\/\/static-blogs.diariosur.es\/wp-content\/uploads\/sites\/49\/2013\/05\/nonamenegrasjpg-300x227.jpg 300w\" sizes=\"(max-width: 600px) 100vw, 600px\" \/><\/a><!--more--><\/p>\n<p style=\"text-align: center;\">Arriba, las cl\u00e1sicas negras de No Name. Abajo, otros modelos de la marca (me encantan las de print navajo y las doradas!).<\/p>\n<p style=\"text-align: center;\"><a href=\"\/pasarelaurbana\/wp-content\/uploads\/sites\/49\/2013\/05\/noname.jpg\"><img loading=\"lazy\" class=\"aligncenter size-full wp-image-4170\" title=\"noname\" src=\"\/pasarelaurbana\/wp-content\/uploads\/sites\/49\/2013\/05\/noname.jpg\" alt=\"\" width=\"600\" height=\"400\" srcset=\"https:\/\/static-blogs.diariosur.es\/wp-content\/uploads\/sites\/49\/2013\/05\/noname.jpg 600w, https:\/\/static-blogs.diariosur.es\/wp-content\/uploads\/sites\/49\/2013\/05\/noname-300x200.jpg 300w\" sizes=\"(max-width: 600px) 100vw, 600px\" \/><\/a><\/p>\n<p style=\"text-align: center;\"><a href=\"\/pasarelaurbana\/wp-content\/uploads\/sites\/49\/2013\/05\/nonamedos.jpg\"><img loading=\"lazy\" class=\"aligncenter size-full wp-image-4171\" title=\"nonamedos\" src=\"\/pasarelaurbana\/wp-content\/uploads\/sites\/49\/2013\/05\/nonamedos.jpg\" alt=\"\" width=\"602\" height=\"401\" srcset=\"https:\/\/static-blogs.diariosur.es\/wp-content\/uploads\/sites\/49\/2013\/05\/nonamedos.jpg 602w, https:\/\/static-blogs.diariosur.es\/wp-content\/uploads\/sites\/49\/2013\/05\/nonamedos-300x200.jpg 300w\" sizes=\"(max-width: 602px) 100vw, 602px\" \/><\/a><\/p>\n<p style=\"text-align: center;\"><strong>Superga<\/strong> es otra de las firmas por excelencia cuando se habla de deportivas con plataforma. Las blancas de la marca fueron un &#8216;hit&#8217; en la d\u00e9cada de los 90. Esta temporada la ense\u00f1a propone nuevos modelos (muy divertidas las de la suela de lunares).<\/p>\n<p style=\"text-align: center;\"><a href=\"\/pasarelaurbana\/wp-content\/uploads\/sites\/49\/2013\/05\/supergablancas.jpg\"><img loading=\"lazy\" class=\"aligncenter size-full wp-image-4174\" title=\"supergablancas\" src=\"\/pasarelaurbana\/wp-content\/uploads\/sites\/49\/2013\/05\/supergablancas.jpg\" alt=\"\" width=\"600\" height=\"399\" srcset=\"https:\/\/static-blogs.diariosur.es\/wp-content\/uploads\/sites\/49\/2013\/05\/supergablancas.jpg 600w, https:\/\/static-blogs.diariosur.es\/wp-content\/uploads\/sites\/49\/2013\/05\/supergablancas-300x200.jpg 300w\" sizes=\"(max-width: 600px) 100vw, 600px\" \/><\/a><\/p>\n<p style=\"text-align: center;\"><a href=\"\/pasarelaurbana\/wp-content\/uploads\/sites\/49\/2013\/05\/supergatopos.jpg\"><img loading=\"lazy\" class=\"aligncenter size-full wp-image-4175\" title=\"supergatopos\" src=\"\/pasarelaurbana\/wp-content\/uploads\/sites\/49\/2013\/05\/supergatopos.jpg\" alt=\"\" width=\"600\" height=\"450\" srcset=\"https:\/\/static-blogs.diariosur.es\/wp-content\/uploads\/sites\/49\/2013\/05\/supergatopos.jpg 600w, https:\/\/static-blogs.diariosur.es\/wp-content\/uploads\/sites\/49\/2013\/05\/supergatopos-300x225.jpg 300w\" sizes=\"(max-width: 600px) 100vw, 600px\" \/><\/a><\/p>\n<p style=\"text-align: center;\"><a href=\"\/pasarelaurbana\/wp-content\/uploads\/sites\/49\/2013\/05\/superga.jpg\"><img loading=\"lazy\" class=\"aligncenter size-full wp-image-4173\" title=\"superga\" src=\"\/pasarelaurbana\/wp-content\/uploads\/sites\/49\/2013\/05\/superga.jpg\" alt=\"\" width=\"600\" height=\"357\" srcset=\"https:\/\/static-blogs.diariosur.es\/wp-content\/uploads\/sites\/49\/2013\/05\/superga.jpg 600w, https:\/\/static-blogs.diariosur.es\/wp-content\/uploads\/sites\/49\/2013\/05\/superga-300x179.jpg 300w\" sizes=\"(max-width: 600px) 100vw, 600px\" \/><\/a><\/p>\n<p style=\"text-align: center;\"><strong>Victoria<\/strong> es otra alternativa a buen precio para hacerse con unas.<\/p>\n<p style=\"text-align: center;\"><a href=\"\/pasarelaurbana\/wp-content\/uploads\/sites\/49\/2013\/05\/victoria.jpg\"><img loading=\"lazy\" class=\"aligncenter size-full wp-image-4177\" title=\"victoria\" src=\"\/pasarelaurbana\/wp-content\/uploads\/sites\/49\/2013\/05\/victoria.jpg\" alt=\"\" width=\"600\" height=\"394\" srcset=\"https:\/\/static-blogs.diariosur.es\/wp-content\/uploads\/sites\/49\/2013\/05\/victoria.jpg 600w, https:\/\/static-blogs.diariosur.es\/wp-content\/uploads\/sites\/49\/2013\/05\/victoria-300x197.jpg 300w\" sizes=\"(max-width: 600px) 100vw, 600px\" \/><\/a><\/p>\n<p style=\"text-align: center;\"><a href=\"\/pasarelaurbana\/wp-content\/uploads\/sites\/49\/2013\/05\/victoriaazul.jpg\"><img loading=\"lazy\" class=\"aligncenter size-full wp-image-4168\" title=\"victoriaazul\" src=\"\/pasarelaurbana\/wp-content\/uploads\/sites\/49\/2013\/05\/victoriaazul.jpg\" alt=\"\" width=\"600\" height=\"400\" srcset=\"https:\/\/static-blogs.diariosur.es\/wp-content\/uploads\/sites\/49\/2013\/05\/victoriaazul.jpg 600w, https:\/\/static-blogs.diariosur.es\/wp-content\/uploads\/sites\/49\/2013\/05\/victoriaazul-300x200.jpg 300w\" sizes=\"(max-width: 600px) 100vw, 600px\" \/><\/a>Abajo, la propuesta de <strong>Converse<\/strong>.<\/p>\n<p style=\"text-align: center;\"><a href=\"\/pasarelaurbana\/wp-content\/uploads\/sites\/49\/2013\/05\/allstar.jpg\"><img loading=\"lazy\" class=\"aligncenter size-full wp-image-4169\" title=\"allstar\" src=\"\/pasarelaurbana\/wp-content\/uploads\/sites\/49\/2013\/05\/allstar.jpg\" alt=\"\" width=\"600\" height=\"823\" srcset=\"https:\/\/static-blogs.diariosur.es\/wp-content\/uploads\/sites\/49\/2013\/05\/allstar.jpg 600w, https:\/\/static-blogs.diariosur.es\/wp-content\/uploads\/sites\/49\/2013\/05\/allstar-219x300.jpg 219w\" sizes=\"(max-width: 600px) 100vw, 600px\" \/><\/a><\/p>\n<p style=\"text-align: center;\">Algunos modelos de <strong>Vans<\/strong><\/p>\n<p style=\"text-align: center;\"><a href=\"\/pasarelaurbana\/wp-content\/uploads\/sites\/49\/2013\/05\/vans.jpg\"><img loading=\"lazy\" class=\"aligncenter size-full wp-image-4178\" title=\"vans\" src=\"\/pasarelaurbana\/wp-content\/uploads\/sites\/49\/2013\/05\/vans.jpg\" alt=\"\" width=\"600\" height=\"400\" srcset=\"https:\/\/static-blogs.diariosur.es\/wp-content\/uploads\/sites\/49\/2013\/05\/vans.jpg 600w, https:\/\/static-blogs.diariosur.es\/wp-content\/uploads\/sites\/49\/2013\/05\/vans-300x200.jpg 300w\" sizes=\"(max-width: 600px) 100vw, 600px\" \/><\/a><\/p>\n<p style=\"text-align: center;\"><a href=\"\/pasarelaurbana\/wp-content\/uploads\/sites\/49\/2013\/05\/vanscuadros.jpg\"><img loading=\"lazy\" class=\"aligncenter  wp-image-4179\" title=\"vanscuadros\" src=\"\/pasarelaurbana\/wp-content\/uploads\/sites\/49\/2013\/05\/vanscuadros.jpg\" alt=\"\" width=\"600\" height=\"760\" srcset=\"https:\/\/static-blogs.diariosur.es\/wp-content\/uploads\/sites\/49\/2013\/05\/vanscuadros.jpg 600w, https:\/\/static-blogs.diariosur.es\/wp-content\/uploads\/sites\/49\/2013\/05\/vanscuadros-237x300.jpg 237w\" sizes=\"(max-width: 600px) 100vw, 600px\" \/><\/a><\/p>\n<p style=\"text-align: center;\">\u00a1Muy chulas estas negras con tachuelas de <strong>TopShop<\/strong>!<\/p>\n<p style=\"text-align: center;\"><a href=\"\/pasarelaurbana\/wp-content\/uploads\/sites\/49\/2013\/05\/topshopplataforma.jpg\"><img loading=\"lazy\" class=\"aligncenter size-full wp-image-4176\" title=\"topshopplataforma\" src=\"\/pasarelaurbana\/wp-content\/uploads\/sites\/49\/2013\/05\/topshopplataforma.jpg\" alt=\"\" width=\"600\" height=\"450\" srcset=\"https:\/\/static-blogs.diariosur.es\/wp-content\/uploads\/sites\/49\/2013\/05\/topshopplataforma.jpg 600w, https:\/\/static-blogs.diariosur.es\/wp-content\/uploads\/sites\/49\/2013\/05\/topshopplataforma-300x225.jpg 300w\" sizes=\"(max-width: 600px) 100vw, 600px\" \/><\/a><\/p>\n","protected":false},"excerpt":{"rendered":"<p>\u00a1Hola a tod@s! Tras mi ausencia de las \u00faltimas semanas (en las que los estilismos del Festival de Cine me han abducido: pod\u00e9is ver todas las cr\u00f3nicas de photocalls y alfombra roja al detalle aqu\u00ed)vuelvo a la carga con la pasarela urbana, dispuesta a seguir fichando las mejores propuestas del street style malague\u00f1o, a colarme [&hellip;]<\/p>\n","protected":false},"author":54,"featured_media":0,"comment_status":"open","ping_status":"open","sticky":false,"template":"","format":"standard","meta":[],"categories":[2],"tags":[],"_links":{"self":[{"href":"https:\/\/blogs.diariosur.es\/pasarelaurbana\/wp-json\/wp\/v2\/posts\/4167"}],"collection":[{"href":"https:\/\/blogs.diariosur.es\/pasarelaurbana\/wp-json\/wp\/v2\/posts"}],"about":[{"href":"https:\/\/blogs.diariosur.es\/pasarelaurbana\/wp-json\/wp\/v2\/types\/post"}],"author":[{"embeddable":true,"href":"https:\/\/blogs.diariosur.es\/pasarelaurbana\/wp-json\/wp\/v2\/users\/54"}],"replies":[{"embeddable":true,"href":"https:\/\/blogs.diariosur.es\/pasarelaurbana\/wp-json\/wp\/v2\/comments?post=4167"}],"version-history":[{"count":0,"href":"https:\/\/blogs.diariosur.es\/pasarelaurbana\/wp-json\/wp\/v2\/posts\/4167\/revisions"}],"wp:attachment":[{"href":"https:\/\/blogs.diariosur.es\/pasarelaurbana\/wp-json\/wp\/v2\/media?parent=4167"}],"wp:term":[{"taxonomy":"category","embeddable":true,"href":"https:\/\/blogs.diariosur.es\/pasarelaurbana\/wp-json\/wp\/v2\/categories?post=4167"},{"taxonomy":"post_tag","embeddable":true,"href":"https:\/\/blogs.diariosur.es\/pasarelaurbana\/wp-json\/wp\/v2\/tags?post=4167"}],"curies":[{"name":"wp","href":"https:\/\/api.w.org\/{rel}","templated":true}]}}