{"id":4186,"date":"2013-05-02T18:54:10","date_gmt":"2013-05-02T16:54:10","guid":{"rendered":"http:\/\/blogs.diariosur.es\/pasarelaurbana\/?p=4186"},"modified":"2013-05-02T18:54:10","modified_gmt":"2013-05-02T16:54:10","slug":"trajes-de-princesa-helados-de-platano-y-un-edredon-para-convertirse-en-astronauta","status":"publish","type":"post","link":"https:\/\/blogs.diariosur.es\/pasarelaurbana\/2013\/05\/02\/trajes-de-princesa-helados-de-platano-y-un-edredon-para-convertirse-en-astronauta\/","title":{"rendered":"Trajes de princesa, helados de pl\u00e1tano y un edred\u00f3n para convertirse en astronauta"},"content":{"rendered":"<p style=\"text-align: center;\">\u00a1Buenas! Tras el par\u00e9ntesis festivalero de la pasada semana, este jueves volvemos a desplegar la pasarela urbana para repasar estilismos, tendencias, recetas e ideas de decoraci\u00f3n ligadas a los reyes de la casa. Esos locos bajitos que nos traen locas a nosotras las mamis (v\u00e9ase tambi\u00e9n titas, abuelas, madrinas y dem\u00e1s). Como manda la tradici\u00f3n, arrancamos con moda. Ya sab\u00e9is que desde esta ventana intento presentaros marcas de ropa infantil malague\u00f1as, andaluzas y espa\u00f1olas que est\u00e9n despuntando y que considere interesante que conozc\u00e1is. Pues bien, hoy le toca el turno a una firma asturiana que me est\u00e1 generando una ansiedad tremenda por tener una ni\u00f1a solo por colocarle uno de sus impresionantes vestidos, aut\u00e9nticas obras de arte dise\u00f1adas con mimo para princesitas que, de verdad, son una preciosidad. Hace poco encontr\u00e9 con un curioso \u00a0art\u00edculo en el diario de Gij\u00f3n en el que se repasaba la historia de esta marca y que paso a resumiros porque merece la pena conocerla. Resulta que La <strong>Marquesita Real <\/strong>es el sue\u00f1o hecho realidad de\u00a0Sara Cors, una ingeniera de obras p\u00fablicas que hace un par de a\u00f1os (creo que fue en 2010 si no me equivoco) se arm\u00f3 de valor y decidi\u00f3 dejarlo todo para lanzarse a la que siempre hab\u00eda sido su pasi\u00f3n: dise\u00f1ar ropa para ni\u00f1os. \u00a0Para su sorpresa. en unos d\u00edas pas\u00f3 de tener cinco encargos a medio centenar. Eso s\u00ed, a base de mucho trabajo aderezado con altas dosis de ilusi\u00f3n y entusiasmo (ingredientes clave para alcanzar el \u00e9xito empresarial): \u00abNunca esper\u00e9 triunfar tanto en tan poco tiempo. He trabajado much\u00edsimo llegando a pasar dos d\u00edas y medio sin comer para poder terminar a tiempo los pedidos\u00bb, asegur\u00f3 en la citada entrevista la gijonesa, que ya cuenta con dos talleres: uno dedicado a preparar la producci\u00f3n y lanzar los pedidos a toda Espa\u00f1a (su colecci\u00f3n est\u00e1 en las tiendas m\u00e1s punteras del pa\u00eds), y otro, m\u00e1s personal, en el que dise\u00f1a y corta los patrones, que han conquistado hasta al p\u00fablico de Beverly Hills (donde una boutique se interes\u00f3 por ellos).<\/p>\n<p style=\"text-align: center;\">Os dejo con una selecci\u00f3n de fotos de su nueva colecci\u00f3n, extra\u00eddas de una de las tiendas on line que vende la ma). A destacar las telas (siempre tan protagonistas), los cuidados encajes, el vuelo de los vestidos, los faijnes con maxi lazadas&#8230;impecables y, lo dicho, preciosos!!!! Para peque\u00f1as marquesas&#8230;<\/p>\n<p><a href=\"\/pasarelaurbana\/wp-content\/uploads\/sites\/49\/2013\/05\/vestidocuatro.jpg\"><img loading=\"lazy\" class=\"aligncenter size-full wp-image-4191\" title=\"vestidocuatro\" src=\"\/pasarelaurbana\/wp-content\/uploads\/sites\/49\/2013\/05\/vestidocuatro.jpg\" alt=\"\" width=\"600\" height=\"800\" srcset=\"https:\/\/static-blogs.diariosur.es\/wp-content\/uploads\/sites\/49\/2013\/05\/vestidocuatro.jpg 600w, https:\/\/static-blogs.diariosur.es\/wp-content\/uploads\/sites\/49\/2013\/05\/vestidocuatro-225x300.jpg 225w\" sizes=\"(max-width: 600px) 100vw, 600px\" \/><\/a><!--more--><\/p>\n<p><a href=\"\/pasarelaurbana\/wp-content\/uploads\/sites\/49\/2013\/05\/vestidocincoJPG.jpg\"><img loading=\"lazy\" class=\"aligncenter size-full wp-image-4190\" title=\"vestidocincoJPG\" src=\"\/pasarelaurbana\/wp-content\/uploads\/sites\/49\/2013\/05\/vestidocincoJPG.jpg\" alt=\"\" width=\"600\" height=\"800\" srcset=\"https:\/\/static-blogs.diariosur.es\/wp-content\/uploads\/sites\/49\/2013\/05\/vestidocincoJPG.jpg 600w, https:\/\/static-blogs.diariosur.es\/wp-content\/uploads\/sites\/49\/2013\/05\/vestidocincoJPG-225x300.jpg 225w\" sizes=\"(max-width: 600px) 100vw, 600px\" \/><\/a><\/p>\n<p>&nbsp;<\/p>\n<p><a href=\"\/pasarelaurbana\/wp-content\/uploads\/sites\/49\/2013\/05\/vestidotres.jpg\"><img loading=\"lazy\" class=\"aligncenter size-full wp-image-4192\" title=\"vestidotres\" src=\"\/pasarelaurbana\/wp-content\/uploads\/sites\/49\/2013\/05\/vestidotres.jpg\" alt=\"\" width=\"600\" height=\"800\" srcset=\"https:\/\/static-blogs.diariosur.es\/wp-content\/uploads\/sites\/49\/2013\/05\/vestidotres.jpg 600w, https:\/\/static-blogs.diariosur.es\/wp-content\/uploads\/sites\/49\/2013\/05\/vestidotres-225x300.jpg 225w\" sizes=\"(max-width: 600px) 100vw, 600px\" \/><\/a><\/p>\n<p><a href=\"\/pasarelaurbana\/wp-content\/uploads\/sites\/49\/2013\/05\/vestidouno.jpg\"><img loading=\"lazy\" class=\"aligncenter size-full wp-image-4193\" title=\"vestidouno\" src=\"\/pasarelaurbana\/wp-content\/uploads\/sites\/49\/2013\/05\/vestidouno.jpg\" alt=\"\" width=\"600\" height=\"800\" srcset=\"https:\/\/static-blogs.diariosur.es\/wp-content\/uploads\/sites\/49\/2013\/05\/vestidouno.jpg 600w, https:\/\/static-blogs.diariosur.es\/wp-content\/uploads\/sites\/49\/2013\/05\/vestidouno-225x300.jpg 225w\" sizes=\"(max-width: 600px) 100vw, 600px\" \/><\/a><\/p>\n<p><a href=\"\/pasarelaurbana\/wp-content\/uploads\/sites\/49\/2013\/05\/vestidoseis.jpg\"><img loading=\"lazy\" class=\"aligncenter size-full wp-image-4195\" title=\"vestidoseis\" src=\"\/pasarelaurbana\/wp-content\/uploads\/sites\/49\/2013\/05\/vestidoseis.jpg\" alt=\"\" width=\"600\" height=\"800\" srcset=\"https:\/\/static-blogs.diariosur.es\/wp-content\/uploads\/sites\/49\/2013\/05\/vestidoseis.jpg 600w, https:\/\/static-blogs.diariosur.es\/wp-content\/uploads\/sites\/49\/2013\/05\/vestidoseis-225x300.jpg 225w\" sizes=\"(max-width: 600px) 100vw, 600px\" \/><\/a><\/p>\n<p><a href=\"\/pasarelaurbana\/wp-content\/uploads\/sites\/49\/2013\/05\/vestidosiete.jpg\"><img loading=\"lazy\" class=\"aligncenter size-full wp-image-4196\" title=\"vestidosiete\" src=\"\/pasarelaurbana\/wp-content\/uploads\/sites\/49\/2013\/05\/vestidosiete.jpg\" alt=\"\" width=\"600\" height=\"564\" srcset=\"https:\/\/static-blogs.diariosur.es\/wp-content\/uploads\/sites\/49\/2013\/05\/vestidosiete.jpg 600w, https:\/\/static-blogs.diariosur.es\/wp-content\/uploads\/sites\/49\/2013\/05\/vestidosiete-300x282.jpg 300w\" sizes=\"(max-width: 600px) 100vw, 600px\" \/><\/a><\/p>\n<p><a href=\"\/pasarelaurbana\/wp-content\/uploads\/sites\/49\/2013\/05\/vestidoocho.jpg\"><img loading=\"lazy\" class=\"aligncenter size-full wp-image-4197\" title=\"vestidoocho\" src=\"\/pasarelaurbana\/wp-content\/uploads\/sites\/49\/2013\/05\/vestidoocho.jpg\" alt=\"\" width=\"600\" height=\"800\" srcset=\"https:\/\/static-blogs.diariosur.es\/wp-content\/uploads\/sites\/49\/2013\/05\/vestidoocho.jpg 600w, https:\/\/static-blogs.diariosur.es\/wp-content\/uploads\/sites\/49\/2013\/05\/vestidoocho-225x300.jpg 225w\" sizes=\"(max-width: 600px) 100vw, 600px\" \/><\/a><\/p>\n<p>&nbsp;<\/p>\n<p style=\"text-align: center;\"><strong>La receta<\/strong>: Piruletas de pl\u00e1tano y chocolate<\/p>\n<p><a href=\"\/pasarelaurbana\/wp-content\/uploads\/sites\/49\/2013\/05\/piruletas-de-platano-y-chocolate.jpg\"><img loading=\"lazy\" class=\"aligncenter size-full wp-image-4187\" title=\"piruletas-de-platano-y-chocolate\" src=\"\/pasarelaurbana\/wp-content\/uploads\/sites\/49\/2013\/05\/piruletas-de-platano-y-chocolate.jpg\" alt=\"\" width=\"600\" height=\"451\" srcset=\"https:\/\/static-blogs.diariosur.es\/wp-content\/uploads\/sites\/49\/2013\/05\/piruletas-de-platano-y-chocolate.jpg 600w, https:\/\/static-blogs.diariosur.es\/wp-content\/uploads\/sites\/49\/2013\/05\/piruletas-de-platano-y-chocolate-300x226.jpg 300w\" sizes=\"(max-width: 600px) 100vw, 600px\" \/><\/a><\/p>\n<p style=\"text-align: center;\">Y de moda&#8230;pasamos a meternos en la cocina. El objetivo de esta secci\u00f3n es traeros recetas atractivas y a la vez nutritivas pensadas para aquellos peques m\u00e1s trabajosos con las comidas. La de hoy me encanta porque es una forma perfecta de que los ni\u00f1os coman fruta mientras se divierten. Su base es el pl\u00e1tano, una\u00a0fruta dulce, sabrosa y f\u00e1cil de comer que suele ser bastante popular entre la poblaci\u00f3n infantil. Pues bien, ahora que suben las temperaturas y van apeteciendo los helados, qu\u00e9 mejor que ofrecerles estos ba\u00f1ados en chocolate. Los ingredientes de estos polos son muy sencillos: un par de\u00a0pl\u00e1tanos no muy maduros, 150 g de chocolate semi-dulce, 150 g de chocolate blanco, 3 cucharadas de mantequillas, fideos de colores,virutas de chocolate y palitos de helado. Pod\u00e9is leer el <strong><a href=\"http:\/\/www.pequerecetas.com\/recetas-de-postres-para-ninos\/postres-fruta-ninos\/\" rel=\"external nofollow\">paso a paso de la receta aqui<\/a><\/strong><\/p>\n<p style=\"text-align: center;\"><strong>Decoraci\u00f3n<\/strong>: Edredones para astronautas y princesas<\/p>\n<p><a href=\"\/pasarelaurbana\/wp-content\/uploads\/sites\/49\/2013\/05\/princesa.jpg\"><img loading=\"lazy\" class=\"aligncenter size-full wp-image-4188\" title=\"princesa\" src=\"\/pasarelaurbana\/wp-content\/uploads\/sites\/49\/2013\/05\/princesa.jpg\" alt=\"\" width=\"600\" height=\"603\" srcset=\"https:\/\/static-blogs.diariosur.es\/wp-content\/uploads\/sites\/49\/2013\/05\/princesa.jpg 600w, https:\/\/static-blogs.diariosur.es\/wp-content\/uploads\/sites\/49\/2013\/05\/princesa-150x150.jpg 150w\" sizes=\"(max-width: 600px) 100vw, 600px\" \/><\/a><\/p>\n<p><a href=\"\/pasarelaurbana\/wp-content\/uploads\/sites\/49\/2013\/05\/astronauta.jpg\"><img loading=\"lazy\" class=\"aligncenter size-full wp-image-4189\" title=\"astronauta\" src=\"\/pasarelaurbana\/wp-content\/uploads\/sites\/49\/2013\/05\/astronauta.jpg\" alt=\"\" width=\"600\" height=\"422\" srcset=\"https:\/\/static-blogs.diariosur.es\/wp-content\/uploads\/sites\/49\/2013\/05\/astronauta.jpg 600w, https:\/\/static-blogs.diariosur.es\/wp-content\/uploads\/sites\/49\/2013\/05\/astronauta-300x211.jpg 300w\" sizes=\"(max-width: 600px) 100vw, 600px\" \/><\/a><\/p>\n<p style=\"text-align: center;\">Y terminamos con una de decoraci\u00f3n. De esas que hacen que a una le entren unas ganas tremendas de regresar a su infancia solo por poder dormir con uno de estos edredones, idea de una firma holandesa.\u00a0La marca\u00a0<a href=\"http:\/\/www.snurkbeddengoed.nl\" target=\"_blank\" rel=\"external nofollow\"><strong>Snurk<\/strong><\/a>\u00a0se ha propuesto que los peques de la casa hagan realidad sus sue\u00f1os convirti\u00e9ndolos en astronautas o princesas a la hora de irse a la cama. Fabricada en Portugal con 100% algod\u00f3n, esta ropa de cama est\u00e1 realizada con una impresi\u00f3n fotogr\u00e1fica de gran calidad. Cuestan unos 60 euros y cada pack tiene su funda de edred\u00f3n y su almohada. Y para aquellos peques a los que les encanta saltar encima de la cama&#8230;.\u00a1 tienen hasta un edred\u00f3n trampol\u00edn! \u00a1Con ellos seguro que no protestan a la hora de acostarse!<\/p>\n<p style=\"text-align: center;\">Espero que os hayan gustado las ideas de hoy. \u00a1Hasta ma\u00f1ana!<\/p>\n","protected":false},"excerpt":{"rendered":"<p>\u00a1Buenas! Tras el par\u00e9ntesis festivalero de la pasada semana, este jueves volvemos a desplegar la pasarela urbana para repasar estilismos, tendencias, recetas e ideas de decoraci\u00f3n ligadas a los reyes de la casa. Esos locos bajitos que nos traen locas a nosotras las mamis (v\u00e9ase tambi\u00e9n titas, abuelas, madrinas y dem\u00e1s). Como manda la tradici\u00f3n, [&hellip;]<\/p>\n","protected":false},"author":54,"featured_media":0,"comment_status":"open","ping_status":"open","sticky":false,"template":"","format":"standard","meta":[],"categories":[2],"tags":[],"_links":{"self":[{"href":"https:\/\/blogs.diariosur.es\/pasarelaurbana\/wp-json\/wp\/v2\/posts\/4186"}],"collection":[{"href":"https:\/\/blogs.diariosur.es\/pasarelaurbana\/wp-json\/wp\/v2\/posts"}],"about":[{"href":"https:\/\/blogs.diariosur.es\/pasarelaurbana\/wp-json\/wp\/v2\/types\/post"}],"author":[{"embeddable":true,"href":"https:\/\/blogs.diariosur.es\/pasarelaurbana\/wp-json\/wp\/v2\/users\/54"}],"replies":[{"embeddable":true,"href":"https:\/\/blogs.diariosur.es\/pasarelaurbana\/wp-json\/wp\/v2\/comments?post=4186"}],"version-history":[{"count":0,"href":"https:\/\/blogs.diariosur.es\/pasarelaurbana\/wp-json\/wp\/v2\/posts\/4186\/revisions"}],"wp:attachment":[{"href":"https:\/\/blogs.diariosur.es\/pasarelaurbana\/wp-json\/wp\/v2\/media?parent=4186"}],"wp:term":[{"taxonomy":"category","embeddable":true,"href":"https:\/\/blogs.diariosur.es\/pasarelaurbana\/wp-json\/wp\/v2\/categories?post=4186"},{"taxonomy":"post_tag","embeddable":true,"href":"https:\/\/blogs.diariosur.es\/pasarelaurbana\/wp-json\/wp\/v2\/tags?post=4186"}],"curies":[{"name":"wp","href":"https:\/\/api.w.org\/{rel}","templated":true}]}}