{"id":4198,"date":"2013-05-04T01:21:24","date_gmt":"2013-05-03T23:21:24","guid":{"rendered":"http:\/\/blogs.diariosur.es\/pasarelaurbana\/?p=4198"},"modified":"2013-05-04T01:21:24","modified_gmt":"2013-05-03T23:21:24","slug":"el-armario-de-pilar-aparicio","status":"publish","type":"post","link":"https:\/\/blogs.diariosur.es\/pasarelaurbana\/2013\/05\/04\/el-armario-de-pilar-aparicio\/","title":{"rendered":"El armario de Pilar Aparicio"},"content":{"rendered":"<p style=\"text-align: center;\">Donde el com\u00fan de los mortales ve un mero retal de tela, ella dise\u00f1a en su cabeza una nueva incorporaci\u00f3n a su armario. Una blusa, una falda, un vestido&#8230;y hasta un traje de gitana (su perdici\u00f3n). \u00abHace poco una amiga me regal\u00f3 un pa\u00f1uelo preciosos de A\u00efta y nada m\u00e1s verlo le dije: \u00a1No te enfades, me encanta, pero lo voy a convertir en una camisa! Siempre estoy inventando y, por suerte, tengo a dos modistas de cabecera -Lina e In\u00e9s- que captan a la primera lo que quiero \u00bb confiesa Pilar Aparicio, \u00abeconomista de profesi\u00f3n y creativa de vocaci\u00f3n\u00bb como ella misma se define en su perfil de Facebook. Esa imaginaci\u00f3n incansable fue precisamente la que le empuj\u00f3 hace dos a\u00f1os a crear su propia firma de joyer\u00eda (NaneF), a la venta en puntos selectos de la capital como la tienda del Museo Thyssen.<br \/>\nDe sello rom\u00e1ntico (\u00abme encantan los encajes, los lazos y las prendas vaporosas\u00bb), esta malague\u00f1a concibe la moda como una forma de expresi\u00f3n de su personalidad. En su caso, su ropa refleja a una mujer coqueta, hiper femenina, sobria, elegante y fiel a su marcado estilo propio, poco influenciable por las tendencias que rigen cada temporada. \u00abNo me dejo llevar por lo que se lleva. Solo sigo mi intuici\u00f3n, mis gustos y lo que me favorece\u00bb, advierte.<br \/>\nPantalones de colores, chaquetas y blusas de estampados lisos constituyen su uniforme en sus looks de d\u00eda, para los que se decanta por prendas vers\u00e1tiles y c\u00f3modas que aguanten sus maratonianas jornadas de trabajo. \u00abSalgo de casa a las 7.30 de la ma\u00f1ana y nunca se a qu\u00e9 hora vuelvo, as\u00ed que siempre voy acompa\u00f1ada de un \u2018shopping bag\u2019 que me permita llevar conmigo mi \u2018kit de emergencia\u2019\u00bb, sostiene. En ese \u2018kit\u2019 no falta su bolsita de tela de flores de liberty (cosida por su madre) con un par de manoletinas que le liberen de los tacones. \u00abSiempre las llevo encima\u00bb, apostilla la dise\u00f1adora, que en los fines de semana se enfunda sus vaqueros (eso s\u00ed siempre personalizados con alg\u00fan detalle de pedrer\u00eda o cuentas) su polo y sus Converse para recorrer la ciudad.<br \/>\nPara salir a cenar, ahora en primavera prefiere los vestidos sueltos (la mayor\u00eda dise\u00f1ados por ella), con un buen clutch y unos complementos potentes. \u00bfSus imprescindibles? Los pendientes y los anillos, siempre en tama\u00f1o XL, muy protagonistas en sus estilismos junto a los abanicos, que le acompa\u00f1an en cuanto suben las temperaturas. \u00abSoy muy andaluza y no faltan en mi bolso. Los tengo de todas las formas y tama\u00f1os\u00bb, concluye.<\/p>\n<p style=\"text-align: center;\"><a href=\"\/pasarelaurbana\/wp-content\/uploads\/sites\/49\/2013\/05\/1.jpg\"><img loading=\"lazy\" class=\"aligncenter size-full wp-image-4200\" title=\"1\" src=\"\/pasarelaurbana\/wp-content\/uploads\/sites\/49\/2013\/05\/1.jpg\" alt=\"\" width=\"600\" height=\"400\" srcset=\"https:\/\/static-blogs.diariosur.es\/wp-content\/uploads\/sites\/49\/2013\/05\/1.jpg 600w, https:\/\/static-blogs.diariosur.es\/wp-content\/uploads\/sites\/49\/2013\/05\/1-300x200.jpg 300w\" sizes=\"(max-width: 600px) 100vw, 600px\" \/><\/a><!--more--><\/p>\n<p style=\"text-align: center;\"><strong>LOOK DE D\u00cdA<\/strong>: <span style=\"text-decoration: underline;\">Camisa dise\u00f1ada por ella a base de un pa\u00f1uelo+ pantalones marrones y shopping bag<\/span><\/p>\n<p style=\"text-align: center;\"><a href=\"\/pasarelaurbana\/wp-content\/uploads\/sites\/49\/2013\/05\/2.jpg\"><img loading=\"lazy\" class=\"aligncenter size-full wp-image-4201\" title=\"2\" src=\"\/pasarelaurbana\/wp-content\/uploads\/sites\/49\/2013\/05\/2.jpg\" alt=\"\" width=\"600\" height=\"900\" srcset=\"https:\/\/static-blogs.diariosur.es\/wp-content\/uploads\/sites\/49\/2013\/05\/2.jpg 600w, https:\/\/static-blogs.diariosur.es\/wp-content\/uploads\/sites\/49\/2013\/05\/2-200x300.jpg 200w\" sizes=\"(max-width: 600px) 100vw, 600px\" \/><\/a><\/p>\n<p style=\"text-align: center;\"><a href=\"\/pasarelaurbana\/wp-content\/uploads\/sites\/49\/2013\/05\/3.jpg\"><img loading=\"lazy\" class=\"aligncenter size-full wp-image-4202\" title=\"3\" src=\"\/pasarelaurbana\/wp-content\/uploads\/sites\/49\/2013\/05\/3.jpg\" alt=\"\" width=\"600\" height=\"900\" srcset=\"https:\/\/static-blogs.diariosur.es\/wp-content\/uploads\/sites\/49\/2013\/05\/3.jpg 600w, https:\/\/static-blogs.diariosur.es\/wp-content\/uploads\/sites\/49\/2013\/05\/3-200x300.jpg 200w\" sizes=\"(max-width: 600px) 100vw, 600px\" \/><\/a><\/p>\n<p style=\"text-align: center;\"><a href=\"\/pasarelaurbana\/wp-content\/uploads\/sites\/49\/2013\/05\/4.jpg\"><img loading=\"lazy\" class=\"aligncenter size-full wp-image-4203\" title=\"4\" src=\"\/pasarelaurbana\/wp-content\/uploads\/sites\/49\/2013\/05\/4.jpg\" alt=\"\" width=\"600\" height=\"400\" srcset=\"https:\/\/static-blogs.diariosur.es\/wp-content\/uploads\/sites\/49\/2013\/05\/4.jpg 600w, https:\/\/static-blogs.diariosur.es\/wp-content\/uploads\/sites\/49\/2013\/05\/4-300x200.jpg 300w\" sizes=\"(max-width: 600px) 100vw, 600px\" \/><\/a><\/p>\n<p style=\"text-align: center;\">Para una jornada de trabajo, Pilar elige una original camisa dise\u00f1ada por ella a base de un pa\u00f1uelo de <strong>A\u00efta<\/strong> que le regal\u00f3 una amiga (me gusta el corte, de inspiraci\u00f3n japonesa tan de moda, con lazada a la cintura para ce\u00f1irla, \u00a1preciosa!) La combina con pantal\u00f3n marr\u00f3n chocolate<strong> de una boutique de Fuengirola (Gumer)<\/strong>, \u2018shopping bag\u2019 de<strong> Zara<\/strong> y zapatos tra\u00eddos de <strong>Nueva York<\/strong> en camel y marr\u00f3n con hebilla.<\/p>\n<p style=\"text-align: center;\"><a style=\"text-align: center;\"><img loading=\"lazy\" class=\"aligncenter size-full wp-image-4204\" title=\"5\" src=\"\/pasarelaurbana\/wp-content\/uploads\/sites\/49\/2013\/05\/5.jpg\" alt=\"\" width=\"600\" height=\"900\" srcset=\"https:\/\/static-blogs.diariosur.es\/wp-content\/uploads\/sites\/49\/2013\/05\/5.jpg 600w, https:\/\/static-blogs.diariosur.es\/wp-content\/uploads\/sites\/49\/2013\/05\/5-200x300.jpg 200w\" sizes=\"(max-width: 600px) 100vw, 600px\" \/><\/a><\/p>\n<p style=\"text-align: center;\"><a href=\"\/pasarelaurbana\/wp-content\/uploads\/sites\/49\/2013\/05\/6.jpg\"><img loading=\"lazy\" class=\"aligncenter size-full wp-image-4205\" title=\"6\" src=\"\/pasarelaurbana\/wp-content\/uploads\/sites\/49\/2013\/05\/6.jpg\" alt=\"\" width=\"600\" height=\"400\" srcset=\"https:\/\/static-blogs.diariosur.es\/wp-content\/uploads\/sites\/49\/2013\/05\/6.jpg 600w, https:\/\/static-blogs.diariosur.es\/wp-content\/uploads\/sites\/49\/2013\/05\/6-300x200.jpg 300w\" sizes=\"(max-width: 600px) 100vw, 600px\" \/><\/a><\/p>\n<p style=\"text-align: center;\"><a href=\"\/pasarelaurbana\/wp-content\/uploads\/sites\/49\/2013\/05\/7.jpg\"><img loading=\"lazy\" class=\"aligncenter size-full wp-image-4206\" title=\"7\" src=\"\/pasarelaurbana\/wp-content\/uploads\/sites\/49\/2013\/05\/7.jpg\" alt=\"\" width=\"600\" height=\"900\" srcset=\"https:\/\/static-blogs.diariosur.es\/wp-content\/uploads\/sites\/49\/2013\/05\/7.jpg 600w, https:\/\/static-blogs.diariosur.es\/wp-content\/uploads\/sites\/49\/2013\/05\/7-200x300.jpg 200w\" sizes=\"(max-width: 600px) 100vw, 600px\" \/><\/a><\/p>\n<p style=\"text-align: center;\"><a href=\"\/pasarelaurbana\/wp-content\/uploads\/sites\/49\/2013\/05\/8.jpg\"><img loading=\"lazy\" class=\"aligncenter size-full wp-image-4207\" title=\"8\" src=\"\/pasarelaurbana\/wp-content\/uploads\/sites\/49\/2013\/05\/8.jpg\" alt=\"\" width=\"600\" height=\"400\" srcset=\"https:\/\/static-blogs.diariosur.es\/wp-content\/uploads\/sites\/49\/2013\/05\/8.jpg 600w, https:\/\/static-blogs.diariosur.es\/wp-content\/uploads\/sites\/49\/2013\/05\/8-300x200.jpg 300w\" sizes=\"(max-width: 600px) 100vw, 600px\" \/><\/a><\/p>\n<p style=\"text-align: center;\">Sobre estas l\u00edneas, otra propuesta de d\u00eda muy primaveral basada en un vestido tipo kaft\u00e1n <strong>dise\u00f1ado por ella<\/strong> con cuidados remates de encajes en los bajos y en las terminaciones de las mangas. Lo combina con un original clutch con flecos, <strong>regalo de una amiga cordobesa<\/strong>, zapatos verdes calados de <strong>Zara<\/strong> y pendientes de <strong>NaneF<\/strong>.<\/p>\n<p style=\"text-align: center;\"><a href=\"\/pasarelaurbana\/wp-content\/uploads\/sites\/49\/2013\/05\/9.jpg\"><img loading=\"lazy\" class=\"aligncenter size-full wp-image-4208\" title=\"9\" src=\"\/pasarelaurbana\/wp-content\/uploads\/sites\/49\/2013\/05\/9.jpg\" alt=\"\" width=\"600\" height=\"900\" srcset=\"https:\/\/static-blogs.diariosur.es\/wp-content\/uploads\/sites\/49\/2013\/05\/9.jpg 600w, https:\/\/static-blogs.diariosur.es\/wp-content\/uploads\/sites\/49\/2013\/05\/9-200x300.jpg 200w\" sizes=\"(max-width: 600px) 100vw, 600px\" \/><\/a><\/p>\n<p style=\"text-align: center;\">Otro de los vestidos tipo kaft\u00e1n dise\u00f1ado por ella, en este caso a partir de dos pa\u00f1uelos.<\/p>\n<p style=\"text-align: center;\"><a href=\"\/pasarelaurbana\/wp-content\/uploads\/sites\/49\/2013\/05\/28.jpg\"><img loading=\"lazy\" class=\"aligncenter size-full wp-image-4226\" title=\"28\" src=\"\/pasarelaurbana\/wp-content\/uploads\/sites\/49\/2013\/05\/28.jpg\" alt=\"\" width=\"600\" height=\"900\" srcset=\"https:\/\/static-blogs.diariosur.es\/wp-content\/uploads\/sites\/49\/2013\/05\/28.jpg 600w, https:\/\/static-blogs.diariosur.es\/wp-content\/uploads\/sites\/49\/2013\/05\/28-200x300.jpg 200w\" sizes=\"(max-width: 600px) 100vw, 600px\" \/><\/a><\/p>\n<p style=\"text-align: center;\"><a href=\"\/pasarelaurbana\/wp-content\/uploads\/sites\/49\/2013\/05\/29.jpg\"><img loading=\"lazy\" class=\"aligncenter size-full wp-image-4214\" title=\"29\" src=\"\/pasarelaurbana\/wp-content\/uploads\/sites\/49\/2013\/05\/29.jpg\" alt=\"\" width=\"600\" height=\"400\" srcset=\"https:\/\/static-blogs.diariosur.es\/wp-content\/uploads\/sites\/49\/2013\/05\/29.jpg 600w, https:\/\/static-blogs.diariosur.es\/wp-content\/uploads\/sites\/49\/2013\/05\/29-300x200.jpg 300w\" sizes=\"(max-width: 600px) 100vw, 600px\" \/><\/a><\/p>\n<p style=\"text-align: center;\">Los fines de semana se enfunda sus vaqueros (siempre los customiza con detalles de pedrer\u00eda) y sus politos de <strong>Abercrombie<\/strong>.<\/p>\n<p style=\"text-align: center;\"><strong>LOOK DE NOCHE<\/strong>: <span style=\"text-decoration: underline;\">Camisa negra+ pantalones\u00a0 de lunares, maxi collar, clutch de pedrer\u00eda y sandalias<\/span><\/p>\n<p style=\"text-align: center;\"><a href=\"\/pasarelaurbana\/wp-content\/uploads\/sites\/49\/2013\/05\/10.jpg\"><img loading=\"lazy\" class=\"aligncenter size-full wp-image-4209\" title=\"10\" src=\"\/pasarelaurbana\/wp-content\/uploads\/sites\/49\/2013\/05\/10.jpg\" alt=\"\" width=\"600\" height=\"900\" srcset=\"https:\/\/static-blogs.diariosur.es\/wp-content\/uploads\/sites\/49\/2013\/05\/10.jpg 600w, https:\/\/static-blogs.diariosur.es\/wp-content\/uploads\/sites\/49\/2013\/05\/10-200x300.jpg 200w\" sizes=\"(max-width: 600px) 100vw, 600px\" \/><\/a><\/p>\n<p style=\"text-align: center;\"><a href=\"\/pasarelaurbana\/wp-content\/uploads\/sites\/49\/2013\/05\/11.jpg\"><img loading=\"lazy\" class=\"aligncenter size-full wp-image-4210\" title=\"11\" src=\"\/pasarelaurbana\/wp-content\/uploads\/sites\/49\/2013\/05\/11.jpg\" alt=\"\" width=\"600\" height=\"900\" srcset=\"https:\/\/static-blogs.diariosur.es\/wp-content\/uploads\/sites\/49\/2013\/05\/11.jpg 600w, https:\/\/static-blogs.diariosur.es\/wp-content\/uploads\/sites\/49\/2013\/05\/11-200x300.jpg 200w\" sizes=\"(max-width: 600px) 100vw, 600px\" \/><\/a><\/p>\n<p style=\"text-align: center;\"><a href=\"\/pasarelaurbana\/wp-content\/uploads\/sites\/49\/2013\/05\/13.jpg\"><img loading=\"lazy\" class=\"aligncenter  wp-image-4212\" title=\"13\" src=\"\/pasarelaurbana\/wp-content\/uploads\/sites\/49\/2013\/05\/13.jpg\" alt=\"\" width=\"600\" height=\"900\" srcset=\"https:\/\/static-blogs.diariosur.es\/wp-content\/uploads\/sites\/49\/2013\/05\/13.jpg 600w, https:\/\/static-blogs.diariosur.es\/wp-content\/uploads\/sites\/49\/2013\/05\/13-200x300.jpg 200w\" sizes=\"(max-width: 600px) 100vw, 600px\" \/><\/a><\/p>\n<p style=\"text-align: center;\"><a href=\"\/pasarelaurbana\/wp-content\/uploads\/sites\/49\/2013\/05\/14.jpg\"><img loading=\"lazy\" class=\"aligncenter size-full wp-image-4213\" title=\"14\" src=\"\/pasarelaurbana\/wp-content\/uploads\/sites\/49\/2013\/05\/14.jpg\" alt=\"\" width=\"600\" height=\"400\" \/><\/a><\/p>\n<p style=\"text-align: center;\">Para ir a cenar, Pilar apuesta por una camisa negra y unos pantalones de lunares, ambos de <strong>Zara<\/strong>. Completa el \u2018outfit\u2019 con clutch de pedrer\u00eda, sandalias de <strong>Tintoretto<\/strong> y collar de <strong>NaneF<\/strong>.<\/p>\n<p style=\"text-align: center;\"><strong>LOOK DE EVENTO<\/strong>: <span style=\"text-decoration: underline;\">Vestido lencero en engro y nude con salones a juego y clutch plata con lazada<\/span><\/p>\n<p style=\"text-align: center;\"><a href=\"\/pasarelaurbana\/wp-content\/uploads\/sites\/49\/2013\/05\/20.jpg\"><img loading=\"lazy\" class=\"aligncenter size-full wp-image-4219\" title=\"20\" src=\"\/pasarelaurbana\/wp-content\/uploads\/sites\/49\/2013\/05\/20.jpg\" alt=\"\" width=\"600\" height=\"900\" srcset=\"https:\/\/static-blogs.diariosur.es\/wp-content\/uploads\/sites\/49\/2013\/05\/20.jpg 600w, https:\/\/static-blogs.diariosur.es\/wp-content\/uploads\/sites\/49\/2013\/05\/20-200x300.jpg 200w\" sizes=\"(max-width: 600px) 100vw, 600px\" \/><\/a><\/p>\n<p style=\"text-align: center;\"><a href=\"\/pasarelaurbana\/wp-content\/uploads\/sites\/49\/2013\/05\/21.jpg\"><img loading=\"lazy\" class=\"aligncenter size-full wp-image-4220\" title=\"21\" src=\"\/pasarelaurbana\/wp-content\/uploads\/sites\/49\/2013\/05\/21.jpg\" alt=\"\" width=\"600\" height=\"400\" srcset=\"https:\/\/static-blogs.diariosur.es\/wp-content\/uploads\/sites\/49\/2013\/05\/21.jpg 600w, https:\/\/static-blogs.diariosur.es\/wp-content\/uploads\/sites\/49\/2013\/05\/21-300x200.jpg 300w\" sizes=\"(max-width: 600px) 100vw, 600px\" \/><\/a><\/p>\n<p style=\"text-align: center;\"><a href=\"\/pasarelaurbana\/wp-content\/uploads\/sites\/49\/2013\/05\/22.jpg\"><img loading=\"lazy\" class=\"aligncenter size-full wp-image-4221\" title=\"22\" src=\"\/pasarelaurbana\/wp-content\/uploads\/sites\/49\/2013\/05\/22.jpg\" alt=\"\" width=\"600\" height=\"400\" srcset=\"https:\/\/static-blogs.diariosur.es\/wp-content\/uploads\/sites\/49\/2013\/05\/22.jpg 600w, https:\/\/static-blogs.diariosur.es\/wp-content\/uploads\/sites\/49\/2013\/05\/22-300x200.jpg 300w\" sizes=\"(max-width: 600px) 100vw, 600px\" \/><\/a><\/p>\n<p style=\"text-align: center;\"><a href=\"\/pasarelaurbana\/wp-content\/uploads\/sites\/49\/2013\/05\/23.jpg\"><img loading=\"lazy\" class=\"aligncenter size-full wp-image-4222\" title=\"23\" src=\"\/pasarelaurbana\/wp-content\/uploads\/sites\/49\/2013\/05\/23.jpg\" alt=\"\" width=\"600\" height=\"400\" srcset=\"https:\/\/static-blogs.diariosur.es\/wp-content\/uploads\/sites\/49\/2013\/05\/23.jpg 600w, https:\/\/static-blogs.diariosur.es\/wp-content\/uploads\/sites\/49\/2013\/05\/23-300x200.jpg 300w\" sizes=\"(max-width: 600px) 100vw, 600px\" \/><\/a><\/p>\n<p style=\"text-align: center;\">Su propuesta para ir de invitada a un evento: vestido rom\u00e1ntico de estilo lencero en negro y nude con falda con volumen de <strong>My Story<\/strong>, bolso metalizado con lazada de<strong> Sfera<\/strong> y zapatos de <strong>mercadillo<\/strong>.<\/p>\n<p style=\"text-align: center;\"><span style=\"text-decoration: underline;\">Otra propuesta para un acto formal<\/span>:<\/p>\n<p style=\"text-align: center;\"><a href=\"\/pasarelaurbana\/wp-content\/uploads\/sites\/49\/2013\/05\/25.jpg\"><img loading=\"lazy\" class=\"aligncenter size-full wp-image-4223\" title=\"25\" src=\"\/pasarelaurbana\/wp-content\/uploads\/sites\/49\/2013\/05\/25.jpg\" alt=\"\" width=\"600\" height=\"900\" srcset=\"https:\/\/static-blogs.diariosur.es\/wp-content\/uploads\/sites\/49\/2013\/05\/25.jpg 600w, https:\/\/static-blogs.diariosur.es\/wp-content\/uploads\/sites\/49\/2013\/05\/25-200x300.jpg 200w\" sizes=\"(max-width: 600px) 100vw, 600px\" \/><\/a><\/p>\n<p style=\"text-align: center;\"><a href=\"\/pasarelaurbana\/wp-content\/uploads\/sites\/49\/2013\/05\/26.jpg\"><img loading=\"lazy\" class=\"aligncenter size-full wp-image-4224\" title=\"26\" src=\"\/pasarelaurbana\/wp-content\/uploads\/sites\/49\/2013\/05\/26.jpg\" alt=\"\" width=\"600\" height=\"400\" srcset=\"https:\/\/static-blogs.diariosur.es\/wp-content\/uploads\/sites\/49\/2013\/05\/26.jpg 600w, https:\/\/static-blogs.diariosur.es\/wp-content\/uploads\/sites\/49\/2013\/05\/26-300x200.jpg 300w\" sizes=\"(max-width: 600px) 100vw, 600px\" \/><\/a><\/p>\n<p style=\"text-align: center;\"><a href=\"\/pasarelaurbana\/wp-content\/uploads\/sites\/49\/2013\/05\/27.jpg\"><img loading=\"lazy\" class=\"aligncenter size-full wp-image-4225\" title=\"27\" src=\"\/pasarelaurbana\/wp-content\/uploads\/sites\/49\/2013\/05\/27.jpg\" alt=\"\" width=\"600\" height=\"900\" srcset=\"https:\/\/static-blogs.diariosur.es\/wp-content\/uploads\/sites\/49\/2013\/05\/27.jpg 600w, https:\/\/static-blogs.diariosur.es\/wp-content\/uploads\/sites\/49\/2013\/05\/27-200x300.jpg 200w\" sizes=\"(max-width: 600px) 100vw, 600px\" \/><\/a><\/p>\n<p style=\"text-align: center;\">Precioso este vestido rom\u00e1ntico color hueso con delicados encajes <strong>dise\u00f1ado por la propia Pilar<\/strong> con la ayuda de sus modistas de cabecera. Propone llevarlo con un abrigo color plata y zapatos de sal\u00f3n con lazada en gris de <strong>Zara<\/strong> (\u00a1muy elegante!).<\/p>\n<p style=\"text-align: center;\"><strong>SUS COMPLEMENTOS<\/strong>: <span style=\"text-decoration: underline;\">Una apasionada de los zapatos y de los abanicos. Nunca sale de casa sin pendientes y anillos XL<\/span><\/p>\n<p style=\"text-align: center;\"><a href=\"\/pasarelaurbana\/wp-content\/uploads\/sites\/49\/2013\/05\/18.jpg\"><img loading=\"lazy\" class=\"aligncenter size-full wp-image-4217\" title=\"18\" src=\"\/pasarelaurbana\/wp-content\/uploads\/sites\/49\/2013\/05\/18.jpg\" alt=\"\" width=\"600\" height=\"400\" srcset=\"https:\/\/static-blogs.diariosur.es\/wp-content\/uploads\/sites\/49\/2013\/05\/18.jpg 600w, https:\/\/static-blogs.diariosur.es\/wp-content\/uploads\/sites\/49\/2013\/05\/18-300x200.jpg 300w\" sizes=\"(max-width: 600px) 100vw, 600px\" \/><\/a><\/p>\n<p style=\"text-align: center;\">Los zapatos le pierden. Los usa de tac\u00f3n medio o planos (simpre lleva manoletinas en el bolso). Arriba, de <strong>Zara, Roberto Botella, Pura L\u00f3pez, \u00d3palo y tra\u00eddos de un viaje a Nueva York<\/strong>.<\/p>\n<p style=\"text-align: center;\"><a href=\"\/pasarelaurbana\/wp-content\/uploads\/sites\/49\/2013\/05\/19.jpg\"><img loading=\"lazy\" class=\"aligncenter  wp-image-4218\" title=\"19\" src=\"\/pasarelaurbana\/wp-content\/uploads\/sites\/49\/2013\/05\/19.jpg\" alt=\"\" width=\"600\" height=\"400\" srcset=\"https:\/\/static-blogs.diariosur.es\/wp-content\/uploads\/sites\/49\/2013\/05\/19.jpg 600w, https:\/\/static-blogs.diariosur.es\/wp-content\/uploads\/sites\/49\/2013\/05\/19-300x200.jpg 300w\" sizes=\"(max-width: 600px) 100vw, 600px\" \/><\/a><\/p>\n<p style=\"text-align: center;\">Una muestra de su colecci\u00f3n de bolsos: para trabajar los usa &#8216;shopping bag&#8217; y para sus looks de noche prefiere un clutch de alg\u00fan color neutro o acabado metalizado. Los de la foto son de <strong>La habitaci\u00f3n de Kate<\/strong> (los grandes), <strong>Zara<\/strong>, \u00a0<strong>Cortefiel<\/strong> y <strong>Tintoretto<\/strong>.<\/p>\n<p style=\"text-align: center;\"><a href=\"\/pasarelaurbana\/wp-content\/uploads\/sites\/49\/2013\/05\/16.jpg\"><img loading=\"lazy\" class=\"aligncenter size-full wp-image-4215\" title=\"16\" src=\"\/pasarelaurbana\/wp-content\/uploads\/sites\/49\/2013\/05\/16.jpg\" alt=\"\" width=\"600\" height=\"400\" srcset=\"https:\/\/static-blogs.diariosur.es\/wp-content\/uploads\/sites\/49\/2013\/05\/16.jpg 600w, https:\/\/static-blogs.diariosur.es\/wp-content\/uploads\/sites\/49\/2013\/05\/16-300x200.jpg 300w\" sizes=\"(max-width: 600px) 100vw, 600px\" \/><\/a><\/p>\n<p style=\"text-align: center;\"><a href=\"\/pasarelaurbana\/wp-content\/uploads\/sites\/49\/2013\/05\/17.jpg\"><img loading=\"lazy\" class=\"aligncenter size-full wp-image-4216\" title=\"17\" src=\"\/pasarelaurbana\/wp-content\/uploads\/sites\/49\/2013\/05\/17.jpg\" alt=\"\" width=\"602\" height=\"401\" srcset=\"https:\/\/static-blogs.diariosur.es\/wp-content\/uploads\/sites\/49\/2013\/05\/17.jpg 602w, https:\/\/static-blogs.diariosur.es\/wp-content\/uploads\/sites\/49\/2013\/05\/17-300x200.jpg 300w\" sizes=\"(max-width: 602px) 100vw, 602px\" \/><\/a><\/p>\n<p style=\"text-align: center;\">Los pendientes y anillos son protagonistas en sus \u2018looks\u2019. Le gustan XL. Los de arriba son de su colecci\u00f3n, de <strong>NaneF<\/strong>, y adquiridos en la joyer\u00eda <strong>Granate<\/strong>.<\/p>\n<p style=\"text-align: center;\"><a href=\"\/pasarelaurbana\/wp-content\/uploads\/sites\/49\/2013\/05\/15.jpg\"><img loading=\"lazy\" class=\"aligncenter size-full wp-image-4199\" title=\"15\" src=\"\/pasarelaurbana\/wp-content\/uploads\/sites\/49\/2013\/05\/15.jpg\" alt=\"\" width=\"600\" height=\"400\" srcset=\"https:\/\/static-blogs.diariosur.es\/wp-content\/uploads\/sites\/49\/2013\/05\/15.jpg 600w, https:\/\/static-blogs.diariosur.es\/wp-content\/uploads\/sites\/49\/2013\/05\/15-300x200.jpg 300w\" sizes=\"(max-width: 600px) 100vw, 600px\" \/><\/a><\/p>\n<p style=\"text-align: center;\">Pilar es una firme defensora de los abanicos, su complemento favorito en cuanto el sol aprieta. \u00abSoy muy andaluza y siempre llevo uno en el bolso&#8221;, subraya.<\/p>\n<p style=\"text-align: center;\"><a href=\"\/pasarelaurbana\/wp-content\/uploads\/sites\/49\/2013\/05\/paparicio.jpg\"><img loading=\"lazy\" class=\"aligncenter size-full wp-image-4227\" title=\"paparicio\" src=\"\/pasarelaurbana\/wp-content\/uploads\/sites\/49\/2013\/05\/paparicio.jpg\" alt=\"\" width=\"600\" height=\"900\" srcset=\"https:\/\/static-blogs.diariosur.es\/wp-content\/uploads\/sites\/49\/2013\/05\/paparicio.jpg 600w, https:\/\/static-blogs.diariosur.es\/wp-content\/uploads\/sites\/49\/2013\/05\/paparicio-200x300.jpg 200w\" sizes=\"(max-width: 600px) 100vw, 600px\" \/><\/a><\/p>\n<p style=\"text-align: center;\">Y para terminar, como siempre, os dejo con una foto mia con la protagonista del armario de hoy, a la que agradezco el trato y la amabilidad (tanto la suya como la de su familia que nos abrieron las puertas de su casa y fueron encantadores). Pilar eligi\u00f3 para la sesi\u00f3n de fotos camisa estilo lencero de <strong>Zara<\/strong>, chaqueta vaquera de Zara, falda dise\u00f1ada por ella con lazada (me encant\u00f3!), zapatos rojos de <strong>Lodi <\/strong>y pendientes de su firma, <strong>NaneF\u00a0<\/strong>(espectaculares y super favorecedores). En mi caso, opt\u00e9 por pantal\u00f3n de rayas bicolor de Zara, camisa nude con encajes negros y abrigo blanco tambi\u00e9n de Zara. Complet\u00e9 el look con zapatos de sal\u00f3n en marfil de <strong>H&#038;M<\/strong> y cintur\u00f3n joya de <strong>Sfera<\/strong>.<\/p>\n<p style=\"text-align: center;\">\u00a1Espero que os haya gustado! \u00a1Buen fin de semana! \u00a1Hasta el lunes!<\/p>\n<p style=\"text-align: center;\">\n","protected":false},"excerpt":{"rendered":"<p>Donde el com\u00fan de los mortales ve un mero retal de tela, ella dise\u00f1a en su cabeza una nueva incorporaci\u00f3n a su armario. Una blusa, una falda, un vestido&#8230;y hasta un traje de gitana (su perdici\u00f3n). \u00abHace poco una amiga me regal\u00f3 un pa\u00f1uelo preciosos de A\u00efta y nada m\u00e1s verlo le dije: \u00a1No te [&hellip;]<\/p>\n","protected":false},"author":54,"featured_media":0,"comment_status":"open","ping_status":"open","sticky":false,"template":"","format":"standard","meta":[],"categories":[2],"tags":[],"_links":{"self":[{"href":"https:\/\/blogs.diariosur.es\/pasarelaurbana\/wp-json\/wp\/v2\/posts\/4198"}],"collection":[{"href":"https:\/\/blogs.diariosur.es\/pasarelaurbana\/wp-json\/wp\/v2\/posts"}],"about":[{"href":"https:\/\/blogs.diariosur.es\/pasarelaurbana\/wp-json\/wp\/v2\/types\/post"}],"author":[{"embeddable":true,"href":"https:\/\/blogs.diariosur.es\/pasarelaurbana\/wp-json\/wp\/v2\/users\/54"}],"replies":[{"embeddable":true,"href":"https:\/\/blogs.diariosur.es\/pasarelaurbana\/wp-json\/wp\/v2\/comments?post=4198"}],"version-history":[{"count":0,"href":"https:\/\/blogs.diariosur.es\/pasarelaurbana\/wp-json\/wp\/v2\/posts\/4198\/revisions"}],"wp:attachment":[{"href":"https:\/\/blogs.diariosur.es\/pasarelaurbana\/wp-json\/wp\/v2\/media?parent=4198"}],"wp:term":[{"taxonomy":"category","embeddable":true,"href":"https:\/\/blogs.diariosur.es\/pasarelaurbana\/wp-json\/wp\/v2\/categories?post=4198"},{"taxonomy":"post_tag","embeddable":true,"href":"https:\/\/blogs.diariosur.es\/pasarelaurbana\/wp-json\/wp\/v2\/tags?post=4198"}],"curies":[{"name":"wp","href":"https:\/\/api.w.org\/{rel}","templated":true}]}}