{"id":4230,"date":"2013-05-03T18:59:04","date_gmt":"2013-05-03T16:59:04","guid":{"rendered":"http:\/\/blogs.diariosur.es\/pasarelaurbana\/?p=4230"},"modified":"2013-05-03T18:59:04","modified_gmt":"2013-05-03T16:59:04","slug":"fuera-supersticionesel-amarillo-esta-de-moda","status":"publish","type":"post","link":"https:\/\/blogs.diariosur.es\/pasarelaurbana\/2013\/05\/03\/fuera-supersticionesel-amarillo-esta-de-moda\/","title":{"rendered":"\u00a1Fuera supersticiones!:el amarillo est\u00e1 de moda"},"content":{"rendered":"<p style=\"text-align: center;\">\u00bfQui\u00e9n dijo mala suerte? \u00a0Suerte, y mucha es la que est\u00e1 teniendo esta temporada el amarillo, convertido en el tono de moda por excelencia de esta primavera. Dior, \u00a0Marc Jacobs, DKNY o Gucci ya se rindieron al color del astro rey sobre la pasarela como s\u00edmbolo de elegancia y feminidad. Pastel, metalizado, lim\u00f3n o en su variedad m\u00e1s sobria, la mostaza, arrasa entre celebrities y fashionistas de todo el mundo, que han aparcado las supersticiones para vestirse de amarillo. Mala fama aparte, el &#8216;tono maldito&#8217; est\u00e1 cargado de significados positivos. Transmite optimismo, vitalidad, fuerza y energ\u00eda y, adem\u00e1s, resalta el bronceado, as\u00ed que \u00bfpor qu\u00e9 no llevarlo? \u00a0B\u00fascale buenos aliados (personalmente me gusta la pareja que hace con el azul klein, el fucsia, el blanco o el denim) y apuesta por un &#8216;total look&#8217; o, en su defecto, l\u00facelo en peque\u00f1as dosis reserv\u00e1ndolo a toques de luz en los complementos (hazte con un bolso o unas sandalias de este color que aporten luminosidad y tendencia a tu estilismo). \u00a0\u00a1Lib\u00e9rate de viejos prejuicios fashionistas!, como ya hicieron las principales actrices espa\u00f1olas durante la \u00faltima edici\u00f3n del Festival de Cine de M\u00e1laga en la que este tono fue uno de los grandes protagonistas sobre la alfombra roja (pod\u00e9is repasar sus mejores estilismos amarillo en el blog la\u00a0<a href=\"http:\/\/blogs.diariosur.es\/pasarelafestival\/\">Pasarela del festival<\/a>) Os dejo con una selecci\u00f3n de algunas de las mejores propuestas de street style que he encontrado navegando por la web, 100% inspiradoras. \u00a1Hasta ma\u00f1ana!<\/p>\n<p>&nbsp;<\/p>\n<p><a href=\"\/pasarelaurbana\/wp-content\/uploads\/sites\/49\/2013\/05\/amarilloone.jpg\"><img loading=\"lazy\" class=\"aligncenter size-full wp-image-4237\" title=\"amarilloone\" src=\"\/pasarelaurbana\/wp-content\/uploads\/sites\/49\/2013\/05\/amarilloone.jpg\" alt=\"\" width=\"600\" height=\"900\" srcset=\"https:\/\/static-blogs.diariosur.es\/wp-content\/uploads\/sites\/49\/2013\/05\/amarilloone.jpg 600w, https:\/\/static-blogs.diariosur.es\/wp-content\/uploads\/sites\/49\/2013\/05\/amarilloone-200x300.jpg 200w\" sizes=\"(max-width: 600px) 100vw, 600px\" \/><\/a><\/p>\n<p><!--more--><\/p>\n<p><a href=\"\/pasarelaurbana\/wp-content\/uploads\/sites\/49\/2013\/05\/amaseis.jpg\"><img loading=\"lazy\" class=\"aligncenter size-full wp-image-4240\" title=\"amaseis\" src=\"\/pasarelaurbana\/wp-content\/uploads\/sites\/49\/2013\/05\/amaseis.jpg\" alt=\"\" width=\"600\" height=\"420\" srcset=\"https:\/\/static-blogs.diariosur.es\/wp-content\/uploads\/sites\/49\/2013\/05\/amaseis.jpg 600w, https:\/\/static-blogs.diariosur.es\/wp-content\/uploads\/sites\/49\/2013\/05\/amaseis-300x210.jpg 300w\" sizes=\"(max-width: 600px) 100vw, 600px\" \/><\/a><\/p>\n<p><a href=\"\/pasarelaurbana\/wp-content\/uploads\/sites\/49\/2013\/05\/amarillotres.jpg\"><img loading=\"lazy\" class=\"aligncenter size-full wp-image-4238\" title=\"amarillotres\" src=\"\/pasarelaurbana\/wp-content\/uploads\/sites\/49\/2013\/05\/amarillotres.jpg\" alt=\"\" width=\"600\" height=\"900\" srcset=\"https:\/\/static-blogs.diariosur.es\/wp-content\/uploads\/sites\/49\/2013\/05\/amarillotres.jpg 600w, https:\/\/static-blogs.diariosur.es\/wp-content\/uploads\/sites\/49\/2013\/05\/amarillotres-200x300.jpg 200w\" sizes=\"(max-width: 600px) 100vw, 600px\" \/><\/a><\/p>\n<p><a href=\"\/pasarelaurbana\/wp-content\/uploads\/sites\/49\/2013\/05\/amacuatro.jpg\"><img loading=\"lazy\" class=\"aligncenter size-full wp-image-4232\" title=\"amacuatro\" src=\"\/pasarelaurbana\/wp-content\/uploads\/sites\/49\/2013\/05\/amacuatro.jpg\" alt=\"\" width=\"600\" height=\"653\" srcset=\"https:\/\/static-blogs.diariosur.es\/wp-content\/uploads\/sites\/49\/2013\/05\/amacuatro.jpg 600w, https:\/\/static-blogs.diariosur.es\/wp-content\/uploads\/sites\/49\/2013\/05\/amacuatro-276x300.jpg 276w\" sizes=\"(max-width: 600px) 100vw, 600px\" \/><\/a><\/p>\n<p><a href=\"\/pasarelaurbana\/wp-content\/uploads\/sites\/49\/2013\/05\/amadiez.jpg\"><img loading=\"lazy\" class=\"aligncenter size-full wp-image-4233\" title=\"amadiez\" src=\"\/pasarelaurbana\/wp-content\/uploads\/sites\/49\/2013\/05\/amadiez.jpg\" alt=\"\" width=\"600\" height=\"899\" srcset=\"https:\/\/static-blogs.diariosur.es\/wp-content\/uploads\/sites\/49\/2013\/05\/amadiez.jpg 600w, https:\/\/static-blogs.diariosur.es\/wp-content\/uploads\/sites\/49\/2013\/05\/amadiez-200x300.jpg 200w\" sizes=\"(max-width: 600px) 100vw, 600px\" \/><\/a><\/p>\n<p><a href=\"\/pasarelaurbana\/wp-content\/uploads\/sites\/49\/2013\/05\/amacinco.jpg\"><img loading=\"lazy\" class=\"aligncenter size-full wp-image-4231\" title=\"amacinco\" src=\"\/pasarelaurbana\/wp-content\/uploads\/sites\/49\/2013\/05\/amacinco.jpg\" alt=\"\" width=\"600\" height=\"924\" srcset=\"https:\/\/static-blogs.diariosur.es\/wp-content\/uploads\/sites\/49\/2013\/05\/amacinco.jpg 600w, https:\/\/static-blogs.diariosur.es\/wp-content\/uploads\/sites\/49\/2013\/05\/amacinco-195x300.jpg 195w\" sizes=\"(max-width: 600px) 100vw, 600px\" \/><\/a><\/p>\n<p><a href=\"\/pasarelaurbana\/wp-content\/uploads\/sites\/49\/2013\/05\/amanueve.jpg\"><img loading=\"lazy\" class=\"aligncenter size-full wp-image-4234\" title=\"amanueve\" src=\"\/pasarelaurbana\/wp-content\/uploads\/sites\/49\/2013\/05\/amanueve.jpg\" alt=\"\" width=\"600\" height=\"900\" srcset=\"https:\/\/static-blogs.diariosur.es\/wp-content\/uploads\/sites\/49\/2013\/05\/amanueve.jpg 600w, https:\/\/static-blogs.diariosur.es\/wp-content\/uploads\/sites\/49\/2013\/05\/amanueve-200x300.jpg 200w\" sizes=\"(max-width: 600px) 100vw, 600px\" \/><\/a><\/p>\n<p><a href=\"\/pasarelaurbana\/wp-content\/uploads\/sites\/49\/2013\/05\/amaocho.jpg\"><img loading=\"lazy\" class=\"aligncenter size-full wp-image-4235\" title=\"amaocho\" src=\"\/pasarelaurbana\/wp-content\/uploads\/sites\/49\/2013\/05\/amaocho.jpg\" alt=\"\" width=\"600\" height=\"900\" srcset=\"https:\/\/static-blogs.diariosur.es\/wp-content\/uploads\/sites\/49\/2013\/05\/amaocho.jpg 600w, https:\/\/static-blogs.diariosur.es\/wp-content\/uploads\/sites\/49\/2013\/05\/amaocho-200x300.jpg 200w\" sizes=\"(max-width: 600px) 100vw, 600px\" \/><\/a><\/p>\n<p><a href=\"\/pasarelaurbana\/wp-content\/uploads\/sites\/49\/2013\/05\/amarillodos.jpg\"><img loading=\"lazy\" class=\"aligncenter size-full wp-image-4236\" title=\"amarillodos\" src=\"\/pasarelaurbana\/wp-content\/uploads\/sites\/49\/2013\/05\/amarillodos.jpg\" alt=\"\" width=\"600\" height=\"737\" srcset=\"https:\/\/static-blogs.diariosur.es\/wp-content\/uploads\/sites\/49\/2013\/05\/amarillodos.jpg 600w, https:\/\/static-blogs.diariosur.es\/wp-content\/uploads\/sites\/49\/2013\/05\/amarillodos-244x300.jpg 244w\" sizes=\"(max-width: 600px) 100vw, 600px\" \/><\/a><\/p>\n<p><a href=\"\/pasarelaurbana\/wp-content\/uploads\/sites\/49\/2013\/05\/amasiete.jpg\"><img loading=\"lazy\" class=\"aligncenter size-full wp-image-4241\" title=\"amasiete\" src=\"\/pasarelaurbana\/wp-content\/uploads\/sites\/49\/2013\/05\/amasiete.jpg\" alt=\"\" width=\"600\" height=\"900\" srcset=\"https:\/\/static-blogs.diariosur.es\/wp-content\/uploads\/sites\/49\/2013\/05\/amasiete.jpg 600w, https:\/\/static-blogs.diariosur.es\/wp-content\/uploads\/sites\/49\/2013\/05\/amasiete-200x300.jpg 200w\" sizes=\"(max-width: 600px) 100vw, 600px\" \/><\/a><\/p>\n<p>&nbsp;<\/p>\n<p style=\"text-align: center;\">Y a continuaci\u00f3n, algunos de los mejores looks te\u00f1idos de amarillo que desfilaron por la alfombra roja en la decimosexta edici\u00f3n del <strong>Festival de Cine de M\u00e1laga<\/strong>\u00a0.<\/p>\n<p><a href=\"http:\/\/blogs.diariosur.es\/pasarelafestival\/files\/2013\/04\/jacosta.jpg\"><img loading=\"lazy\" class=\"aligncenter  wp-image-555\" title=\"jacosta\" src=\"\/\/blogs.diariosur.es\/pasarelafestival\/files\/2013\/04\/jacosta.jpg\" alt=\"\" width=\"600\" height=\"900\" \/><\/a><\/p>\n<p>&nbsp;<\/p>\n<p><a href=\"http:\/\/blogs.diariosur.es\/pasarelafestival\/files\/2013\/04\/48.jpg\"><img loading=\"lazy\" class=\"aligncenter  wp-image-386\" title=\"4\" src=\"\/\/blogs.diariosur.es\/pasarelafestival\/files\/2013\/04\/48.jpg\" alt=\"\" width=\"600\" height=\"900\" \/><\/a><\/p>\n<p>&nbsp;<\/p>\n<p><a href=\"http:\/\/blogs.diariosur.es\/pasarelafestival\/files\/2013\/04\/213.jpg\"><img loading=\"lazy\" class=\"aligncenter size-full wp-image-384\" title=\"2\" src=\"\/\/blogs.diariosur.es\/pasarelafestival\/files\/2013\/04\/213.jpg\" alt=\"\" width=\"600\" height=\"900\" \/><\/a><\/p>\n<p style=\"text-align: center;\">\u00a0Mirad qu\u00e9 bien queda en complementos, como demuestra la actriz \u00a0Ana Fern\u00e1ndez.<\/p>\n<p><a href=\"http:\/\/blogs.diariosur.es\/pasarelafestival\/files\/2013\/04\/ana-fernandez1.jpg\"><img loading=\"lazy\" class=\" wp-image-303 aligncenter\" title=\"Ana Fern\u00e1ndez, con un dise\u00f1o de Loewe. \/ M. C. Parra\" src=\"\/\/blogs.diariosur.es\/pasarelafestival\/files\/2013\/04\/ana-fernandez1.jpg\" alt=\"Ana Fern\u00e1ndez, con un dise\u00f1o de Loewe. \/ M. C. Parra\" width=\"600\" height=\"900\" \/><\/a><\/p>\n<p>&nbsp;<\/p>\n","protected":false},"excerpt":{"rendered":"<p>\u00bfQui\u00e9n dijo mala suerte? \u00a0Suerte, y mucha es la que est\u00e1 teniendo esta temporada el amarillo, convertido en el tono de moda por excelencia de esta primavera. Dior, \u00a0Marc Jacobs, DKNY o Gucci ya se rindieron al color del astro rey sobre la pasarela como s\u00edmbolo de elegancia y feminidad. Pastel, metalizado, lim\u00f3n o en [&hellip;]<\/p>\n","protected":false},"author":54,"featured_media":0,"comment_status":"open","ping_status":"open","sticky":false,"template":"","format":"standard","meta":[],"categories":[2],"tags":[],"_links":{"self":[{"href":"https:\/\/blogs.diariosur.es\/pasarelaurbana\/wp-json\/wp\/v2\/posts\/4230"}],"collection":[{"href":"https:\/\/blogs.diariosur.es\/pasarelaurbana\/wp-json\/wp\/v2\/posts"}],"about":[{"href":"https:\/\/blogs.diariosur.es\/pasarelaurbana\/wp-json\/wp\/v2\/types\/post"}],"author":[{"embeddable":true,"href":"https:\/\/blogs.diariosur.es\/pasarelaurbana\/wp-json\/wp\/v2\/users\/54"}],"replies":[{"embeddable":true,"href":"https:\/\/blogs.diariosur.es\/pasarelaurbana\/wp-json\/wp\/v2\/comments?post=4230"}],"version-history":[{"count":0,"href":"https:\/\/blogs.diariosur.es\/pasarelaurbana\/wp-json\/wp\/v2\/posts\/4230\/revisions"}],"wp:attachment":[{"href":"https:\/\/blogs.diariosur.es\/pasarelaurbana\/wp-json\/wp\/v2\/media?parent=4230"}],"wp:term":[{"taxonomy":"category","embeddable":true,"href":"https:\/\/blogs.diariosur.es\/pasarelaurbana\/wp-json\/wp\/v2\/categories?post=4230"},{"taxonomy":"post_tag","embeddable":true,"href":"https:\/\/blogs.diariosur.es\/pasarelaurbana\/wp-json\/wp\/v2\/tags?post=4230"}],"curies":[{"name":"wp","href":"https:\/\/api.w.org\/{rel}","templated":true}]}}