{"id":4242,"date":"2013-05-06T21:25:32","date_gmt":"2013-05-06T19:25:32","guid":{"rendered":"http:\/\/blogs.diariosur.es\/pasarelaurbana\/?p=4242"},"modified":"2013-05-06T21:25:32","modified_gmt":"2013-05-06T19:25:32","slug":"plaza-mayor-despliega-la-pasarela","status":"publish","type":"post","link":"https:\/\/blogs.diariosur.es\/pasarelaurbana\/2013\/05\/06\/plaza-mayor-despliega-la-pasarela\/","title":{"rendered":"Plaza Mayor despliega la pasarela"},"content":{"rendered":"<p style=\"text-align: center;\">\u00a1Estrenamos una nueva semana! Tras el Festival de M\u00e1laga, que nos dej\u00f3 <a href=\"http:\/\/blogs.diariosur.es\/pasarelafestival\/\">grandes modelazos<\/a> para el recuerdo sobre la alfombra roja, el foco de la moda se sit\u00faa estos d\u00edas en el centro de ocio <strong>Plaza Mayor<\/strong>. El pasado viernes, el centro comercial -al que hay que aplaudir su continua apuesta por esta disciplina- se visti\u00f3 de gala para dar el pistoletazo de salida a una nueva edici\u00f3n de su conocida <strong>Fashion Week<\/strong>. Una cita con las \u00faltimas tendencias de la temporada durante la cual el complejo ofrece un sinf\u00edn de ventajas para los consumidores: desde descuentos especiales durante las llamadas &#8216;happy hours&#8217; a servicio gratuito de personal shopper de la mano de expertos en asesor\u00eda de imagen (sesiones muy muy recomendables que he tenido la suerte de probar en varias ocasiones y que os ser\u00e1n de gran ayuda para conocer las prendas que mejor os van). Pues bien, como os dec\u00eda, la puesta de largo de este evento se celebr\u00f3 el viernes durante el transcurso de una gran fiesta con desfiles, m\u00fasica en directo, c\u00f3cteles, tiendas abiertas hasta las 23.00 horas y muchas caras conocidas de la moda malague\u00f1a (yo no me la perd\u00ed, jejeje).<\/p>\n<p style=\"text-align: center;\">La velada arranc\u00f3 con un pase con propuestas de estilismos para esta primavera-verano basados en prendas comercializadas en Plaza Mayor seleccionadas por el estilista portugu\u00e9s <strong>Lido Palma<\/strong> (quien colabora con el centro de ocio desde hace muchos a\u00f1os). El gerente del complejo, <strong>Rafael Perea<\/strong>, hizo de maestro de ceremonias recordando que la moda es &#8220;la gran protagonista&#8221; estos d\u00edas en Plaza Mayor y que su intenci\u00f3n es &#8220;sorprender&#8221; al visitante.\u00a0Sobre la pasarela, mucha mezcla de colores \u00e1cidos, tonalidades fluor, shorts, pantalones entubados, bicolor blanco y negro (como sab\u00e9is clave esta temporada, sobre todo en su formato rayas) mientras que para ellos Palma hizo una clara apuesta por el sporty chic proponiendo fusiones como la de fulares desenfadados con gorras y blazer.<\/p>\n<p style=\"text-align: center;\">El plato fuerte de la noche llegar\u00eda un poco despu\u00e9s con el desfile\u00a0del dise\u00f1ador malague\u00f1o <strong>Agust\u00edn Torralbo<\/strong> (pod\u00e9is recordar el reportaje que le hice sobre su armario <a href=\"https:\/\/blogs.diariosur.es\/pasarelaurbana\/2012\/12\/08\/el-armario-de-agustin-torralbo\/\">aqui<\/a>), quien present\u00f3 un adelanto de su colecci\u00f3n internacional de trajes de noche, en la que los acabados metalizados, las telas vaporosas, los plisados \u00a0y los fajines (para realzar la silueta femenina) fueron protagonistas sobre una pasarela en la que pudimos ver a los guap\u00edsimos <strong>Marta Blanco<\/strong> (Linda Espa\u00f1a) y <strong>Carlos Maturama<\/strong> (Mister Universo).<\/p>\n<p style=\"text-align: center;\">El universo blogger por su parte tambi\u00e9n estuvo muy presente en la Fashion Preview. As\u00ed, durante unas horas, un selecto grupo de bloggeras de moda malague\u00f1as (entre las que estuvo una servidora) tuvimos la oportunidad de ejercer de <strong>coolhunters para un divertido concurso<\/strong> puesto en marcha por Plaza Mayor. \u00bfEl objetivo? Abrir bien os ojos durante el evento y fotografiar el look de nuestro asistent@ favorito@ (algo a los que estoy m\u00e1s que acostumbrada despu\u00e9s de un a\u00f1o fichando el mejor street style cada semana por el Centro de M\u00e1laga). \u00bfQuer\u00e9is saber cu\u00e1l fue mi elegid@? \u00a1Pues no os perd\u00e1is ma\u00f1ana el blog! La cosa estuvo dif\u00edcil, pues he de reconocer que hab\u00eda muuuucho fashionista y, por ende, mucho material. Sobre todo, me conquistaron las propuestas de ellos: pantalones de lunares, pajaritas con tachuelas, cazadoras perfecto plateadas, bombers de flores, estampados de cashmere&#8230;\u00a1todo un festival de originalidad!<\/p>\n<p style=\"text-align: center;\">Y lo del viernes fue solo el principio\u2026 La Fashion Week de Plaza Mayor continuar\u00e1 <strong>hasta el pr\u00f3ximo 18 de mayo<\/strong> con un mont\u00f3n de actividades que pod\u00e9is ir consultando en su\u00a0p\u00e1gina de Facebook. De momento, ma\u00f1ana mi\u00e9rcoles hay una nueva sorpresa: el malague\u00f1o <strong>David Delf\u00edn<\/strong> ser\u00e1 el encargado de elegir a los ganadores del concurso de dise\u00f1os de los estudiantes de la Marbella Design Academy (expuestos estos d\u00edas en Plaza Mayor). Delf\u00edn mantendr\u00e1 un encuentro con la prensa y los visitantes a partir de las 18.30 horas. As\u00ed que seguiremos muy atentos a esta semana de la moda&#8230;\u00a1Os dejo con una selecci\u00f3n de fotos tomadas por mi y por el fot\u00f3grafo <strong>Gaspar G. Peinado<\/strong>, al que agradezco desde aqu\u00ed la cesi\u00f3n \u00a1Hasta ma\u00f1ana!<\/p>\n<p style=\"text-align: center;\"><span style=\"text-align: center;\">\u00a0\u00a0<\/span><a style=\"text-align: center;\" href=\"\/pasarelaurbana\/wp-content\/uploads\/sites\/49\/2013\/05\/61.jpg\"><img loading=\"lazy\" class=\"aligncenter\" title=\"6\" src=\"\/pasarelaurbana\/wp-content\/uploads\/sites\/49\/2013\/05\/61.jpg\" alt=\"\" width=\"600\" height=\"600\" \/><\/a><\/p>\n<p style=\"text-align: center;\"><!--more--><\/p>\n<p style=\"text-align: center;\"><a style=\"text-align: center;\" href=\"\/pasarelaurbana\/wp-content\/uploads\/sites\/49\/2013\/05\/71.jpg\"><img loading=\"lazy\" class=\"aligncenter\" title=\"7\" src=\"\/pasarelaurbana\/wp-content\/uploads\/sites\/49\/2013\/05\/71.jpg\" alt=\"\" width=\"600\" height=\"900\" \/><\/a><span style=\"text-align: center;\"> \u00a0 <\/span><a style=\"text-align: center;\" href=\"\/pasarelaurbana\/wp-content\/uploads\/sites\/49\/2013\/05\/desfile.jpg\"><img loading=\"lazy\" title=\"desfile\" src=\"\/pasarelaurbana\/wp-content\/uploads\/sites\/49\/2013\/05\/desfile.jpg\" alt=\"\" width=\"600\" height=\"400\" \/><\/a><span style=\"text-align: center;\">\u00a0<\/span><\/p>\n<p style=\"text-align: center;\"><span style=\"text-align: center;\">Abajo, algunos dise\u00f1os del desfile de<strong> Agust\u00edn Torralbo<\/strong><\/span><\/p>\n<p style=\"text-align: center;\"><a style=\"text-align: center;\" href=\"\/pasarelaurbana\/wp-content\/uploads\/sites\/49\/2013\/05\/81.jpg\"><img loading=\"lazy\" title=\"8\" src=\"\/pasarelaurbana\/wp-content\/uploads\/sites\/49\/2013\/05\/81.jpg\" alt=\"\" width=\"600\" height=\"900\" \/><\/a><\/p>\n<p style=\"text-align: center;\"><a href=\"\/pasarelaurbana\/wp-content\/uploads\/sites\/49\/2013\/05\/mister.jpg\"><img loading=\"lazy\" class=\"aligncenter size-full wp-image-4272\" title=\"mister\" src=\"\/pasarelaurbana\/wp-content\/uploads\/sites\/49\/2013\/05\/mister.jpg\" alt=\"\" width=\"600\" height=\"900\" srcset=\"https:\/\/static-blogs.diariosur.es\/wp-content\/uploads\/sites\/49\/2013\/05\/mister.jpg 600w, https:\/\/static-blogs.diariosur.es\/wp-content\/uploads\/sites\/49\/2013\/05\/mister-200x300.jpg 200w\" sizes=\"(max-width: 600px) 100vw, 600px\" \/><\/a><\/p>\n<p style=\"text-align: center;\"><span style=\"text-align: center;\">\u00a0 <\/span><a style=\"text-align: center;\" href=\"\/pasarelaurbana\/wp-content\/uploads\/sites\/49\/2013\/05\/91.jpg\"><img loading=\"lazy\" title=\"9\" src=\"\/pasarelaurbana\/wp-content\/uploads\/sites\/49\/2013\/05\/91.jpg\" alt=\"\" width=\"600\" height=\"900\" \/><\/a><span style=\"text-align: center;\">\u00a0\u00a0<\/span><\/p>\n<p style=\"text-align: center;\"><a style=\"text-align: center;\" href=\"\/pasarelaurbana\/wp-content\/uploads\/sites\/49\/2013\/05\/101.jpg\"><img loading=\"lazy\" title=\"10\" src=\"\/pasarelaurbana\/wp-content\/uploads\/sites\/49\/2013\/05\/101.jpg\" alt=\"\" width=\"600\" height=\"919\" \/><\/a><span style=\"text-align: center;\"> \u00a0 <\/span><\/p>\n<p style=\"text-align: center;\"><a style=\"text-align: center;\" href=\"\/pasarelaurbana\/wp-content\/uploads\/sites\/49\/2013\/05\/131.jpg\"><img loading=\"lazy\" title=\"13\" src=\"\/pasarelaurbana\/wp-content\/uploads\/sites\/49\/2013\/05\/131.jpg\" alt=\"\" width=\"640\" height=\"960\" \/><\/a><\/p>\n<p style=\"text-align: center;\"><a style=\"text-align: center;\" href=\"\/pasarelaurbana\/wp-content\/uploads\/sites\/49\/2013\/05\/121.jpg\"><img loading=\"lazy\" title=\"12\" src=\"\/pasarelaurbana\/wp-content\/uploads\/sites\/49\/2013\/05\/121.jpg\" alt=\"\" width=\"960\" height=\"640\" \/><\/a><\/p>\n<p style=\"text-align: center;\"><span style=\"text-align: center;\">C\u00f3cteles, m\u00fasica en vivo y bloggers ejerciendo de coolhunters en la <strong>Fashion Preview \u00a0<\/strong><\/span><\/p>\n<p style=\"text-align: center;\"><a href=\"\/pasarelaurbana\/wp-content\/uploads\/sites\/49\/2013\/05\/mojito.jpg\"><img loading=\"lazy\" class=\"aligncenter size-full wp-image-4263\" title=\"mojito\" src=\"\/pasarelaurbana\/wp-content\/uploads\/sites\/49\/2013\/05\/mojito.jpg\" alt=\"\" width=\"600\" height=\"901\" srcset=\"https:\/\/static-blogs.diariosur.es\/wp-content\/uploads\/sites\/49\/2013\/05\/mojito.jpg 600w, https:\/\/static-blogs.diariosur.es\/wp-content\/uploads\/sites\/49\/2013\/05\/mojito-200x300.jpg 200w\" sizes=\"(max-width: 600px) 100vw, 600px\" \/><\/a><\/p>\n<p style=\"text-align: center;\"><a href=\"\/pasarelaurbana\/wp-content\/uploads\/sites\/49\/2013\/05\/plaza.jpg\"><img loading=\"lazy\" class=\"aligncenter size-full wp-image-4269\" title=\"plaza\" src=\"\/pasarelaurbana\/wp-content\/uploads\/sites\/49\/2013\/05\/plaza.jpg\" alt=\"\" width=\"600\" height=\"448\" srcset=\"https:\/\/static-blogs.diariosur.es\/wp-content\/uploads\/sites\/49\/2013\/05\/plaza.jpg 600w, https:\/\/static-blogs.diariosur.es\/wp-content\/uploads\/sites\/49\/2013\/05\/plaza-300x224.jpg 300w\" sizes=\"(max-width: 600px) 100vw, 600px\" \/><\/a><\/p>\n<p style=\"text-align: center;\"><a href=\"\/pasarelaurbana\/wp-content\/uploads\/sites\/49\/2013\/05\/ni\u00f1a.jpg\"><img loading=\"lazy\" class=\"aligncenter size-full wp-image-4264\" title=\"ni\u00f1a\" src=\"\/pasarelaurbana\/wp-content\/uploads\/sites\/49\/2013\/05\/ni\u00f1a.jpg\" alt=\"\" width=\"600\" height=\"400\" srcset=\"https:\/\/static-blogs.diariosur.es\/wp-content\/uploads\/sites\/49\/2013\/05\/ni\u00f1a.jpg 600w, https:\/\/static-blogs.diariosur.es\/wp-content\/uploads\/sites\/49\/2013\/05\/ni\u00f1a-300x200.jpg 300w\" sizes=\"(max-width: 600px) 100vw, 600px\" \/><\/a><\/p>\n<p style=\"text-align: center;\">Abajo, una servidora llegando al evento: eleg\u00ed camisa nude con pedrer\u00eda en los hombros (que pena que no se vea porque es mon\u00edsima) de una marca francesa, abrigo blanco de Zara, falda estilo tapicera de Zara en tonos frambuesa y salones marfil de H&#038;M. En la segunda foto estoy con el dise\u00f1ador malague\u00f1o <strong>Jes\u00fas Segado<\/strong> y la periodista <strong>Isabel Jarillo<\/strong>.<\/p>\n<p style=\"text-align: center;\"><img loading=\"lazy\" class=\"aligncenter size-full wp-image-4268\" title=\"plazados\" src=\"\/pasarelaurbana\/wp-content\/uploads\/sites\/49\/2013\/05\/plazados.jpg\" alt=\"\" width=\"600\" height=\"803\" srcset=\"https:\/\/static-blogs.diariosur.es\/wp-content\/uploads\/sites\/49\/2013\/05\/plazados.jpg 600w, https:\/\/static-blogs.diariosur.es\/wp-content\/uploads\/sites\/49\/2013\/05\/plazados-224x300.jpg 224w\" sizes=\"(max-width: 600px) 100vw, 600px\" \/><\/p>\n<p style=\"text-align: center;\"><a href=\"\/pasarelaurbana\/wp-content\/uploads\/sites\/49\/2013\/05\/41.jpg\"><img loading=\"lazy\" title=\"4\" src=\"\/pasarelaurbana\/wp-content\/uploads\/sites\/49\/2013\/05\/41.jpg\" alt=\"\" width=\"600\" height=\"400\" \/><\/a><\/p>\n<p style=\"text-align: center;\">Y termino con unas fotitos de invitados, entre los que estaban Carlos y Mario de <strong>Montesco<\/strong>, <strong>Isabel Artacho<\/strong> (de BodaNova, estilos\u00edsima como siempre) los empresarios <strong>Pepe Mart\u00edn y Flumen<\/strong> (de la marca malague\u00f1a Flumen&#038;Co) y una nutrida selecci\u00f3n de los mejores bloggers (entre ellos <strong>Demetrio de la Torre<\/strong>, <strong>Virginia Carmona<\/strong>, <strong>Cristina<\/strong> de la Chica de la M\u00e1scara, <strong>Andrea Zambrana<\/strong>, <strong>Roberto, Rosa<\/strong> (de Mad About M\u00e1laga), Patricia de MissPatri, Mi peque\u00f1a lolailo y un largo etc\u00e9tera.<\/p>\n<p style=\"text-align: center;\"><a href=\"\/pasarelaurbana\/wp-content\/uploads\/sites\/49\/2013\/05\/110.jpg\"><img loading=\"lazy\" class=\"aligncenter size-full wp-image-4243\" title=\"1\" src=\"\/pasarelaurbana\/wp-content\/uploads\/sites\/49\/2013\/05\/110.jpg\" alt=\"\" width=\"600\" height=\"401\" srcset=\"https:\/\/static-blogs.diariosur.es\/wp-content\/uploads\/sites\/49\/2013\/05\/110.jpg 600w, https:\/\/static-blogs.diariosur.es\/wp-content\/uploads\/sites\/49\/2013\/05\/110-300x201.jpg 300w\" sizes=\"(max-width: 600px) 100vw, 600px\" \/><\/a><\/p>\n<p style=\"text-align: center;\"><a href=\"\/pasarelaurbana\/wp-content\/uploads\/sites\/49\/2013\/05\/24.jpg\"><img loading=\"lazy\" class=\"aligncenter size-full wp-image-4244\" title=\"2\" src=\"\/pasarelaurbana\/wp-content\/uploads\/sites\/49\/2013\/05\/24.jpg\" alt=\"\" width=\"600\" height=\"400\" srcset=\"https:\/\/static-blogs.diariosur.es\/wp-content\/uploads\/sites\/49\/2013\/05\/24.jpg 600w, https:\/\/static-blogs.diariosur.es\/wp-content\/uploads\/sites\/49\/2013\/05\/24-300x200.jpg 300w\" sizes=\"(max-width: 600px) 100vw, 600px\" \/><\/a><\/p>\n<p style=\"text-align: center;\"><a href=\"\/pasarelaurbana\/wp-content\/uploads\/sites\/49\/2013\/05\/virginia.jpg\"><img loading=\"lazy\" class=\"aligncenter size-full wp-image-4271\" title=\"virginia\" src=\"\/pasarelaurbana\/wp-content\/uploads\/sites\/49\/2013\/05\/virginia.jpg\" alt=\"\" width=\"598\" height=\"378\" srcset=\"https:\/\/static-blogs.diariosur.es\/wp-content\/uploads\/sites\/49\/2013\/05\/virginia.jpg 598w, https:\/\/static-blogs.diariosur.es\/wp-content\/uploads\/sites\/49\/2013\/05\/virginia-300x190.jpg 300w\" sizes=\"(max-width: 598px) 100vw, 598px\" \/><\/a><\/p>\n<p style=\"text-align: center;\"><a href=\"\/pasarelaurbana\/wp-content\/uploads\/sites\/49\/2013\/05\/51.jpg\"><img loading=\"lazy\" class=\"aligncenter size-full wp-image-4247\" title=\"5\" src=\"\/pasarelaurbana\/wp-content\/uploads\/sites\/49\/2013\/05\/51.jpg\" alt=\"\" width=\"600\" height=\"400\" srcset=\"https:\/\/static-blogs.diariosur.es\/wp-content\/uploads\/sites\/49\/2013\/05\/51.jpg 600w, https:\/\/static-blogs.diariosur.es\/wp-content\/uploads\/sites\/49\/2013\/05\/51-300x200.jpg 300w\" sizes=\"(max-width: 600px) 100vw, 600px\" \/><\/a><\/p>\n<p style=\"text-align: center;\"><a href=\"\/pasarelaurbana\/wp-content\/uploads\/sites\/49\/2013\/05\/31.jpg\"><img loading=\"lazy\" class=\"aligncenter size-full wp-image-4245\" title=\"3\" src=\"\/pasarelaurbana\/wp-content\/uploads\/sites\/49\/2013\/05\/31.jpg\" alt=\"\" width=\"600\" height=\"401\" srcset=\"https:\/\/static-blogs.diariosur.es\/wp-content\/uploads\/sites\/49\/2013\/05\/31.jpg 600w, https:\/\/static-blogs.diariosur.es\/wp-content\/uploads\/sites\/49\/2013\/05\/31-300x201.jpg 300w\" sizes=\"(max-width: 600px) 100vw, 600px\" \/><\/a><\/p>\n<p style=\"text-align: center;\"><a href=\"\/pasarelaurbana\/wp-content\/uploads\/sites\/49\/2013\/05\/masposado.jpg\"><img loading=\"lazy\" class=\"aligncenter size-full wp-image-4262\" title=\"masposado\" src=\"\/pasarelaurbana\/wp-content\/uploads\/sites\/49\/2013\/05\/masposado.jpg\" alt=\"\" width=\"600\" height=\"400\" srcset=\"https:\/\/static-blogs.diariosur.es\/wp-content\/uploads\/sites\/49\/2013\/05\/masposado.jpg 600w, https:\/\/static-blogs.diariosur.es\/wp-content\/uploads\/sites\/49\/2013\/05\/masposado-300x200.jpg 300w\" sizes=\"(max-width: 600px) 100vw, 600px\" \/><\/a> \u00a0 \u00a0<a href=\"\/pasarelaurbana\/wp-content\/uploads\/sites\/49\/2013\/05\/deme.jpg\"><img loading=\"lazy\" class=\"aligncenter size-full wp-image-4257\" title=\"deme\" src=\"\/pasarelaurbana\/wp-content\/uploads\/sites\/49\/2013\/05\/deme.jpg\" alt=\"\" width=\"600\" height=\"900\" srcset=\"https:\/\/static-blogs.diariosur.es\/wp-content\/uploads\/sites\/49\/2013\/05\/deme.jpg 600w, https:\/\/static-blogs.diariosur.es\/wp-content\/uploads\/sites\/49\/2013\/05\/deme-200x300.jpg 200w\" sizes=\"(max-width: 600px) 100vw, 600px\" \/><\/a><\/p>\n<p style=\"text-align: center;\">Y termiamos con una imagen de algunas de las prendas dise\u00f1adas por los estudiantes de <strong>Marbella Design Academy<\/strong> que valorar\u00e1 ma\u00f1ana el dise\u00f1ador <strong>David Delf\u00edn<\/strong>.<\/p>\n<p style=\"text-align: center;\"><a href=\"\/pasarelaurbana\/wp-content\/uploads\/sites\/49\/2013\/05\/marbelladesig.jpg\"><img loading=\"lazy\" class=\"aligncenter size-full wp-image-4273\" title=\"marbelladesig\" src=\"\/pasarelaurbana\/wp-content\/uploads\/sites\/49\/2013\/05\/marbelladesig.jpg\" alt=\"\" width=\"600\" height=\"388\" srcset=\"https:\/\/static-blogs.diariosur.es\/wp-content\/uploads\/sites\/49\/2013\/05\/marbelladesig.jpg 600w, https:\/\/static-blogs.diariosur.es\/wp-content\/uploads\/sites\/49\/2013\/05\/marbelladesig-300x194.jpg 300w\" sizes=\"(max-width: 600px) 100vw, 600px\" \/><\/a><\/p>\n","protected":false},"excerpt":{"rendered":"<p>\u00a1Estrenamos una nueva semana! Tras el Festival de M\u00e1laga, que nos dej\u00f3 grandes modelazos para el recuerdo sobre la alfombra roja, el foco de la moda se sit\u00faa estos d\u00edas en el centro de ocio Plaza Mayor. El pasado viernes, el centro comercial -al que hay que aplaudir su continua apuesta por esta disciplina- se [&hellip;]<\/p>\n","protected":false},"author":54,"featured_media":0,"comment_status":"open","ping_status":"open","sticky":false,"template":"","format":"standard","meta":[],"categories":[2],"tags":[],"_links":{"self":[{"href":"https:\/\/blogs.diariosur.es\/pasarelaurbana\/wp-json\/wp\/v2\/posts\/4242"}],"collection":[{"href":"https:\/\/blogs.diariosur.es\/pasarelaurbana\/wp-json\/wp\/v2\/posts"}],"about":[{"href":"https:\/\/blogs.diariosur.es\/pasarelaurbana\/wp-json\/wp\/v2\/types\/post"}],"author":[{"embeddable":true,"href":"https:\/\/blogs.diariosur.es\/pasarelaurbana\/wp-json\/wp\/v2\/users\/54"}],"replies":[{"embeddable":true,"href":"https:\/\/blogs.diariosur.es\/pasarelaurbana\/wp-json\/wp\/v2\/comments?post=4242"}],"version-history":[{"count":0,"href":"https:\/\/blogs.diariosur.es\/pasarelaurbana\/wp-json\/wp\/v2\/posts\/4242\/revisions"}],"wp:attachment":[{"href":"https:\/\/blogs.diariosur.es\/pasarelaurbana\/wp-json\/wp\/v2\/media?parent=4242"}],"wp:term":[{"taxonomy":"category","embeddable":true,"href":"https:\/\/blogs.diariosur.es\/pasarelaurbana\/wp-json\/wp\/v2\/categories?post=4242"},{"taxonomy":"post_tag","embeddable":true,"href":"https:\/\/blogs.diariosur.es\/pasarelaurbana\/wp-json\/wp\/v2\/tags?post=4242"}],"curies":[{"name":"wp","href":"https:\/\/api.w.org\/{rel}","templated":true}]}}