{"id":4274,"date":"2013-05-07T18:31:36","date_gmt":"2013-05-07T16:31:36","guid":{"rendered":"http:\/\/blogs.diariosur.es\/pasarelaurbana\/?p=4274"},"modified":"2013-05-07T18:31:36","modified_gmt":"2013-05-07T16:31:36","slug":"las-faldas-asimetricas-un-must-de-temporada","status":"publish","type":"post","link":"https:\/\/blogs.diariosur.es\/pasarelaurbana\/2013\/05\/07\/las-faldas-asimetricas-un-must-de-temporada\/","title":{"rendered":"Las faldas asim\u00e9tricas, un must de temporada"},"content":{"rendered":"<p style=\"text-align: center;\">\u00a1Buenas! Vamos a por el martes! Lo prometido es deuda: ayer os adelantaba que el pasado viernes tuve la suerte de participar en una divertida iniciativa organizada por el centro de ocio <strong>Plaza Mayor<\/strong> con motivo de su <strong>Fashion Week. <\/strong>Junto a un selecto grupo de bloggers malague\u00f1as me convert\u00ed por unas horas en <strong>coolhunter<\/strong> (v\u00e9ase caza tendencias). \u00bfMi objetivo? Fichar y fotografiar los mejores looks de una noche en la que el centro comercial se visti\u00f3 de moda para acoger desfiles de temporada, con <strong>Agust\u00edn Torralbo<\/strong> como invitado estrella de la velada. Decir que vi much\u00edsimos outfits interesant\u00edsimos y que me hubiera gustado sacar muuuchos m\u00e1s (estaba en mi salsa con tanto fashionista por metro cuadrado) pero entre que la movilidad en la zona vip en la que estaba era m\u00e1s bien reducida (estaba encajonada en un corner con pocas posibilidades de desplazarme) y que otras compa\u00f1eras se me adelantaron al elegir otros estilismos que tambi\u00e9n me gustaban bastante&#8230;pues eso. Pero eso no quita que est\u00e9 satisfecha con el look elegido, el cual os presento en este post. Su protagonista es <strong>Mar\u00eda M\u00e9rida-Nicolich<\/strong>, una joven estudiante de Administraci\u00f3n y Direcci\u00f3n de Empresas de 23 a\u00f1os. Muy acertada su combinaci\u00f3n para asistir a la <strong>Fashion Preview<\/strong>: fresca y juvenil, con el punto justo de formalismo y sofisticaci\u00f3n sin echarse a\u00f1os encima ni pecar de &#8216;viejuna&#8217; (un error estil\u00edstico muy com\u00fan a su edad y que queda fatal). Mar\u00eda acert\u00f3 con un outfit de plena tendencia construido en torno a una <strong>falda asim\u00e9trica<\/strong> (corta por delante y con cola) : un aut\u00e9ntico must de esta temporada que no todas nos podemos permitir incorporar a nuestros armarios (abstenerse las bajitas como yo porque el corte no nos favorece nada, salvo que la cola sea muy sutil). No es el caso de Mar\u00eda. Su altura es perfecta para lucirla. Me gust\u00f3 la forma de llevarla: con camiseta gris efecto gastado, chaqueta vaquera y sandalias negras con cordones. El clutch de pailletes plateadas remat\u00f3 un estilismo impecable y super estiloso que me conquist\u00f3 nada m\u00e1s verla de lejos junto a la pasarela. Ella es, por m\u00e9ritos propios, mi elegida de la sesi\u00f3n de street style en Plaza Mayor. Y a vosotras, \u00bfqu\u00e9 os parece su look? \u00bfComulg\u00e1is con las faldas asim\u00e9tricas? \u00a1Un besazo y hasta ma\u00f1ana!<\/p>\n<p>&nbsp;<\/p>\n<p><a href=\"\/pasarelaurbana\/wp-content\/uploads\/sites\/49\/2013\/05\/montajeok.jpg\"><img loading=\"lazy\" class=\"aligncenter size-full wp-image-4281\" title=\"montajeok\" src=\"\/pasarelaurbana\/wp-content\/uploads\/sites\/49\/2013\/05\/montajeok.jpg\" alt=\"\" width=\"600\" height=\"600\" srcset=\"https:\/\/static-blogs.diariosur.es\/wp-content\/uploads\/sites\/49\/2013\/05\/montajeok.jpg 600w, https:\/\/static-blogs.diariosur.es\/wp-content\/uploads\/sites\/49\/2013\/05\/montajeok-150x150.jpg 150w, https:\/\/static-blogs.diariosur.es\/wp-content\/uploads\/sites\/49\/2013\/05\/montajeok-300x300.jpg 300w\" sizes=\"(max-width: 600px) 100vw, 600px\" \/><\/a><!--more--><\/p>\n<p><a href=\"\/pasarelaurbana\/wp-content\/uploads\/sites\/49\/2013\/05\/112.jpg\"><img loading=\"lazy\" class=\"aligncenter size-full wp-image-4276\" title=\"1\" src=\"\/pasarelaurbana\/wp-content\/uploads\/sites\/49\/2013\/05\/112.jpg\" alt=\"\" width=\"600\" height=\"803\" srcset=\"https:\/\/static-blogs.diariosur.es\/wp-content\/uploads\/sites\/49\/2013\/05\/112.jpg 600w, https:\/\/static-blogs.diariosur.es\/wp-content\/uploads\/sites\/49\/2013\/05\/112-224x300.jpg 224w\" sizes=\"(max-width: 600px) 100vw, 600px\" \/><\/a><\/p>\n<p><a href=\"\/pasarelaurbana\/wp-content\/uploads\/sites\/49\/2013\/05\/210.jpg\"><img loading=\"lazy\" class=\"aligncenter size-full wp-image-4277\" title=\"2\" src=\"\/pasarelaurbana\/wp-content\/uploads\/sites\/49\/2013\/05\/210.jpg\" alt=\"\" width=\"600\" height=\"803\" srcset=\"https:\/\/static-blogs.diariosur.es\/wp-content\/uploads\/sites\/49\/2013\/05\/210.jpg 600w, https:\/\/static-blogs.diariosur.es\/wp-content\/uploads\/sites\/49\/2013\/05\/210-224x300.jpg 224w\" sizes=\"(max-width: 600px) 100vw, 600px\" \/><\/a><\/p>\n<p><a href=\"\/pasarelaurbana\/wp-content\/uploads\/sites\/49\/2013\/05\/32.jpg\"><img loading=\"lazy\" class=\"aligncenter size-full wp-image-4278\" title=\"3\" src=\"\/pasarelaurbana\/wp-content\/uploads\/sites\/49\/2013\/05\/32.jpg\" alt=\"\" width=\"600\" height=\"803\" srcset=\"https:\/\/static-blogs.diariosur.es\/wp-content\/uploads\/sites\/49\/2013\/05\/32.jpg 600w, https:\/\/static-blogs.diariosur.es\/wp-content\/uploads\/sites\/49\/2013\/05\/32-224x300.jpg 224w\" sizes=\"(max-width: 600px) 100vw, 600px\" \/><\/a><\/p>\n<p><a href=\"\/pasarelaurbana\/wp-content\/uploads\/sites\/49\/2013\/05\/42.jpg\"><img loading=\"lazy\" class=\"aligncenter size-full wp-image-4279\" title=\"4\" src=\"\/pasarelaurbana\/wp-content\/uploads\/sites\/49\/2013\/05\/42.jpg\" alt=\"\" width=\"600\" height=\"448\" srcset=\"https:\/\/static-blogs.diariosur.es\/wp-content\/uploads\/sites\/49\/2013\/05\/42.jpg 600w, https:\/\/static-blogs.diariosur.es\/wp-content\/uploads\/sites\/49\/2013\/05\/42-300x224.jpg 300w\" sizes=\"(max-width: 600px) 100vw, 600px\" \/><\/a><\/p>\n<p><a href=\"\/pasarelaurbana\/wp-content\/uploads\/sites\/49\/2013\/05\/52.jpg\"><img loading=\"lazy\" class=\"aligncenter size-full wp-image-4275\" title=\"5\" src=\"\/pasarelaurbana\/wp-content\/uploads\/sites\/49\/2013\/05\/52.jpg\" alt=\"\" width=\"600\" height=\"803\" srcset=\"https:\/\/static-blogs.diariosur.es\/wp-content\/uploads\/sites\/49\/2013\/05\/52.jpg 600w, https:\/\/static-blogs.diariosur.es\/wp-content\/uploads\/sites\/49\/2013\/05\/52-224x300.jpg 224w\" sizes=\"(max-width: 600px) 100vw, 600px\" \/><\/a><\/p>\n<p style=\"text-align: center;\"><strong>Mar\u00eda M\u00e9rida-Nicolich<\/strong>. Estudiante de ADE. 23 a\u00f1os<\/p>\n<p style=\"text-align: center;\">Camiseta: Zara<\/p>\n<p style=\"text-align: center;\">Chaqueta vaquera: Bershka<\/p>\n<p style=\"text-align: center;\">Falda: Zara<\/p>\n<p style=\"text-align: center;\">Sandalias: Lefties<\/p>\n<p style=\"text-align: center;\">Clutch: Stradivarius<\/p>\n<p>&nbsp;<\/p>\n<p style=\"text-align: center;\"><a href=\"\/pasarelaurbana\/wp-content\/uploads\/sites\/49\/2013\/05\/plaza.jpg\"><img loading=\"lazy\" class=\"aligncenter size-full wp-image-4269\" title=\"plaza\" src=\"\/pasarelaurbana\/wp-content\/uploads\/sites\/49\/2013\/05\/plaza.jpg\" alt=\"\" width=\"600\" height=\"448\" srcset=\"https:\/\/static-blogs.diariosur.es\/wp-content\/uploads\/sites\/49\/2013\/05\/plaza.jpg 600w, https:\/\/static-blogs.diariosur.es\/wp-content\/uploads\/sites\/49\/2013\/05\/plaza-300x224.jpg 300w\" sizes=\"(max-width: 600px) 100vw, 600px\" \/><\/a><\/p>\n<p style=\"text-align: center;\">\u00a0Pod\u00e9is votar por vuestro look favorito de la sesi\u00f3n que hicimos en Plaza Mayor\u00a0<a href=\"https:\/\/www.facebook.com\/media\/set\/?set=a.454256221329850.1073741855.281597888595685&#038;type=1\" rel=\"external nofollow\">AQUI<\/a><\/p>\n","protected":false},"excerpt":{"rendered":"<p>\u00a1Buenas! Vamos a por el martes! Lo prometido es deuda: ayer os adelantaba que el pasado viernes tuve la suerte de participar en una divertida iniciativa organizada por el centro de ocio Plaza Mayor con motivo de su Fashion Week. Junto a un selecto grupo de bloggers malague\u00f1as me convert\u00ed por unas horas en coolhunter [&hellip;]<\/p>\n","protected":false},"author":54,"featured_media":0,"comment_status":"open","ping_status":"open","sticky":false,"template":"","format":"standard","meta":[],"categories":[2],"tags":[],"_links":{"self":[{"href":"https:\/\/blogs.diariosur.es\/pasarelaurbana\/wp-json\/wp\/v2\/posts\/4274"}],"collection":[{"href":"https:\/\/blogs.diariosur.es\/pasarelaurbana\/wp-json\/wp\/v2\/posts"}],"about":[{"href":"https:\/\/blogs.diariosur.es\/pasarelaurbana\/wp-json\/wp\/v2\/types\/post"}],"author":[{"embeddable":true,"href":"https:\/\/blogs.diariosur.es\/pasarelaurbana\/wp-json\/wp\/v2\/users\/54"}],"replies":[{"embeddable":true,"href":"https:\/\/blogs.diariosur.es\/pasarelaurbana\/wp-json\/wp\/v2\/comments?post=4274"}],"version-history":[{"count":0,"href":"https:\/\/blogs.diariosur.es\/pasarelaurbana\/wp-json\/wp\/v2\/posts\/4274\/revisions"}],"wp:attachment":[{"href":"https:\/\/blogs.diariosur.es\/pasarelaurbana\/wp-json\/wp\/v2\/media?parent=4274"}],"wp:term":[{"taxonomy":"category","embeddable":true,"href":"https:\/\/blogs.diariosur.es\/pasarelaurbana\/wp-json\/wp\/v2\/categories?post=4274"},{"taxonomy":"post_tag","embeddable":true,"href":"https:\/\/blogs.diariosur.es\/pasarelaurbana\/wp-json\/wp\/v2\/tags?post=4274"}],"curies":[{"name":"wp","href":"https:\/\/api.w.org\/{rel}","templated":true}]}}