{"id":4286,"date":"2013-05-09T15:45:10","date_gmt":"2013-05-09T13:45:10","guid":{"rendered":"http:\/\/blogs.diariosur.es\/pasarelaurbana\/?p=4286"},"modified":"2013-05-09T15:45:10","modified_gmt":"2013-05-09T13:45:10","slug":"un-look-impecable-en-blanco-nude-y-coral","status":"publish","type":"post","link":"https:\/\/blogs.diariosur.es\/pasarelaurbana\/2013\/05\/09\/un-look-impecable-en-blanco-nude-y-coral\/","title":{"rendered":"Un look impecable en blanco, nude y coral"},"content":{"rendered":"<p style=\"text-align: center;\">\u00a1Buenas! Perdonad mi ausencia de ayer pero tengo un hospital de campa\u00f1a en casa (Alejandro lleva desde el s\u00e1bado con fiebre de m\u00e1s de 39) y me est\u00e1 siendo practicamente imposible colgar los post que ten\u00eda previsto esta semana, entre ellos el ESPECIAL NI\u00d1OS de este jueves (como sab\u00e9is es secci\u00f3n fija desde hace varios meses). Os pido disculpas. Espero que la semana sea mejor que esta&#8230;Dicho esto, hoy os quiero mostrar otro de los estilismos que fich\u00e9 el pasado viernes en la <strong>Fashion Preview<\/strong> de Plaza Mayor, una cita con la moda por la que desfilaron outfits intereant\u00edsimos. El de hoy en concreto me encanta. Su autora es <strong>Macarena Gallar<\/strong>, una joven estudiante de ADE de 23 a\u00f1os que derroch\u00f3 estilazo con un conjunto compuesto por falda pantal\u00f3n en tono nude (preciosa y elegant\u00edsima, perfecta para tener de fondo de armario esta primavera), camiseta b\u00e1sica blanca y chaqueta tweed con detalle de tachuelas en los hombros. La nota de color la reserv\u00f3 para los complementos apostando, con acierto, por un coral que ti\u00f1\u00f3 su collar XL efecto escamas (de Blanco, muy favorecedor y result\u00f3n) y su clutch (adquirido en un mercadillo, como siempre os digo no hay que renunciar al low cost porque en la mezcla est\u00e1 el \u00e9xito). Espectaculares las sandalias de Zara en rojo y lila. Todo ello maridado con un recogido efecto despeinado conforma un look a mi juicio impecable, de esos que me apunto para copiar en alguna ocasi\u00f3n. Y a vosotras, \u00bfqu\u00e9 os ha parecido? \u00a1Hasta ma\u00f1ana!<\/p>\n<p><a href=\"\/pasarelaurbana\/wp-content\/uploads\/sites\/49\/2013\/05\/62.jpg\"><img loading=\"lazy\" class=\"aligncenter size-full wp-image-4288\" title=\"6\" src=\"\/pasarelaurbana\/wp-content\/uploads\/sites\/49\/2013\/05\/62.jpg\" alt=\"\" width=\"600\" height=\"803\" srcset=\"https:\/\/static-blogs.diariosur.es\/wp-content\/uploads\/sites\/49\/2013\/05\/62.jpg 600w, https:\/\/static-blogs.diariosur.es\/wp-content\/uploads\/sites\/49\/2013\/05\/62-224x300.jpg 224w\" sizes=\"(max-width: 600px) 100vw, 600px\" \/><\/a><\/p>\n<p><!--more--><\/p>\n<p><a href=\"\/pasarelaurbana\/wp-content\/uploads\/sites\/49\/2013\/05\/72.jpg\"><img loading=\"lazy\" class=\"aligncenter size-full wp-image-4289\" title=\"7\" src=\"\/pasarelaurbana\/wp-content\/uploads\/sites\/49\/2013\/05\/72.jpg\" alt=\"\" width=\"600\" height=\"803\" srcset=\"https:\/\/static-blogs.diariosur.es\/wp-content\/uploads\/sites\/49\/2013\/05\/72.jpg 600w, https:\/\/static-blogs.diariosur.es\/wp-content\/uploads\/sites\/49\/2013\/05\/72-224x300.jpg 224w\" sizes=\"(max-width: 600px) 100vw, 600px\" \/><\/a><\/p>\n<p><a href=\"\/pasarelaurbana\/wp-content\/uploads\/sites\/49\/2013\/05\/82.jpg\"><img loading=\"lazy\" class=\"aligncenter size-full wp-image-4290\" title=\"8\" src=\"\/pasarelaurbana\/wp-content\/uploads\/sites\/49\/2013\/05\/82.jpg\" alt=\"\" width=\"600\" height=\"448\" srcset=\"https:\/\/static-blogs.diariosur.es\/wp-content\/uploads\/sites\/49\/2013\/05\/82.jpg 600w, https:\/\/static-blogs.diariosur.es\/wp-content\/uploads\/sites\/49\/2013\/05\/82-300x224.jpg 300w\" sizes=\"(max-width: 600px) 100vw, 600px\" \/><\/a><\/p>\n<p><a href=\"\/pasarelaurbana\/wp-content\/uploads\/sites\/49\/2013\/05\/92.jpg\"><img loading=\"lazy\" class=\"aligncenter size-full wp-image-4291\" title=\"9\" src=\"\/pasarelaurbana\/wp-content\/uploads\/sites\/49\/2013\/05\/92.jpg\" alt=\"\" width=\"600\" height=\"448\" srcset=\"https:\/\/static-blogs.diariosur.es\/wp-content\/uploads\/sites\/49\/2013\/05\/92.jpg 600w, https:\/\/static-blogs.diariosur.es\/wp-content\/uploads\/sites\/49\/2013\/05\/92-300x224.jpg 300w\" sizes=\"(max-width: 600px) 100vw, 600px\" \/><\/a><\/p>\n<p style=\"text-align: center;\"><a href=\"\/pasarelaurbana\/wp-content\/uploads\/sites\/49\/2013\/05\/102.jpg\"><img loading=\"lazy\" class=\"aligncenter size-full wp-image-4287\" title=\"10\" src=\"\/pasarelaurbana\/wp-content\/uploads\/sites\/49\/2013\/05\/102.jpg\" alt=\"\" width=\"600\" height=\"803\" srcset=\"https:\/\/static-blogs.diariosur.es\/wp-content\/uploads\/sites\/49\/2013\/05\/102.jpg 600w, https:\/\/static-blogs.diariosur.es\/wp-content\/uploads\/sites\/49\/2013\/05\/102-224x300.jpg 224w\" sizes=\"(max-width: 600px) 100vw, 600px\" \/><\/a><\/p>\n<p style=\"text-align: center;\"><strong>Macarena Gallar<\/strong>. Estudiante de ADE. 23 a\u00f1os<\/p>\n<p style=\"text-align: center;\">Camisa: Zara<\/p>\n<p style=\"text-align: center;\">Falda pantal\u00f3n: Zara<\/p>\n<p style=\"text-align: center;\">Chaqueta: Lefties<\/p>\n<p style=\"text-align: center;\">Bolso: De mercadillo<\/p>\n<p style=\"text-align: center;\">Zapatos: Zara<\/p>\n<p style=\"text-align: center;\">Collar: Blanco<\/p>\n<p style=\"text-align: center;\">\n","protected":false},"excerpt":{"rendered":"<p>\u00a1Buenas! Perdonad mi ausencia de ayer pero tengo un hospital de campa\u00f1a en casa (Alejandro lleva desde el s\u00e1bado con fiebre de m\u00e1s de 39) y me est\u00e1 siendo practicamente imposible colgar los post que ten\u00eda previsto esta semana, entre ellos el ESPECIAL NI\u00d1OS de este jueves (como sab\u00e9is es secci\u00f3n fija desde hace varios [&hellip;]<\/p>\n","protected":false},"author":54,"featured_media":0,"comment_status":"open","ping_status":"open","sticky":false,"template":"","format":"standard","meta":[],"categories":[2],"tags":[],"_links":{"self":[{"href":"https:\/\/blogs.diariosur.es\/pasarelaurbana\/wp-json\/wp\/v2\/posts\/4286"}],"collection":[{"href":"https:\/\/blogs.diariosur.es\/pasarelaurbana\/wp-json\/wp\/v2\/posts"}],"about":[{"href":"https:\/\/blogs.diariosur.es\/pasarelaurbana\/wp-json\/wp\/v2\/types\/post"}],"author":[{"embeddable":true,"href":"https:\/\/blogs.diariosur.es\/pasarelaurbana\/wp-json\/wp\/v2\/users\/54"}],"replies":[{"embeddable":true,"href":"https:\/\/blogs.diariosur.es\/pasarelaurbana\/wp-json\/wp\/v2\/comments?post=4286"}],"version-history":[{"count":0,"href":"https:\/\/blogs.diariosur.es\/pasarelaurbana\/wp-json\/wp\/v2\/posts\/4286\/revisions"}],"wp:attachment":[{"href":"https:\/\/blogs.diariosur.es\/pasarelaurbana\/wp-json\/wp\/v2\/media?parent=4286"}],"wp:term":[{"taxonomy":"category","embeddable":true,"href":"https:\/\/blogs.diariosur.es\/pasarelaurbana\/wp-json\/wp\/v2\/categories?post=4286"},{"taxonomy":"post_tag","embeddable":true,"href":"https:\/\/blogs.diariosur.es\/pasarelaurbana\/wp-json\/wp\/v2\/tags?post=4286"}],"curies":[{"name":"wp","href":"https:\/\/api.w.org\/{rel}","templated":true}]}}