{"id":4292,"date":"2013-05-11T09:59:59","date_gmt":"2013-05-11T07:59:59","guid":{"rendered":"http:\/\/blogs.diariosur.es\/pasarelaurbana\/?p=4292"},"modified":"2013-05-11T09:59:59","modified_gmt":"2013-05-11T07:59:59","slug":"la-hora-del-kimono","status":"publish","type":"post","link":"https:\/\/blogs.diariosur.es\/pasarelaurbana\/2013\/05\/11\/la-hora-del-kimono\/","title":{"rendered":"La hora del kimono"},"content":{"rendered":"<p style=\"text-align: center;\"> Es una de las tendencias revelaci\u00f3n de esta temporada. El estilo oriental se ha colado entre los imprescindibles de esta primavera conquistando a su paso los percheros de las principales tiendas \u2018low cost\u2019, que se han rendido al encanto del lujo asi\u00e1tico. La inspiraci\u00f3n japonesa salpica todo tipo de prendas, pero de momento son los kimonos los reyes del \u2018street style\u2019 malague\u00f1o. Si este oto\u00f1o fueron las bomber y beisboleras el objeto de deseo de las fashionistas, ahora le toca el turno a este traje tradicional nipon, reconvertida en un \u2018must have\u2019 en su formato chaqueta.<br \/>\nSobre la pasarela, firmas como Emilio Pucci, Etro, Dries Van Noten, Hermes, Lanvin o C\u00e8line ya se rindieron ante esta prenda que no entiende de discreci\u00f3n. Se lleva en colores llamativos, con pailletes, con cuidados bordados florales, y hasta con tachuelas y aplicaciones barrocas. 100% estilosos, consiguen aportar un toque ex\u00f3tico a cualquier estilismo b\u00e1sico. Pero \u00a1ojo!, la clave est\u00e1 en saber combinarlo para no caer en excesos. Dado que su silueta es \u2018oversize\u2019 lo ideal es maridarlos con ropa m\u00e1s ce\u00f1ida para crear un juego de vol\u00famenes: por ejemplo, lucirlo con unos vaqueros entubados y una camisa blanca b\u00e1sica., como propone Andrea Pedraza.<br \/>\nLa versatilidad es otra de las bazas del kimono, cuyos or\u00edgenes se remontan al a\u00f1o 794. As\u00ed, apostar por \u00e9l es un acierto tanto para eventos formales o c\u00f3cteles como para \u2018looks\u2019 m\u00e1s informales de diario, como demuestran las protagonistas de la sesi\u00f3n de \u2018street style\u2019 de esta semana. SUR repasa de su mano  cuatro formas diferentes de maridar la prenda estrella de esta temporada. \u00a1Viajamos al Lejano Oriente! \u00a1Despegamos!<\/p>\n<p>&nbsp;<\/p>\n<p><a href=\"\/pasarelaurbana\/wp-content\/uploads\/sites\/49\/2013\/05\/113.jpg\"><img loading=\"lazy\" class=\"aligncenter size-full wp-image-4294\" title=\"1\" src=\"\/pasarelaurbana\/wp-content\/uploads\/sites\/49\/2013\/05\/113.jpg\" alt=\"\" width=\"600\" height=\"803\" srcset=\"https:\/\/static-blogs.diariosur.es\/wp-content\/uploads\/sites\/49\/2013\/05\/113.jpg 600w, https:\/\/static-blogs.diariosur.es\/wp-content\/uploads\/sites\/49\/2013\/05\/113-224x300.jpg 224w\" sizes=\"(max-width: 600px) 100vw, 600px\" \/><\/a><!--more--><a href=\"\/pasarelaurbana\/wp-content\/uploads\/sites\/49\/2013\/05\/211.jpg\"><img loading=\"lazy\" class=\"aligncenter size-full wp-image-4295\" title=\"2\" src=\"\/pasarelaurbana\/wp-content\/uploads\/sites\/49\/2013\/05\/211.jpg\" alt=\"\" width=\"600\" height=\"803\" srcset=\"https:\/\/static-blogs.diariosur.es\/wp-content\/uploads\/sites\/49\/2013\/05\/211.jpg 600w, https:\/\/static-blogs.diariosur.es\/wp-content\/uploads\/sites\/49\/2013\/05\/211-224x300.jpg 224w\" sizes=\"(max-width: 600px) 100vw, 600px\" \/><\/a><\/p>\n<p><a href=\"\/pasarelaurbana\/wp-content\/uploads\/sites\/49\/2013\/05\/33.jpg\"><img loading=\"lazy\" class=\"aligncenter size-full wp-image-4296\" title=\"3\" src=\"\/pasarelaurbana\/wp-content\/uploads\/sites\/49\/2013\/05\/33.jpg\" alt=\"\" width=\"600\" height=\"803\" srcset=\"https:\/\/static-blogs.diariosur.es\/wp-content\/uploads\/sites\/49\/2013\/05\/33.jpg 600w, https:\/\/static-blogs.diariosur.es\/wp-content\/uploads\/sites\/49\/2013\/05\/33-224x300.jpg 224w\" sizes=\"(max-width: 600px) 100vw, 600px\" \/><\/a><\/p>\n<p><a href=\"\/pasarelaurbana\/wp-content\/uploads\/sites\/49\/2013\/05\/43.jpg\"><img loading=\"lazy\" class=\"aligncenter size-full wp-image-4297\" title=\"4\" src=\"\/pasarelaurbana\/wp-content\/uploads\/sites\/49\/2013\/05\/43.jpg\" alt=\"\" width=\"600\" height=\"803\" srcset=\"https:\/\/static-blogs.diariosur.es\/wp-content\/uploads\/sites\/49\/2013\/05\/43.jpg 600w, https:\/\/static-blogs.diariosur.es\/wp-content\/uploads\/sites\/49\/2013\/05\/43-224x300.jpg 224w\" sizes=\"(max-width: 600px) 100vw, 600px\" \/><\/a><\/p>\n<p><a href=\"\/pasarelaurbana\/wp-content\/uploads\/sites\/49\/2013\/05\/53.jpg\"><img loading=\"lazy\" class=\"aligncenter size-full wp-image-4298\" title=\"5\" src=\"\/pasarelaurbana\/wp-content\/uploads\/sites\/49\/2013\/05\/53.jpg\" alt=\"\" width=\"600\" height=\"803\" srcset=\"https:\/\/static-blogs.diariosur.es\/wp-content\/uploads\/sites\/49\/2013\/05\/53.jpg 600w, https:\/\/static-blogs.diariosur.es\/wp-content\/uploads\/sites\/49\/2013\/05\/53-224x300.jpg 224w\" sizes=\"(max-width: 600px) 100vw, 600px\" \/><\/a><\/p>\n<p><a href=\"\/pasarelaurbana\/wp-content\/uploads\/sites\/49\/2013\/05\/63.jpg\"><img loading=\"lazy\" class=\"aligncenter size-full wp-image-4299\" title=\"6\" src=\"\/pasarelaurbana\/wp-content\/uploads\/sites\/49\/2013\/05\/63.jpg\" alt=\"\" width=\"600\" height=\"803\" srcset=\"https:\/\/static-blogs.diariosur.es\/wp-content\/uploads\/sites\/49\/2013\/05\/63.jpg 600w, https:\/\/static-blogs.diariosur.es\/wp-content\/uploads\/sites\/49\/2013\/05\/63-224x300.jpg 224w\" sizes=\"(max-width: 600px) 100vw, 600px\" \/><\/a><\/p>\n<p style=\"text-align: center;\"><strong>Leticia Xim\u00e9nez<\/strong>. Estilista. 24 a\u00f1os<\/p>\n<p style=\"text-align: center;\"><span style=\"text-decoration: underline;\">La inspiraci\u00f3n nipona se al\u00eda con   el \u2018print\u2019 animal<\/span><br \/>\nUna de las principales ventajas del kimono es su versatilidad; una baza que multiplica sus posibilidades de combinaci\u00f3n y que, a su vez, invita a experimentar en un divertido juego a la b\u00fasqueda de nuevos aliados. Leticia Xim\u00e9nez, una joven estilista malague\u00f1a de 24 a\u00f1os, da una lecci\u00f3n magistral en este sentido acertando con un impecable maridaje de esta prenda de inspiraci\u00f3n oriental (en su caso un precioso modelo de Zara tipo chaqueta con solapa en tono maquillaje) que mezcla con pantalones entubados tobilleros de \u2018print\u2019 animal (para m\u00e1s se\u00f1as de pit\u00f3n, el rey de la selva de la moda esta primavera tras un oto\u00f1o dominado por el leopardo), camiseta b\u00e1sica negra y unas originales manoletinas con tachuelas de Olesky. Leticia, que define su estilo de \u00abcasual\u00bb eligi\u00f3 el pasado jueves este interesante \u2018outfit\u2019 para una jornada de trabajo por el Centro en la que su principal objetivo era \u00abla comodidad\u00bb. \u00abSoy muy de tirar de prendas b\u00e1sicas y reforzarlas con unos buenos complementos que sean protagonistas\u00bb, nos apunt\u00f3 durante la sesi\u00f3n de fotos.<\/p>\n<p style=\"text-align: center;\">Camiseta, pantalones de print animal y kimono : Zara. <\/p>\n<p style=\"text-align: center;\">Manoletinas: Olesky. <\/p>\n<p style=\"text-align: center;\">Bolso, collar y gafas: Primark.<\/p>\n<p style=\"text-align: center;\">Pulsera: Mango.<\/p>\n<p>&nbsp;<\/p>\n<p><a href=\"\/pasarelaurbana\/wp-content\/uploads\/sites\/49\/2013\/05\/132.jpg\"><img loading=\"lazy\" class=\"aligncenter size-full wp-image-4306\" title=\"13\" src=\"\/pasarelaurbana\/wp-content\/uploads\/sites\/49\/2013\/05\/132.jpg\" alt=\"\" width=\"600\" height=\"803\" srcset=\"https:\/\/static-blogs.diariosur.es\/wp-content\/uploads\/sites\/49\/2013\/05\/132.jpg 600w, https:\/\/static-blogs.diariosur.es\/wp-content\/uploads\/sites\/49\/2013\/05\/132-224x300.jpg 224w\" sizes=\"(max-width: 600px) 100vw, 600px\" \/><\/a><\/p>\n<p><a href=\"\/pasarelaurbana\/wp-content\/uploads\/sites\/49\/2013\/05\/141.jpg\"><img loading=\"lazy\" class=\"aligncenter size-full wp-image-4307\" title=\"14\" src=\"\/pasarelaurbana\/wp-content\/uploads\/sites\/49\/2013\/05\/141.jpg\" alt=\"\" width=\"600\" height=\"803\" srcset=\"https:\/\/static-blogs.diariosur.es\/wp-content\/uploads\/sites\/49\/2013\/05\/141.jpg 600w, https:\/\/static-blogs.diariosur.es\/wp-content\/uploads\/sites\/49\/2013\/05\/141-224x300.jpg 224w\" sizes=\"(max-width: 600px) 100vw, 600px\" \/><\/a><\/p>\n<p><a href=\"\/pasarelaurbana\/wp-content\/uploads\/sites\/49\/2013\/05\/151.jpg\"><img loading=\"lazy\" class=\"aligncenter size-full wp-image-4308\" title=\"15\" src=\"\/pasarelaurbana\/wp-content\/uploads\/sites\/49\/2013\/05\/151.jpg\" alt=\"\" width=\"600\" height=\"803\" srcset=\"https:\/\/static-blogs.diariosur.es\/wp-content\/uploads\/sites\/49\/2013\/05\/151.jpg 600w, https:\/\/static-blogs.diariosur.es\/wp-content\/uploads\/sites\/49\/2013\/05\/151-224x300.jpg 224w\" sizes=\"(max-width: 600px) 100vw, 600px\" \/><\/a><\/p>\n<p><a href=\"\/pasarelaurbana\/wp-content\/uploads\/sites\/49\/2013\/05\/161.jpg\"><img loading=\"lazy\" class=\"aligncenter size-full wp-image-4309\" title=\"16\" src=\"\/pasarelaurbana\/wp-content\/uploads\/sites\/49\/2013\/05\/161.jpg\" alt=\"\" width=\"600\" height=\"803\" srcset=\"https:\/\/static-blogs.diariosur.es\/wp-content\/uploads\/sites\/49\/2013\/05\/161.jpg 600w, https:\/\/static-blogs.diariosur.es\/wp-content\/uploads\/sites\/49\/2013\/05\/161-224x300.jpg 224w\" sizes=\"(max-width: 600px) 100vw, 600px\" \/><\/a><\/p>\n<p><a href=\"\/pasarelaurbana\/wp-content\/uploads\/sites\/49\/2013\/05\/171.jpg\"><img loading=\"lazy\" class=\"aligncenter size-full wp-image-4303\" title=\"17\" src=\"\/pasarelaurbana\/wp-content\/uploads\/sites\/49\/2013\/05\/171.jpg\" alt=\"\" width=\"600\" height=\"803\" srcset=\"https:\/\/static-blogs.diariosur.es\/wp-content\/uploads\/sites\/49\/2013\/05\/171.jpg 600w, https:\/\/static-blogs.diariosur.es\/wp-content\/uploads\/sites\/49\/2013\/05\/171-224x300.jpg 224w\" sizes=\"(max-width: 600px) 100vw, 600px\" \/><\/a><\/p>\n<p style=\"text-align: center;\"><strong>Sandra Jaime<\/strong>. Desempleada. 40 a\u00f1os<\/p>\n<p style=\"text-align: center;\"><span style=\"text-decoration: underline;\">De estilo lencero, un toque rom\u00e1ntico hiper femenino<\/span><br \/>\nSandra Jaime, una desempleada malague\u00f1a de 40 a\u00f1os, se declara una apasionada del estilo oriental, tendencia a la que se ha rendido esta primavera con la incorporaci\u00f3n a su armario de un mono con cintur\u00f3n bordado y un delicado kimono en color hueso con encajes lenceros con el que la pillamos el jueves disfrutando de una jornada de tiendas por calle Larios. En su caso, combin\u00f3 la chaqueta tradicional japonesa con un \u2018total look\u2019 blanco, uno de los colores estrella del verano (a tener muy en cuenta en cuanto se puede presumir de bronceado) formado por camiseta b\u00e1sica de Stradivarius y pantalones rectos de Bershka. Remat\u00f3 el \u2018outfit\u2019 con cu\u00f1as de esparto y collar largo de cadenas de Day a Day.<\/p>\n<p style=\"text-align: center;\">Kimono: Zara. <\/p>\n<p style=\"text-align: center;\">Camiseta: Stradivarius.<\/p>\n<p style=\"text-align: center;\">Pantal\u00f3n: Bershka.<\/p>\n<p style=\"text-align: center;\">Collar: Day a day.<\/p>\n<p style=\"text-align: center;\">Sandalias: Bershka.<\/p>\n<p style=\"text-align: center;\">\n<p><a href=\"\/pasarelaurbana\/wp-content\/uploads\/sites\/49\/2013\/05\/73.jpg\"><img loading=\"lazy\" class=\"aligncenter size-full wp-image-4300\" title=\"7\" src=\"\/pasarelaurbana\/wp-content\/uploads\/sites\/49\/2013\/05\/73.jpg\" alt=\"\" width=\"600\" height=\"803\" srcset=\"https:\/\/static-blogs.diariosur.es\/wp-content\/uploads\/sites\/49\/2013\/05\/73.jpg 600w, https:\/\/static-blogs.diariosur.es\/wp-content\/uploads\/sites\/49\/2013\/05\/73-224x300.jpg 224w\" sizes=\"(max-width: 600px) 100vw, 600px\" \/><\/a><\/p>\n<p><a href=\"\/pasarelaurbana\/wp-content\/uploads\/sites\/49\/2013\/05\/83.jpg\"><img loading=\"lazy\" class=\"aligncenter size-full wp-image-4301\" title=\"8\" src=\"\/pasarelaurbana\/wp-content\/uploads\/sites\/49\/2013\/05\/83.jpg\" alt=\"\" width=\"600\" height=\"803\" srcset=\"https:\/\/static-blogs.diariosur.es\/wp-content\/uploads\/sites\/49\/2013\/05\/83.jpg 600w, https:\/\/static-blogs.diariosur.es\/wp-content\/uploads\/sites\/49\/2013\/05\/83-224x300.jpg 224w\" sizes=\"(max-width: 600px) 100vw, 600px\" \/><\/a><\/p>\n<p><a href=\"\/pasarelaurbana\/wp-content\/uploads\/sites\/49\/2013\/05\/93.jpg\"><img loading=\"lazy\" class=\"aligncenter size-full wp-image-4302\" title=\"9\" src=\"\/pasarelaurbana\/wp-content\/uploads\/sites\/49\/2013\/05\/93.jpg\" alt=\"\" width=\"600\" height=\"803\" srcset=\"https:\/\/static-blogs.diariosur.es\/wp-content\/uploads\/sites\/49\/2013\/05\/93.jpg 600w, https:\/\/static-blogs.diariosur.es\/wp-content\/uploads\/sites\/49\/2013\/05\/93-224x300.jpg 224w\" sizes=\"(max-width: 600px) 100vw, 600px\" \/><\/a><\/p>\n<p><a href=\"\/pasarelaurbana\/wp-content\/uploads\/sites\/49\/2013\/05\/103.jpg\"><img loading=\"lazy\" class=\"aligncenter size-full wp-image-4293\" title=\"10\" src=\"\/pasarelaurbana\/wp-content\/uploads\/sites\/49\/2013\/05\/103.jpg\" alt=\"\" width=\"600\" height=\"1002\" srcset=\"https:\/\/static-blogs.diariosur.es\/wp-content\/uploads\/sites\/49\/2013\/05\/103.jpg 600w, https:\/\/static-blogs.diariosur.es\/wp-content\/uploads\/sites\/49\/2013\/05\/103-180x300.jpg 180w\" sizes=\"(max-width: 600px) 100vw, 600px\" \/><\/a><\/p>\n<p><a href=\"\/pasarelaurbana\/wp-content\/uploads\/sites\/49\/2013\/05\/114.jpg\"><img loading=\"lazy\" class=\"aligncenter size-full wp-image-4304\" title=\"11\" src=\"\/pasarelaurbana\/wp-content\/uploads\/sites\/49\/2013\/05\/114.jpg\" alt=\"\" width=\"600\" height=\"448\" srcset=\"https:\/\/static-blogs.diariosur.es\/wp-content\/uploads\/sites\/49\/2013\/05\/114.jpg 600w, https:\/\/static-blogs.diariosur.es\/wp-content\/uploads\/sites\/49\/2013\/05\/114-300x224.jpg 300w\" sizes=\"(max-width: 600px) 100vw, 600px\" \/><\/a><\/p>\n<p><a href=\"\/pasarelaurbana\/wp-content\/uploads\/sites\/49\/2013\/05\/122.jpg\"><img loading=\"lazy\" class=\"aligncenter size-full wp-image-4305\" title=\"12\" src=\"\/pasarelaurbana\/wp-content\/uploads\/sites\/49\/2013\/05\/122.jpg\" alt=\"\" width=\"600\" height=\"803\" srcset=\"https:\/\/static-blogs.diariosur.es\/wp-content\/uploads\/sites\/49\/2013\/05\/122.jpg 600w, https:\/\/static-blogs.diariosur.es\/wp-content\/uploads\/sites\/49\/2013\/05\/122-224x300.jpg 224w\" sizes=\"(max-width: 600px) 100vw, 600px\" \/><\/a><\/p>\n<p style=\"text-align: center;\"><strong>Andrea Pedraza<\/strong>. M\u00e9dico. 28 a\u00f1os<\/p>\n<p style=\"text-align: center;\"><span style=\"text-decoration: underline;\">Un \u2018look\u2019 todoterreno en tonos tierra para pasear por la ciudad<\/span><br \/>\nEl verde militar ya arras\u00f3 este oto\u00f1o\/invierno en la paleta crom\u00e1tica y se resiste a abandonar los armarios para suerte de las incondicionales a los discretos tonos tierra. Andrea Pedraza, una m\u00e9dico malague\u00f1a de 28 a\u00f1os, se decanta para estos d\u00edas primaverales por un rebec\u00f3n de punto tipo kimono en este tono como toque perfecto a sus \u2018outfits\u2019 de diario, para los que siempre elige prendas anchas y sueltas, \u00abevito la ropa ce\u00f1ida\u00bb, nos confes\u00f3. Completa el estilismo con camiseta b\u00e1sica blanca, vaqueros y unas preciosas cu\u00f1as de tiras trenzadas de Uterq\u00fce, su zapato imprescindible en estos meses.<\/p>\n<p style=\"text-align: center;\">Camiseta, rebec\u00f3n tipo kimono y vaqueros: Zara. <\/p>\n<p style=\"text-align: center;\">Sandalias: Uterq\u00fce.<\/p>\n<p style=\"text-align: center;\">Bolso bandolera: Loewe.<\/p>\n<p style=\"text-align: center;\">Gafas: Gucci.<\/p>\n<p style=\"text-align: center;\">Anillo: Bimba y Lola.<\/p>\n<p style=\"text-align: center;\">\n<p><a href=\"\/pasarelaurbana\/wp-content\/uploads\/sites\/49\/2013\/05\/kimono-1.jpg\"><img loading=\"lazy\" class=\"aligncenter size-full wp-image-4311\" title=\"kimono (1)\" src=\"\/pasarelaurbana\/wp-content\/uploads\/sites\/49\/2013\/05\/kimono-1.jpg\" alt=\"\" width=\"600\" height=\"803\" srcset=\"https:\/\/static-blogs.diariosur.es\/wp-content\/uploads\/sites\/49\/2013\/05\/kimono-1.jpg 600w, https:\/\/static-blogs.diariosur.es\/wp-content\/uploads\/sites\/49\/2013\/05\/kimono-1-224x300.jpg 224w\" sizes=\"(max-width: 600px) 100vw, 600px\" \/><\/a><\/p>\n<p><a href=\"\/pasarelaurbana\/wp-content\/uploads\/sites\/49\/2013\/05\/kimono-2.jpg\"><img loading=\"lazy\" class=\"aligncenter size-full wp-image-4312\" title=\"kimono (2)\" src=\"\/pasarelaurbana\/wp-content\/uploads\/sites\/49\/2013\/05\/kimono-2.jpg\" alt=\"\" width=\"600\" height=\"803\" srcset=\"https:\/\/static-blogs.diariosur.es\/wp-content\/uploads\/sites\/49\/2013\/05\/kimono-2.jpg 600w, https:\/\/static-blogs.diariosur.es\/wp-content\/uploads\/sites\/49\/2013\/05\/kimono-2-224x300.jpg 224w\" sizes=\"(max-width: 600px) 100vw, 600px\" \/><\/a><\/p>\n<p><a href=\"\/pasarelaurbana\/wp-content\/uploads\/sites\/49\/2013\/05\/kimono-3.jpg\"><img loading=\"lazy\" class=\"aligncenter size-full wp-image-4313\" title=\"kimono (3)\" src=\"\/pasarelaurbana\/wp-content\/uploads\/sites\/49\/2013\/05\/kimono-3.jpg\" alt=\"\" width=\"599\" height=\"802\" srcset=\"https:\/\/static-blogs.diariosur.es\/wp-content\/uploads\/sites\/49\/2013\/05\/kimono-3.jpg 599w, https:\/\/static-blogs.diariosur.es\/wp-content\/uploads\/sites\/49\/2013\/05\/kimono-3-224x300.jpg 224w\" sizes=\"(max-width: 599px) 100vw, 599px\" \/><\/a><\/p>\n<p><a href=\"\/pasarelaurbana\/wp-content\/uploads\/sites\/49\/2013\/05\/kimono-4.jpg\"><img loading=\"lazy\" class=\"aligncenter size-full wp-image-4314\" title=\"kimono (4)\" src=\"\/pasarelaurbana\/wp-content\/uploads\/sites\/49\/2013\/05\/kimono-4.jpg\" alt=\"\" width=\"600\" height=\"803\" srcset=\"https:\/\/static-blogs.diariosur.es\/wp-content\/uploads\/sites\/49\/2013\/05\/kimono-4.jpg 600w, https:\/\/static-blogs.diariosur.es\/wp-content\/uploads\/sites\/49\/2013\/05\/kimono-4-224x300.jpg 224w\" sizes=\"(max-width: 600px) 100vw, 600px\" \/><\/a><\/p>\n<p><a href=\"\/pasarelaurbana\/wp-content\/uploads\/sites\/49\/2013\/05\/kimono-5.jpg\"><img loading=\"lazy\" class=\"aligncenter size-full wp-image-4315\" title=\"kimono (5)\" src=\"\/pasarelaurbana\/wp-content\/uploads\/sites\/49\/2013\/05\/kimono-5.jpg\" alt=\"\" width=\"600\" height=\"448\" srcset=\"https:\/\/static-blogs.diariosur.es\/wp-content\/uploads\/sites\/49\/2013\/05\/kimono-5.jpg 600w, https:\/\/static-blogs.diariosur.es\/wp-content\/uploads\/sites\/49\/2013\/05\/kimono-5-300x224.jpg 300w\" sizes=\"(max-width: 600px) 100vw, 600px\" \/><\/a><\/p>\n<p><a href=\"\/pasarelaurbana\/wp-content\/uploads\/sites\/49\/2013\/05\/kimono.jpg\"><img loading=\"lazy\" class=\"aligncenter size-full wp-image-4310\" title=\"kimono\" src=\"\/pasarelaurbana\/wp-content\/uploads\/sites\/49\/2013\/05\/kimono.jpg\" alt=\"\" width=\"600\" height=\"803\" srcset=\"https:\/\/static-blogs.diariosur.es\/wp-content\/uploads\/sites\/49\/2013\/05\/kimono.jpg 600w, https:\/\/static-blogs.diariosur.es\/wp-content\/uploads\/sites\/49\/2013\/05\/kimono-224x300.jpg 224w\" sizes=\"(max-width: 600px) 100vw, 600px\" \/><\/a><\/p>\n<p style=\"text-align: center;\"><strong>Rosa Herrera<\/strong>. Consultora. 27 a\u00f1os<\/p>\n<p style=\"text-align: center;\"><span style=\"text-decoration: underline;\">Con jersey b\u00e1sico y shorts \u2018boyfriend\u2019, ideal para el d\u00eda<\/span><br \/>\nRosa Herrera, una consultora de 27 a\u00f1os, apuesta para un c\u00f3modo \u2018look\u2019 de d\u00eda por una estilosa chaqueta con mangas abullonadas de contraste con bordados en tonos tierra y azules. La prenda se convierte en el foco de un \u2018outfit\u2019 sencillo compuesto de shorts vaqueros tipo \u2018boyfriend\u2019 (imprescindibles esta temporada), jersey gris, medias oscuras y botines de serraje. \u00bfEl toque chic? Un bolso de mano vintage del armario de su madre.<\/p>\n<p style=\"text-align: center;\">Jersey: H&#038;M. <\/p>\n<p style=\"text-align: center;\">Chaqueta y shorts: Zara.<\/p>\n<p style=\"text-align: center;\">Botines: Madewell.<\/p>\n<p style=\"text-align: center;\">Gafas: Mango.<\/p>\n<p style=\"text-align: center;\">Clutch: Vintage (de su madre).<\/p>\n","protected":false},"excerpt":{"rendered":"<p>Es una de las tendencias revelaci\u00f3n de esta temporada. El estilo oriental se ha colado entre los imprescindibles de esta primavera conquistando a su paso los percheros de las principales tiendas \u2018low cost\u2019, que se han rendido al encanto del lujo asi\u00e1tico. La inspiraci\u00f3n japonesa salpica todo tipo de prendas, pero de momento son los [&hellip;]<\/p>\n","protected":false},"author":54,"featured_media":0,"comment_status":"open","ping_status":"open","sticky":false,"template":"","format":"standard","meta":[],"categories":[2],"tags":[],"_links":{"self":[{"href":"https:\/\/blogs.diariosur.es\/pasarelaurbana\/wp-json\/wp\/v2\/posts\/4292"}],"collection":[{"href":"https:\/\/blogs.diariosur.es\/pasarelaurbana\/wp-json\/wp\/v2\/posts"}],"about":[{"href":"https:\/\/blogs.diariosur.es\/pasarelaurbana\/wp-json\/wp\/v2\/types\/post"}],"author":[{"embeddable":true,"href":"https:\/\/blogs.diariosur.es\/pasarelaurbana\/wp-json\/wp\/v2\/users\/54"}],"replies":[{"embeddable":true,"href":"https:\/\/blogs.diariosur.es\/pasarelaurbana\/wp-json\/wp\/v2\/comments?post=4292"}],"version-history":[{"count":0,"href":"https:\/\/blogs.diariosur.es\/pasarelaurbana\/wp-json\/wp\/v2\/posts\/4292\/revisions"}],"wp:attachment":[{"href":"https:\/\/blogs.diariosur.es\/pasarelaurbana\/wp-json\/wp\/v2\/media?parent=4292"}],"wp:term":[{"taxonomy":"category","embeddable":true,"href":"https:\/\/blogs.diariosur.es\/pasarelaurbana\/wp-json\/wp\/v2\/categories?post=4292"},{"taxonomy":"post_tag","embeddable":true,"href":"https:\/\/blogs.diariosur.es\/pasarelaurbana\/wp-json\/wp\/v2\/tags?post=4292"}],"curies":[{"name":"wp","href":"https:\/\/api.w.org\/{rel}","templated":true}]}}