{"id":4317,"date":"2013-05-14T11:06:03","date_gmt":"2013-05-14T09:06:03","guid":{"rendered":"http:\/\/blogs.diariosur.es\/pasarelaurbana\/?p=4317"},"modified":"2013-05-14T11:06:03","modified_gmt":"2013-05-14T09:06:03","slug":"al-sexy-corpino","status":"publish","type":"post","link":"https:\/\/blogs.diariosur.es\/pasarelaurbana\/2013\/05\/14\/al-sexy-corpino\/","title":{"rendered":"Al sexy corpi\u00f1o"},"content":{"rendered":"<p style=\"text-align: center;\">\u00a1Buenas! \u00a1Vamos a por el martes! Y lo hacemos con una de las prendas m\u00e1s sexy del armario: los corpi\u00f1os. La prenda que puso de moda Madonna all\u00e1 por la d\u00e9cada de los 80 vuelve a la carga, una vez m\u00e1s, esta temporada dispuesta a hacer subir la temperatura del street style. Solo aptos para las m\u00e1s atrevidas, se llevan de encajes (estilo lencero) y\u00a0 de palabra de honor, como propone <strong>Alba S\u00e1nchez<\/strong>, nuestra protagonista de hoy. Esta joven malague\u00f1a de 21 a\u00f1os, estudiante de Derecho, eligi\u00f3 un corpi\u00f1o para una jornada de tiendas, en la que prim\u00f3 la comodidad en su outfit. Complet\u00f3 el look con una falda larga de talle alto en azul klein (un color que ya triunf\u00f3 el pasado verano y que tambi\u00e9n regresa), botines y shopping bag. Me gusta la combinaci\u00f3n de falda larga con corpi\u00f1o, una pareja a mi juicio bien avenida y super femenina. En el caso de Alba, logra un resultado <strong>boho chic<\/strong> reforzado por la elecci\u00f3n de los complementos: un combo de pulseras de cuentas y telas tipo hippie con las que consigue un punto juvenil y desenfadado. Os dejo con ella, \u00a1hasta ma\u00f1ana! Os espero mientras tanto en Twitter: @almunogues<\/p>\n<p><a href=\"\/pasarelaurbana\/wp-content\/uploads\/sites\/49\/2013\/05\/201.jpg\"><img loading=\"lazy\" class=\"aligncenter  wp-image-4319\" title=\"20\" src=\"\/pasarelaurbana\/wp-content\/uploads\/sites\/49\/2013\/05\/201.jpg\" alt=\"\" width=\"600\" height=\"803\" srcset=\"https:\/\/static-blogs.diariosur.es\/wp-content\/uploads\/sites\/49\/2013\/05\/201.jpg 600w, https:\/\/static-blogs.diariosur.es\/wp-content\/uploads\/sites\/49\/2013\/05\/201-224x300.jpg 224w\" sizes=\"(max-width: 600px) 100vw, 600px\" \/><\/a><!--more--><\/p>\n<p><a href=\"\/pasarelaurbana\/wp-content\/uploads\/sites\/49\/2013\/05\/212.jpg\"><img loading=\"lazy\" class=\"aligncenter size-full wp-image-4320\" title=\"21\" src=\"\/pasarelaurbana\/wp-content\/uploads\/sites\/49\/2013\/05\/212.jpg\" alt=\"\" width=\"600\" height=\"803\" srcset=\"https:\/\/static-blogs.diariosur.es\/wp-content\/uploads\/sites\/49\/2013\/05\/212.jpg 600w, https:\/\/static-blogs.diariosur.es\/wp-content\/uploads\/sites\/49\/2013\/05\/212-224x300.jpg 224w\" sizes=\"(max-width: 600px) 100vw, 600px\" \/><\/a><\/p>\n<p><a href=\"\/pasarelaurbana\/wp-content\/uploads\/sites\/49\/2013\/05\/221.jpg\"><img loading=\"lazy\" class=\"aligncenter size-full wp-image-4321\" title=\"22\" src=\"\/pasarelaurbana\/wp-content\/uploads\/sites\/49\/2013\/05\/221.jpg\" alt=\"\" width=\"600\" height=\"803\" srcset=\"https:\/\/static-blogs.diariosur.es\/wp-content\/uploads\/sites\/49\/2013\/05\/221.jpg 600w, https:\/\/static-blogs.diariosur.es\/wp-content\/uploads\/sites\/49\/2013\/05\/221-224x300.jpg 224w\" sizes=\"(max-width: 600px) 100vw, 600px\" \/><\/a><\/p>\n<p><a href=\"\/pasarelaurbana\/wp-content\/uploads\/sites\/49\/2013\/05\/231.jpg\"><img loading=\"lazy\" class=\"aligncenter size-full wp-image-4322\" title=\"23\" src=\"\/pasarelaurbana\/wp-content\/uploads\/sites\/49\/2013\/05\/231.jpg\" alt=\"\" width=\"600\" height=\"803\" srcset=\"https:\/\/static-blogs.diariosur.es\/wp-content\/uploads\/sites\/49\/2013\/05\/231.jpg 600w, https:\/\/static-blogs.diariosur.es\/wp-content\/uploads\/sites\/49\/2013\/05\/231-224x300.jpg 224w\" sizes=\"(max-width: 600px) 100vw, 600px\" \/><\/a><\/p>\n<p><a href=\"\/pasarelaurbana\/wp-content\/uploads\/sites\/49\/2013\/05\/241.jpg\"><img loading=\"lazy\" class=\"aligncenter size-full wp-image-4323\" title=\"24\" src=\"\/pasarelaurbana\/wp-content\/uploads\/sites\/49\/2013\/05\/241.jpg\" alt=\"\" width=\"600\" height=\"803\" srcset=\"https:\/\/static-blogs.diariosur.es\/wp-content\/uploads\/sites\/49\/2013\/05\/241.jpg 600w, https:\/\/static-blogs.diariosur.es\/wp-content\/uploads\/sites\/49\/2013\/05\/241-224x300.jpg 224w\" sizes=\"(max-width: 600px) 100vw, 600px\" \/><\/a><\/p>\n<p><a href=\"\/pasarelaurbana\/wp-content\/uploads\/sites\/49\/2013\/05\/251.jpg\"><img loading=\"lazy\" class=\"aligncenter size-full wp-image-4318\" title=\"25\" src=\"\/pasarelaurbana\/wp-content\/uploads\/sites\/49\/2013\/05\/251.jpg\" alt=\"\" width=\"600\" height=\"803\" srcset=\"https:\/\/static-blogs.diariosur.es\/wp-content\/uploads\/sites\/49\/2013\/05\/251.jpg 600w, https:\/\/static-blogs.diariosur.es\/wp-content\/uploads\/sites\/49\/2013\/05\/251-224x300.jpg 224w\" sizes=\"(max-width: 600px) 100vw, 600px\" \/><\/a><\/p>\n<p style=\"text-align: center;\"><strong>Alba S\u00e1nchez<\/strong>. Estudiante de Derecho. 21 a\u00f1os<\/p>\n<p style=\"text-align: center;\">Corpi\u00f1o: Bershka<\/p>\n<p style=\"text-align: center;\">Falda: Stadivarius<\/p>\n<p style=\"text-align: center;\">Bolso: Stradivarius<\/p>\n<p style=\"text-align: center;\">Zapatos: Bershka<\/p>\n<p style=\"text-align: center;\">Gafas: Zara<\/p>\n<p style=\"text-align: center;\">Pulseras: Blanco y hippies<\/p>\n","protected":false},"excerpt":{"rendered":"<p>\u00a1Buenas! \u00a1Vamos a por el martes! Y lo hacemos con una de las prendas m\u00e1s sexy del armario: los corpi\u00f1os. La prenda que puso de moda Madonna all\u00e1 por la d\u00e9cada de los 80 vuelve a la carga, una vez m\u00e1s, esta temporada dispuesta a hacer subir la temperatura del street style. Solo aptos para [&hellip;]<\/p>\n","protected":false},"author":54,"featured_media":0,"comment_status":"open","ping_status":"open","sticky":false,"template":"","format":"standard","meta":[],"categories":[2],"tags":[],"_links":{"self":[{"href":"https:\/\/blogs.diariosur.es\/pasarelaurbana\/wp-json\/wp\/v2\/posts\/4317"}],"collection":[{"href":"https:\/\/blogs.diariosur.es\/pasarelaurbana\/wp-json\/wp\/v2\/posts"}],"about":[{"href":"https:\/\/blogs.diariosur.es\/pasarelaurbana\/wp-json\/wp\/v2\/types\/post"}],"author":[{"embeddable":true,"href":"https:\/\/blogs.diariosur.es\/pasarelaurbana\/wp-json\/wp\/v2\/users\/54"}],"replies":[{"embeddable":true,"href":"https:\/\/blogs.diariosur.es\/pasarelaurbana\/wp-json\/wp\/v2\/comments?post=4317"}],"version-history":[{"count":0,"href":"https:\/\/blogs.diariosur.es\/pasarelaurbana\/wp-json\/wp\/v2\/posts\/4317\/revisions"}],"wp:attachment":[{"href":"https:\/\/blogs.diariosur.es\/pasarelaurbana\/wp-json\/wp\/v2\/media?parent=4317"}],"wp:term":[{"taxonomy":"category","embeddable":true,"href":"https:\/\/blogs.diariosur.es\/pasarelaurbana\/wp-json\/wp\/v2\/categories?post=4317"},{"taxonomy":"post_tag","embeddable":true,"href":"https:\/\/blogs.diariosur.es\/pasarelaurbana\/wp-json\/wp\/v2\/tags?post=4317"}],"curies":[{"name":"wp","href":"https:\/\/api.w.org\/{rel}","templated":true}]}}