{"id":4324,"date":"2013-05-13T10:34:11","date_gmt":"2013-05-13T08:34:11","guid":{"rendered":"http:\/\/blogs.diariosur.es\/pasarelaurbana\/?p=4324"},"modified":"2013-05-13T10:34:11","modified_gmt":"2013-05-13T08:34:11","slug":"la-moda-juega-al-ajedrez","status":"publish","type":"post","link":"https:\/\/blogs.diariosur.es\/pasarelaurbana\/2013\/05\/13\/la-moda-juega-al-ajedrez\/","title":{"rendered":"La moda juega al ajedrez"},"content":{"rendered":"<p style=\"text-align: center;\">\u00a1Feliz lunes! Arrancamos nueva semana con energ\u00edas renovadas (despu\u00e9s de los d\u00edas tan tan horrorosos que viv\u00ed la pasada \u00e9sta vengo con las pilas cargadas y muchas ganas de ense\u00f1aros look y propuestas nuevas). Como sab\u00e9is, me gusta empezar los lunes con outfits diferentes, de esos que tienen personalidad propia y no pasan desapercibidos por la pasarela urbana. El de hoy lo firma Laura Castillo, una abogada malague\u00f1a de 40 a\u00f1os apasionada de la moda.El pasado \u00a0jueves me la encontr\u00e9 por calle Larios y, como no pod\u00eda ser de otra forma, la par\u00e9 (daba el perfil 100% jejeje). Simpatiqu\u00edsima, acept\u00f3 encantada la invitaci\u00f3n a desvelarnos las claves de su estilismo, basado en la pareja crom\u00e1tica de la temporada (el blanco y negro del que llevamos hablando durante meses como sab\u00e9is las que me segu\u00eds). El bicolor ha calado hondo en el armario de las fashionistas malague\u00f1as, que se han rendido por completo esta primavera a este d\u00fao que marida muy bien con tonos \u00e1cidos y complementos metalizados, como nos demuestra Laura. En su caso, centra su look en una divertida chaqueta de Zara de doble abotonadora con print \u00a0de cuadros (al m\u00e1s puro estilo ajedrez, un estampado que es plena tendencia) y la combina con camisa en fresa , pantalones Capri en blanco y unas preciosas sandalias doradas de tiras romanas de Bimba y Lola a juego con un cintur\u00f3n y un maxi brazalete. \u00bfEl toque chic? Unas Ray-Ban amarillas (otro tono que arrasa estos d\u00edas). \u00a0\u00a1Os dejo con ella! \u00a1Que pas\u00e9is buen d\u00eda! Hasta ma\u00f1ana! Os espero en Twitter: @almunogues<\/p>\n<p><a href=\"\/pasarelaurbana\/wp-content\/uploads\/sites\/49\/2013\/05\/281.jpg\"><img loading=\"lazy\" class=\"aligncenter size-full wp-image-4326\" title=\"28\" src=\"\/pasarelaurbana\/wp-content\/uploads\/sites\/49\/2013\/05\/281.jpg\" alt=\"\" width=\"600\" height=\"803\" srcset=\"https:\/\/static-blogs.diariosur.es\/wp-content\/uploads\/sites\/49\/2013\/05\/281.jpg 600w, https:\/\/static-blogs.diariosur.es\/wp-content\/uploads\/sites\/49\/2013\/05\/281-224x300.jpg 224w\" sizes=\"(max-width: 600px) 100vw, 600px\" \/><\/a><!--more--><a href=\"\/pasarelaurbana\/wp-content\/uploads\/sites\/49\/2013\/05\/291.jpg\"><img loading=\"lazy\" class=\"aligncenter size-full wp-image-4327\" title=\"29\" src=\"\/pasarelaurbana\/wp-content\/uploads\/sites\/49\/2013\/05\/291.jpg\" alt=\"\" width=\"600\" height=\"803\" srcset=\"https:\/\/static-blogs.diariosur.es\/wp-content\/uploads\/sites\/49\/2013\/05\/291.jpg 600w, https:\/\/static-blogs.diariosur.es\/wp-content\/uploads\/sites\/49\/2013\/05\/291-224x300.jpg 224w\" sizes=\"(max-width: 600px) 100vw, 600px\" \/><\/a><a href=\"\/pasarelaurbana\/wp-content\/uploads\/sites\/49\/2013\/05\/30.jpg\"><br \/>\n<\/a><a href=\"\/pasarelaurbana\/wp-content\/uploads\/sites\/49\/2013\/05\/311.jpg\"><img loading=\"lazy\" class=\"aligncenter size-full wp-image-4325\" title=\"31\" src=\"\/pasarelaurbana\/wp-content\/uploads\/sites\/49\/2013\/05\/311.jpg\" alt=\"\" width=\"600\" height=\"803\" srcset=\"https:\/\/static-blogs.diariosur.es\/wp-content\/uploads\/sites\/49\/2013\/05\/311.jpg 600w, https:\/\/static-blogs.diariosur.es\/wp-content\/uploads\/sites\/49\/2013\/05\/311-224x300.jpg 224w\" sizes=\"(max-width: 600px) 100vw, 600px\" \/><\/a><\/p>\n<p style=\"text-align: center;\"><strong>Laura Castillo<\/strong>. Abogada. 40 a\u00f1os<\/p>\n<p style=\"text-align: center;\">Blusa, blazer y pantalones: Zara<\/p>\n<p style=\"text-align: center;\">Sandalias: Bimba y Lola<\/p>\n<p style=\"text-align: center;\">Brazalete: Aristocracy<\/p>\n<p style=\"text-align: center;\">Anillo: Bulgari<\/p>\n<p style=\"text-align: center;\">Bolso: Coach<\/p>\n<p style=\"text-align: center;\">Gafas: Ray Ban<\/p>\n","protected":false},"excerpt":{"rendered":"<p>\u00a1Feliz lunes! Arrancamos nueva semana con energ\u00edas renovadas (despu\u00e9s de los d\u00edas tan tan horrorosos que viv\u00ed la pasada \u00e9sta vengo con las pilas cargadas y muchas ganas de ense\u00f1aros look y propuestas nuevas). Como sab\u00e9is, me gusta empezar los lunes con outfits diferentes, de esos que tienen personalidad propia y no pasan desapercibidos por [&hellip;]<\/p>\n","protected":false},"author":54,"featured_media":0,"comment_status":"open","ping_status":"open","sticky":false,"template":"","format":"standard","meta":[],"categories":[2],"tags":[],"_links":{"self":[{"href":"https:\/\/blogs.diariosur.es\/pasarelaurbana\/wp-json\/wp\/v2\/posts\/4324"}],"collection":[{"href":"https:\/\/blogs.diariosur.es\/pasarelaurbana\/wp-json\/wp\/v2\/posts"}],"about":[{"href":"https:\/\/blogs.diariosur.es\/pasarelaurbana\/wp-json\/wp\/v2\/types\/post"}],"author":[{"embeddable":true,"href":"https:\/\/blogs.diariosur.es\/pasarelaurbana\/wp-json\/wp\/v2\/users\/54"}],"replies":[{"embeddable":true,"href":"https:\/\/blogs.diariosur.es\/pasarelaurbana\/wp-json\/wp\/v2\/comments?post=4324"}],"version-history":[{"count":0,"href":"https:\/\/blogs.diariosur.es\/pasarelaurbana\/wp-json\/wp\/v2\/posts\/4324\/revisions"}],"wp:attachment":[{"href":"https:\/\/blogs.diariosur.es\/pasarelaurbana\/wp-json\/wp\/v2\/media?parent=4324"}],"wp:term":[{"taxonomy":"category","embeddable":true,"href":"https:\/\/blogs.diariosur.es\/pasarelaurbana\/wp-json\/wp\/v2\/categories?post=4324"},{"taxonomy":"post_tag","embeddable":true,"href":"https:\/\/blogs.diariosur.es\/pasarelaurbana\/wp-json\/wp\/v2\/tags?post=4324"}],"curies":[{"name":"wp","href":"https:\/\/api.w.org\/{rel}","templated":true}]}}