{"id":4332,"date":"2013-05-15T20:08:15","date_gmt":"2013-05-15T18:08:15","guid":{"rendered":"http:\/\/blogs.diariosur.es\/pasarelaurbana\/?p=4332"},"modified":"2013-05-15T20:08:15","modified_gmt":"2013-05-15T18:08:15","slug":"david-delfin-rinde-tributo-a-su-perrita-ali-en-su-nueva-linea-de-camisetas","status":"publish","type":"post","link":"https:\/\/blogs.diariosur.es\/pasarelaurbana\/2013\/05\/15\/david-delfin-rinde-tributo-a-su-perrita-ali-en-su-nueva-linea-de-camisetas\/","title":{"rendered":"David Delf\u00edn rinde tributo a su perrita Ali en su nueva l\u00ednea de camisetas"},"content":{"rendered":"<p style=\"text-align: center;\">Ya no est\u00e1 a su lado, pero sigue siendo su musa. Su fiel compa\u00f1era en la sombra con una presencia casi obsesiva en su obra, donde contin\u00faa muy presente. Hablamos de Ali, la perrita con la que David Delf\u00edn comparti\u00f3 15 a\u00f1os de su vida. Una habitual en los backstages de sus desfiles por la que el dise\u00f1ador malague\u00f1o sent\u00eda aut\u00e9ntica pasi\u00f3n. Hace meses, cuando preparaba la \u00faltima colecci\u00f3n que vimos en la pasarela de la Mercedes Benz Fashion Week Madrid, su mascota falleci\u00f3 y pas\u00f3 a convertirse en la reina de la inspiraci\u00f3n del creador, que no dud\u00f3 en dedicarle su l\u00ednea: toda blanca en su honor y con claros gui\u00f1os, como no, a Alicia en el Pa\u00eds de las Maravillas. Y suma y sigue. La nueva aventura creativa de Delf\u00edn, en colaboraci\u00f3n con la conocida tienda de sastrer\u00eda Extreme Collection, vuelve a convertir a su a\u00f1orada Ali en protagonista. <strong>El malague\u00f1o ha lanzado una serie de cinco \u00a0divertidas camisetas con mensajes positivos, de esos que transmiten buen rollo.<\/strong> Y all\u00ed est\u00e1 su perrita, junto a un coraz\u00f3n rojo y la caracter\u00edstica tipograf\u00eda del dise\u00f1ador detr\u00e1s del texto &#8216;Lovely Ali&#8217;. En otra de ellas (impresa con el lema &#8216;Girls best friends&#8217; aparece una mujer con cuerpo en forma de tri\u00e1ngulo (David como siempre tan conceptual y minimalista) paseando a su mascota (de nuevo Ali).<\/p>\n<p style=\"text-align: center;\">Completan la colecci\u00f3n dos modelos centrados en la fuerza del amor: una con la expresi\u00f3n &#8216;Te quiero&#8217; escrita en tres idiomas y otra en la que se ve a una pareja de enamorados rodeados de corazones sobre el mensaje &#8216;Extreme Love&#8217;. \u00a0La \u00faltima es un tributo a la mujer presidida por una frase: &#8216;Extreme girls work hard play hard&#8217;. Todas ellas est\u00e1n disponibles en tres colores: blanco, gris y rosa. Ideales para combinar con unos vaqueros (por ejemplo con unos boyfriend, tan de moda) y unas sandalias de tac\u00f3n y lograr un look desenfadado, fresco, casual y, lo m\u00e1s importante, c\u00f3modo y divertido.<\/p>\n<p style=\"text-align: center;\">Con esta nueva colaboraci\u00f3n, el malague\u00f1o refuerza su apuesta por diversificar su marca. El universo Delf\u00edn ha conquistado ya desde botellas de vino a uniformes de cadenas de hoteles, vestuario de cine o teatro, gafas, ropa de casa&#8230;Y contin\u00faa imparable. \u00bfSu asignatura pendiente? Tener su propio perfume, como me confes\u00f3 en una entrevista que le hice el pasado enero (<strong><a href=\"https:\/\/blogs.diariosur.es\/pasarelaurbana\/2013\/01\/11\/david-delfin-se-reencuentra-con-las-vendas-en-lifting\/\">aqu\u00ed ten\u00e9is el enlace<\/a><\/strong>)<\/p>\n<p style=\"text-align: center;\">Os dejo con las fotos de la colecci\u00f3n realizada para Extreme Collection. \u00bfOs gustan? \u00a1A mi me parecen muy chulas! \u00a1Hasta ma\u00f1ana! Os espero mientras tanto en Twitter: @almunogues<\/p>\n<p><a href=\"\/pasarelaurbana\/wp-content\/uploads\/sites\/49\/2013\/05\/delfinuno.jpg\"><img loading=\"lazy\" class=\"aligncenter size-full wp-image-4333\" title=\"delfinuno\" src=\"\/pasarelaurbana\/wp-content\/uploads\/sites\/49\/2013\/05\/delfinuno.jpg\" alt=\"\" width=\"600\" height=\"900\" srcset=\"https:\/\/static-blogs.diariosur.es\/wp-content\/uploads\/sites\/49\/2013\/05\/delfinuno.jpg 600w, https:\/\/static-blogs.diariosur.es\/wp-content\/uploads\/sites\/49\/2013\/05\/delfinuno-200x300.jpg 200w\" sizes=\"(max-width: 600px) 100vw, 600px\" \/><\/a><!--more--><a href=\"\/pasarelaurbana\/wp-content\/uploads\/sites\/49\/2013\/05\/delfindos.jpg\"><img loading=\"lazy\" class=\"aligncenter size-full wp-image-4336\" title=\"delfindos\" src=\"\/pasarelaurbana\/wp-content\/uploads\/sites\/49\/2013\/05\/delfindos.jpg\" alt=\"\" width=\"600\" height=\"900\" srcset=\"https:\/\/static-blogs.diariosur.es\/wp-content\/uploads\/sites\/49\/2013\/05\/delfindos.jpg 600w, https:\/\/static-blogs.diariosur.es\/wp-content\/uploads\/sites\/49\/2013\/05\/delfindos-200x300.jpg 200w\" sizes=\"(max-width: 600px) 100vw, 600px\" \/><\/a><\/p>\n<p><a href=\"\/pasarelaurbana\/wp-content\/uploads\/sites\/49\/2013\/05\/delfintres.jpg\"><img loading=\"lazy\" class=\"aligncenter size-full wp-image-4339\" title=\"delfintres\" src=\"\/pasarelaurbana\/wp-content\/uploads\/sites\/49\/2013\/05\/delfintres.jpg\" alt=\"\" width=\"600\" height=\"900\" srcset=\"https:\/\/static-blogs.diariosur.es\/wp-content\/uploads\/sites\/49\/2013\/05\/delfintres.jpg 600w, https:\/\/static-blogs.diariosur.es\/wp-content\/uploads\/sites\/49\/2013\/05\/delfintres-200x300.jpg 200w\" sizes=\"(max-width: 600px) 100vw, 600px\" \/><\/a><\/p>\n<p><a href=\"\/pasarelaurbana\/wp-content\/uploads\/sites\/49\/2013\/05\/delfinseis.jpg\"><img loading=\"lazy\" class=\"aligncenter size-full wp-image-4337\" title=\"delfinseis\" src=\"\/pasarelaurbana\/wp-content\/uploads\/sites\/49\/2013\/05\/delfinseis.jpg\" alt=\"\" width=\"600\" height=\"873\" srcset=\"https:\/\/static-blogs.diariosur.es\/wp-content\/uploads\/sites\/49\/2013\/05\/delfinseis.jpg 600w, https:\/\/static-blogs.diariosur.es\/wp-content\/uploads\/sites\/49\/2013\/05\/delfinseis-206x300.jpg 206w\" sizes=\"(max-width: 600px) 100vw, 600px\" \/><\/a><\/p>\n<p><a href=\"\/pasarelaurbana\/wp-content\/uploads\/sites\/49\/2013\/05\/delfinsiete.jpg\"><img loading=\"lazy\" class=\"aligncenter  wp-image-4338\" title=\"delfinsiete\" src=\"\/pasarelaurbana\/wp-content\/uploads\/sites\/49\/2013\/05\/delfinsiete.jpg\" alt=\"\" width=\"600\" height=\"873\" srcset=\"https:\/\/static-blogs.diariosur.es\/wp-content\/uploads\/sites\/49\/2013\/05\/delfinsiete.jpg 600w, https:\/\/static-blogs.diariosur.es\/wp-content\/uploads\/sites\/49\/2013\/05\/delfinsiete-206x300.jpg 206w\" sizes=\"(max-width: 600px) 100vw, 600px\" \/><\/a><\/p>\n","protected":false},"excerpt":{"rendered":"<p>Ya no est\u00e1 a su lado, pero sigue siendo su musa. Su fiel compa\u00f1era en la sombra con una presencia casi obsesiva en su obra, donde contin\u00faa muy presente. Hablamos de Ali, la perrita con la que David Delf\u00edn comparti\u00f3 15 a\u00f1os de su vida. Una habitual en los backstages de sus desfiles por la [&hellip;]<\/p>\n","protected":false},"author":54,"featured_media":0,"comment_status":"open","ping_status":"open","sticky":false,"template":"","format":"standard","meta":[],"categories":[2],"tags":[],"_links":{"self":[{"href":"https:\/\/blogs.diariosur.es\/pasarelaurbana\/wp-json\/wp\/v2\/posts\/4332"}],"collection":[{"href":"https:\/\/blogs.diariosur.es\/pasarelaurbana\/wp-json\/wp\/v2\/posts"}],"about":[{"href":"https:\/\/blogs.diariosur.es\/pasarelaurbana\/wp-json\/wp\/v2\/types\/post"}],"author":[{"embeddable":true,"href":"https:\/\/blogs.diariosur.es\/pasarelaurbana\/wp-json\/wp\/v2\/users\/54"}],"replies":[{"embeddable":true,"href":"https:\/\/blogs.diariosur.es\/pasarelaurbana\/wp-json\/wp\/v2\/comments?post=4332"}],"version-history":[{"count":0,"href":"https:\/\/blogs.diariosur.es\/pasarelaurbana\/wp-json\/wp\/v2\/posts\/4332\/revisions"}],"wp:attachment":[{"href":"https:\/\/blogs.diariosur.es\/pasarelaurbana\/wp-json\/wp\/v2\/media?parent=4332"}],"wp:term":[{"taxonomy":"category","embeddable":true,"href":"https:\/\/blogs.diariosur.es\/pasarelaurbana\/wp-json\/wp\/v2\/categories?post=4332"},{"taxonomy":"post_tag","embeddable":true,"href":"https:\/\/blogs.diariosur.es\/pasarelaurbana\/wp-json\/wp\/v2\/tags?post=4332"}],"curies":[{"name":"wp","href":"https:\/\/api.w.org\/{rel}","templated":true}]}}