{"id":4344,"date":"2013-05-16T19:07:59","date_gmt":"2013-05-16T17:07:59","guid":{"rendered":"http:\/\/blogs.diariosur.es\/pasarelaurbana\/?p=4344"},"modified":"2013-05-16T19:07:59","modified_gmt":"2013-05-16T17:07:59","slug":"especial-ninos-le-petit-baobab-palmeras-de-kiwi-y-tazas-para-profes-molones","status":"publish","type":"post","link":"https:\/\/blogs.diariosur.es\/pasarelaurbana\/2013\/05\/16\/especial-ninos-le-petit-baobab-palmeras-de-kiwi-y-tazas-para-profes-molones\/","title":{"rendered":"Especial ni\u00f1os: Le Petit Baobab, palmeras de kiwi y tazas para profes molones"},"content":{"rendered":"<p>\u00a1Feliz jueves a tod@s! Como manda el calendario, hoy nos toca acordarnos de esos locos bajitos que tantos quebraderos de cabeza y alegr\u00edas nos dan a partes iguales. Y, como siempre, comenzamos repasando moda infantil. En este caso os quiero presentar a Le petit \u00a0Baobab, una firma que sigo desde hace tiempo a trav\u00e9s de su tienda on line y que acaba de desembarcar en M\u00e1laga, m\u00e1s concretamente en Marbella. El pasado 27 de abril esta marca de accesorios y ropa ecol\u00f3gica abri\u00f3 su primera tienda en la provincia en la calle Virgen del Amparo. Como ellos mismos explican en su carta de presentaci\u00f3n, Le Petit Baobab es una empresa dirigida a padres\u00a0y\u00a0madres sensibilizados con la vida natural y la protecci\u00f3n del medio ambiente &#8220;que quieren cuidar de sus reto\u00f1os sin perder de vista su responsabilidad social&#8221;. Me gusta su filosof\u00eda y me gusta su nombre, extra\u00eddo de uno de mis libros preferidos: &#8216;El Principito&#8217;. Y es como muchos recordar\u00e9is, el Baobab es ese \u00e1rbol que aparece en la novela de Antoine de Saint-Exup\u00e9ry al que aconsejan cuidar desde que es peque\u00f1o para evitar que crezca sin control.\u00a0Ecolog\u00eda, comportamiento \u00e9tico y responsable, solidaridad o integraci\u00f3n son algunos de estos valores que est\u00e1n detr\u00e1s de los productos de eta ense\u00f1a, que mima al m\u00e1ximo la confecci\u00f3n de sus prendas con fibras de origen ecol\u00f3gico (como el algod\u00f3n org\u00e1nico), ofrece la \u00faltima tecnolog\u00eda en cuanto a cuidados infantiles o prevenci\u00f3n de enfermedades y prima productos provenientes del comercio justo. Todo ello sin renunciar a un dise\u00f1o desenfadado, divertido y actual. Me gustan sus zapatitos de suela blanda (ideales los tipo bailarinas), sus bodies de tejidos naturales s\u00faper suavitos, sus fulares y bandoleras para llevar a los beb\u00e9s (en bamb\u00fa el\u00e1stico), las muselinas que han puesto de moda muchas mamas celebrities o sus preciosos accesorios de puericultura (no os perd\u00e1is sus mochilas con formas divertid\u00edsimas). Muy originales tambi\u00e9n sus cajas de regalos, \u00a0con baberos que parecen helados o conjuntitos de primera postura dando forma a delicados cupcakes. Os dejo con una selecci\u00f3n de fotos de la marca. Y a continuaci\u00f3n: cocina, tendencias y decoraci\u00f3n. \u00a1No os lo perd\u00e1is!<\/p>\n<p>&nbsp;<\/p>\n<p><a href=\"\/pasarelaurbana\/wp-content\/uploads\/sites\/49\/2013\/05\/petitbaobabdos.jpg\"><img loading=\"lazy\" class=\"aligncenter size-full wp-image-4351\" title=\"petitbaobabdos\" src=\"\/pasarelaurbana\/wp-content\/uploads\/sites\/49\/2013\/05\/petitbaobabdos.jpg\" alt=\"\" width=\"478\" height=\"435\" srcset=\"https:\/\/static-blogs.diariosur.es\/wp-content\/uploads\/sites\/49\/2013\/05\/petitbaobabdos.jpg 478w, https:\/\/static-blogs.diariosur.es\/wp-content\/uploads\/sites\/49\/2013\/05\/petitbaobabdos-300x273.jpg 300w\" sizes=\"(max-width: 478px) 100vw, 478px\" \/><\/a><\/p>\n<p><!--more--><\/p>\n<p><a href=\"\/pasarelaurbana\/wp-content\/uploads\/sites\/49\/2013\/05\/mochila.jpg\"><img loading=\"lazy\" class=\"aligncenter size-full wp-image-4352\" title=\"mochila\" src=\"\/pasarelaurbana\/wp-content\/uploads\/sites\/49\/2013\/05\/mochila.jpg\" alt=\"\" width=\"600\" height=\"355\" srcset=\"https:\/\/static-blogs.diariosur.es\/wp-content\/uploads\/sites\/49\/2013\/05\/mochila.jpg 600w, https:\/\/static-blogs.diariosur.es\/wp-content\/uploads\/sites\/49\/2013\/05\/mochila-300x178.jpg 300w\" sizes=\"(max-width: 600px) 100vw, 600px\" \/><\/a><\/p>\n<p>&nbsp;<\/p>\n<p><a href=\"\/pasarelaurbana\/wp-content\/uploads\/sites\/49\/2013\/05\/baobaseis.jpg\"><img loading=\"lazy\" class=\"aligncenter size-full wp-image-4350\" title=\"baobaseis\" src=\"\/pasarelaurbana\/wp-content\/uploads\/sites\/49\/2013\/05\/baobaseis.jpg\" alt=\"\" width=\"600\" height=\"622\" srcset=\"https:\/\/static-blogs.diariosur.es\/wp-content\/uploads\/sites\/49\/2013\/05\/baobaseis.jpg 600w, https:\/\/static-blogs.diariosur.es\/wp-content\/uploads\/sites\/49\/2013\/05\/baobaseis-289x300.jpg 289w\" sizes=\"(max-width: 600px) 100vw, 600px\" \/><\/a><\/p>\n<p>&nbsp;<\/p>\n<p><a href=\"\/pasarelaurbana\/wp-content\/uploads\/sites\/49\/2013\/05\/baobacinco.jpg\"><img loading=\"lazy\" class=\"aligncenter size-full wp-image-4349\" title=\"baobacinco\" src=\"\/pasarelaurbana\/wp-content\/uploads\/sites\/49\/2013\/05\/baobacinco.jpg\" alt=\"\" width=\"600\" height=\"830\" srcset=\"https:\/\/static-blogs.diariosur.es\/wp-content\/uploads\/sites\/49\/2013\/05\/baobacinco.jpg 600w, https:\/\/static-blogs.diariosur.es\/wp-content\/uploads\/sites\/49\/2013\/05\/baobacinco-217x300.jpg 217w\" sizes=\"(max-width: 600px) 100vw, 600px\" \/><\/a><\/p>\n<p>&nbsp;<\/p>\n<p>&nbsp;<\/p>\n<p>&nbsp;<\/p>\n<p><a href=\"\/pasarelaurbana\/wp-content\/uploads\/sites\/49\/2013\/05\/baobatres.jpg\"><img loading=\"lazy\" class=\"aligncenter size-full wp-image-4347\" title=\"baobatres\" src=\"\/pasarelaurbana\/wp-content\/uploads\/sites\/49\/2013\/05\/baobatres.jpg\" alt=\"\" width=\"600\" height=\"436\" srcset=\"https:\/\/static-blogs.diariosur.es\/wp-content\/uploads\/sites\/49\/2013\/05\/baobatres.jpg 600w, https:\/\/static-blogs.diariosur.es\/wp-content\/uploads\/sites\/49\/2013\/05\/baobatres-300x218.jpg 300w\" sizes=\"(max-width: 600px) 100vw, 600px\" \/><\/a><\/p>\n<p><a href=\"\/pasarelaurbana\/wp-content\/uploads\/sites\/49\/2013\/05\/baobacuatro.jpg\"><img loading=\"lazy\" class=\"aligncenter size-full wp-image-4348\" title=\"baobacuatro\" src=\"\/pasarelaurbana\/wp-content\/uploads\/sites\/49\/2013\/05\/baobacuatro.jpg\" alt=\"\" width=\"600\" height=\"483\" srcset=\"https:\/\/static-blogs.diariosur.es\/wp-content\/uploads\/sites\/49\/2013\/05\/baobacuatro.jpg 600w, https:\/\/static-blogs.diariosur.es\/wp-content\/uploads\/sites\/49\/2013\/05\/baobacuatro-300x242.jpg 300w\" sizes=\"(max-width: 600px) 100vw, 600px\" \/><\/a><\/p>\n<p>&nbsp;<\/p>\n<p><a href=\"\/pasarelaurbana\/wp-content\/uploads\/sites\/49\/2013\/05\/baobab.jpg\"><img loading=\"lazy\" class=\"aligncenter size-full wp-image-4346\" title=\"baobab\" src=\"\/pasarelaurbana\/wp-content\/uploads\/sites\/49\/2013\/05\/baobab.jpg\" alt=\"\" width=\"650\" height=\"350\" srcset=\"https:\/\/static-blogs.diariosur.es\/wp-content\/uploads\/sites\/49\/2013\/05\/baobab.jpg 650w, https:\/\/static-blogs.diariosur.es\/wp-content\/uploads\/sites\/49\/2013\/05\/baobab-300x162.jpg 300w\" sizes=\"(max-width: 650px) 100vw, 650px\" \/><\/a><\/p>\n<p>&nbsp;<\/p>\n<p style=\"text-align: center;\"><strong>La receta<\/strong>:<span style=\"text-decoration: underline;\"> Palmeras de kiwi y pl\u00e1tano para unas meriendas muy tropicales<\/span><\/p>\n<p>\u00a0<a href=\"\/pasarelaurbana\/wp-content\/uploads\/sites\/49\/2013\/05\/palmera.jpg\"><img loading=\"lazy\" class=\"aligncenter size-full wp-image-4353\" title=\"palmera\" src=\"\/pasarelaurbana\/wp-content\/uploads\/sites\/49\/2013\/05\/palmera.jpg\" alt=\"\" width=\"600\" height=\"406\" srcset=\"https:\/\/static-blogs.diariosur.es\/wp-content\/uploads\/sites\/49\/2013\/05\/palmera.jpg 600w, https:\/\/static-blogs.diariosur.es\/wp-content\/uploads\/sites\/49\/2013\/05\/palmera-300x203.jpg 300w\" sizes=\"(max-width: 600px) 100vw, 600px\" \/><\/a><\/p>\n<p style=\"text-align: center;\">Este jueves en nuestro especial cocina le vuelve a tocar el turno a la fruta. Hoy os traigo otra de esas presentaciones tan tan bonitas que da pena comerla. Pero de eso se trata, de sorprender a los ni\u00f1os, de que se diviertan y de que al final aquellos que son m\u00e1s trabajosos con la fruta acaben tom\u00e1ndola. La receta es bien sencilla, s\u00f3lo\u00a0lleva dos pl\u00e1tanos, un kiwi y unas rodajas de naranja. La preparaci\u00f3n tampoco tiene m\u00e1s historia: se pelan los pl\u00e1tanos y se cortan en rodajas, pero sin separarlos. De la misma forma, se pela el kiwi, y se lonchea cortando a su vez cada lasca a la mitad. \u00a0Por \u00faltimo, se corta una rodaja de naranja (la que har\u00e1 de base) y tambi\u00e9n se parte en dos mitades. \u00a1Y merienda lista! \u00a1Se quedar\u00e1n con la boca abierta! \u00bfA que est\u00e1 chula?<\/p>\n<p>&nbsp;<\/p>\n<p style=\"text-align: center;\"><strong>Muy mol\u00f3n<\/strong>: <span style=\"text-decoration: underline;\">Originales cajas regalo para despedir a las profes<\/span><\/p>\n<p><a href=\"\/pasarelaurbana\/wp-content\/uploads\/sites\/49\/2013\/05\/profe.jpg\"><img loading=\"lazy\" class=\"aligncenter size-full wp-image-4354\" title=\"profe\" src=\"\/pasarelaurbana\/wp-content\/uploads\/sites\/49\/2013\/05\/profe.jpg\" alt=\"\" width=\"432\" height=\"432\" srcset=\"https:\/\/static-blogs.diariosur.es\/wp-content\/uploads\/sites\/49\/2013\/05\/profe.jpg 432w, https:\/\/static-blogs.diariosur.es\/wp-content\/uploads\/sites\/49\/2013\/05\/profe-150x150.jpg 150w, https:\/\/static-blogs.diariosur.es\/wp-content\/uploads\/sites\/49\/2013\/05\/profe-300x300.jpg 300w\" sizes=\"(max-width: 432px) 100vw, 432px\" \/><\/a><\/p>\n<p><a href=\"\/pasarelaurbana\/wp-content\/uploads\/sites\/49\/2013\/05\/profedos.jpg\"><img loading=\"lazy\" class=\"aligncenter size-full wp-image-4355\" title=\"profedos\" src=\"\/pasarelaurbana\/wp-content\/uploads\/sites\/49\/2013\/05\/profedos.jpg\" alt=\"\" width=\"600\" height=\"566\" srcset=\"https:\/\/static-blogs.diariosur.es\/wp-content\/uploads\/sites\/49\/2013\/05\/profedos.jpg 600w, https:\/\/static-blogs.diariosur.es\/wp-content\/uploads\/sites\/49\/2013\/05\/profedos-300x283.jpg 300w\" sizes=\"(max-width: 600px) 100vw, 600px\" \/><\/a><\/p>\n<p style=\"text-align: center;\"><span style=\"text-align: center;\">Continuamos con un regalo que, como dicen sus creadores, es s\u00faper mol\u00f3n. Con la llegada del fin de curso muchas mamis busc\u00e1is un regalito para despedir a esa se\u00f1o que tan bien ha cuidado a vuestros hijos. Se acaban etapas educativas y toca tener un detalle con las maestras que tan importante papel juegan en la vida de nuestro peques. Pues bien, hoy os quiero dar una idea con la que el \u00e9xito (y la sonrisa) est\u00e1n garantizados. Y es que el buen rollo impregna cada producto de Mr Wonderful, una pareja de creativos catalanes que si a estas alturas no conoc\u00e9is&#8230;\u00a1ten\u00e9is que hacerlo ya s\u00ed o s\u00ed! Una servidora es muy fan de esta empresa. Mucho! Me encantan sus tazas molonas, sus libretas, sus organizadores, sus l\u00e1minas (otro d\u00eda os ense\u00f1ar\u00e9 las que tienen para habitaciones infantiles) y en definitiva todo lo que hacen con tanto mimo, buen gusto e ingenio. Pues bien (que me enrollo) resulta que han sacado unos kits de regalo para las maestras que no tienen desperdicio. Se titulan &#8216;Profe, eres lo m\u00e1s de lo m\u00e1s&#8217; e incluyen una simp\u00e1tica taza con mensaje, una galleta y una l\u00e1mina con los motivos por los que le dais las gracias. \u00a1Seguro que les encanta! Pod\u00e9is encontrarlas en la tienda on line de Mr Wonderful:\u00a0http:\/\/www.mrwonderfulshop.es\/es\/<\/span><\/p>\n<p style=\"text-align: center;\"><strong>Decoraci\u00f3n<\/strong>:<span style=\"text-decoration: underline;\"> Camas para surcar los mares cual piratas<\/span><\/p>\n<p><a href=\"\/pasarelaurbana\/wp-content\/uploads\/sites\/49\/2013\/05\/camauno.jpg\"><img loading=\"lazy\" class=\"aligncenter size-full wp-image-4356\" title=\"camauno\" src=\"\/pasarelaurbana\/wp-content\/uploads\/sites\/49\/2013\/05\/camauno.jpg\" alt=\"\" width=\"500\" height=\"359\" srcset=\"https:\/\/static-blogs.diariosur.es\/wp-content\/uploads\/sites\/49\/2013\/05\/camauno.jpg 500w, https:\/\/static-blogs.diariosur.es\/wp-content\/uploads\/sites\/49\/2013\/05\/camauno-300x215.jpg 300w\" sizes=\"(max-width: 500px) 100vw, 500px\" \/><\/a><\/p>\n<p><a href=\"\/pasarelaurbana\/wp-content\/uploads\/sites\/49\/2013\/05\/camados.jpg\"><img loading=\"lazy\" class=\"aligncenter size-full wp-image-4357\" title=\"camados\" src=\"\/pasarelaurbana\/wp-content\/uploads\/sites\/49\/2013\/05\/camados.jpg\" alt=\"\" width=\"500\" height=\"419\" srcset=\"https:\/\/static-blogs.diariosur.es\/wp-content\/uploads\/sites\/49\/2013\/05\/camados.jpg 500w, https:\/\/static-blogs.diariosur.es\/wp-content\/uploads\/sites\/49\/2013\/05\/camados-300x251.jpg 300w\" sizes=\"(max-width: 500px) 100vw, 500px\" \/><\/a><\/p>\n<p style=\"text-align: center;\">\u00a0Y terminamos con dos camas que me han enamorado. Resulta que ando investigando en el universo camas infantiles (por eso de que a Alejandro la cuna empieza a qued\u00e1rsele peque\u00f1a y me toca cambiarlo) y el otro d\u00eda me encontr\u00e9 con \u00e9stas. Perfectas para los peque\u00f1os piratas. \u00a1No me dig\u00e1is que no son divertidas! \u00a0Sobre todo la primera, con tobog\u00e1n y todo, as\u00ed seguro que no ponen pegas a la hora de irse a la cama. Son de la prestigiosa firma de mobiliario infantil Paidi. \u00bfUna pega? El precio, a mi juicio desorbitado.<\/p>\n<p style=\"text-align: center;\">Esto es todo por hoy. Espero que os hayan servido las propuestas.<\/p>\n<p style=\"text-align: center;\">Os espero en Twitter: @almunogues<\/p>\n<div>\n<div><\/div>\n<\/div>\n","protected":false},"excerpt":{"rendered":"<p>\u00a1Feliz jueves a tod@s! Como manda el calendario, hoy nos toca acordarnos de esos locos bajitos que tantos quebraderos de cabeza y alegr\u00edas nos dan a partes iguales. Y, como siempre, comenzamos repasando moda infantil. En este caso os quiero presentar a Le petit \u00a0Baobab, una firma que sigo desde hace tiempo a trav\u00e9s de [&hellip;]<\/p>\n","protected":false},"author":54,"featured_media":0,"comment_status":"open","ping_status":"open","sticky":false,"template":"","format":"standard","meta":[],"categories":[2],"tags":[],"_links":{"self":[{"href":"https:\/\/blogs.diariosur.es\/pasarelaurbana\/wp-json\/wp\/v2\/posts\/4344"}],"collection":[{"href":"https:\/\/blogs.diariosur.es\/pasarelaurbana\/wp-json\/wp\/v2\/posts"}],"about":[{"href":"https:\/\/blogs.diariosur.es\/pasarelaurbana\/wp-json\/wp\/v2\/types\/post"}],"author":[{"embeddable":true,"href":"https:\/\/blogs.diariosur.es\/pasarelaurbana\/wp-json\/wp\/v2\/users\/54"}],"replies":[{"embeddable":true,"href":"https:\/\/blogs.diariosur.es\/pasarelaurbana\/wp-json\/wp\/v2\/comments?post=4344"}],"version-history":[{"count":0,"href":"https:\/\/blogs.diariosur.es\/pasarelaurbana\/wp-json\/wp\/v2\/posts\/4344\/revisions"}],"wp:attachment":[{"href":"https:\/\/blogs.diariosur.es\/pasarelaurbana\/wp-json\/wp\/v2\/media?parent=4344"}],"wp:term":[{"taxonomy":"category","embeddable":true,"href":"https:\/\/blogs.diariosur.es\/pasarelaurbana\/wp-json\/wp\/v2\/categories?post=4344"},{"taxonomy":"post_tag","embeddable":true,"href":"https:\/\/blogs.diariosur.es\/pasarelaurbana\/wp-json\/wp\/v2\/tags?post=4344"}],"curies":[{"name":"wp","href":"https:\/\/api.w.org\/{rel}","templated":true}]}}