{"id":4359,"date":"2013-05-18T00:32:14","date_gmt":"2013-05-17T22:32:14","guid":{"rendered":"http:\/\/blogs.diariosur.es\/pasarelaurbana\/?p=4359"},"modified":"2013-05-18T00:32:14","modified_gmt":"2013-05-17T22:32:14","slug":"mas-que-una-falda","status":"publish","type":"post","link":"https:\/\/blogs.diariosur.es\/pasarelaurbana\/2013\/05\/18\/mas-que-una-falda\/","title":{"rendered":"M\u00e1s que una falda"},"content":{"rendered":"<p style=\"text-align: center;\">Es una de las prendas imprescindibles de esta temporada. \u00bfFalda? Casi. En apariencia s\u00ed. Pero el efecto \u00f3ptico enga\u00f1a, en realidad es un pantal\u00f3n camuflado. Puro espejismo. A su favor, tres ingredientes: es estilosa, sofisticada y, seg\u00fan defienden sus incondicionales, muy c\u00f3moda. Sus or\u00edgenes se remontan hace un siglo. Como recogen las hemerotecas, el 22 de febrero de 1911 la falda-pantal\u00f3n suscit\u00f3 una gran pol\u00e9mica cuando dos se\u00f1oras tuvieron la osad\u00eda de pon\u00e9rsela y pasearse de esa guisa por el centro de Madrid. Seg\u00fan la prensa de la \u00e9poca el suceso caus\u00f3 tal revuelo que incluso hubo que para la circulaci\u00f3n de los tranv\u00edas y las dos mujeres se vieron obligadas a resguardarse en una porter\u00eda hasta que se calmaron los \u00e1nimos. Por suerte, mucho ha llovido desde entonces y hoy esta prenda h\u00edbrida pisa con garbo la pasarela urbana convertida en una de las protagonistas del street style primaveral, como comprobamos tras una ma\u00f1ana fichando estilismos por calle Larios.<br \/>\nSe lleva larga (en su versi\u00f3n m\u00e1s tradicional) y, como novedad, despunta en formato mini (bautizado en el diccionario de tendencias con el t\u00e9rmino de \u2018wrap skirt\u2019). Este \u00faltimo m\u00e9rito hay que reconoc\u00e9rselo a Zara,  autora de la prenda estrella de estos meses: la falda-pantal\u00f3n cruzada, de efecto pareo, que arrasa entre las bloggers de todo el mundo.  Eso s\u00ed, solo aptas para las m\u00e1s atrevidas. Las cl\u00e1sicas siguen decant\u00e1ndose por el pantal\u00f3n ancho hasta los tobillos, una opci\u00f3n que preside muchos de los looks que desfilan por las calles de M\u00e1laga, entre los que se encuentran los de las cuatro protagonistas de hoy.<\/p>\n<p style=\"text-align: center;\"><a href=\"\/pasarelaurbana\/wp-content\/uploads\/sites\/49\/2013\/05\/213.jpg\"><img loading=\"lazy\" class=\"aligncenter size-full wp-image-4362\" title=\"2\" src=\"\/pasarelaurbana\/wp-content\/uploads\/sites\/49\/2013\/05\/213.jpg\" alt=\"\" width=\"600\" height=\"803\" srcset=\"https:\/\/static-blogs.diariosur.es\/wp-content\/uploads\/sites\/49\/2013\/05\/213.jpg 600w, https:\/\/static-blogs.diariosur.es\/wp-content\/uploads\/sites\/49\/2013\/05\/213-224x300.jpg 224w\" sizes=\"(max-width: 600px) 100vw, 600px\" \/><\/a><!--more--><a href=\"\/pasarelaurbana\/wp-content\/uploads\/sites\/49\/2013\/05\/116.jpg\"><img loading=\"lazy\" class=\"aligncenter size-full wp-image-4361\" title=\"1\" src=\"\/pasarelaurbana\/wp-content\/uploads\/sites\/49\/2013\/05\/116.jpg\" alt=\"\" width=\"600\" height=\"803\" srcset=\"https:\/\/static-blogs.diariosur.es\/wp-content\/uploads\/sites\/49\/2013\/05\/116.jpg 600w, https:\/\/static-blogs.diariosur.es\/wp-content\/uploads\/sites\/49\/2013\/05\/116-224x300.jpg 224w\" sizes=\"(max-width: 600px) 100vw, 600px\" \/><\/a><\/p>\n<p style=\"text-align: center;\"><a href=\"\/pasarelaurbana\/wp-content\/uploads\/sites\/49\/2013\/05\/34.jpg\"><img loading=\"lazy\" class=\"aligncenter size-full wp-image-4363\" title=\"3\" src=\"\/pasarelaurbana\/wp-content\/uploads\/sites\/49\/2013\/05\/34.jpg\" alt=\"\" width=\"600\" height=\"803\" srcset=\"https:\/\/static-blogs.diariosur.es\/wp-content\/uploads\/sites\/49\/2013\/05\/34.jpg 600w, https:\/\/static-blogs.diariosur.es\/wp-content\/uploads\/sites\/49\/2013\/05\/34-224x300.jpg 224w\" sizes=\"(max-width: 600px) 100vw, 600px\" \/><\/a><a href=\"\/pasarelaurbana\/wp-content\/uploads\/sites\/49\/2013\/05\/4ok.jpg\"><img loading=\"lazy\" class=\"aligncenter size-full wp-image-4370\" title=\"4ok\" src=\"\/pasarelaurbana\/wp-content\/uploads\/sites\/49\/2013\/05\/4ok.jpg\" alt=\"\" width=\"600\" height=\"803\" srcset=\"https:\/\/static-blogs.diariosur.es\/wp-content\/uploads\/sites\/49\/2013\/05\/4ok.jpg 600w, https:\/\/static-blogs.diariosur.es\/wp-content\/uploads\/sites\/49\/2013\/05\/4ok-224x300.jpg 224w\" sizes=\"(max-width: 600px) 100vw, 600px\" \/><\/a><\/p>\n<p style=\"text-align: center;\"><a href=\"\/pasarelaurbana\/wp-content\/uploads\/sites\/49\/2013\/05\/54.jpg\"><img loading=\"lazy\" class=\"aligncenter size-full wp-image-4364\" title=\"5\" src=\"\/pasarelaurbana\/wp-content\/uploads\/sites\/49\/2013\/05\/54.jpg\" alt=\"\" width=\"600\" height=\"803\" srcset=\"https:\/\/static-blogs.diariosur.es\/wp-content\/uploads\/sites\/49\/2013\/05\/54.jpg 600w, https:\/\/static-blogs.diariosur.es\/wp-content\/uploads\/sites\/49\/2013\/05\/54-224x300.jpg 224w\" sizes=\"(max-width: 600px) 100vw, 600px\" \/><\/a><\/p>\n<p style=\"text-align: center;\"><a href=\"\/pasarelaurbana\/wp-content\/uploads\/sites\/49\/2013\/05\/64.jpg\"><img loading=\"lazy\" class=\"aligncenter size-full wp-image-4365\" title=\"6\" src=\"\/pasarelaurbana\/wp-content\/uploads\/sites\/49\/2013\/05\/64.jpg\" alt=\"\" width=\"600\" height=\"448\" srcset=\"https:\/\/static-blogs.diariosur.es\/wp-content\/uploads\/sites\/49\/2013\/05\/64.jpg 600w, https:\/\/static-blogs.diariosur.es\/wp-content\/uploads\/sites\/49\/2013\/05\/64-300x224.jpg 300w\" sizes=\"(max-width: 600px) 100vw, 600px\" \/><\/a><\/p>\n<p style=\"text-align: center;\"><strong>Irene Almansa<\/strong>. Interiorista. 29 a\u00f1os<\/p>\n<p style=\"text-align: center;\"><span style=\"text-decoration: underline;\">Lucir ombligo y tenis con plataforma, dos tendencias clave<\/span><br \/>\nEn materia de moda, el pasado siempre vuelve. Y esta primavera lo hace encarnado en dos prendas que triunfaron en los 90 y que regresan a la carga convertidas en protagonistas del \u2018street style\u2019. Hablamos de los \u2018cropped tops\u2019 (la tendencia que arras\u00f3 a finales de los 80 de la mano de Madonna y que consiste b\u00e1sicamente en ense\u00f1ar el ombligo) y de las deportivas con plataforma que encumbraron hace casi veinte a\u00f1os firmas como \u2018No Name\u2019o \u2018Superga\u2019. Irene Almansa, una interiorista malague\u00f1a de 29 a\u00f1os, apost\u00f3 por ambas el pasado mi\u00e9rcoles para disfrutar de una jornada de tiendas junto a su madre. \u00bfEl resultado? Un look estiloso a la vez que desenfadado, juvenil y c\u00f3modo. En su caso, combin\u00f3 con acierto una camiseta blanca corta de Stradivarius con unos pantalones anchos de talle alto en caqui de Zara (una buena pareja para no ense\u00f1ar demasiado la barriga). Remat\u00f3 el \u2018outfit\u2019 con unas deportivas No Name blancas adquiridas en Pinsapo Shoes, bolso amarillo (el color revelaci\u00f3n de esta primavera) con tachuelas de H&#038;M y pendientes marineros con anclas.<\/p>\n<p style=\"text-align: center;\">Camiseta: Stradivarius. <\/p>\n<p style=\"text-align: center;\">Pantal\u00f3n: Zara.<\/p>\n<p style=\"text-align: center;\">Deportivas: No Name (de Pinsapo Shoes).<\/p>\n<p style=\"text-align: center;\">Bolso y gafas: H&#038;M.<\/p>\n<p style=\"text-align: center;\">Reloj: Guess.<\/p>\n<p style=\"text-align: center;\"><a href=\"\/pasarelaurbana\/wp-content\/uploads\/sites\/49\/2013\/05\/142.jpg\"><img loading=\"lazy\" class=\"aligncenter size-full wp-image-4374\" title=\"14\" src=\"\/pasarelaurbana\/wp-content\/uploads\/sites\/49\/2013\/05\/142.jpg\" alt=\"\" width=\"600\" height=\"803\" srcset=\"https:\/\/static-blogs.diariosur.es\/wp-content\/uploads\/sites\/49\/2013\/05\/142.jpg 600w, https:\/\/static-blogs.diariosur.es\/wp-content\/uploads\/sites\/49\/2013\/05\/142-224x300.jpg 224w\" sizes=\"(max-width: 600px) 100vw, 600px\" \/><\/a><\/p>\n<p style=\"text-align: center;\"><a href=\"\/pasarelaurbana\/wp-content\/uploads\/sites\/49\/2013\/05\/133.jpg\"><img loading=\"lazy\" class=\"aligncenter size-full wp-image-4373\" title=\"13\" src=\"\/pasarelaurbana\/wp-content\/uploads\/sites\/49\/2013\/05\/133.jpg\" alt=\"\" width=\"600\" height=\"803\" srcset=\"https:\/\/static-blogs.diariosur.es\/wp-content\/uploads\/sites\/49\/2013\/05\/133.jpg 600w, https:\/\/static-blogs.diariosur.es\/wp-content\/uploads\/sites\/49\/2013\/05\/133-224x300.jpg 224w\" sizes=\"(max-width: 600px) 100vw, 600px\" \/><\/a><\/p>\n<p style=\"text-align: center;\"><a href=\"\/pasarelaurbana\/wp-content\/uploads\/sites\/49\/2013\/05\/162.jpg\"><img loading=\"lazy\" class=\"aligncenter size-full wp-image-4376\" title=\"16\" src=\"\/pasarelaurbana\/wp-content\/uploads\/sites\/49\/2013\/05\/162.jpg\" alt=\"\" width=\"600\" height=\"803\" srcset=\"https:\/\/static-blogs.diariosur.es\/wp-content\/uploads\/sites\/49\/2013\/05\/162.jpg 600w, https:\/\/static-blogs.diariosur.es\/wp-content\/uploads\/sites\/49\/2013\/05\/162-224x300.jpg 224w\" sizes=\"(max-width: 600px) 100vw, 600px\" \/><\/a><\/p>\n<p style=\"text-align: center;\"><a href=\"\/pasarelaurbana\/wp-content\/uploads\/sites\/49\/2013\/05\/152.jpg\"><img loading=\"lazy\" class=\"aligncenter size-full wp-image-4375\" title=\"15\" src=\"\/pasarelaurbana\/wp-content\/uploads\/sites\/49\/2013\/05\/152.jpg\" alt=\"\" width=\"600\" height=\"803\" srcset=\"https:\/\/static-blogs.diariosur.es\/wp-content\/uploads\/sites\/49\/2013\/05\/152.jpg 600w, https:\/\/static-blogs.diariosur.es\/wp-content\/uploads\/sites\/49\/2013\/05\/152-224x300.jpg 224w\" sizes=\"(max-width: 600px) 100vw, 600px\" \/><\/a><\/p>\n<p style=\"text-align: center;\"><a href=\"\/pasarelaurbana\/wp-content\/uploads\/sites\/49\/2013\/05\/172.jpg\"><img loading=\"lazy\" class=\"aligncenter size-full wp-image-4377\" title=\"17\" src=\"\/pasarelaurbana\/wp-content\/uploads\/sites\/49\/2013\/05\/172.jpg\" alt=\"\" width=\"600\" height=\"803\" srcset=\"https:\/\/static-blogs.diariosur.es\/wp-content\/uploads\/sites\/49\/2013\/05\/172.jpg 600w, https:\/\/static-blogs.diariosur.es\/wp-content\/uploads\/sites\/49\/2013\/05\/172-224x300.jpg 224w\" sizes=\"(max-width: 600px) 100vw, 600px\" \/><\/a><\/p>\n<p style=\"text-align: center;\"><a href=\"\/pasarelaurbana\/wp-content\/uploads\/sites\/49\/2013\/05\/181.jpg\"><img loading=\"lazy\" class=\"aligncenter size-full wp-image-4371\" title=\"18\" src=\"\/pasarelaurbana\/wp-content\/uploads\/sites\/49\/2013\/05\/181.jpg\" alt=\"\" width=\"600\" height=\"803\" srcset=\"https:\/\/static-blogs.diariosur.es\/wp-content\/uploads\/sites\/49\/2013\/05\/181.jpg 600w, https:\/\/static-blogs.diariosur.es\/wp-content\/uploads\/sites\/49\/2013\/05\/181-224x300.jpg 224w\" sizes=\"(max-width: 600px) 100vw, 600px\" \/><\/a><\/p>\n<p style=\"text-align: center;\"><strong>Marisa Le\u00f3n<\/strong>. Directora de tienda. 34 a\u00f1os<\/p>\n<p style=\"text-align: center;\"><span style=\"text-decoration: underline;\">Un truco para acertar: llevarla con una parte de arriba ce\u00f1ida<\/span><br \/>\nLos estilistas recuerdan que, dado que se trata de una prenda con volumen, lo ideal es combinar la falda pantal\u00f3n con una parte de arriba ajustada para as\u00ed estilizar la figura y evitar ese efecto globo que suma visualmente kilos de m\u00e1s. Una buena opci\u00f3n al respecto es ce\u00f1irla con un cintur\u00f3n para marcar cintura, como propone Marisa Le\u00f3n, de 34 a\u00f1os. Esta directora de una conocida tienda del grupo Inditex apuesta para una jornada de trabajo por la comodidad de la falda pantal\u00f3n (la suya es de Zara) que marida con una camisa vaquera (un comod\u00edn que siempre sienta bien) y sandalias joya.<\/p>\n<p style=\"text-align: center;\">Camisa, falda pantal\u00f3n y sandalias: Todo de Zara.<\/p>\n<p style=\"text-align: center;\">Cintur\u00f3n: De su fondo de armario.<\/p>\n<p style=\"text-align: center;\"><a href=\"\/pasarelaurbana\/wp-content\/uploads\/sites\/49\/2013\/05\/65.jpg\"><img loading=\"lazy\" class=\"aligncenter size-full wp-image-4379\" title=\"6\" src=\"\/pasarelaurbana\/wp-content\/uploads\/sites\/49\/2013\/05\/65.jpg\" alt=\"\" width=\"600\" height=\"803\" srcset=\"https:\/\/static-blogs.diariosur.es\/wp-content\/uploads\/sites\/49\/2013\/05\/65.jpg 600w, https:\/\/static-blogs.diariosur.es\/wp-content\/uploads\/sites\/49\/2013\/05\/65-224x300.jpg 224w\" sizes=\"(max-width: 600px) 100vw, 600px\" \/><\/a><\/p>\n<p style=\"text-align: center;\"><a href=\"\/pasarelaurbana\/wp-content\/uploads\/sites\/49\/2013\/05\/75.jpg\"><img loading=\"lazy\" class=\"aligncenter size-full wp-image-4380\" title=\"7\" src=\"\/pasarelaurbana\/wp-content\/uploads\/sites\/49\/2013\/05\/75.jpg\" alt=\"\" width=\"600\" height=\"803\" srcset=\"https:\/\/static-blogs.diariosur.es\/wp-content\/uploads\/sites\/49\/2013\/05\/75.jpg 600w, https:\/\/static-blogs.diariosur.es\/wp-content\/uploads\/sites\/49\/2013\/05\/75-224x300.jpg 224w\" sizes=\"(max-width: 600px) 100vw, 600px\" \/><\/a><\/p>\n<p style=\"text-align: center;\"><a href=\"\/pasarelaurbana\/wp-content\/uploads\/sites\/49\/2013\/05\/85.jpg\"><img loading=\"lazy\" class=\"aligncenter size-full wp-image-4381\" title=\"8\" src=\"\/pasarelaurbana\/wp-content\/uploads\/sites\/49\/2013\/05\/85.jpg\" alt=\"\" width=\"600\" height=\"448\" srcset=\"https:\/\/static-blogs.diariosur.es\/wp-content\/uploads\/sites\/49\/2013\/05\/85.jpg 600w, https:\/\/static-blogs.diariosur.es\/wp-content\/uploads\/sites\/49\/2013\/05\/85-300x224.jpg 300w\" sizes=\"(max-width: 600px) 100vw, 600px\" \/><\/a><\/p>\n<p style=\"text-align: center;\"><a href=\"\/pasarelaurbana\/wp-content\/uploads\/sites\/49\/2013\/05\/95.jpg\"><img loading=\"lazy\" class=\"aligncenter size-full wp-image-4382\" title=\"9\" src=\"\/pasarelaurbana\/wp-content\/uploads\/sites\/49\/2013\/05\/95.jpg\" alt=\"\" width=\"600\" height=\"448\" srcset=\"https:\/\/static-blogs.diariosur.es\/wp-content\/uploads\/sites\/49\/2013\/05\/95.jpg 600w, https:\/\/static-blogs.diariosur.es\/wp-content\/uploads\/sites\/49\/2013\/05\/95-300x224.jpg 300w\" sizes=\"(max-width: 600px) 100vw, 600px\" \/><\/a><\/p>\n<p style=\"text-align: center;\"><a href=\"\/pasarelaurbana\/wp-content\/uploads\/sites\/49\/2013\/05\/105.jpg\"><img loading=\"lazy\" class=\"aligncenter size-full wp-image-4378\" title=\"10\" src=\"\/pasarelaurbana\/wp-content\/uploads\/sites\/49\/2013\/05\/105.jpg\" alt=\"\" width=\"600\" height=\"803\" srcset=\"https:\/\/static-blogs.diariosur.es\/wp-content\/uploads\/sites\/49\/2013\/05\/105.jpg 600w, https:\/\/static-blogs.diariosur.es\/wp-content\/uploads\/sites\/49\/2013\/05\/105-224x300.jpg 224w\" sizes=\"(max-width: 600px) 100vw, 600px\" \/><\/a><\/p>\n<p style=\"text-align: center;\"><strong>Macarena Gallar<\/strong>. Estudiante de ADE. 23 a\u00f1os<\/p>\n<p style=\"text-align: center;\"><span style=\"text-decoration: underline;\">Un look impecable en tonos blancos, nude y coral<\/span><br \/>\nMacarena Gallar, una joven estudiante de ADE de 23 a\u00f1os, derrocha estilo con un conjunto compuesto por falda pantal\u00f3n en tono nude (preciosa y elegant\u00edsima, perfecta para tener de fondo de armario esta primavera), camiseta b\u00e1sica blanca y chaqueta tweed con detalle de tachuelas en los hombros. La nota de color la reserv\u00f3 para los complementos apostando, con acierto, por un coral que ti\u00f1\u00f3 su collar XL efecto escamas y su clutch de mercadillo.<\/p>\n<p style=\"text-align: center;\">Camisa y falda pantal\u00f3n: Zara. <\/p>\n<p style=\"text-align: center;\">Chaqueta: Lefties.<\/p>\n<p style=\"text-align: center;\">Sandalias: Zara.<br \/>\nCollar: Blanco.<\/p>\n<p style=\"text-align: center;\">Clutch: Mercadillo.<\/p>\n<p style=\"text-align: center;\"><a href=\"\/pasarelaurbana\/wp-content\/uploads\/sites\/49\/2013\/05\/74.jpg\"><img loading=\"lazy\" class=\"aligncenter size-full wp-image-4366\" title=\"7\" src=\"\/pasarelaurbana\/wp-content\/uploads\/sites\/49\/2013\/05\/74.jpg\" alt=\"\" width=\"600\" height=\"803\" srcset=\"https:\/\/static-blogs.diariosur.es\/wp-content\/uploads\/sites\/49\/2013\/05\/74.jpg 600w, https:\/\/static-blogs.diariosur.es\/wp-content\/uploads\/sites\/49\/2013\/05\/74-224x300.jpg 224w\" sizes=\"(max-width: 600px) 100vw, 600px\" \/><\/a><\/p>\n<p style=\"text-align: center;\"><a href=\"\/pasarelaurbana\/wp-content\/uploads\/sites\/49\/2013\/05\/84.jpg\"><img loading=\"lazy\" class=\"aligncenter size-full wp-image-4367\" title=\"8\" src=\"\/pasarelaurbana\/wp-content\/uploads\/sites\/49\/2013\/05\/84.jpg\" alt=\"\" width=\"600\" height=\"803\" srcset=\"https:\/\/static-blogs.diariosur.es\/wp-content\/uploads\/sites\/49\/2013\/05\/84.jpg 600w, https:\/\/static-blogs.diariosur.es\/wp-content\/uploads\/sites\/49\/2013\/05\/84-224x300.jpg 224w\" sizes=\"(max-width: 600px) 100vw, 600px\" \/><\/a><\/p>\n<p style=\"text-align: center;\"><a href=\"\/pasarelaurbana\/wp-content\/uploads\/sites\/49\/2013\/05\/94.jpg\"><img loading=\"lazy\" class=\"aligncenter size-full wp-image-4368\" title=\"9\" src=\"\/pasarelaurbana\/wp-content\/uploads\/sites\/49\/2013\/05\/94.jpg\" alt=\"\" width=\"600\" height=\"803\" srcset=\"https:\/\/static-blogs.diariosur.es\/wp-content\/uploads\/sites\/49\/2013\/05\/94.jpg 600w, https:\/\/static-blogs.diariosur.es\/wp-content\/uploads\/sites\/49\/2013\/05\/94-224x300.jpg 224w\" sizes=\"(max-width: 600px) 100vw, 600px\" \/><\/a><\/p>\n<p style=\"text-align: center;\"><a href=\"\/pasarelaurbana\/wp-content\/uploads\/sites\/49\/2013\/05\/104.jpg\"><img loading=\"lazy\" class=\"aligncenter size-full wp-image-4369\" title=\"10\" src=\"\/pasarelaurbana\/wp-content\/uploads\/sites\/49\/2013\/05\/104.jpg\" alt=\"\" width=\"600\" height=\"803\" srcset=\"https:\/\/static-blogs.diariosur.es\/wp-content\/uploads\/sites\/49\/2013\/05\/104.jpg 600w, https:\/\/static-blogs.diariosur.es\/wp-content\/uploads\/sites\/49\/2013\/05\/104-224x300.jpg 224w\" sizes=\"(max-width: 600px) 100vw, 600px\" \/><\/a><\/p>\n<p style=\"text-align: center;\"><a href=\"\/pasarelaurbana\/wp-content\/uploads\/sites\/49\/2013\/05\/115.jpg\"><img loading=\"lazy\" class=\"aligncenter size-full wp-image-4360\" title=\"11\" src=\"\/pasarelaurbana\/wp-content\/uploads\/sites\/49\/2013\/05\/115.jpg\" alt=\"\" width=\"600\" height=\"803\" srcset=\"https:\/\/static-blogs.diariosur.es\/wp-content\/uploads\/sites\/49\/2013\/05\/115.jpg 600w, https:\/\/static-blogs.diariosur.es\/wp-content\/uploads\/sites\/49\/2013\/05\/115-224x300.jpg 224w\" sizes=\"(max-width: 600px) 100vw, 600px\" \/><\/a><\/p>\n<p style=\"text-align: center;\"><strong>Rocio Pel\u00e1ez<\/strong>. Dependienta. 29 a\u00f1os<\/p>\n<p style=\"text-align: center;\"><span style=\"text-decoration: underline;\">El vestido largo, otro de los \u2018must have\u2019 de temporada<\/span><br \/>\nEn cuanto suben las temperaturas, el vestido largo se convierte en la estrella del armario de Roc\u00edo Pel\u00e1ez, una dependienta malague\u00f1a de 29 a\u00f1os incondicional a esta prenda que cada primavera-verano regresa con fuerza a la pasarela urbana. Este a\u00f1o le ha tocado competir con la falda-pantal\u00f3n, pero a pesar de la rivalidad conserva un sitio privilegiado en los estilismos de sus m\u00faltiples seguidoras. \u00abSon c\u00f3modos, fresquitos y perfectos para estos d\u00edas en los que a\u00fan no estamos bronceadas como para lucir piernas\u00bb, explica Roc\u00edo. En su caso, lleva un modelo de print floral en tonos naranjas (de la firma antea, de El Corte Ingl\u00e9s), combinado con chaqueta vaquera de H&#038;M y sandalias romanas doradas de Stradivarius.<\/p>\n<p style=\"text-align: center;\">Vestido: Antea (de El Corte Ingl\u00e9s.<\/p>\n<p style=\"text-align: center;\">Chaqueta: H&#038;M.<\/p>\n<p style=\"text-align: center;\">Sandalias: Stradivarius.<\/p>\n<p style=\"text-align: center;\">Bolso: H&#038;M.<\/p>\n","protected":false},"excerpt":{"rendered":"<p>Es una de las prendas imprescindibles de esta temporada. \u00bfFalda? Casi. En apariencia s\u00ed. Pero el efecto \u00f3ptico enga\u00f1a, en realidad es un pantal\u00f3n camuflado. Puro espejismo. A su favor, tres ingredientes: es estilosa, sofisticada y, seg\u00fan defienden sus incondicionales, muy c\u00f3moda. Sus or\u00edgenes se remontan hace un siglo. Como recogen las hemerotecas, el 22 [&hellip;]<\/p>\n","protected":false},"author":54,"featured_media":0,"comment_status":"open","ping_status":"open","sticky":false,"template":"","format":"standard","meta":[],"categories":[2],"tags":[],"_links":{"self":[{"href":"https:\/\/blogs.diariosur.es\/pasarelaurbana\/wp-json\/wp\/v2\/posts\/4359"}],"collection":[{"href":"https:\/\/blogs.diariosur.es\/pasarelaurbana\/wp-json\/wp\/v2\/posts"}],"about":[{"href":"https:\/\/blogs.diariosur.es\/pasarelaurbana\/wp-json\/wp\/v2\/types\/post"}],"author":[{"embeddable":true,"href":"https:\/\/blogs.diariosur.es\/pasarelaurbana\/wp-json\/wp\/v2\/users\/54"}],"replies":[{"embeddable":true,"href":"https:\/\/blogs.diariosur.es\/pasarelaurbana\/wp-json\/wp\/v2\/comments?post=4359"}],"version-history":[{"count":0,"href":"https:\/\/blogs.diariosur.es\/pasarelaurbana\/wp-json\/wp\/v2\/posts\/4359\/revisions"}],"wp:attachment":[{"href":"https:\/\/blogs.diariosur.es\/pasarelaurbana\/wp-json\/wp\/v2\/media?parent=4359"}],"wp:term":[{"taxonomy":"category","embeddable":true,"href":"https:\/\/blogs.diariosur.es\/pasarelaurbana\/wp-json\/wp\/v2\/categories?post=4359"},{"taxonomy":"post_tag","embeddable":true,"href":"https:\/\/blogs.diariosur.es\/pasarelaurbana\/wp-json\/wp\/v2\/tags?post=4359"}],"curies":[{"name":"wp","href":"https:\/\/api.w.org\/{rel}","templated":true}]}}