{"id":4383,"date":"2013-05-17T15:15:24","date_gmt":"2013-05-17T13:15:24","guid":{"rendered":"http:\/\/blogs.diariosur.es\/pasarelaurbana\/?p=4383"},"modified":"2013-05-17T15:15:24","modified_gmt":"2013-05-17T13:15:24","slug":"el-poncho-perfecto-para-estos-dias","status":"publish","type":"post","link":"https:\/\/blogs.diariosur.es\/pasarelaurbana\/2013\/05\/17\/el-poncho-perfecto-para-estos-dias\/","title":{"rendered":"El poncho perfecto para estos d\u00edas"},"content":{"rendered":"<p style=\"text-align: center;\">\u00a1Por fin es viernes! Viernes lluvioso, pero viernes al fin y al cabo que es lo importante. Puede que much@s de vosotr@s aprovech\u00e9is este fin de semana para hacer el temido cambio de armario (ufff qu\u00e9 pereza, yo lo odio!). Si es as\u00ed, \u00a1ojo! con este tiempo tan loco que estamos teniendo, con las temperaturas en una continua monta\u00f1a rusa conviene dejar a mano algunas prendas de esas comod\u00edn de entretiempo que, sin ser demasiado abrigadas, nos ayudan a combatir el fresquete de primera hora de la ma\u00f1ana o de \u00faltima hora de la tarde. V\u00e9ase, por ejemplo, una gabardina finita, una chaqueta vaquera, una rebequita de hilo o el pocho que nos propone nuestra protagonista de hoy. <strong>Cristina P\u00e9rez<\/strong>, una periodista malague\u00f1a de 28 a\u00f1os apuesta para estos d\u00edas de meteorolog\u00eda inestable por un estilo poncho (\u00a1yo tengo el mismo en otros colores y le estoy sacando much\u00edsimo partido!) de Ten to Nine que combina con camiseta plateada (con efecto un poco tornasolado, muy chula) comprada en un mercadillo de Londres y pantalones negros anchos. \u00bfUn objeto de deseo? Su bolso, de print animal en tonos rojos y aires vintage, tra\u00eddo de Paris. \u00a1Os dejo con ella! Y recordad: ma\u00f1ana especial street style en Sur.es y el lunes estad atentos porque publicar\u00e9 un reportaje muy especial. \u00a1Feliz fin de semana!<\/p>\n<p>&nbsp;<\/p>\n<p><a href=\"\/pasarelaurbana\/wp-content\/uploads\/sites\/49\/2013\/05\/40.jpg\"><img loading=\"lazy\" class=\"aligncenter size-full wp-image-4385\" title=\"40\" src=\"\/pasarelaurbana\/wp-content\/uploads\/sites\/49\/2013\/05\/40.jpg\" alt=\"\" width=\"600\" height=\"803\" srcset=\"https:\/\/static-blogs.diariosur.es\/wp-content\/uploads\/sites\/49\/2013\/05\/40.jpg 600w, https:\/\/static-blogs.diariosur.es\/wp-content\/uploads\/sites\/49\/2013\/05\/40-224x300.jpg 224w\" sizes=\"(max-width: 600px) 100vw, 600px\" \/><\/a><!--more--><a href=\"\/pasarelaurbana\/wp-content\/uploads\/sites\/49\/2013\/05\/411.jpg\"><img loading=\"lazy\" class=\"aligncenter size-full wp-image-4386\" title=\"41\" src=\"\/pasarelaurbana\/wp-content\/uploads\/sites\/49\/2013\/05\/411.jpg\" alt=\"\" width=\"600\" height=\"803\" srcset=\"https:\/\/static-blogs.diariosur.es\/wp-content\/uploads\/sites\/49\/2013\/05\/411.jpg 600w, https:\/\/static-blogs.diariosur.es\/wp-content\/uploads\/sites\/49\/2013\/05\/411-224x300.jpg 224w\" sizes=\"(max-width: 600px) 100vw, 600px\" \/><\/a><\/p>\n<p><a href=\"\/pasarelaurbana\/wp-content\/uploads\/sites\/49\/2013\/05\/421.jpg\"><img loading=\"lazy\" class=\"aligncenter size-full wp-image-4387\" title=\"42\" src=\"\/pasarelaurbana\/wp-content\/uploads\/sites\/49\/2013\/05\/421.jpg\" alt=\"\" width=\"600\" height=\"803\" srcset=\"https:\/\/static-blogs.diariosur.es\/wp-content\/uploads\/sites\/49\/2013\/05\/421.jpg 600w, https:\/\/static-blogs.diariosur.es\/wp-content\/uploads\/sites\/49\/2013\/05\/421-224x300.jpg 224w\" sizes=\"(max-width: 600px) 100vw, 600px\" \/><\/a><\/p>\n<p><a href=\"\/pasarelaurbana\/wp-content\/uploads\/sites\/49\/2013\/05\/44.jpg\"><img loading=\"lazy\" class=\"aligncenter size-full wp-image-4388\" title=\"44\" src=\"\/pasarelaurbana\/wp-content\/uploads\/sites\/49\/2013\/05\/44.jpg\" alt=\"\" width=\"600\" height=\"803\" srcset=\"https:\/\/static-blogs.diariosur.es\/wp-content\/uploads\/sites\/49\/2013\/05\/44.jpg 600w, https:\/\/static-blogs.diariosur.es\/wp-content\/uploads\/sites\/49\/2013\/05\/44-224x300.jpg 224w\" sizes=\"(max-width: 600px) 100vw, 600px\" \/><\/a><\/p>\n<p><a href=\"\/pasarelaurbana\/wp-content\/uploads\/sites\/49\/2013\/05\/45.jpg\"><img loading=\"lazy\" class=\"aligncenter size-full wp-image-4389\" title=\"45\" src=\"\/pasarelaurbana\/wp-content\/uploads\/sites\/49\/2013\/05\/45.jpg\" alt=\"\" width=\"600\" height=\"803\" srcset=\"https:\/\/static-blogs.diariosur.es\/wp-content\/uploads\/sites\/49\/2013\/05\/45.jpg 600w, https:\/\/static-blogs.diariosur.es\/wp-content\/uploads\/sites\/49\/2013\/05\/45-224x300.jpg 224w\" sizes=\"(max-width: 600px) 100vw, 600px\" \/><\/a><\/p>\n<p><a href=\"\/pasarelaurbana\/wp-content\/uploads\/sites\/49\/2013\/05\/46.jpg\"><img loading=\"lazy\" class=\"aligncenter size-full wp-image-4384\" title=\"46\" src=\"\/pasarelaurbana\/wp-content\/uploads\/sites\/49\/2013\/05\/46.jpg\" alt=\"\" width=\"600\" height=\"448\" srcset=\"https:\/\/static-blogs.diariosur.es\/wp-content\/uploads\/sites\/49\/2013\/05\/46.jpg 600w, https:\/\/static-blogs.diariosur.es\/wp-content\/uploads\/sites\/49\/2013\/05\/46-300x224.jpg 300w\" sizes=\"(max-width: 600px) 100vw, 600px\" \/><\/a><\/p>\n<p style=\"text-align: center;\"><strong>Cristina P\u00e9rez<\/strong>. Periodista. 28 a\u00f1os<\/p>\n<p style=\"text-align: center;\">Camiseta: De un mercadillo de Londres<\/p>\n<p style=\"text-align: center;\">Poncho: De Ten to Nine<\/p>\n<p style=\"text-align: center;\">Pantal\u00f3n: Zara<\/p>\n<p style=\"text-align: center;\">Botas: Zara<\/p>\n<p style=\"text-align: center;\">Bolso: Comprado en Paris<\/p>\n<p style=\"text-align: center;\">Gafas: Marc Jacobs<\/p>\n<p>&nbsp;<\/p>\n","protected":false},"excerpt":{"rendered":"<p>\u00a1Por fin es viernes! Viernes lluvioso, pero viernes al fin y al cabo que es lo importante. Puede que much@s de vosotr@s aprovech\u00e9is este fin de semana para hacer el temido cambio de armario (ufff qu\u00e9 pereza, yo lo odio!). Si es as\u00ed, \u00a1ojo! con este tiempo tan loco que estamos teniendo, con las temperaturas [&hellip;]<\/p>\n","protected":false},"author":54,"featured_media":0,"comment_status":"open","ping_status":"open","sticky":false,"template":"","format":"standard","meta":[],"categories":[2],"tags":[],"_links":{"self":[{"href":"https:\/\/blogs.diariosur.es\/pasarelaurbana\/wp-json\/wp\/v2\/posts\/4383"}],"collection":[{"href":"https:\/\/blogs.diariosur.es\/pasarelaurbana\/wp-json\/wp\/v2\/posts"}],"about":[{"href":"https:\/\/blogs.diariosur.es\/pasarelaurbana\/wp-json\/wp\/v2\/types\/post"}],"author":[{"embeddable":true,"href":"https:\/\/blogs.diariosur.es\/pasarelaurbana\/wp-json\/wp\/v2\/users\/54"}],"replies":[{"embeddable":true,"href":"https:\/\/blogs.diariosur.es\/pasarelaurbana\/wp-json\/wp\/v2\/comments?post=4383"}],"version-history":[{"count":0,"href":"https:\/\/blogs.diariosur.es\/pasarelaurbana\/wp-json\/wp\/v2\/posts\/4383\/revisions"}],"wp:attachment":[{"href":"https:\/\/blogs.diariosur.es\/pasarelaurbana\/wp-json\/wp\/v2\/media?parent=4383"}],"wp:term":[{"taxonomy":"category","embeddable":true,"href":"https:\/\/blogs.diariosur.es\/pasarelaurbana\/wp-json\/wp\/v2\/categories?post=4383"},{"taxonomy":"post_tag","embeddable":true,"href":"https:\/\/blogs.diariosur.es\/pasarelaurbana\/wp-json\/wp\/v2\/tags?post=4383"}],"curies":[{"name":"wp","href":"https:\/\/api.w.org\/{rel}","templated":true}]}}