{"id":4392,"date":"2013-05-20T11:07:28","date_gmt":"2013-05-20T09:07:28","guid":{"rendered":"http:\/\/blogs.diariosur.es\/pasarelaurbana\/?p=4392"},"modified":"2013-05-20T11:07:28","modified_gmt":"2013-05-20T09:07:28","slug":"la-aguja-malaguena-de-yves-saint-laurent","status":"publish","type":"post","link":"https:\/\/blogs.diariosur.es\/pasarelaurbana\/2013\/05\/20\/la-aguja-malaguena-de-yves-saint-laurent\/","title":{"rendered":"La aguja malague\u00f1a de Yves Saint Laurent"},"content":{"rendered":"<p>\u00a1Feliz lunes! Lo prometido es deuda! Os dije que empezar\u00eda la semana con un reportaje muy especial y aqu\u00ed lo ten\u00e9is. Hace un par de semanas tuve la gran suerte de conocer a Rosario Baca, una sastra malague\u00f1a que trabaj\u00f3 5 a\u00f1os para Dior y 25 para Yves Saint Laurent (todo un lujazo!!) Durante la ma\u00f1ana que pas\u00e9 con ella tuve el privilegio de revivir a trav\u00e9s de sus recuerdos aquella \u00e9poca dorada de la moda parisina. Me cautiv\u00f3 la pasi\u00f3n de esta se\u00f1ora por su profesi\u00f3n, el brillo que irradiaban sus ojos al narrar aquellas historias y an\u00e9cdotas que tejieron el que fue su gran sue\u00f1o hecho realidad. Desde aqu\u00ed, mil gracias a Rosario y a Jes\u00fas Segado, dise\u00f1ador malague\u00f1o de alta costura que le ha devuelto a Baca la ilusi\u00f3n por seguir cosiendo, por present\u00e1rmela. \u00a1Os dejo con el reportaje! \u00a1Espero que os guste!<\/p>\n<p style=\"text-align: center;\">\u00a0&#8212;&#8212;&#8212;&#8212;&#8212;&#8212;&#8212;<\/p>\n<p>Han pasado m\u00e1s de tres d\u00e9cadas, pero a\u00fan recuerda aquella expresi\u00f3n de sus ojos como si fuese ayer. Era su primer trabajo para Yves Saint Laurent y no quer\u00eda defraudarle. Durante d\u00edas, se hab\u00eda afanado por interpretar a la perfecci\u00f3n aquel \u00abgarabato\u00bb entregado por el dise\u00f1ador, de apenas un par de trazos.\u00bfEl resultado? Un elegante traje de chaqueta femenino de corte impecable planchado a conciencia para que cada costura cumpliera su misi\u00f3n. Desde el sal\u00f3n de los talleres parisinos de la m\u00edtica casa de alta costura Rosario buscaba la aprobaci\u00f3n en la mirada del exigente modista que, seg\u00fan rememora emocionada, se qued\u00f3 prendado de sus prendas. Treinta a\u00f1os despu\u00e9s, a\u00fan se emociona al revivir aquel momento, uno de los m\u00e1s importantes de su vida: \u00abYo lo observaba de lejos sin quitarle la mirada. Lo vio y tras repasarlo bien pregunt\u00f3 que qui\u00e9n lo hab\u00eda cosido, que quer\u00eda conocer a la sastra. Entonces me acerqu\u00e9 y me dijo: \u2018Se\u00f1orita (petites main, como \u00e9l nos llamaba) usted tiene mucho talento, no le he tenido que poner ni un alfiler\u2019, por poco me desmayo\u00bb cuenta esta malague\u00f1a que durante 25 a\u00f1os dio forma a muchos de los fabulosos dise\u00f1os de Yves Saint Laurent. Entre ellos, el famoso traje de luces creado por el franc\u00e9s en la colecci\u00f3n oto\u00f1o\/invierno de 1979 (\u00bbcomo era espa\u00f1ola, me pidi\u00f3 que participara en su creaci\u00f3n\u00bb, indica) o la chaqueta de girasoles tributo a Van Gogh, cuajada de pedrer\u00eda, \u00abpesaba una barbaridad, m\u00e1s de 40 kilos, y era complicado manipularla\u00bb, advierte.<\/p>\n<p>Su historia es una de esas que demuestran que los sue\u00f1os a veces se cumplen. Nieta de sastra, ya de peque\u00f1a Rosario se divert\u00eda haciendo mu\u00f1ecos de barro y visti\u00e9ndolos con retales de tela que le daba su madre. A los 13 a\u00f1os su padre, ebanista de profesi\u00f3n, se convirti\u00f3 en uno de los muchos malague\u00f1os que hicieron la maleta para emigrar a Francia. Paris fue su destino. All\u00ed, tras completar la ense\u00f1anza obligatoria, a los 16 ingres\u00f3 en una escuela de alta costura dispuesta a formarse en la que era su gran pasi\u00f3n: la moda. Y no tard\u00f3 en despuntar: \u00abEn el primer curso la profesora me propuso que cosiera una gabardina rosa de seda para su hija de tres a\u00f1os y cuando la vio acabada me dijo: \u00abRosario, tu llegar\u00e1s lejos\u00bb, cuenta sin falsa modestia.<\/p>\n<p>No se equivoc\u00f3. Nada m\u00e1s salir de la academia, Baca (con un brillante expediente acad\u00e9mico como aval) decidi\u00f3 armarse de valor y llamar a las puertas de la mism\u00edsima casa de Christian Dior. Su gran meta desde que pis\u00f3 Paris. Esa gran ilusi\u00f3n con la que hab\u00eda fantaseado tant\u00edsimas veces. \u00abMe present\u00e9 muy bien vestida, con unos taconazos y mi diploma en el bolso para ofrecerme a trabajar. Lo que llevaba por dentro ten\u00eda que explotar entre esas paredes y para mi sorpresa al apreciar mi pasi\u00f3n por la costura me cogieron\u00bb, explica. All\u00ed estuvo cinco a\u00f1os aprendiendo de los grandes y centrada en trabajar las telas vaporosas con mucha ca\u00edda. De aquella etapa recuerda el trato distante y la frialdad con que se trataba a \u00ablas obreras\u00bb, que apenas ten\u00edan contacto directo con las clientas. \u00bfDe las que guarda peor recuerdo? De la esposa del entonces presidente Georges Pompidou, Claude, que -seg\u00fan cuenta-, le hizo desmontar una capa reversible por una diferencia en el cuello de apenas un mil\u00edmetro o de Sofia Loren que se opon\u00eda a tratar con las modistas, \u00abpara vengarme le dej\u00e9 un alfilerito una vez en la entretela de la chaqueta\u00bb, bromea.<\/p>\n<p>Dior fue su segunda casa hasta el nacimiento de sus hijos (primero Sandrina y dos a\u00f1os m\u00e1s tarde Eric) por los que decidi\u00f3 hacer un par\u00e9ntesis en su carrera, que retomar\u00eda \u00abhipnotizada\u00bb cinco a\u00f1os m\u00e1s tarde por los dise\u00f1os de Yves Saint Laurent. Recuerda perfectamente como fue: \u00abEstaba cosiendo un vestido de novia por encargo en casa cuando vi un reportaje en la tele sobre su primera colecci\u00f3n en solitario tras abandonar Dior y casi me desmayo, hasta se me cay\u00f3 el maniqu\u00ed. Entonces supe que ten\u00eda que volver y trabajar para \u00e9l\u00bb, confiesa. Y, una vez m\u00e1s, consigui\u00f3 su prop\u00f3sito. En el taller de sastrer\u00eda estuvo nada menos que 25 intensos a\u00f1os (con jornadas que a veces se prolongaban durante d\u00edas), hasta el cierre del taller en 2002.<\/p>\n<p>Un cuarto de siglo plagado de historias y an\u00e9cdotas. Como la que vivi\u00f3 aquel d\u00eda en que se top\u00f3 con Saint Laurent en las escaleras y le dio la llave del ascensor. \u00ab\u00c9l era muy cercano y prefer\u00eda entrar por la puerta del personal. Cuando me vio con los taconazos me dijo que no pod\u00eda subir andando dos pisos pero yo me negu\u00e9 porque las empleadas ten\u00edamos prohibido usar el elevador. Ante la insistencia acept\u00e9 y al salir me dej\u00f3 la llave y me dijo que la utilizara cuando quisiera. Aquello fue un esc\u00e1ndalo entre mis compa\u00f1eras\u00bb, advierte.<br \/>\nAl dise\u00f1ador lo recuerda t\u00edmido, depresivo \u00abcuando nos llegaban sus bocetos con toda la ropa negra sab\u00edamos que ya estaba otra vez mal\u00bb y muy generoso: \u00abcuando era el d\u00eda de la madre, por ejemplo, nos obsequiaba a todas con un pinta labios y antes de lanzar cualquier perfume nos lo regalaba, era muy detallista y sab\u00eda tratar a su equipo\u00bb, se\u00f1ala Baca, quien puede presumir de haber vestido, entre otras, a Claudia Schiffer \u00able gust\u00f3 tanto el traje rosa que le hice que hasta quiso retratarse conmigo\u00bb, Liza Minelli (\u00bbme encantaba coser para ella porque era encantadora. Le hice much\u00edsimos esmoquin y una vez hasta bail\u00f3 para mi\u00bb) y a alguna que otra reina europea, \u00aba la que no pod\u00edamos coserle etiquetas para que no se supiera que compraba trajes fuera de su pa\u00eds\u00bb.<\/p>\n<p>Mucho ha llovido desde entonces. El cierre de la casa de YSL fue tal palo para ella que Rosario apenas ha cogido una aguja desde aquel d\u00eda; un bloqueo que hoy, a sus 65 a\u00f1os, est\u00e1 empezando a superar gracias al dise\u00f1ador malague\u00f1o Jes\u00fas Segado, a quien descubri\u00f3 en la Pasarela Larios y que, seg\u00fan dice, le ha devuelto aquella ilusi\u00f3n y aquel brillo en los ojos que desprende en la foto suya que ilustra una de las p\u00e1ginas de uno de los libros biogr\u00e1ficos de su admirado Yves, que siempre le acompa\u00f1a. \u00bfSu asignatura pendiente? Crear su propia l\u00ednea de ropa y que desfile por su querida M\u00e1laga de la que presum\u00eda en Paris. \u00bfCoser y cantar? En su caso, literal: \u00abSiempre llegaba cantando y les recordaba a todas mis compa\u00f1eras del taller que era de Capuchinos, el barrio m\u00e1s saleroso\u00bb, concluye.<\/p>\n<p style=\"text-align: left;\"><a href=\"\/pasarelaurbana\/wp-content\/uploads\/sites\/49\/2013\/05\/117.jpg\"><img loading=\"lazy\" class=\"aligncenter size-full wp-image-4395\" title=\"1\" src=\"\/pasarelaurbana\/wp-content\/uploads\/sites\/49\/2013\/05\/117.jpg\" alt=\"\" width=\"600\" height=\"396\" srcset=\"https:\/\/static-blogs.diariosur.es\/wp-content\/uploads\/sites\/49\/2013\/05\/117.jpg 600w, https:\/\/static-blogs.diariosur.es\/wp-content\/uploads\/sites\/49\/2013\/05\/117-300x198.jpg 300w\" sizes=\"(max-width: 600px) 100vw, 600px\" \/><\/a><!--more--><a href=\"\/pasarelaurbana\/wp-content\/uploads\/sites\/49\/2013\/05\/214.jpg\"><img loading=\"lazy\" class=\"aligncenter size-full wp-image-4396\" title=\"2\" src=\"\/pasarelaurbana\/wp-content\/uploads\/sites\/49\/2013\/05\/214.jpg\" alt=\"\" width=\"600\" height=\"775\" srcset=\"https:\/\/static-blogs.diariosur.es\/wp-content\/uploads\/sites\/49\/2013\/05\/214.jpg 600w, https:\/\/static-blogs.diariosur.es\/wp-content\/uploads\/sites\/49\/2013\/05\/214-232x300.jpg 232w\" sizes=\"(max-width: 600px) 100vw, 600px\" \/><\/a><\/p>\n<p style=\"text-align: left;\"><a href=\"\/pasarelaurbana\/wp-content\/uploads\/sites\/49\/2013\/05\/35.jpg\"><img loading=\"lazy\" class=\"aligncenter size-full wp-image-4397\" title=\"3\" src=\"\/pasarelaurbana\/wp-content\/uploads\/sites\/49\/2013\/05\/35.jpg\" alt=\"\" width=\"600\" height=\"362\" srcset=\"https:\/\/static-blogs.diariosur.es\/wp-content\/uploads\/sites\/49\/2013\/05\/35.jpg 600w, https:\/\/static-blogs.diariosur.es\/wp-content\/uploads\/sites\/49\/2013\/05\/35-300x181.jpg 300w\" sizes=\"(max-width: 600px) 100vw, 600px\" \/><\/a><\/p>\n<p style=\"text-align: left;\"><a href=\"\/pasarelaurbana\/wp-content\/uploads\/sites\/49\/2013\/05\/47.jpg\"><img loading=\"lazy\" class=\"aligncenter size-full wp-image-4398\" title=\"4\" src=\"\/pasarelaurbana\/wp-content\/uploads\/sites\/49\/2013\/05\/47.jpg\" alt=\"\" width=\"600\" height=\"448\" srcset=\"https:\/\/static-blogs.diariosur.es\/wp-content\/uploads\/sites\/49\/2013\/05\/47.jpg 600w, https:\/\/static-blogs.diariosur.es\/wp-content\/uploads\/sites\/49\/2013\/05\/47-300x224.jpg 300w\" sizes=\"(max-width: 600px) 100vw, 600px\" \/><\/a><\/p>\n<p style=\"text-align: left;\"><a href=\"\/pasarelaurbana\/wp-content\/uploads\/sites\/49\/2013\/05\/torero.jpg\"><img loading=\"lazy\" class=\"aligncenter size-full wp-image-4399\" title=\"torero\" src=\"\/pasarelaurbana\/wp-content\/uploads\/sites\/49\/2013\/05\/torero.jpg\" alt=\"\" width=\"600\" height=\"815\" srcset=\"https:\/\/static-blogs.diariosur.es\/wp-content\/uploads\/sites\/49\/2013\/05\/torero.jpg 600w, https:\/\/static-blogs.diariosur.es\/wp-content\/uploads\/sites\/49\/2013\/05\/torero-221x300.jpg 221w\" sizes=\"(max-width: 600px) 100vw, 600px\" \/><\/a><\/p>\n<p style=\"text-align: left;\"><a href=\"\/pasarelaurbana\/wp-content\/uploads\/sites\/49\/2013\/05\/girasoles.jpg\"><img loading=\"lazy\" class=\"aligncenter size-full wp-image-4400\" title=\"girasoles\" src=\"\/pasarelaurbana\/wp-content\/uploads\/sites\/49\/2013\/05\/girasoles.jpg\" alt=\"\" width=\"600\" height=\"826\" srcset=\"https:\/\/static-blogs.diariosur.es\/wp-content\/uploads\/sites\/49\/2013\/05\/girasoles.jpg 600w, https:\/\/static-blogs.diariosur.es\/wp-content\/uploads\/sites\/49\/2013\/05\/girasoles-218x300.jpg 218w\" sizes=\"(max-width: 600px) 100vw, 600px\" \/><\/a><\/p>\n<p style=\"text-align: left;\"><a href=\"\/pasarelaurbana\/wp-content\/uploads\/sites\/49\/2013\/05\/yves.jpg\"><img loading=\"lazy\" class=\"aligncenter size-full wp-image-4401\" title=\"yves\" src=\"\/pasarelaurbana\/wp-content\/uploads\/sites\/49\/2013\/05\/yves.jpg\" alt=\"\" width=\"600\" height=\"480\" srcset=\"https:\/\/static-blogs.diariosur.es\/wp-content\/uploads\/sites\/49\/2013\/05\/yves.jpg 600w, https:\/\/static-blogs.diariosur.es\/wp-content\/uploads\/sites\/49\/2013\/05\/yves-300x240.jpg 300w\" sizes=\"(max-width: 600px) 100vw, 600px\" \/><\/a><\/p>\n<p style=\"text-align: left;\"><a href=\"\/pasarelaurbana\/wp-content\/uploads\/sites\/49\/2013\/05\/yvesdos.jpg\"><img loading=\"lazy\" class=\"aligncenter size-full wp-image-4402\" title=\"!SPRINGS 2800-20A\" src=\"\/pasarelaurbana\/wp-content\/uploads\/sites\/49\/2013\/05\/yvesdos.jpg\" alt=\"\" width=\"500\" height=\"762\" srcset=\"https:\/\/static-blogs.diariosur.es\/wp-content\/uploads\/sites\/49\/2013\/05\/yvesdos.jpg 500w, https:\/\/static-blogs.diariosur.es\/wp-content\/uploads\/sites\/49\/2013\/05\/yvesdos-197x300.jpg 197w\" sizes=\"(max-width: 500px) 100vw, 500px\" \/><\/a><\/p>\n<p style=\"text-align: left;\"><a href=\"\/pasarelaurbana\/wp-content\/uploads\/sites\/49\/2013\/05\/yvestres.jpg\"><img loading=\"lazy\" class=\"aligncenter size-full wp-image-4403\" title=\"yvestres\" src=\"\/pasarelaurbana\/wp-content\/uploads\/sites\/49\/2013\/05\/yvestres.jpg\" alt=\"\" width=\"600\" height=\"363\" srcset=\"https:\/\/static-blogs.diariosur.es\/wp-content\/uploads\/sites\/49\/2013\/05\/yvestres.jpg 600w, https:\/\/static-blogs.diariosur.es\/wp-content\/uploads\/sites\/49\/2013\/05\/yvestres-300x182.jpg 300w\" sizes=\"(max-width: 600px) 100vw, 600px\" \/><\/a><\/p>\n<p style=\"text-align: left;\"><a href=\"\/pasarelaurbana\/wp-content\/uploads\/sites\/49\/2013\/05\/55.jpg\"><img loading=\"lazy\" class=\"aligncenter size-full wp-image-4394\" title=\"5\" src=\"\/pasarelaurbana\/wp-content\/uploads\/sites\/49\/2013\/05\/55.jpg\" alt=\"\" width=\"600\" height=\"448\" srcset=\"https:\/\/static-blogs.diariosur.es\/wp-content\/uploads\/sites\/49\/2013\/05\/55.jpg 600w, https:\/\/static-blogs.diariosur.es\/wp-content\/uploads\/sites\/49\/2013\/05\/55-300x224.jpg 300w\" sizes=\"(max-width: 600px) 100vw, 600px\" \/><\/a><\/p>\n<p style=\"text-align: center;\">En las fotos de arriba, Rosario Baca muestra una foto suya publicada en uno de los libros tributo a Yves Saint Laurent, los famosos traje torero y chaqueta de girasoles del dise\u00f1ador (algunos de los que pasaron por la aguja de la malague\u00f1a), fotos de hemeroteca de Saint Laurent y, por \u00faltimo, una foto de recuerdo m\u00eda con Rosario y Jes\u00fas Segado. A ambos, mil gracias por el regalo que ha sido escribir este reportaje.<\/p>\n","protected":false},"excerpt":{"rendered":"<p>\u00a1Feliz lunes! Lo prometido es deuda! Os dije que empezar\u00eda la semana con un reportaje muy especial y aqu\u00ed lo ten\u00e9is. Hace un par de semanas tuve la gran suerte de conocer a Rosario Baca, una sastra malague\u00f1a que trabaj\u00f3 5 a\u00f1os para Dior y 25 para Yves Saint Laurent (todo un lujazo!!) Durante la [&hellip;]<\/p>\n","protected":false},"author":54,"featured_media":0,"comment_status":"open","ping_status":"open","sticky":false,"template":"","format":"standard","meta":[],"categories":[2],"tags":[],"_links":{"self":[{"href":"https:\/\/blogs.diariosur.es\/pasarelaurbana\/wp-json\/wp\/v2\/posts\/4392"}],"collection":[{"href":"https:\/\/blogs.diariosur.es\/pasarelaurbana\/wp-json\/wp\/v2\/posts"}],"about":[{"href":"https:\/\/blogs.diariosur.es\/pasarelaurbana\/wp-json\/wp\/v2\/types\/post"}],"author":[{"embeddable":true,"href":"https:\/\/blogs.diariosur.es\/pasarelaurbana\/wp-json\/wp\/v2\/users\/54"}],"replies":[{"embeddable":true,"href":"https:\/\/blogs.diariosur.es\/pasarelaurbana\/wp-json\/wp\/v2\/comments?post=4392"}],"version-history":[{"count":0,"href":"https:\/\/blogs.diariosur.es\/pasarelaurbana\/wp-json\/wp\/v2\/posts\/4392\/revisions"}],"wp:attachment":[{"href":"https:\/\/blogs.diariosur.es\/pasarelaurbana\/wp-json\/wp\/v2\/media?parent=4392"}],"wp:term":[{"taxonomy":"category","embeddable":true,"href":"https:\/\/blogs.diariosur.es\/pasarelaurbana\/wp-json\/wp\/v2\/categories?post=4392"},{"taxonomy":"post_tag","embeddable":true,"href":"https:\/\/blogs.diariosur.es\/pasarelaurbana\/wp-json\/wp\/v2\/tags?post=4392"}],"curies":[{"name":"wp","href":"https:\/\/api.w.org\/{rel}","templated":true}]}}