{"id":4404,"date":"2013-05-27T15:53:08","date_gmt":"2013-05-27T13:53:08","guid":{"rendered":"http:\/\/blogs.diariosur.es\/pasarelaurbana\/?p=4404"},"modified":"2013-05-27T15:53:08","modified_gmt":"2013-05-27T13:53:08","slug":"a-ensenar-barriga-pero-con-disimulo","status":"publish","type":"post","link":"https:\/\/blogs.diariosur.es\/pasarelaurbana\/2013\/05\/27\/a-ensenar-barriga-pero-con-disimulo\/","title":{"rendered":"\u00a1A ense\u00f1ar barriga!&#8230;Pero con disimulo"},"content":{"rendered":"<p style=\"text-align: center;\">Se denominan <strong>cropped top<\/strong> y son, en mi modesta opini\u00f3n, las prendas de tendencia m\u00e1s arriesgadas de esta temporada. Esta primavera se lleva ense\u00f1ar barriga. Eso s\u00ed, quien pueda. La moda vuelve la vista atr\u00e1s a la <strong>d\u00e9cada de los 80 <\/strong>(\u00bfqui\u00e9n no tiene clavados en la retina aquellos estilismos de Madonna?) y nos anima a lucir ombligo. \u00bfEl resultado? Camisetas y tops se encojen se acortan para dejar al descubierto el abdomen. Quienes tengan la suerte de tenerlo tonificado no tendr\u00e1n reparos para adoptar una tendencia que vimos sobre la pasarela de la mano de\u00a0 firmas como <strong>Dolce&#038;Gabbana, Miu Miu o Balenciaga<\/strong>. Famosas como <strong>Diane Kruger, Miley Cyrus o Kristen Stewart<\/strong> son solo algunas de las celebrities que han cogido el testigo apostando por esta prenda.\u00a0 Sexy, s\u00ed, pero muy peligrosa tambi\u00e9n. La condici\u00f3n indispensable para acertar en el resultado es tener un vientre plano. Como no es mi caso (hace a\u00f1os puede, pero despu\u00e9s de un parto pues como que no) lo cierto es que esta tendencia est\u00e1 en mi lista negra, descartada de mi armario por motivos est\u00e9ticos ( no me siento c\u00f3moda ense\u00f1ando barriga la verdad). Me temo que no soy la \u00fanica&#8230;y por eso me gusta el estilismo de hoy. Nos lo trae <strong>Mari Paz Jim\u00e9nez<\/strong>, una <strong>arquitecta t\u00e9cnico de 41 a\u00f1os<\/strong>. Esta malague\u00f1a le hace un gui\u00f1o a la que es la moda revelaci\u00f3n de esta primavera-verano pero adapt\u00e1ndola a su estilo. La clave est\u00e1 en recurrir a una camisa de Zara de corte ancho y a la barriga combinada con pantalones de talle alto, lo que evita que deje nada al descubierto. Una buena f\u00f3rmula para seguir la moda sin morir en el intento. \u00bfQu\u00e9 os parece? \u00a1Que pas\u00e9is feliz lunes! Os espero en Twitter: @almunogues<\/p>\n<p><a href=\"\/pasarelaurbana\/wp-content\/uploads\/sites\/49\/2013\/05\/301.jpg\"><img loading=\"lazy\" class=\"aligncenter size-full wp-image-4406\" title=\"30\" src=\"\/pasarelaurbana\/wp-content\/uploads\/sites\/49\/2013\/05\/301.jpg\" alt=\"\" width=\"600\" height=\"803\" srcset=\"https:\/\/static-blogs.diariosur.es\/wp-content\/uploads\/sites\/49\/2013\/05\/301.jpg 600w, https:\/\/static-blogs.diariosur.es\/wp-content\/uploads\/sites\/49\/2013\/05\/301-224x300.jpg 224w\" sizes=\"(max-width: 600px) 100vw, 600px\" \/><\/a><!--more--><a href=\"\/pasarelaurbana\/wp-content\/uploads\/sites\/49\/2013\/05\/312.jpg\"><img loading=\"lazy\" class=\"aligncenter size-full wp-image-4407\" title=\"31\" src=\"\/pasarelaurbana\/wp-content\/uploads\/sites\/49\/2013\/05\/312.jpg\" alt=\"\" width=\"600\" height=\"803\" srcset=\"https:\/\/static-blogs.diariosur.es\/wp-content\/uploads\/sites\/49\/2013\/05\/312.jpg 600w, https:\/\/static-blogs.diariosur.es\/wp-content\/uploads\/sites\/49\/2013\/05\/312-224x300.jpg 224w\" sizes=\"(max-width: 600px) 100vw, 600px\" \/><\/a><\/p>\n<p><a href=\"\/pasarelaurbana\/wp-content\/uploads\/sites\/49\/2013\/05\/321.jpg\"><img loading=\"lazy\" class=\"aligncenter size-full wp-image-4408\" title=\"32\" src=\"\/pasarelaurbana\/wp-content\/uploads\/sites\/49\/2013\/05\/321.jpg\" alt=\"\" width=\"600\" height=\"803\" srcset=\"https:\/\/static-blogs.diariosur.es\/wp-content\/uploads\/sites\/49\/2013\/05\/321.jpg 600w, https:\/\/static-blogs.diariosur.es\/wp-content\/uploads\/sites\/49\/2013\/05\/321-224x300.jpg 224w\" sizes=\"(max-width: 600px) 100vw, 600px\" \/><\/a><\/p>\n<p><a href=\"\/pasarelaurbana\/wp-content\/uploads\/sites\/49\/2013\/05\/341.jpg\"><img loading=\"lazy\" class=\"aligncenter size-full wp-image-4405\" title=\"34\" src=\"\/pasarelaurbana\/wp-content\/uploads\/sites\/49\/2013\/05\/341.jpg\" alt=\"\" width=\"600\" height=\"803\" srcset=\"https:\/\/static-blogs.diariosur.es\/wp-content\/uploads\/sites\/49\/2013\/05\/341.jpg 600w, https:\/\/static-blogs.diariosur.es\/wp-content\/uploads\/sites\/49\/2013\/05\/341-224x300.jpg 224w\" sizes=\"(max-width: 600px) 100vw, 600px\" \/><\/a><\/p>\n<p><a href=\"\/pasarelaurbana\/wp-content\/uploads\/sites\/49\/2013\/05\/331.jpg\"><img loading=\"lazy\" class=\"aligncenter size-full wp-image-4409\" title=\"33\" src=\"\/pasarelaurbana\/wp-content\/uploads\/sites\/49\/2013\/05\/331.jpg\" alt=\"\" width=\"600\" height=\"803\" srcset=\"https:\/\/static-blogs.diariosur.es\/wp-content\/uploads\/sites\/49\/2013\/05\/331.jpg 600w, https:\/\/static-blogs.diariosur.es\/wp-content\/uploads\/sites\/49\/2013\/05\/331-224x300.jpg 224w\" sizes=\"(max-width: 600px) 100vw, 600px\" \/><\/a><\/p>\n<p style=\"text-align: center;\"><strong>Mari Paz Jim\u00e9nez<\/strong>. Arquitecta t\u00e9cnico. 41 a\u00f1os<\/p>\n<p style=\"text-align: center;\">Camisa: Zara<\/p>\n<p style=\"text-align: center;\">Pantalones: Mango<\/p>\n<p style=\"text-align: center;\">Zapatos: Camper<\/p>\n<p style=\"text-align: center;\">Collar: Sfera<\/p>\n<p style=\"text-align: center;\">Bolso: Sfera<\/p>\n","protected":false},"excerpt":{"rendered":"<p>Se denominan cropped top y son, en mi modesta opini\u00f3n, las prendas de tendencia m\u00e1s arriesgadas de esta temporada. Esta primavera se lleva ense\u00f1ar barriga. Eso s\u00ed, quien pueda. La moda vuelve la vista atr\u00e1s a la d\u00e9cada de los 80 (\u00bfqui\u00e9n no tiene clavados en la retina aquellos estilismos de Madonna?) y nos anima [&hellip;]<\/p>\n","protected":false},"author":54,"featured_media":0,"comment_status":"open","ping_status":"open","sticky":false,"template":"","format":"standard","meta":[],"categories":[2],"tags":[],"_links":{"self":[{"href":"https:\/\/blogs.diariosur.es\/pasarelaurbana\/wp-json\/wp\/v2\/posts\/4404"}],"collection":[{"href":"https:\/\/blogs.diariosur.es\/pasarelaurbana\/wp-json\/wp\/v2\/posts"}],"about":[{"href":"https:\/\/blogs.diariosur.es\/pasarelaurbana\/wp-json\/wp\/v2\/types\/post"}],"author":[{"embeddable":true,"href":"https:\/\/blogs.diariosur.es\/pasarelaurbana\/wp-json\/wp\/v2\/users\/54"}],"replies":[{"embeddable":true,"href":"https:\/\/blogs.diariosur.es\/pasarelaurbana\/wp-json\/wp\/v2\/comments?post=4404"}],"version-history":[{"count":0,"href":"https:\/\/blogs.diariosur.es\/pasarelaurbana\/wp-json\/wp\/v2\/posts\/4404\/revisions"}],"wp:attachment":[{"href":"https:\/\/blogs.diariosur.es\/pasarelaurbana\/wp-json\/wp\/v2\/media?parent=4404"}],"wp:term":[{"taxonomy":"category","embeddable":true,"href":"https:\/\/blogs.diariosur.es\/pasarelaurbana\/wp-json\/wp\/v2\/categories?post=4404"},{"taxonomy":"post_tag","embeddable":true,"href":"https:\/\/blogs.diariosur.es\/pasarelaurbana\/wp-json\/wp\/v2\/tags?post=4404"}],"curies":[{"name":"wp","href":"https:\/\/api.w.org\/{rel}","templated":true}]}}