{"id":4410,"date":"2013-05-21T17:06:03","date_gmt":"2013-05-21T15:06:03","guid":{"rendered":"http:\/\/blogs.diariosur.es\/pasarelaurbana\/?p=4410"},"modified":"2013-05-21T17:06:03","modified_gmt":"2013-05-21T15:06:03","slug":"una-educadora-con-estilo-boyish","status":"publish","type":"post","link":"https:\/\/blogs.diariosur.es\/pasarelaurbana\/2013\/05\/21\/una-educadora-con-estilo-boyish\/","title":{"rendered":"Una educadora con estilo boyish"},"content":{"rendered":"<p style=\"text-align: center;\">\u00a1Buenas! \u00a1Vamos a por el martes! En este caso, repasando las claves de una de las tendencias que arrasa esta primavera. Os hablo del estilo boyish o, lo que es lo mismo, la masculinizaci\u00f3n del armario femenino. Esta temporada olv\u00eddate de ir ce\u00f1ida. Se llevan las prendas holgadas que parecen sacadas del vestidor de nuestro chico\/padre\/hermano\/amigo. Celebrities\u00a0como Jessica Alba, Sarah Jessica Parker o Victoria Beckham se han sumado a esta moda, sentenciando definitivamente este must have. Lucirlo es sencillo: basta apostar por una camisa o una blazer XL (como si nos sobraran varias tallas) y combinarlas, por ejemplo, con unos pantalones anchos de efecto roto, como los que propone <strong>Elisabeth Molina<\/strong>, la protagonista del street style de hoy. Esta educadora malague\u00f1a de 26 a\u00f1os se rinde a la comodidad de esta tendencia que, como destaca, es f\u00e1cil de llevar. Una camisa de Zara de cuadros vichy azules y unos jeans desgastados de Stradivarius componen su &#8216;outfit&#8217;, casual y urbano. \u00bfEl toque chic? Los bajos remangados que dejan ver los tobillos. Un gesto fundamental para aportar feminidad al look que, en mi caso, combinar\u00eda con una salones de taconazo para crear un mayor contraste. Uno de los riesgos del estilo boyish es acabar pareciendo un chico as\u00ed que el truco es dosificarlo en su justa medida y maridarlo con toques muy femeninos (pueden ser unos taconazos como os he dicho, unos labios rojos llamativos o un collar joya). \u00a1En la mezcla est\u00e1 el \u00e9xito! Os dejo con Elisabeth. \u00a1Hasta ma\u00f1ana! Os espero en Twitter. @almunogues<\/p>\n<p><a href=\"\/pasarelaurbana\/wp-content\/uploads\/sites\/49\/2013\/05\/50.jpg\"><img loading=\"lazy\" class=\"aligncenter size-full wp-image-4412\" title=\"50\" src=\"\/pasarelaurbana\/wp-content\/uploads\/sites\/49\/2013\/05\/50.jpg\" alt=\"\" width=\"600\" height=\"803\" srcset=\"https:\/\/static-blogs.diariosur.es\/wp-content\/uploads\/sites\/49\/2013\/05\/50.jpg 600w, https:\/\/static-blogs.diariosur.es\/wp-content\/uploads\/sites\/49\/2013\/05\/50-224x300.jpg 224w\" sizes=\"(max-width: 600px) 100vw, 600px\" \/><\/a><!--more--><\/p>\n<p><a href=\"\/pasarelaurbana\/wp-content\/uploads\/sites\/49\/2013\/05\/511.jpg\"><img loading=\"lazy\" class=\"aligncenter size-full wp-image-4413\" title=\"51\" src=\"\/pasarelaurbana\/wp-content\/uploads\/sites\/49\/2013\/05\/511.jpg\" alt=\"\" width=\"600\" height=\"803\" srcset=\"https:\/\/static-blogs.diariosur.es\/wp-content\/uploads\/sites\/49\/2013\/05\/511.jpg 600w, https:\/\/static-blogs.diariosur.es\/wp-content\/uploads\/sites\/49\/2013\/05\/511-224x300.jpg 224w\" sizes=\"(max-width: 600px) 100vw, 600px\" \/><\/a><\/p>\n<p><a href=\"\/pasarelaurbana\/wp-content\/uploads\/sites\/49\/2013\/05\/521.jpg\"><img loading=\"lazy\" class=\"aligncenter size-full wp-image-4414\" title=\"52\" src=\"\/pasarelaurbana\/wp-content\/uploads\/sites\/49\/2013\/05\/521.jpg\" alt=\"\" width=\"600\" height=\"448\" srcset=\"https:\/\/static-blogs.diariosur.es\/wp-content\/uploads\/sites\/49\/2013\/05\/521.jpg 600w, https:\/\/static-blogs.diariosur.es\/wp-content\/uploads\/sites\/49\/2013\/05\/521-300x224.jpg 300w\" sizes=\"(max-width: 600px) 100vw, 600px\" \/><\/a><\/p>\n<p><a href=\"\/pasarelaurbana\/wp-content\/uploads\/sites\/49\/2013\/05\/531.jpg\"><img loading=\"lazy\" class=\"aligncenter size-full wp-image-4415\" title=\"53\" src=\"\/pasarelaurbana\/wp-content\/uploads\/sites\/49\/2013\/05\/531.jpg\" alt=\"\" width=\"600\" height=\"803\" srcset=\"https:\/\/static-blogs.diariosur.es\/wp-content\/uploads\/sites\/49\/2013\/05\/531.jpg 600w, https:\/\/static-blogs.diariosur.es\/wp-content\/uploads\/sites\/49\/2013\/05\/531-224x300.jpg 224w\" sizes=\"(max-width: 600px) 100vw, 600px\" \/><\/a><\/p>\n<p><a href=\"\/pasarelaurbana\/wp-content\/uploads\/sites\/49\/2013\/05\/541.jpg\"><img loading=\"lazy\" class=\"aligncenter size-full wp-image-4416\" title=\"54\" src=\"\/pasarelaurbana\/wp-content\/uploads\/sites\/49\/2013\/05\/541.jpg\" alt=\"\" width=\"600\" height=\"803\" srcset=\"https:\/\/static-blogs.diariosur.es\/wp-content\/uploads\/sites\/49\/2013\/05\/541.jpg 600w, https:\/\/static-blogs.diariosur.es\/wp-content\/uploads\/sites\/49\/2013\/05\/541-224x300.jpg 224w\" sizes=\"(max-width: 600px) 100vw, 600px\" \/><\/a><\/p>\n<p><a href=\"\/pasarelaurbana\/wp-content\/uploads\/sites\/49\/2013\/05\/551.jpg\"><img loading=\"lazy\" class=\"aligncenter size-full wp-image-4411\" title=\"55\" src=\"\/pasarelaurbana\/wp-content\/uploads\/sites\/49\/2013\/05\/551.jpg\" alt=\"\" width=\"600\" height=\"803\" srcset=\"https:\/\/static-blogs.diariosur.es\/wp-content\/uploads\/sites\/49\/2013\/05\/551.jpg 600w, https:\/\/static-blogs.diariosur.es\/wp-content\/uploads\/sites\/49\/2013\/05\/551-224x300.jpg 224w\" sizes=\"(max-width: 600px) 100vw, 600px\" \/><\/a><\/p>\n<p style=\"text-align: center;\"><strong>Elisabeth Molina<\/strong>. Educadora. 26 a\u00f1os<\/p>\n<p style=\"text-align: center;\">Camisa: Zara<\/p>\n<p style=\"text-align: center;\">Pantalones: Stradivarius<\/p>\n<p style=\"text-align: center;\">Manoletinas: Blanco<\/p>\n<p style=\"text-align: center;\">Bolso: Oysho<\/p>\n<p style=\"text-align: center;\">\n","protected":false},"excerpt":{"rendered":"<p>\u00a1Buenas! \u00a1Vamos a por el martes! En este caso, repasando las claves de una de las tendencias que arrasa esta primavera. Os hablo del estilo boyish o, lo que es lo mismo, la masculinizaci\u00f3n del armario femenino. Esta temporada olv\u00eddate de ir ce\u00f1ida. Se llevan las prendas holgadas que parecen sacadas del vestidor de nuestro [&hellip;]<\/p>\n","protected":false},"author":54,"featured_media":0,"comment_status":"open","ping_status":"open","sticky":false,"template":"","format":"standard","meta":[],"categories":[2],"tags":[],"_links":{"self":[{"href":"https:\/\/blogs.diariosur.es\/pasarelaurbana\/wp-json\/wp\/v2\/posts\/4410"}],"collection":[{"href":"https:\/\/blogs.diariosur.es\/pasarelaurbana\/wp-json\/wp\/v2\/posts"}],"about":[{"href":"https:\/\/blogs.diariosur.es\/pasarelaurbana\/wp-json\/wp\/v2\/types\/post"}],"author":[{"embeddable":true,"href":"https:\/\/blogs.diariosur.es\/pasarelaurbana\/wp-json\/wp\/v2\/users\/54"}],"replies":[{"embeddable":true,"href":"https:\/\/blogs.diariosur.es\/pasarelaurbana\/wp-json\/wp\/v2\/comments?post=4410"}],"version-history":[{"count":0,"href":"https:\/\/blogs.diariosur.es\/pasarelaurbana\/wp-json\/wp\/v2\/posts\/4410\/revisions"}],"wp:attachment":[{"href":"https:\/\/blogs.diariosur.es\/pasarelaurbana\/wp-json\/wp\/v2\/media?parent=4410"}],"wp:term":[{"taxonomy":"category","embeddable":true,"href":"https:\/\/blogs.diariosur.es\/pasarelaurbana\/wp-json\/wp\/v2\/categories?post=4410"},{"taxonomy":"post_tag","embeddable":true,"href":"https:\/\/blogs.diariosur.es\/pasarelaurbana\/wp-json\/wp\/v2\/tags?post=4410"}],"curies":[{"name":"wp","href":"https:\/\/api.w.org\/{rel}","templated":true}]}}