{"id":4418,"date":"2013-05-22T15:34:06","date_gmt":"2013-05-22T13:34:06","guid":{"rendered":"http:\/\/blogs.diariosur.es\/pasarelaurbana\/?p=4418"},"modified":"2013-05-22T15:34:06","modified_gmt":"2013-05-22T13:34:06","slug":"tres-faldas-de-temporada-seis-looks-propuestas-para-llevarlas-de-dia-y-de-noche","status":"publish","type":"post","link":"https:\/\/blogs.diariosur.es\/pasarelaurbana\/2013\/05\/22\/tres-faldas-de-temporada-seis-looks-propuestas-para-llevarlas-de-dia-y-de-noche\/","title":{"rendered":"Tres faldas de temporada, seis looks: propuestas para llevarlas de d\u00eda y de noche"},"content":{"rendered":"<p style=\"text-align: center;\">\u00a1Buenas! Hoy toca post de ideas. Ayer aprovech\u00e9 que estuve en casa por la tarde para rebuscar en el armario algunas de mis \u00faltimas adquisiciones y construir estilismos. \u00bfEl objetivo? Seleccionaros<strong> tres faldas imprescindibles esta temporada y crear<\/strong> <strong>con cada una de ellas dos looks diferentes<\/strong>: uno m\u00e1s desenfadado para el d\u00eda a d\u00eda (para una jornada de trabajo, para dar un paseo o quedar a comer) y un segundo &#8216;outfit&#8217; m\u00e1s arreglado tomando la misma falda de base pero marid\u00e1ndola con otras prendas m\u00e1s formales con las que, por ejemplo, salir a cenar. \u00bfLas elegidas? Pues como os he comentado, tres faldas de tendencia absoluta esta primavera (que casualmente son de Zara): dos de ellas de tejido <strong>tipo tapicero<\/strong> (de esas que parecen que nos hemos confeccionado con las cortinas de casa y que quedan genial ya que suelen tener el talle alto y el grosor id\u00f3neo para disimular kilillos de m\u00e1s) y una tercera de<strong> print \u00e9tnico<\/strong> en los tonos que arrasan: el bicolor blanco y negro. \u00a1Comenzamos! \u00a1Espero que os guste y os sirva de inspiraci\u00f3n!<\/p>\n<p>&nbsp;<\/p>\n<p><a href=\"\/pasarelaurbana\/wp-content\/uploads\/sites\/49\/2013\/05\/montajefaldas.jpg\"><img loading=\"lazy\" class=\"aligncenter size-full wp-image-4441\" title=\"montajefaldas\" src=\"\/pasarelaurbana\/wp-content\/uploads\/sites\/49\/2013\/05\/montajefaldas.jpg\" alt=\"\" width=\"600\" height=\"600\" srcset=\"https:\/\/static-blogs.diariosur.es\/wp-content\/uploads\/sites\/49\/2013\/05\/montajefaldas.jpg 600w, https:\/\/static-blogs.diariosur.es\/wp-content\/uploads\/sites\/49\/2013\/05\/montajefaldas-150x150.jpg 150w, https:\/\/static-blogs.diariosur.es\/wp-content\/uploads\/sites\/49\/2013\/05\/montajefaldas-300x300.jpg 300w\" sizes=\"(max-width: 600px) 100vw, 600px\" \/><\/a><\/p>\n<p><!--more--><\/p>\n<p style=\"text-align: center;\"><strong>FALDA<\/strong> <strong>1<\/strong>: TAPICERA, CON AIRES \u00c9TNICOS EN ROSA Y ROJO<\/p>\n<p><a href=\"\/pasarelaurbana\/wp-content\/uploads\/sites\/49\/2013\/05\/36.jpg\"><img loading=\"lazy\" class=\"aligncenter size-full wp-image-4422\" title=\"3\" src=\"\/pasarelaurbana\/wp-content\/uploads\/sites\/49\/2013\/05\/36.jpg\" alt=\"\" width=\"600\" height=\"448\" srcset=\"https:\/\/static-blogs.diariosur.es\/wp-content\/uploads\/sites\/49\/2013\/05\/36.jpg 600w, https:\/\/static-blogs.diariosur.es\/wp-content\/uploads\/sites\/49\/2013\/05\/36-300x224.jpg 300w\" sizes=\"(max-width: 600px) 100vw, 600px\" \/><\/a><\/p>\n<p style=\"text-align: center;\"><strong>PARA EL D\u00cdA<\/strong>:\u00a0 Con camisa vaquera (un b\u00e1sico que nunca falla) y collar joya<\/p>\n<p><a href=\"\/pasarelaurbana\/wp-content\/uploads\/sites\/49\/2013\/05\/118.jpg\"><img loading=\"lazy\" class=\"aligncenter size-full wp-image-4420\" title=\"1\" src=\"\/pasarelaurbana\/wp-content\/uploads\/sites\/49\/2013\/05\/118.jpg\" alt=\"\" width=\"600\" height=\"803\" srcset=\"https:\/\/static-blogs.diariosur.es\/wp-content\/uploads\/sites\/49\/2013\/05\/118.jpg 600w, https:\/\/static-blogs.diariosur.es\/wp-content\/uploads\/sites\/49\/2013\/05\/118-224x300.jpg 224w\" sizes=\"(max-width: 600px) 100vw, 600px\" \/><\/a><\/p>\n<p style=\"text-align: center;\"><a href=\"\/pasarelaurbana\/wp-content\/uploads\/sites\/49\/2013\/05\/215.jpg\"><img loading=\"lazy\" class=\"aligncenter size-full wp-image-4421\" title=\"2\" src=\"\/pasarelaurbana\/wp-content\/uploads\/sites\/49\/2013\/05\/215.jpg\" alt=\"\" width=\"600\" height=\"448\" srcset=\"https:\/\/static-blogs.diariosur.es\/wp-content\/uploads\/sites\/49\/2013\/05\/215.jpg 600w, https:\/\/static-blogs.diariosur.es\/wp-content\/uploads\/sites\/49\/2013\/05\/215-300x224.jpg 300w\" sizes=\"(max-width: 600px) 100vw, 600px\" \/><\/a><\/p>\n<p style=\"text-align: center;\">Una buena camisa vaquera te soluciona cualquier look. En este caso me gusta la pareja que hace con la falda, a la que da un toque juvenil y m\u00e1s casual. \u00c9sta es de <strong>Bershka<\/strong>, de hace varias temporadas, y me encanta el efecto globo de la manga, que aporta volumen. De <strong>Bershka<\/strong> (nuevo) es el collar joya (lo ideal es llevarlo sobre la camisa cerrada para lucirlo bien). Se trata de un modelo que copia a otro que sac\u00f3 Zara este oto\u00f1\u00f3 y que fue un must. Lleva \u00e1guila de pedrer\u00eda y cord\u00f3n nude. \u00a1Muy favorecedor!<\/p>\n<p style=\"text-align: center;\"><strong>PARA LA NOCHE<\/strong>: Con camisa rom\u00e1ntica con pedrer\u00eda y delicado clutch de cristales<\/p>\n<p><a href=\"\/pasarelaurbana\/wp-content\/uploads\/sites\/49\/2013\/05\/48.jpg\"><img loading=\"lazy\" class=\"aligncenter size-full wp-image-4423\" title=\"4\" src=\"\/pasarelaurbana\/wp-content\/uploads\/sites\/49\/2013\/05\/48.jpg\" alt=\"\" width=\"600\" height=\"803\" srcset=\"https:\/\/static-blogs.diariosur.es\/wp-content\/uploads\/sites\/49\/2013\/05\/48.jpg 600w, https:\/\/static-blogs.diariosur.es\/wp-content\/uploads\/sites\/49\/2013\/05\/48-224x300.jpg 224w\" sizes=\"(max-width: 600px) 100vw, 600px\" \/><\/a><\/p>\n<p><a href=\"\/pasarelaurbana\/wp-content\/uploads\/sites\/49\/2013\/05\/56.jpg\"><img loading=\"lazy\" class=\"aligncenter size-full wp-image-4424\" title=\"5\" src=\"\/pasarelaurbana\/wp-content\/uploads\/sites\/49\/2013\/05\/56.jpg\" alt=\"\" width=\"600\" height=\"448\" srcset=\"https:\/\/static-blogs.diariosur.es\/wp-content\/uploads\/sites\/49\/2013\/05\/56.jpg 600w, https:\/\/static-blogs.diariosur.es\/wp-content\/uploads\/sites\/49\/2013\/05\/56-300x224.jpg 300w\" sizes=\"(max-width: 600px) 100vw, 600px\" \/><\/a><\/p>\n<p><a href=\"\/pasarelaurbana\/wp-content\/uploads\/sites\/49\/2013\/05\/66.jpg\"><img loading=\"lazy\" class=\"aligncenter size-full wp-image-4425\" title=\"6\" src=\"\/pasarelaurbana\/wp-content\/uploads\/sites\/49\/2013\/05\/66.jpg\" alt=\"\" width=\"600\" height=\"448\" srcset=\"https:\/\/static-blogs.diariosur.es\/wp-content\/uploads\/sites\/49\/2013\/05\/66.jpg 600w, https:\/\/static-blogs.diariosur.es\/wp-content\/uploads\/sites\/49\/2013\/05\/66-300x224.jpg 300w\" sizes=\"(max-width: 600px) 100vw, 600px\" \/><\/a><\/p>\n<p style=\"text-align: center;\">Para salir a cenar mi propuesta pasa por sustituir la blusa por otra m\u00e1s especial, como \u00e9sta vaporosa en rosa palo con pedrer\u00eda en la zona de las hombreras que adquir\u00ed en el <strong>mercadillo de El Palo<\/strong> (el que antes pon\u00edan en Ba\u00f1os del Carmen). El mejor complemento en este caso en un <strong>bolso vintage<\/strong> cuajado de pedrer\u00eda que hered\u00e9 de mi abuela y que es una aut\u00e9ntica maravilla.<\/p>\n<p style=\"text-align: center;\"><strong>FALDA DOS<\/strong>: TAPICERA CON MIX DE COLORES DE TEMPORADA<\/p>\n<p>&nbsp;<\/p>\n<p><a href=\"\/pasarelaurbana\/wp-content\/uploads\/sites\/49\/2013\/05\/96.jpg\"><img loading=\"lazy\" class=\"aligncenter size-full wp-image-4428\" title=\"9\" src=\"\/pasarelaurbana\/wp-content\/uploads\/sites\/49\/2013\/05\/96.jpg\" alt=\"\" width=\"600\" height=\"448\" srcset=\"https:\/\/static-blogs.diariosur.es\/wp-content\/uploads\/sites\/49\/2013\/05\/96.jpg 600w, https:\/\/static-blogs.diariosur.es\/wp-content\/uploads\/sites\/49\/2013\/05\/96-300x224.jpg 300w\" sizes=\"(max-width: 600px) 100vw, 600px\" \/><\/a><\/p>\n<p style=\"text-align: center;\"><strong>PARA EL D\u00cdA<\/strong>: Con camisa roja y collar vintage<\/p>\n<p>&nbsp;<\/p>\n<p><a href=\"\/pasarelaurbana\/wp-content\/uploads\/sites\/49\/2013\/05\/76.jpg\"><img loading=\"lazy\" class=\"aligncenter size-full wp-image-4426\" title=\"7\" src=\"\/pasarelaurbana\/wp-content\/uploads\/sites\/49\/2013\/05\/76.jpg\" alt=\"\" width=\"600\" height=\"803\" srcset=\"https:\/\/static-blogs.diariosur.es\/wp-content\/uploads\/sites\/49\/2013\/05\/76.jpg 600w, https:\/\/static-blogs.diariosur.es\/wp-content\/uploads\/sites\/49\/2013\/05\/76-224x300.jpg 224w\" sizes=\"(max-width: 600px) 100vw, 600px\" \/><\/a><\/p>\n<p style=\"text-align: center;\"><a href=\"\/pasarelaurbana\/wp-content\/uploads\/sites\/49\/2013\/05\/86.jpg\"><img loading=\"lazy\" class=\"aligncenter size-full wp-image-4427\" title=\"8\" src=\"\/pasarelaurbana\/wp-content\/uploads\/sites\/49\/2013\/05\/86.jpg\" alt=\"\" width=\"600\" height=\"448\" srcset=\"https:\/\/static-blogs.diariosur.es\/wp-content\/uploads\/sites\/49\/2013\/05\/86.jpg 600w, https:\/\/static-blogs.diariosur.es\/wp-content\/uploads\/sites\/49\/2013\/05\/86-300x224.jpg 300w\" sizes=\"(max-width: 600px) 100vw, 600px\" \/><\/a><\/p>\n<p style=\"text-align: center;\">Hay detalles que marcan la diferencia, y los de esta camisa lo constituyen los volantes de las mangas (preciosos!). Es de <strong>Zara<\/strong> de la nueva colecci\u00f3n, perfecta para incorporar en un look de d\u00eda con la falta tapicera, tambi\u00e9n del buque insignia de Inditex. Me gusta la combinaci\u00f3n de colores (muy alegre) y la fuerza que le imprime el rojo al conjunto, en el que tambi\u00e9n juega un appel proptagonista el collar joya vintage adquirido en el<strong> mercadillo de Fuengirola<\/strong> (me lo regal\u00f3 una amiga y estoy enamorada de \u00e9l, es s\u00faper result\u00f3n).<\/p>\n<p style=\"text-align: center;\"><strong>PARA LA NOCHE<\/strong>: Con jersey negro de manga francesa en negro, cadena XL y bolso de pailletes doradas<\/p>\n<p><a href=\"\/pasarelaurbana\/wp-content\/uploads\/sites\/49\/2013\/05\/106.jpg\"><img loading=\"lazy\" class=\"aligncenter size-full wp-image-4429\" title=\"10\" src=\"\/pasarelaurbana\/wp-content\/uploads\/sites\/49\/2013\/05\/106.jpg\" alt=\"\" width=\"600\" height=\"803\" srcset=\"https:\/\/static-blogs.diariosur.es\/wp-content\/uploads\/sites\/49\/2013\/05\/106.jpg 600w, https:\/\/static-blogs.diariosur.es\/wp-content\/uploads\/sites\/49\/2013\/05\/106-224x300.jpg 224w\" sizes=\"(max-width: 600px) 100vw, 600px\" \/><\/a><\/p>\n<p><a href=\"\/pasarelaurbana\/wp-content\/uploads\/sites\/49\/2013\/05\/119.jpg\"><img loading=\"lazy\" class=\"aligncenter size-full wp-image-4430\" title=\"11\" src=\"\/pasarelaurbana\/wp-content\/uploads\/sites\/49\/2013\/05\/119.jpg\" alt=\"\" width=\"600\" height=\"803\" srcset=\"https:\/\/static-blogs.diariosur.es\/wp-content\/uploads\/sites\/49\/2013\/05\/119.jpg 600w, https:\/\/static-blogs.diariosur.es\/wp-content\/uploads\/sites\/49\/2013\/05\/119-224x300.jpg 224w\" sizes=\"(max-width: 600px) 100vw, 600px\" \/><\/a><\/p>\n<p style=\"text-align: center;\"><a href=\"\/pasarelaurbana\/wp-content\/uploads\/sites\/49\/2013\/05\/124.jpg\"><img loading=\"lazy\" class=\"aligncenter size-full wp-image-4419\" title=\"12\" src=\"\/pasarelaurbana\/wp-content\/uploads\/sites\/49\/2013\/05\/124.jpg\" alt=\"\" width=\"600\" height=\"803\" srcset=\"https:\/\/static-blogs.diariosur.es\/wp-content\/uploads\/sites\/49\/2013\/05\/124.jpg 600w, https:\/\/static-blogs.diariosur.es\/wp-content\/uploads\/sites\/49\/2013\/05\/124-224x300.jpg 224w\" sizes=\"(max-width: 600px) 100vw, 600px\" \/><\/a><\/p>\n<p style=\"text-align: center;\">El negro es un cl\u00e1sico infalible para cualquier look nocturno, ya que aporta sofisticaci\u00f3n. En este caso, ti\u00f1e un jersey de manga francesa transparente (de <strong>Zara<\/strong>) que combino para realzarlo con un collar XL de eslabones dorados con detalle de leoprado con pedrer\u00eda (Zara) y bolso de pailletes doradas de mi fondo de armario (lleva tantos a\u00f1os conmigo que ya ni recuerdo d\u00f3nde lo compr\u00e9).<\/p>\n<p style=\"text-align: center;\"><strong>FALDA3<\/strong>: \u00c9TNICA Y BICOLOR, DOS TENDENCIAS IMPRESCINDIBLES ESTA PRIMAVERA<\/p>\n<p>&nbsp;<\/p>\n<p><a href=\"\/pasarelaurbana\/wp-content\/uploads\/sites\/49\/2013\/05\/153.jpg\"><img loading=\"lazy\" class=\"aligncenter\" title=\"15\" src=\"\/pasarelaurbana\/wp-content\/uploads\/sites\/49\/2013\/05\/153.jpg\" alt=\"\" width=\"600\" height=\"448\" \/><\/a><\/p>\n<p style=\"text-align: center;\">\u00a0<strong>PARA EL D\u00cdA<\/strong>: Con camiseta \u00e9tnica amarilla, Satchel fl\u00faor, cintur\u00f3n joya y sandalias<\/p>\n<p><a href=\"\/pasarelaurbana\/wp-content\/uploads\/sites\/49\/2013\/05\/134.jpg\"><img loading=\"lazy\" class=\"aligncenter size-full wp-image-4432\" title=\"13\" src=\"\/pasarelaurbana\/wp-content\/uploads\/sites\/49\/2013\/05\/134.jpg\" alt=\"\" width=\"600\" height=\"448\" srcset=\"https:\/\/static-blogs.diariosur.es\/wp-content\/uploads\/sites\/49\/2013\/05\/134.jpg 600w, https:\/\/static-blogs.diariosur.es\/wp-content\/uploads\/sites\/49\/2013\/05\/134-300x224.jpg 300w\" sizes=\"(max-width: 600px) 100vw, 600px\" \/><\/a><\/p>\n<p><a href=\"\/pasarelaurbana\/wp-content\/uploads\/sites\/49\/2013\/05\/143.jpg\"><img loading=\"lazy\" class=\"aligncenter size-full wp-image-4433\" title=\"14\" src=\"\/pasarelaurbana\/wp-content\/uploads\/sites\/49\/2013\/05\/143.jpg\" alt=\"\" width=\"600\" height=\"803\" srcset=\"https:\/\/static-blogs.diariosur.es\/wp-content\/uploads\/sites\/49\/2013\/05\/143.jpg 600w, https:\/\/static-blogs.diariosur.es\/wp-content\/uploads\/sites\/49\/2013\/05\/143-224x300.jpg 224w\" sizes=\"(max-width: 600px) 100vw, 600px\" \/><\/a><\/p>\n<p>&nbsp;<\/p>\n<p><a href=\"\/pasarelaurbana\/wp-content\/uploads\/sites\/49\/2013\/05\/163.jpg\"><img loading=\"lazy\" class=\"aligncenter size-full wp-image-4435\" title=\"16\" src=\"\/pasarelaurbana\/wp-content\/uploads\/sites\/49\/2013\/05\/163.jpg\" alt=\"\" width=\"600\" height=\"448\" srcset=\"https:\/\/static-blogs.diariosur.es\/wp-content\/uploads\/sites\/49\/2013\/05\/163.jpg 600w, https:\/\/static-blogs.diariosur.es\/wp-content\/uploads\/sites\/49\/2013\/05\/163-300x224.jpg 300w\" sizes=\"(max-width: 600px) 100vw, 600px\" \/><\/a><\/p>\n<p><a href=\"\/pasarelaurbana\/wp-content\/uploads\/sites\/49\/2013\/05\/173.jpg\"><img loading=\"lazy\" class=\"aligncenter size-full wp-image-4436\" title=\"17\" src=\"\/pasarelaurbana\/wp-content\/uploads\/sites\/49\/2013\/05\/173.jpg\" alt=\"\" width=\"600\" height=\"803\" srcset=\"https:\/\/static-blogs.diariosur.es\/wp-content\/uploads\/sites\/49\/2013\/05\/173.jpg 600w, https:\/\/static-blogs.diariosur.es\/wp-content\/uploads\/sites\/49\/2013\/05\/173-224x300.jpg 224w\" sizes=\"(max-width: 600px) 100vw, 600px\" \/><\/a><\/p>\n<p><a href=\"\/pasarelaurbana\/wp-content\/uploads\/sites\/49\/2013\/05\/182.jpg\"><img loading=\"lazy\" class=\"aligncenter size-full wp-image-4437\" title=\"18\" src=\"\/pasarelaurbana\/wp-content\/uploads\/sites\/49\/2013\/05\/182.jpg\" alt=\"\" width=\"600\" height=\"803\" srcset=\"https:\/\/static-blogs.diariosur.es\/wp-content\/uploads\/sites\/49\/2013\/05\/182.jpg 600w, https:\/\/static-blogs.diariosur.es\/wp-content\/uploads\/sites\/49\/2013\/05\/182-224x300.jpg 224w\" sizes=\"(max-width: 600px) 100vw, 600px\" \/><\/a><\/p>\n<p style=\"text-align: center;\">Una alegre camiseta amarilla de corte nadadora (de <strong>Bershka<\/strong>) es mi apuesta para maridar de d\u00eda esta falda de vuelo de Zara. El amarillo es el color revelaci\u00f3n del momento y me gusta c\u00f3mo queda con el blanco y el negro. Remato el look con cintur\u00f3n plateado con pedrer\u00eda lima (lo pill\u00e9 de casualidad en la liquidaci\u00f3n de las rebajas de <strong>Zara<\/strong> a 3 euros y fue un flechazo), Satchel amarillo fl\u00faor de <strong>Stella Rittwagen<\/strong> y cu\u00f1as negras de <strong>Oysho<\/strong> de esta temporada (muy recomendables, son comod\u00edsimas).<\/p>\n<p style=\"text-align: center;\"><strong>PARA LA NOCHE<\/strong>: Con jersey de hilo de pailletes plateadas, limosnera negra y sandalias frambuesa<\/p>\n<p><a href=\"\/pasarelaurbana\/wp-content\/uploads\/sites\/49\/2013\/05\/191.jpg\"><img loading=\"lazy\" class=\"aligncenter size-full wp-image-4438\" title=\"19\" src=\"\/pasarelaurbana\/wp-content\/uploads\/sites\/49\/2013\/05\/191.jpg\" alt=\"\" width=\"600\" height=\"448\" srcset=\"https:\/\/static-blogs.diariosur.es\/wp-content\/uploads\/sites\/49\/2013\/05\/191.jpg 600w, https:\/\/static-blogs.diariosur.es\/wp-content\/uploads\/sites\/49\/2013\/05\/191-300x224.jpg 300w\" sizes=\"(max-width: 600px) 100vw, 600px\" \/><\/a><\/p>\n<p><a href=\"\/pasarelaurbana\/wp-content\/uploads\/sites\/49\/2013\/05\/202.jpg\"><img loading=\"lazy\" class=\"aligncenter size-full wp-image-4439\" title=\"20\" src=\"\/pasarelaurbana\/wp-content\/uploads\/sites\/49\/2013\/05\/202.jpg\" alt=\"\" width=\"600\" height=\"803\" srcset=\"https:\/\/static-blogs.diariosur.es\/wp-content\/uploads\/sites\/49\/2013\/05\/202.jpg 600w, https:\/\/static-blogs.diariosur.es\/wp-content\/uploads\/sites\/49\/2013\/05\/202-224x300.jpg 224w\" sizes=\"(max-width: 600px) 100vw, 600px\" \/><\/a><\/p>\n<p><a href=\"\/pasarelaurbana\/wp-content\/uploads\/sites\/49\/2013\/05\/216.jpg\"><img loading=\"lazy\" class=\"aligncenter size-full wp-image-4440\" title=\"21\" src=\"\/pasarelaurbana\/wp-content\/uploads\/sites\/49\/2013\/05\/216.jpg\" alt=\"\" width=\"600\" height=\"448\" srcset=\"https:\/\/static-blogs.diariosur.es\/wp-content\/uploads\/sites\/49\/2013\/05\/216.jpg 600w, https:\/\/static-blogs.diariosur.es\/wp-content\/uploads\/sites\/49\/2013\/05\/216-300x224.jpg 300w\" sizes=\"(max-width: 600px) 100vw, 600px\" \/><\/a><\/p>\n<p><a href=\"\/pasarelaurbana\/wp-content\/uploads\/sites\/49\/2013\/05\/222.jpg\"><img loading=\"lazy\" class=\"aligncenter size-full wp-image-4431\" title=\"22\" src=\"\/pasarelaurbana\/wp-content\/uploads\/sites\/49\/2013\/05\/222.jpg\" alt=\"\" width=\"600\" height=\"803\" srcset=\"https:\/\/static-blogs.diariosur.es\/wp-content\/uploads\/sites\/49\/2013\/05\/222.jpg 600w, https:\/\/static-blogs.diariosur.es\/wp-content\/uploads\/sites\/49\/2013\/05\/222-224x300.jpg 224w\" sizes=\"(max-width: 600px) 100vw, 600px\" \/><\/a><\/p>\n<p style=\"text-align: center;\">Para la noche sustituyo las cu\u00f1as por unas sandalias de taconazo frambuesa con multitiras (de <strong>Zara<\/strong>) y recurro a un jersey blanco de hilo con pailletes plateadas (de la nueva colecci\u00f3n de <strong>Bershka<\/strong>). El toque chic lo pone una bonita limosnera negra de pedrer\u00eda de<strong> Accessorize<\/strong>.<\/p>\n<p style=\"text-align: center;\">\u00a1Espero que os haya gustado! \u00a1Hasta ma\u00f1ana!<\/p>\n","protected":false},"excerpt":{"rendered":"<p>\u00a1Buenas! Hoy toca post de ideas. Ayer aprovech\u00e9 que estuve en casa por la tarde para rebuscar en el armario algunas de mis \u00faltimas adquisiciones y construir estilismos. \u00bfEl objetivo? Seleccionaros tres faldas imprescindibles esta temporada y crear con cada una de ellas dos looks diferentes: uno m\u00e1s desenfadado para el d\u00eda a d\u00eda (para [&hellip;]<\/p>\n","protected":false},"author":54,"featured_media":0,"comment_status":"open","ping_status":"open","sticky":false,"template":"","format":"standard","meta":[],"categories":[2],"tags":[],"_links":{"self":[{"href":"https:\/\/blogs.diariosur.es\/pasarelaurbana\/wp-json\/wp\/v2\/posts\/4418"}],"collection":[{"href":"https:\/\/blogs.diariosur.es\/pasarelaurbana\/wp-json\/wp\/v2\/posts"}],"about":[{"href":"https:\/\/blogs.diariosur.es\/pasarelaurbana\/wp-json\/wp\/v2\/types\/post"}],"author":[{"embeddable":true,"href":"https:\/\/blogs.diariosur.es\/pasarelaurbana\/wp-json\/wp\/v2\/users\/54"}],"replies":[{"embeddable":true,"href":"https:\/\/blogs.diariosur.es\/pasarelaurbana\/wp-json\/wp\/v2\/comments?post=4418"}],"version-history":[{"count":0,"href":"https:\/\/blogs.diariosur.es\/pasarelaurbana\/wp-json\/wp\/v2\/posts\/4418\/revisions"}],"wp:attachment":[{"href":"https:\/\/blogs.diariosur.es\/pasarelaurbana\/wp-json\/wp\/v2\/media?parent=4418"}],"wp:term":[{"taxonomy":"category","embeddable":true,"href":"https:\/\/blogs.diariosur.es\/pasarelaurbana\/wp-json\/wp\/v2\/categories?post=4418"},{"taxonomy":"post_tag","embeddable":true,"href":"https:\/\/blogs.diariosur.es\/pasarelaurbana\/wp-json\/wp\/v2\/tags?post=4418"}],"curies":[{"name":"wp","href":"https:\/\/api.w.org\/{rel}","templated":true}]}}