{"id":4444,"date":"2013-05-23T13:06:43","date_gmt":"2013-05-23T11:06:43","guid":{"rendered":"http:\/\/blogs.diariosur.es\/pasarelaurbana\/?p=4444"},"modified":"2013-05-23T13:06:43","modified_gmt":"2013-05-23T11:06:43","slug":"especial-ninos-capazos-para-la-playa-helado-de-brownie-y-una-maleta-correpasillos","status":"publish","type":"post","link":"https:\/\/blogs.diariosur.es\/pasarelaurbana\/2013\/05\/23\/especial-ninos-capazos-para-la-playa-helado-de-brownie-y-una-maleta-correpasillos\/","title":{"rendered":"Especial ni\u00f1os: capazos para la playa, helado de brownie y una maleta correpasillos"},"content":{"rendered":"<p style=\"text-align: center;\">\u00a1Buenas! \u00a1Hoy tenemos cita ineludible con los peques de la casa! Como cada jueves os selecciono<strong> ideas de moda, cocina y decoraci\u00f3n<\/strong> con los ni\u00f1os como protagonistas. En esta ocasi\u00f3n os traigo propuestas muy veraniegas, que es lo que va tocando. Los capazos de moda de la temporada (en su versi\u00f3n madre e hija), un delicioso helado de brownie (rico rico y, lo mejor, f\u00e1cil de hacer para que os anim\u00e9is a probar), y una\u00a0 divertida maleta-correpasillos para que nuestros hijos se lo pasen bomba no solo en el destino, sino tambi\u00e9n en el viaje (\u00a1es chul\u00edsima, a mi me ha encantado!).<\/p>\n<p style=\"text-align: center;\">Dicho esto, comenzamos el post con la sensaci\u00f3n playera de este a\u00f1o. Os hablo de los capazos de mimbre de toda la vida (un gran cl\u00e1sico que nunca pasa de moda) que este verano se reinventan y se ti\u00f1en de colores pasteles y fl\u00faor estampados con motivos b\u00e1sicos (v\u00e9ase estrellas, lunas, corazones, s\u00edmbolos de la paz o lib\u00e9lulas entre otros).\u00a0 Como comprobar\u00e9is (si no lo hab\u00e9is hecho ya) est\u00e1n hasta en la sopa. Rara es la marca que no ha lanzado el suyo. Personalmente me gustan los de la firma malague\u00f1a <a href=\"https:\/\/blogs.diariosur.es\/pasarelaurbana\/2013\/03\/06\/sacos-etnicos-y-cestas-de-mimbre-apuestas-de-stella-rittwagen-para-esta-primavera\/\">Stella Rittwagen<\/a>, de los que os habl\u00e9 a comienzo de la primavera en este blog.\u00a0 Sin embargo, para las que ten\u00e9is hijas y os gusta ir a juego con ellas os sugiero que le ech\u00e9is un ojo a los del portal <a href=\"http:\/\/nocheydiababy.com\/\" rel=\"external nofollow\">Noche y D\u00eda Baby,<\/a> (los de la fotod e abajo) donde encontrar\u00e9is capazos en versi\u00f3n mini para que las peques presuman del mismo cesto que sus mam\u00e1s. \u00a1Ideales! Si quer\u00e9is ser las m\u00e1s chic de la playa, ya sab\u00e9is. La propia Telva Ni\u00f1os dedica su portada de este mes de mayo al que es sin dida el complemento imprescindible de este verano.<\/p>\n<p style=\"text-align: center;\">\u00a0<a href=\"\/pasarelaurbana\/wp-content\/uploads\/sites\/49\/2013\/05\/telva.jpg\"><img loading=\"lazy\" class=\"aligncenter size-full wp-image-4446\" title=\"telva\" src=\"\/pasarelaurbana\/wp-content\/uploads\/sites\/49\/2013\/05\/telva.jpg\" alt=\"\" width=\"600\" height=\"772\" srcset=\"https:\/\/static-blogs.diariosur.es\/wp-content\/uploads\/sites\/49\/2013\/05\/telva.jpg 600w, https:\/\/static-blogs.diariosur.es\/wp-content\/uploads\/sites\/49\/2013\/05\/telva-233x300.jpg 233w\" sizes=\"(max-width: 600px) 100vw, 600px\" \/><\/a><\/p>\n<p style=\"text-align: center;\"><a href=\"\/pasarelaurbana\/wp-content\/uploads\/sites\/49\/2013\/05\/capazos.jpg\"><img loading=\"lazy\" class=\"aligncenter size-full wp-image-4450\" title=\"capazos\" src=\"\/pasarelaurbana\/wp-content\/uploads\/sites\/49\/2013\/05\/capazos.jpg\" alt=\"\" width=\"600\" height=\"450\" srcset=\"https:\/\/static-blogs.diariosur.es\/wp-content\/uploads\/sites\/49\/2013\/05\/capazos.jpg 600w, https:\/\/static-blogs.diariosur.es\/wp-content\/uploads\/sites\/49\/2013\/05\/capazos-300x225.jpg 300w\" sizes=\"(max-width: 600px) 100vw, 600px\" \/><\/a><!--more--><\/p>\n<p style=\"text-align: center;\"><strong>La receta<\/strong>: Helado casero de brownie<\/p>\n<p style=\"text-align: center;\"><a href=\"\/pasarelaurbana\/wp-content\/uploads\/sites\/49\/2013\/05\/recetas-de-helados.jpg\"><img loading=\"lazy\" class=\"aligncenter size-full wp-image-4454\" title=\"recetas-de-helados\" src=\"\/pasarelaurbana\/wp-content\/uploads\/sites\/49\/2013\/05\/recetas-de-helados.jpg\" alt=\"\" width=\"600\" height=\"600\" srcset=\"https:\/\/static-blogs.diariosur.es\/wp-content\/uploads\/sites\/49\/2013\/05\/recetas-de-helados.jpg 600w, https:\/\/static-blogs.diariosur.es\/wp-content\/uploads\/sites\/49\/2013\/05\/recetas-de-helados-150x150.jpg 150w, https:\/\/static-blogs.diariosur.es\/wp-content\/uploads\/sites\/49\/2013\/05\/recetas-de-helados-300x300.jpg 300w\" sizes=\"(max-width: 600px) 100vw, 600px\" \/><\/a><\/p>\n<p style=\"text-align: center;\">Y continuamos con nuestra receta de esta semana. El calor aprieta y va tocando estrenar la temporada de helados. \u00bfOs anim\u00e1is a hacerlos en casa? Seguro que cuando le\u00e1is esta receta me dec\u00eds que s\u00ed. No solotiene una pinta increible sino que, adem\u00e1s, parece f\u00e1cil de preparar (digo parece porque a\u00fan no la he hehco, pero os asguro que la har\u00e9!). Se trata de un helado que toma como base el yogur natural y lo combina con el amargor del cacao en polvo y el dulzor del brownie que adem\u00e1s le a\u00f1ade una textura muy agradable. Los ingredientes son pues muy sencillos: 5 yogures naturales (o griegos, seg\u00fan vuestras preferencias), 5 cucharadas de cacao en polvo, 140 gr. de az\u00facar y200 gr. de brownie. \u00bfEl paso a paso? Lo encontrar\u00e9is <a href=\"http:\/\/www.pequerecetas.com\/receta\/helado-yogur-chocolate-brownie\/\" rel=\"external nofollow\">aqui<\/a>. Se puede hacer con o sin heladera.<\/p>\n<div style=\"text-align: center;\"><strong>Muy mol\u00f3n<\/strong>: La maleta..sobre ruedas<\/div>\n<div style=\"text-align: center;\"><\/div>\n<div style=\"text-align: center;\">\u00a0<a href=\"\/pasarelaurbana\/wp-content\/uploads\/sites\/49\/2013\/05\/bicidos.jpg\"><img loading=\"lazy\" class=\"aligncenter size-full wp-image-4448\" title=\"bicidos\" src=\"\/pasarelaurbana\/wp-content\/uploads\/sites\/49\/2013\/05\/bicidos.jpg\" alt=\"\" width=\"600\" height=\"1006\" srcset=\"https:\/\/static-blogs.diariosur.es\/wp-content\/uploads\/sites\/49\/2013\/05\/bicidos.jpg 600w, https:\/\/static-blogs.diariosur.es\/wp-content\/uploads\/sites\/49\/2013\/05\/bicidos-179x300.jpg 179w\" sizes=\"(max-width: 600px) 100vw, 600px\" \/><\/a><\/div>\n<div style=\"text-align: center;\"><a href=\"\/pasarelaurbana\/wp-content\/uploads\/sites\/49\/2013\/05\/biciuno.jpg\"><img loading=\"lazy\" class=\"aligncenter size-full wp-image-4449\" title=\"biciuno\" src=\"\/pasarelaurbana\/wp-content\/uploads\/sites\/49\/2013\/05\/biciuno.jpg\" alt=\"\" width=\"600\" height=\"600\" srcset=\"https:\/\/static-blogs.diariosur.es\/wp-content\/uploads\/sites\/49\/2013\/05\/biciuno.jpg 600w, https:\/\/static-blogs.diariosur.es\/wp-content\/uploads\/sites\/49\/2013\/05\/biciuno-150x150.jpg 150w, https:\/\/static-blogs.diariosur.es\/wp-content\/uploads\/sites\/49\/2013\/05\/biciuno-300x300.jpg 300w\" sizes=\"(max-width: 600px) 100vw, 600px\" \/><\/a><\/div>\n<div style=\"text-align: center;\"><\/div>\n<div style=\"text-align: center;\"><a href=\"\/pasarelaurbana\/wp-content\/uploads\/sites\/49\/2013\/05\/bicicuatro.jpg\"><img loading=\"lazy\" class=\"aligncenter  wp-image-4447\" title=\"bicicuatro\" src=\"\/pasarelaurbana\/wp-content\/uploads\/sites\/49\/2013\/05\/bicicuatro.jpg\" alt=\"\" width=\"600\" height=\"509\" srcset=\"https:\/\/static-blogs.diariosur.es\/wp-content\/uploads\/sites\/49\/2013\/05\/bicicuatro.jpg 600w, https:\/\/static-blogs.diariosur.es\/wp-content\/uploads\/sites\/49\/2013\/05\/bicicuatro-300x255.jpg 300w\" sizes=\"(max-width: 600px) 100vw, 600px\" \/><\/a><\/div>\n<div style=\"text-align: center;\">\n<p>Esta maleta me ha enamorado. Ya la tengo en mente para compr\u00e1rsela a Alejandro. Es ideal para viajar con ni\u00f1os y hacer m\u00e1s divertidas las esperas en la estaci\u00f3n de tren o en cualquier terminal de aeropuerto. Se trata de una moto correpasillos y maleta \u00a1todo en uno! y lo mejor: es apta para cabina. La firma <strong><a href=\"http:\/\/www.imaginarium.es\/bolsa-viaje-60070.htm\" rel=\"external nofollow\">Imaginarium<\/a><\/strong> y tiene dos compartimentos. Lleva cinta de quita y pon para colgar del hombro o para tirar de la moto como un arrastre. Tiene 3 ruedas, gran estabilidad y comodidad. Para meterla en la cabina del avi\u00f3n, basta con sacar el manillar apretando el bot\u00f3n delantero. Tiene capacidad para 13L. \u00bfA que es una monada? La ten\u00e9is en rosa o celeste.<\/p>\n<p>&nbsp;<\/p>\n<\/div>\n<div style=\"text-align: center;\"><strong>Decoraci\u00f3n<\/strong>: Ideas para decorar las paredes de un cuarto infantil<\/div>\n<div style=\"text-align: center;\"><\/div>\n<div style=\"text-align: center;\"><a href=\"\/pasarelaurbana\/wp-content\/uploads\/sites\/49\/2013\/05\/cuadro1.jpg\"><img loading=\"lazy\" class=\"aligncenter size-full wp-image-4451\" title=\"cuadro1\" src=\"\/pasarelaurbana\/wp-content\/uploads\/sites\/49\/2013\/05\/cuadro1.jpg\" alt=\"\" width=\"600\" height=\"803\" srcset=\"https:\/\/static-blogs.diariosur.es\/wp-content\/uploads\/sites\/49\/2013\/05\/cuadro1.jpg 600w, https:\/\/static-blogs.diariosur.es\/wp-content\/uploads\/sites\/49\/2013\/05\/cuadro1-224x300.jpg 224w\" sizes=\"(max-width: 600px) 100vw, 600px\" \/><\/a><\/div>\n<div style=\"text-align: center;\"><a href=\"\/pasarelaurbana\/wp-content\/uploads\/sites\/49\/2013\/05\/cuadrodos.jpg\"><img loading=\"lazy\" class=\"aligncenter size-full wp-image-4453\" title=\"cuadrodos\" src=\"\/pasarelaurbana\/wp-content\/uploads\/sites\/49\/2013\/05\/cuadrodos.jpg\" alt=\"\" width=\"600\" height=\"448\" srcset=\"https:\/\/static-blogs.diariosur.es\/wp-content\/uploads\/sites\/49\/2013\/05\/cuadrodos.jpg 600w, https:\/\/static-blogs.diariosur.es\/wp-content\/uploads\/sites\/49\/2013\/05\/cuadrodos-300x224.jpg 300w\" sizes=\"(max-width: 600px) 100vw, 600px\" \/><\/a><\/div>\n<div style=\"text-align: center;\"><\/div>\n<div style=\"text-align: center;\"><a href=\"\/pasarelaurbana\/wp-content\/uploads\/sites\/49\/2013\/05\/cuadro4.jpg\"><img loading=\"lazy\" class=\"aligncenter size-full wp-image-4452\" title=\"cuadro4\" src=\"\/pasarelaurbana\/wp-content\/uploads\/sites\/49\/2013\/05\/cuadro4.jpg\" alt=\"\" width=\"600\" height=\"803\" srcset=\"https:\/\/static-blogs.diariosur.es\/wp-content\/uploads\/sites\/49\/2013\/05\/cuadro4.jpg 600w, https:\/\/static-blogs.diariosur.es\/wp-content\/uploads\/sites\/49\/2013\/05\/cuadro4-224x300.jpg 224w\" sizes=\"(max-width: 600px) 100vw, 600px\" \/><\/a><\/div>\n<div style=\"text-align: center;\"><\/div>\n<div style=\"text-align: center;\">Y terminamos como siempre con una decoidea. En este caso casera. Cuando decor\u00e9 la habitaci\u00f3n de Alejandro lo que m\u00e1s me cost\u00f3 fue encontrar cuadros que me gustasen. \u00a1Ninguno me convenc\u00eda! \u00bfSoluci\u00f3n? De casualidad mi madre encontr\u00f3 un <strong>babero antiguo<\/strong> de cuando ella era peque\u00f1a. \u00a1Precioso! Me daba pena usarlo as\u00ed que decid\u00ed enmarcarlo y la verdad es que qued\u00f3 espectacular combinado con otros dos cuadros peque\u00f1os con diferentes molduras (tambi\u00e9n f\u00e1ciles de hacer: uno de petit point con su fecha de nacimiento y otro con su inicial sobre una tela celeste de piqu\u00e9 (\u00a1que saqu\u00e9 de una toalla de Zara Home!). \u00bfEl resultado? Un rinc\u00f3n muy especial. \u00bfOtra idea? <strong>Encargarle su nombre en letras de madera<\/strong>. Yo se las puse sobre la cuna y la verdad es que quedan muy monas. En mi caso se las encargu\u00e9 en <a href=\"http:\/\/www.arribaeneldesvanbycarmenhf.com\/\" rel=\"external nofollow\">Arriba en el desv\u00e1n<\/a>.<\/div>\n<div style=\"text-align: center;\"><\/div>\n<div style=\"text-align: center;\">\u00a1Espero que os haya gustado la selecci\u00f3n de hoy! \u00a1Hasta ma\u00f1ana!<\/div>\n","protected":false},"excerpt":{"rendered":"<p>\u00a1Buenas! \u00a1Hoy tenemos cita ineludible con los peques de la casa! Como cada jueves os selecciono ideas de moda, cocina y decoraci\u00f3n con los ni\u00f1os como protagonistas. En esta ocasi\u00f3n os traigo propuestas muy veraniegas, que es lo que va tocando. Los capazos de moda de la temporada (en su versi\u00f3n madre e hija), un [&hellip;]<\/p>\n","protected":false},"author":54,"featured_media":0,"comment_status":"open","ping_status":"open","sticky":false,"template":"","format":"standard","meta":[],"categories":[2],"tags":[],"_links":{"self":[{"href":"https:\/\/blogs.diariosur.es\/pasarelaurbana\/wp-json\/wp\/v2\/posts\/4444"}],"collection":[{"href":"https:\/\/blogs.diariosur.es\/pasarelaurbana\/wp-json\/wp\/v2\/posts"}],"about":[{"href":"https:\/\/blogs.diariosur.es\/pasarelaurbana\/wp-json\/wp\/v2\/types\/post"}],"author":[{"embeddable":true,"href":"https:\/\/blogs.diariosur.es\/pasarelaurbana\/wp-json\/wp\/v2\/users\/54"}],"replies":[{"embeddable":true,"href":"https:\/\/blogs.diariosur.es\/pasarelaurbana\/wp-json\/wp\/v2\/comments?post=4444"}],"version-history":[{"count":0,"href":"https:\/\/blogs.diariosur.es\/pasarelaurbana\/wp-json\/wp\/v2\/posts\/4444\/revisions"}],"wp:attachment":[{"href":"https:\/\/blogs.diariosur.es\/pasarelaurbana\/wp-json\/wp\/v2\/media?parent=4444"}],"wp:term":[{"taxonomy":"category","embeddable":true,"href":"https:\/\/blogs.diariosur.es\/pasarelaurbana\/wp-json\/wp\/v2\/categories?post=4444"},{"taxonomy":"post_tag","embeddable":true,"href":"https:\/\/blogs.diariosur.es\/pasarelaurbana\/wp-json\/wp\/v2\/tags?post=4444"}],"curies":[{"name":"wp","href":"https:\/\/api.w.org\/{rel}","templated":true}]}}