{"id":4457,"date":"2013-05-25T08:00:31","date_gmt":"2013-05-25T06:00:31","guid":{"rendered":"http:\/\/blogs.diariosur.es\/pasarelaurbana\/?p=4457"},"modified":"2013-05-25T08:00:31","modified_gmt":"2013-05-25T06:00:31","slug":"el-armario-de-isabel-artacho","status":"publish","type":"post","link":"https:\/\/blogs.diariosur.es\/pasarelaurbana\/2013\/05\/25\/el-armario-de-isabel-artacho\/","title":{"rendered":"El armario de Isabel Artacho"},"content":{"rendered":"<p style=\"text-align: center;\">No concibe mirar la vida sin la perspectiva que le dan los ocho cent\u00edmetros de un buen taconazo. Apasionada de los zapatos (tiene m\u00e1s de cincuenta pares) asegura que no se los quita ni para ir al s\u00faper. \u00bfAntes muerta que sencilla? \u00ab\u00a1Por supuesto, no se ir plana. Ya estoy acostumbrada a llevar tacones de v\u00e9rtigo y si no me los pongo me siento rara\u00bb, bromea esta licenciada en Direcci\u00f3n y Administraci\u00f3n de Empresas que desde hace siete a\u00f1os dirige la revista malague\u00f1a especializada en el sector nupcial Bodanova.<br \/>\nFan declarada del estilo Jackie Kennedy, en el armario de Isabel Artacho no faltan los vestidos ce\u00f1idos, las faldas de vuelo de talle alto (\u00absiempre marcando cintura\u00bb), los cuellos barca o las mangas francesas. \u00abModerna pero a la vez rom\u00e1ntico\u00bb -como ella misma se define- esta empresaria malague\u00f1a concibe la moda como una carta de presentaci\u00f3n, \u00abla imagen es un reflejo personal que dice mucho de cada cual, por lo que es important\u00edsimo cuidarla al detalle\u00bb, sentencia durante nuestra cita, en el c\u00e9ntrico estudio de fotograf\u00eda C11.<br \/>\nLos vestidos, cuenta, son la prenda imprescindible en sus looks de d\u00eda. \u00abMe gustan porque son c\u00f3modos, juveniles y vers\u00e1tiles. Puedes cambiar el resultado final en funci\u00f3n de la chaqueta o el abrigo con que los combines\u00bb, indica. \u00bfSu favorito? \u00abUno de de Adolfo Dom\u00ednguez en verde lima espectacular con cualquier cosa con la que te lo pongas\u00bb, confiesa. Una blazer es otro comod\u00edn en su vestidor (escrupulosamente ordenado por tipo de prendas). \u00abLas suelo llevar con camisetas b\u00e1sicas o blusas vaporosas\u00bb, advierte esta amiga de las mezclas que no tiene reparos en atreverse con maridajes arriesgados. \u00abSiempre estoy probando nuevas combinaciones, de hecho rara vez me pongo la misma dos veces\u00bb, apostilla.<br \/>\nEn materia de colores, se decanta por los tonos alegres y llamativos -tiene predilecci\u00f3n por el rojo y el amarillo- mientras que el negro intenta evitarlo. \u00abAlguna vez lo utilizo de noche, pero tiene que ser en alguna prenda de un corte especial\u00bb, matiza. Para un evento, elige siempre un traje largo que luce con un recogido alto rematado por un broche vintage. \u00abNo me gustan demasiado los tocados\u00bb, se\u00f1ala Artacho, a la que siempre acompa\u00f1a un buen pintalabios rojos, caracter\u00edstico en sus looks.<br \/>\nLos complementos juegan tambi\u00e9n un papel clave en sus \u2018outfits\u2019. Durante el d\u00eda no se separa de su shopping bag mientras que por la noche saca a pasear sus clutch.<\/p>\n<p style=\"text-align: center;\">Os dejo con el reportaje, ilustrado con fotos de mi compa\u00f1era<span style=\"text-decoration: underline;\"> Sandra Laarsen<\/span>. \u00a1Espero que os guste!<\/p>\n<p style=\"text-align: center;\"><a href=\"\/pasarelaurbana\/wp-content\/uploads\/sites\/49\/2013\/05\/120.jpg\"><img loading=\"lazy\" class=\"aligncenter size-full wp-image-4458\" title=\"1\" src=\"\/pasarelaurbana\/wp-content\/uploads\/sites\/49\/2013\/05\/120.jpg\" alt=\"\" width=\"600\" height=\"994\" srcset=\"https:\/\/static-blogs.diariosur.es\/wp-content\/uploads\/sites\/49\/2013\/05\/120.jpg 600w, https:\/\/static-blogs.diariosur.es\/wp-content\/uploads\/sites\/49\/2013\/05\/120-181x300.jpg 181w\" sizes=\"(max-width: 600px) 100vw, 600px\" \/><\/a><!--more--><\/p>\n<p style=\"text-align: center;\"><strong>LOOK DE D\u00cdA<\/strong>: <span style=\"text-decoration: underline;\">Vestido de print floral con clutch negro y sandalias agua marina<\/span><\/p>\n<p style=\"text-align: center;\"><a href=\"\/pasarelaurbana\/wp-content\/uploads\/sites\/49\/2013\/05\/37.jpg\"><img loading=\"lazy\" class=\"aligncenter size-full wp-image-4460\" title=\"3\" src=\"\/pasarelaurbana\/wp-content\/uploads\/sites\/49\/2013\/05\/37.jpg\" alt=\"\" width=\"600\" height=\"902\" srcset=\"https:\/\/static-blogs.diariosur.es\/wp-content\/uploads\/sites\/49\/2013\/05\/37.jpg 600w, https:\/\/static-blogs.diariosur.es\/wp-content\/uploads\/sites\/49\/2013\/05\/37-200x300.jpg 200w\" sizes=\"(max-width: 600px) 100vw, 600px\" \/><\/a><\/p>\n<p style=\"text-align: center;\"><a href=\"\/pasarelaurbana\/wp-content\/uploads\/sites\/49\/2013\/05\/49.jpg\"><img loading=\"lazy\" class=\"aligncenter size-full wp-image-4461\" title=\"4\" src=\"\/pasarelaurbana\/wp-content\/uploads\/sites\/49\/2013\/05\/49.jpg\" alt=\"\" width=\"600\" height=\"399\" srcset=\"https:\/\/static-blogs.diariosur.es\/wp-content\/uploads\/sites\/49\/2013\/05\/49.jpg 600w, https:\/\/static-blogs.diariosur.es\/wp-content\/uploads\/sites\/49\/2013\/05\/49-300x200.jpg 300w\" sizes=\"(max-width: 600px) 100vw, 600px\" \/><\/a><\/p>\n<p style=\"text-align: center;\"><a href=\"\/pasarelaurbana\/wp-content\/uploads\/sites\/49\/2013\/05\/67.jpg\"><img loading=\"lazy\" class=\"aligncenter size-full wp-image-4463\" title=\"6\" src=\"\/pasarelaurbana\/wp-content\/uploads\/sites\/49\/2013\/05\/67.jpg\" alt=\"\" width=\"600\" height=\"399\" srcset=\"https:\/\/static-blogs.diariosur.es\/wp-content\/uploads\/sites\/49\/2013\/05\/67.jpg 600w, https:\/\/static-blogs.diariosur.es\/wp-content\/uploads\/sites\/49\/2013\/05\/67-300x200.jpg 300w\" sizes=\"(max-width: 600px) 100vw, 600px\" \/><\/a><\/p>\n<p style=\"text-align: center;\"><a href=\"\/pasarelaurbana\/wp-content\/uploads\/sites\/49\/2013\/05\/77.jpg\"><img loading=\"lazy\" class=\"aligncenter size-full wp-image-4459\" title=\"7\" src=\"\/pasarelaurbana\/wp-content\/uploads\/sites\/49\/2013\/05\/77.jpg\" alt=\"\" width=\"600\" height=\"399\" srcset=\"https:\/\/static-blogs.diariosur.es\/wp-content\/uploads\/sites\/49\/2013\/05\/77.jpg 600w, https:\/\/static-blogs.diariosur.es\/wp-content\/uploads\/sites\/49\/2013\/05\/77-300x200.jpg 300w\" sizes=\"(max-width: 600px) 100vw, 600px\" \/><\/a><\/p>\n<p style=\"text-align: center;\"><a href=\"\/pasarelaurbana\/wp-content\/uploads\/sites\/49\/2013\/05\/57.jpg\"><img loading=\"lazy\" class=\"aligncenter  wp-image-4462\" title=\"5\" src=\"\/pasarelaurbana\/wp-content\/uploads\/sites\/49\/2013\/05\/57.jpg\" alt=\"\" width=\"600\" height=\"902\" srcset=\"https:\/\/static-blogs.diariosur.es\/wp-content\/uploads\/sites\/49\/2013\/05\/57.jpg 600w, https:\/\/static-blogs.diariosur.es\/wp-content\/uploads\/sites\/49\/2013\/05\/57-200x300.jpg 200w\" sizes=\"(max-width: 600px) 100vw, 600px\" \/><\/a><\/p>\n<p style=\"text-align: center;\">Para una jornada de trabajo, Isabel elige un bonito vestido de print floral (tendencia que vuelve a la carga cada primavera) en tonos amarillos, negros, coral y verde mint, de <strong>Thirty30<\/strong>. Lo combina con clutch negro r\u00edgido y sandalias agua marina con remates de tachuelas de <strong>Carmen Sorolla<\/strong>.<\/p>\n<p style=\"text-align: center;\"><strong>LOOK DE NOCHE<\/strong>:<span style=\"text-decoration: underline;\"> Vestido c\u00f3ctel rosa palo co manga asim\u00e9trica-+collar joyaXL+ sandalias de charol bicolor<\/span><\/p>\n<p style=\"text-align: center;\"><a href=\"\/pasarelaurbana\/wp-content\/uploads\/sites\/49\/2013\/05\/87.jpg\"><img loading=\"lazy\" class=\"aligncenter size-full wp-image-4468\" title=\"8\" src=\"\/pasarelaurbana\/wp-content\/uploads\/sites\/49\/2013\/05\/87.jpg\" alt=\"\" width=\"600\" height=\"927\" srcset=\"https:\/\/static-blogs.diariosur.es\/wp-content\/uploads\/sites\/49\/2013\/05\/87.jpg 600w, https:\/\/static-blogs.diariosur.es\/wp-content\/uploads\/sites\/49\/2013\/05\/87-194x300.jpg 194w\" sizes=\"(max-width: 600px) 100vw, 600px\" \/><\/a><\/p>\n<p style=\"text-align: center;\"><a href=\"\/pasarelaurbana\/wp-content\/uploads\/sites\/49\/2013\/05\/97.jpg\"><img loading=\"lazy\" class=\"aligncenter size-full wp-image-4464\" title=\"9\" src=\"\/pasarelaurbana\/wp-content\/uploads\/sites\/49\/2013\/05\/97.jpg\" alt=\"\" width=\"600\" height=\"902\" srcset=\"https:\/\/static-blogs.diariosur.es\/wp-content\/uploads\/sites\/49\/2013\/05\/97.jpg 600w, https:\/\/static-blogs.diariosur.es\/wp-content\/uploads\/sites\/49\/2013\/05\/97-200x300.jpg 200w\" sizes=\"(max-width: 600px) 100vw, 600px\" \/><\/a><\/p>\n<p style=\"text-align: center;\"><a href=\"\/pasarelaurbana\/wp-content\/uploads\/sites\/49\/2013\/05\/107.jpg\"><img loading=\"lazy\" class=\"aligncenter size-full wp-image-4465\" title=\"10\" src=\"\/pasarelaurbana\/wp-content\/uploads\/sites\/49\/2013\/05\/107.jpg\" alt=\"\" width=\"600\" height=\"429\" srcset=\"https:\/\/static-blogs.diariosur.es\/wp-content\/uploads\/sites\/49\/2013\/05\/107.jpg 600w, https:\/\/static-blogs.diariosur.es\/wp-content\/uploads\/sites\/49\/2013\/05\/107-300x215.jpg 300w\" sizes=\"(max-width: 600px) 100vw, 600px\" \/><\/a><\/p>\n<p style=\"text-align: center;\"><a href=\"\/pasarelaurbana\/wp-content\/uploads\/sites\/49\/2013\/05\/1110.jpg\"><img loading=\"lazy\" class=\"aligncenter size-full wp-image-4466\" title=\"11\" src=\"\/pasarelaurbana\/wp-content\/uploads\/sites\/49\/2013\/05\/1110.jpg\" alt=\"\" width=\"600\" height=\"399\" srcset=\"https:\/\/static-blogs.diariosur.es\/wp-content\/uploads\/sites\/49\/2013\/05\/1110.jpg 600w, https:\/\/static-blogs.diariosur.es\/wp-content\/uploads\/sites\/49\/2013\/05\/1110-300x200.jpg 300w\" sizes=\"(max-width: 600px) 100vw, 600px\" \/><\/a><\/p>\n<p style=\"text-align: center;\"><a href=\"\/pasarelaurbana\/wp-content\/uploads\/sites\/49\/2013\/05\/125.jpg\"><img loading=\"lazy\" class=\"aligncenter size-full wp-image-4467\" title=\"12\" src=\"\/pasarelaurbana\/wp-content\/uploads\/sites\/49\/2013\/05\/125.jpg\" alt=\"\" width=\"600\" height=\"482\" srcset=\"https:\/\/static-blogs.diariosur.es\/wp-content\/uploads\/sites\/49\/2013\/05\/125.jpg 600w, https:\/\/static-blogs.diariosur.es\/wp-content\/uploads\/sites\/49\/2013\/05\/125-300x241.jpg 300w\" sizes=\"(max-width: 600px) 100vw, 600px\" \/><\/a><\/p>\n<p style=\"text-align: center;\"><a href=\"\/pasarelaurbana\/wp-content\/uploads\/sites\/49\/2013\/05\/135.jpg\"><img loading=\"lazy\" class=\"aligncenter size-full wp-image-4469\" title=\"13\" src=\"\/pasarelaurbana\/wp-content\/uploads\/sites\/49\/2013\/05\/135.jpg\" alt=\"\" width=\"600\" height=\"902\" srcset=\"https:\/\/static-blogs.diariosur.es\/wp-content\/uploads\/sites\/49\/2013\/05\/135.jpg 600w, https:\/\/static-blogs.diariosur.es\/wp-content\/uploads\/sites\/49\/2013\/05\/135-200x300.jpg 200w\" sizes=\"(max-width: 600px) 100vw, 600px\" \/><\/a><\/p>\n<p style=\"text-align: center;\"><a href=\"\/pasarelaurbana\/wp-content\/uploads\/sites\/49\/2013\/05\/218.jpg\"><img loading=\"lazy\" class=\"aligncenter size-full wp-image-4478\" title=\"2\" src=\"\/pasarelaurbana\/wp-content\/uploads\/sites\/49\/2013\/05\/218.jpg\" alt=\"\" width=\"600\" height=\"902\" srcset=\"https:\/\/static-blogs.diariosur.es\/wp-content\/uploads\/sites\/49\/2013\/05\/218.jpg 600w, https:\/\/static-blogs.diariosur.es\/wp-content\/uploads\/sites\/49\/2013\/05\/218-200x300.jpg 200w\" sizes=\"(max-width: 600px) 100vw, 600px\" \/><\/a><\/p>\n<p style=\"text-align: center;\">Muy favorecedor el vestido que propone la empresaria para salir a cenar una noche de verano: un delicado modelo en rosa palo de manga asim\u00e9trica (de <strong>BDBA<\/strong>) que mezcla con sandalias bicolor de charol en nude y frambuesa firmadas por <strong>Pepe Moll<\/strong>. \u00bfLa nota chic? Un espectacular collar XL de flores de <strong>Thirty30<\/strong> que se convierte por m\u00e9ritos propios en uno de los protagonistas del estilismo.<\/p>\n<p style=\"text-align: center;\"><strong>SU APUESTA PARA UN EVENTO<\/strong>: <span style=\"text-decoration: underline;\">Vestido rojo largo con escote de espalda+complementos en negr<\/span>o<\/p>\n<p style=\"text-align: center;\"><a href=\"\/pasarelaurbana\/wp-content\/uploads\/sites\/49\/2013\/05\/144.jpg\"><img loading=\"lazy\" class=\"aligncenter size-full wp-image-4471\" title=\"14\" src=\"\/pasarelaurbana\/wp-content\/uploads\/sites\/49\/2013\/05\/144.jpg\" alt=\"\" width=\"600\" height=\"966\" srcset=\"https:\/\/static-blogs.diariosur.es\/wp-content\/uploads\/sites\/49\/2013\/05\/144.jpg 600w, https:\/\/static-blogs.diariosur.es\/wp-content\/uploads\/sites\/49\/2013\/05\/144-186x300.jpg 186w\" sizes=\"(max-width: 600px) 100vw, 600px\" \/><\/a><\/p>\n<p style=\"text-align: center;\"><a href=\"\/pasarelaurbana\/wp-content\/uploads\/sites\/49\/2013\/05\/154.jpg\"><img loading=\"lazy\" class=\"aligncenter size-full wp-image-4472\" title=\"15\" src=\"\/pasarelaurbana\/wp-content\/uploads\/sites\/49\/2013\/05\/154.jpg\" alt=\"\" width=\"600\" height=\"399\" srcset=\"https:\/\/static-blogs.diariosur.es\/wp-content\/uploads\/sites\/49\/2013\/05\/154.jpg 600w, https:\/\/static-blogs.diariosur.es\/wp-content\/uploads\/sites\/49\/2013\/05\/154-300x200.jpg 300w\" sizes=\"(max-width: 600px) 100vw, 600px\" \/><\/a><\/p>\n<p style=\"text-align: center;\"><a href=\"\/pasarelaurbana\/wp-content\/uploads\/sites\/49\/2013\/05\/164.jpg\"><img loading=\"lazy\" class=\"aligncenter size-full wp-image-4470\" title=\"16\" src=\"\/pasarelaurbana\/wp-content\/uploads\/sites\/49\/2013\/05\/164.jpg\" alt=\"\" width=\"600\" height=\"399\" srcset=\"https:\/\/static-blogs.diariosur.es\/wp-content\/uploads\/sites\/49\/2013\/05\/164.jpg 600w, https:\/\/static-blogs.diariosur.es\/wp-content\/uploads\/sites\/49\/2013\/05\/164-300x200.jpg 300w\" sizes=\"(max-width: 600px) 100vw, 600px\" \/><\/a><\/p>\n<p style=\"text-align: center;\">Un espectacular escote de espalda es el protagonista absoluto del look que plantea Artacho para asistir de invitada a un evento. En esta ocasi\u00f3n, la empresaria se decanta por un vestido rojo largo (de <strong>Panambi<\/strong>, me encanta su ca\u00edda) que combina con complementos en negro de <strong>Carmen Sorolla<\/strong>.<\/p>\n<p style=\"text-align: center;\"><strong>SUS COMPLEMENTOS<\/strong>: <span style=\"text-decoration: underline;\">Una apasionada de los tacones<\/span><\/p>\n<p style=\"text-align: center;\"><a href=\"\/pasarelaurbana\/wp-content\/uploads\/sites\/49\/2013\/05\/174.jpg\"><img loading=\"lazy\" class=\"aligncenter size-full wp-image-4473\" title=\"17\" src=\"\/pasarelaurbana\/wp-content\/uploads\/sites\/49\/2013\/05\/174.jpg\" alt=\"\" width=\"600\" height=\"399\" srcset=\"https:\/\/static-blogs.diariosur.es\/wp-content\/uploads\/sites\/49\/2013\/05\/174.jpg 600w, https:\/\/static-blogs.diariosur.es\/wp-content\/uploads\/sites\/49\/2013\/05\/174-300x200.jpg 300w\" sizes=\"(max-width: 600px) 100vw, 600px\" \/><\/a><\/p>\n<p style=\"text-align: center;\"><a href=\"\/pasarelaurbana\/wp-content\/uploads\/sites\/49\/2013\/05\/183.jpg\"><img loading=\"lazy\" class=\"aligncenter size-full wp-image-4474\" title=\"18\" src=\"\/pasarelaurbana\/wp-content\/uploads\/sites\/49\/2013\/05\/183.jpg\" alt=\"\" width=\"600\" height=\"399\" srcset=\"https:\/\/static-blogs.diariosur.es\/wp-content\/uploads\/sites\/49\/2013\/05\/183.jpg 600w, https:\/\/static-blogs.diariosur.es\/wp-content\/uploads\/sites\/49\/2013\/05\/183-300x200.jpg 300w\" sizes=\"(max-width: 600px) 100vw, 600px\" \/><\/a><\/p>\n<p style=\"text-align: center;\">Isabel se confiesa una apasionada de los zapatos de tac\u00f3n. Los de arriba son de<strong> Lodi, La Strada, \u00c1ngel Alarc\u00f3n y Blinc<\/strong>. En su vestidor, dice, tiene m\u00e1s de medio centenar de pares.<\/p>\n<p style=\"text-align: center;\"><a href=\"\/pasarelaurbana\/wp-content\/uploads\/sites\/49\/2013\/05\/192.jpg\"><img loading=\"lazy\" class=\"aligncenter size-full wp-image-4475\" title=\"19\" src=\"\/pasarelaurbana\/wp-content\/uploads\/sites\/49\/2013\/05\/192.jpg\" alt=\"\" width=\"600\" height=\"385\" srcset=\"https:\/\/static-blogs.diariosur.es\/wp-content\/uploads\/sites\/49\/2013\/05\/192.jpg 600w, https:\/\/static-blogs.diariosur.es\/wp-content\/uploads\/sites\/49\/2013\/05\/192-300x193.jpg 300w\" sizes=\"(max-width: 600px) 100vw, 600px\" \/><\/a><\/p>\n<p style=\"text-align: center;\">Para el d\u00eda,la directora de Bodanova prefiere los \u2018shopping bag\u2019 (el de la foto es de <strong>Mango<\/strong>) pero al caer el sol no se separa de sus clutch. A fichar el negro de charol con rayas blancas, de<strong> Pepe Moll.<\/strong><\/p>\n<p style=\"text-align: center;\"><a href=\"\/pasarelaurbana\/wp-content\/uploads\/sites\/49\/2013\/05\/203.jpg\"><img loading=\"lazy\" class=\"aligncenter size-full wp-image-4476\" title=\"20\" src=\"\/pasarelaurbana\/wp-content\/uploads\/sites\/49\/2013\/05\/203.jpg\" alt=\"\" width=\"600\" height=\"399\" srcset=\"https:\/\/static-blogs.diariosur.es\/wp-content\/uploads\/sites\/49\/2013\/05\/203.jpg 600w, https:\/\/static-blogs.diariosur.es\/wp-content\/uploads\/sites\/49\/2013\/05\/203-300x200.jpg 300w\" sizes=\"(max-width: 600px) 100vw, 600px\" \/><\/a><\/p>\n<p style=\"text-align: center;\">Las joyas que no faltan en sus looks: su reloj dorado de<strong> Viceroy<\/strong> y su alianza de casada, de los que no se separa.<\/p>\n<p style=\"text-align: center;\"><a href=\"\/pasarelaurbana\/wp-content\/uploads\/sites\/49\/2013\/05\/217.jpg\"><img loading=\"lazy\" class=\"aligncenter size-full wp-image-4477\" title=\"21\" src=\"\/pasarelaurbana\/wp-content\/uploads\/sites\/49\/2013\/05\/217.jpg\" alt=\"\" width=\"600\" height=\"944\" srcset=\"https:\/\/static-blogs.diariosur.es\/wp-content\/uploads\/sites\/49\/2013\/05\/217.jpg 600w, https:\/\/static-blogs.diariosur.es\/wp-content\/uploads\/sites\/49\/2013\/05\/217-191x300.jpg 191w\" sizes=\"(max-width: 600px) 100vw, 600px\" \/><\/a><\/p>\n<p style=\"text-align: center;\">Y terminamos como siempre con una foto de recuerdo. en esta ocasi\u00f3n, Isabel luce el vestido que nos propuso para el look de d\u00eda, de <strong>Thirty30<\/strong>, con las sandalias agua marina de <strong>Carmen Sorolla<\/strong>. Una servidora eligi\u00f3 para el &#8216;shooting&#8217; jersey de hilo blanco con pailletes plata (de <strong>Bershka<\/strong>) y leggins negros de <strong>Zara<\/strong> con salones con reflejos n\u00e1car de <strong>H&#038;M<\/strong>.<\/p>\n<p style=\"text-align: center;\">Gracias desde aqu\u00ed al equipo de del <strong>estudio de fotograf\u00eda C11<\/strong> (en calle calderer\u00eda 11) por abrirnos las puertas de sus espectaculares instalaciones para hacer all\u00ed este reportaje. \u00a1Un mill\u00f3n de gracias!<\/p>\n<p style=\"text-align: center;\">\u00a1Espero que os haya gustado! \u00a1Feliz fin de semana!<\/p>\n<p>&nbsp;<\/p>\n","protected":false},"excerpt":{"rendered":"<p>No concibe mirar la vida sin la perspectiva que le dan los ocho cent\u00edmetros de un buen taconazo. Apasionada de los zapatos (tiene m\u00e1s de cincuenta pares) asegura que no se los quita ni para ir al s\u00faper. \u00bfAntes muerta que sencilla? \u00ab\u00a1Por supuesto, no se ir plana. Ya estoy acostumbrada a llevar tacones de [&hellip;]<\/p>\n","protected":false},"author":54,"featured_media":0,"comment_status":"open","ping_status":"open","sticky":false,"template":"","format":"standard","meta":[],"categories":[2],"tags":[],"_links":{"self":[{"href":"https:\/\/blogs.diariosur.es\/pasarelaurbana\/wp-json\/wp\/v2\/posts\/4457"}],"collection":[{"href":"https:\/\/blogs.diariosur.es\/pasarelaurbana\/wp-json\/wp\/v2\/posts"}],"about":[{"href":"https:\/\/blogs.diariosur.es\/pasarelaurbana\/wp-json\/wp\/v2\/types\/post"}],"author":[{"embeddable":true,"href":"https:\/\/blogs.diariosur.es\/pasarelaurbana\/wp-json\/wp\/v2\/users\/54"}],"replies":[{"embeddable":true,"href":"https:\/\/blogs.diariosur.es\/pasarelaurbana\/wp-json\/wp\/v2\/comments?post=4457"}],"version-history":[{"count":0,"href":"https:\/\/blogs.diariosur.es\/pasarelaurbana\/wp-json\/wp\/v2\/posts\/4457\/revisions"}],"wp:attachment":[{"href":"https:\/\/blogs.diariosur.es\/pasarelaurbana\/wp-json\/wp\/v2\/media?parent=4457"}],"wp:term":[{"taxonomy":"category","embeddable":true,"href":"https:\/\/blogs.diariosur.es\/pasarelaurbana\/wp-json\/wp\/v2\/categories?post=4457"},{"taxonomy":"post_tag","embeddable":true,"href":"https:\/\/blogs.diariosur.es\/pasarelaurbana\/wp-json\/wp\/v2\/tags?post=4457"}],"curies":[{"name":"wp","href":"https:\/\/api.w.org\/{rel}","templated":true}]}}