{"id":4481,"date":"2013-05-24T15:30:47","date_gmt":"2013-05-24T13:30:47","guid":{"rendered":"http:\/\/blogs.diariosur.es\/pasarelaurbana\/?p=4481"},"modified":"2013-05-24T15:30:47","modified_gmt":"2013-05-24T13:30:47","slug":"como-llevar-la-mantilla-trucos-para-lucirla-sin-morir-en-el-intento","status":"publish","type":"post","link":"https:\/\/blogs.diariosur.es\/pasarelaurbana\/2013\/05\/24\/como-llevar-la-mantilla-trucos-para-lucirla-sin-morir-en-el-intento\/","title":{"rendered":"\u00bfC\u00f3mo llevar la mantilla? Trucos para lucirla sin morir en el intento"},"content":{"rendered":"<p class=\"p\" style=\"text-align: center;\">Corr\u00eda el a\u00f1o 1913. Los pinceles de Julio Romero de Torres daban forma a su c\u00e9lebre \u2018Poema de C\u00f3rdoba\u2019, una obra en la que el maestro retrataba de forma simb\u00f3lica a enigm\u00e1ticas mujeres envueltas en mantones de manila y mantillas. Un siglo despu\u00e9s, ambas prendas han sobrevivido al embiste del paso del tiempo adapt\u00e1ndose a los nuevos usos y dise\u00f1os que impone la dictadura de la moda. Celebrities como Kate Moss o Sara Jessica Parker se han rendido a estas piezas, claves en la iconograf\u00eda del pintor cordob\u00e9s y protagonistas de la conferencia \u2018Oficios textiles en desuso; el mant\u00f3n y la mantilla en el flamenco\u2019, una de las actividades paralelas a la exposici\u00f3n de obras del artista que acoge estos d\u00edas el Museo Carmen Thyssen de M\u00e1laga. La actividad, que se desarrollar\u00e1 el pr\u00f3ximo 4 de junio a las 19.30 horas en el patio del Palacio Villal\u00f3n, permitir\u00e1 a los asistentes conocer la historia de ambas prendas y aprender a incorporarlas a los estilismos actuales. El dise\u00f1ador de alta costura Mario Camino (de Montesco) ser\u00e1 el encargado de dar la clase magistral en la que, con ayuda de una modelo, ir\u00e1 desgranando las claves para ponerse una mantilla en cada ocasi\u00f3n. Como anticipo, el modisto abri\u00f3 ayer las puertas de su taller a SUR para repasar algunas de las pautas que compartir\u00e1 con el p\u00fablico durante el acto en la pinacoteca (y que pod\u00e9is ver en el v\u00eddeo que acompa\u00f1a este reportaje).<\/p>\n<p class=\"p\" style=\"text-align: center;\">Entre los trucos para llevar mantilla y no morir en el intento, Camino destaca la importancia del peinado. Al respecto, indica que el recogido debe esta bien sujeto y m\u00e1s bajo que alto para as\u00ed poder encajar la peina con soltura. \u00c9sta, la peineta, se debe colocar recta y en el sitio exacto. Esto es, ni muy hacia delante (porque parecer\u00eda que la mujer va jorobada) ni hacia atr\u00e1s (porque ser\u00eda inc\u00f3modo, la mantilla le tirar\u00eda). Como plus de sofisticaci\u00f3n, Camino propone lucirla al estilo \u2018Romero de Torres\u2019, es decir, con la puntilla del encaje cayendo sobre la frente y cubri\u00e9ndola, como se aprecia en el v\u00eddeo.<\/p>\n<p class=\"p\" style=\"text-align: center;\">El protocolo tambi\u00e9n fija sus propias reglas. As\u00ed, el dise\u00f1ador recuerda que para los toros se debe llevar la mantilla blanca y con peineta. Sin embargo, si se trata de acudir como madrina a una boda nada de blanco. En este supuesto (como ocurre en Semana Santa) lo ideal es optar por una negra \u00absea cual sea el color del vestido\u00bb. \u00bfY para la novia? Mejor sin peineta, recogida en rizo alrededor del mo\u00f1o, aunque lo habitual es que lleven velo amantillado y no mantilla. \u00abEs importante cuidar nuestras tradiciones, nuestra cultura, como parte de una esencia que nos ha hecho internacionales en el mundo de la moda y el arte\u00bb, recalca Camino para quien la mantilla proporiona a la mujer \u00abuna elegancia y clase \u00fanicas, embelleci\u00e9ndola y destacando su porte\u00bb.<\/p>\n<p class=\"p\" style=\"text-align: center;\">Adem\u00e1s de ense\u00f1ar a llevar la mantilla, la actividad del pr\u00f3ximo 4 de junio (gratuita) contar\u00e1 con una invitada de lujo. Mar\u00eda Jos\u00e9 S\u00e1nchez Espinar, hija de la ganadora de la Medalla de Bellas Artes Mari \u00c1ngeles Espinar y una de las \u00faltimas exponentes de este oficio, recordar\u00e1 el legado que dej\u00f3 en este campo su madre. En dicha conferencia se comenzar\u00e1 repasando la historia y etimolog\u00eda del mant\u00f3n de manila para terminar dialogando con la ponente sobre las t\u00e9cnicas y dise\u00f1os actuales o la problem\u00e1tica de la falta de relevo generacional en el gremio de bordadores. S\u00e1nchez Espinar aprendi\u00f3 la profesi\u00f3n en Villamanrique de la Condesa de manos de una profesora hija de un general destinado en Filipinas. A Manila llegaban los mantones bordados de la China y all\u00ed aprendi\u00f3 el oficio que ense\u00f1\u00f3 a \u00c1ngeles, a su hermana y a varias muchachas del pueblo. En los a\u00f1os 50 y 60 el mant\u00f3n vivi\u00f3 una \u00e9poca de auge y recuperaci\u00f3n para luego ser defenestrado hasta, pr\u00e1cticamente, mediados de los 80. Durante la charla, Espinar mostrar\u00e1 algunas reliquias como dise\u00f1os dibujados en papel de arroz, con el sello de Cant\u00f3n, de principios del siglo XIX.<\/p>\n<p class=\"p\" style=\"text-align: center;\">En el caso de la mantilla, se dice que fue la reina Isabel II, aficionada al uso encajes, tocados y diademas, quien dio el espaldarazo definitivo a su uso, contagiando a todas las mujeres que la rodeaban. Las damas cortesanas comenzaron a utilizar esta prenda en diversos actos sociales. Hoy en d\u00eda, su uso ha quedado relegado a las bodas, galas, fiesta del toreo y Semana Santa.<\/p>\n<p class=\"p\" style=\"text-align: center;\">Os dejo con unas fotos de cuadros de Romero de Torres (donde se ve la importancia que jug\u00f3 la mantilla en su obra) y una selecci\u00f3n de estilismos con mant\u00f3n y mantilla firmados por celebrities como Sarah Jessica Parker, Kate Moss o Nicole Richie. \u00a1Hasta ma\u00f1ana! Os espero en Twitter: @almunogues<\/p>\n<p class=\"p\" style=\"text-align: center;\"><a href=\"\/pasarelaurbana\/wp-content\/uploads\/sites\/49\/2013\/05\/mantillacuatro.jpg\"><img loading=\"lazy\" class=\"aligncenter size-full wp-image-4483\" title=\"mantillacuatro\" src=\"\/pasarelaurbana\/wp-content\/uploads\/sites\/49\/2013\/05\/mantillacuatro.jpg\" alt=\"\" width=\"600\" height=\"1063\" srcset=\"https:\/\/static-blogs.diariosur.es\/wp-content\/uploads\/sites\/49\/2013\/05\/mantillacuatro.jpg 600w, https:\/\/static-blogs.diariosur.es\/wp-content\/uploads\/sites\/49\/2013\/05\/mantillacuatro-169x300.jpg 169w, https:\/\/static-blogs.diariosur.es\/wp-content\/uploads\/sites\/49\/2013\/05\/mantillacuatro-578x1024.jpg 578w\" sizes=\"(max-width: 600px) 100vw, 600px\" \/><\/a><!--more--><a href=\"\/pasarelaurbana\/wp-content\/uploads\/sites\/49\/2013\/05\/mantillauno.jpg\"><img loading=\"lazy\" class=\"aligncenter size-full wp-image-4487\" title=\"mantillauno\" src=\"\/pasarelaurbana\/wp-content\/uploads\/sites\/49\/2013\/05\/mantillauno.jpg\" alt=\"\" width=\"600\" height=\"772\" srcset=\"https:\/\/static-blogs.diariosur.es\/wp-content\/uploads\/sites\/49\/2013\/05\/mantillauno.jpg 600w, https:\/\/static-blogs.diariosur.es\/wp-content\/uploads\/sites\/49\/2013\/05\/mantillauno-233x300.jpg 233w\" sizes=\"(max-width: 600px) 100vw, 600px\" \/><\/a><\/p>\n<p class=\"p\" style=\"text-align: center;\"><a href=\"\/pasarelaurbana\/wp-content\/uploads\/sites\/49\/2013\/05\/mantillatres.jpg\"><img loading=\"lazy\" class=\"aligncenter size-full wp-image-4486\" title=\"mantillatres\" src=\"\/pasarelaurbana\/wp-content\/uploads\/sites\/49\/2013\/05\/mantillatres.jpg\" alt=\"\" width=\"600\" height=\"826\" srcset=\"https:\/\/static-blogs.diariosur.es\/wp-content\/uploads\/sites\/49\/2013\/05\/mantillatres.jpg 600w, https:\/\/static-blogs.diariosur.es\/wp-content\/uploads\/sites\/49\/2013\/05\/mantillatres-218x300.jpg 218w\" sizes=\"(max-width: 600px) 100vw, 600px\" \/><\/a><\/p>\n<p class=\"p\" style=\"text-align: center;\"><a href=\"\/pasarelaurbana\/wp-content\/uploads\/sites\/49\/2013\/05\/mantillados.jpg\"><img loading=\"lazy\" class=\"aligncenter size-full wp-image-4484\" title=\"mantillados\" src=\"\/pasarelaurbana\/wp-content\/uploads\/sites\/49\/2013\/05\/mantillados.jpg\" alt=\"\" width=\"600\" height=\"972\" srcset=\"https:\/\/static-blogs.diariosur.es\/wp-content\/uploads\/sites\/49\/2013\/05\/mantillados.jpg 600w, https:\/\/static-blogs.diariosur.es\/wp-content\/uploads\/sites\/49\/2013\/05\/mantillados-185x300.jpg 185w\" sizes=\"(max-width: 600px) 100vw, 600px\" \/><\/a><\/p>\n<p class=\"p\" style=\"text-align: center;\"><a href=\"\/pasarelaurbana\/wp-content\/uploads\/sites\/49\/2013\/05\/mantillaparker.jpg\"><img loading=\"lazy\" class=\"aligncenter size-full wp-image-4485\" title=\"mantillaparker\" src=\"\/pasarelaurbana\/wp-content\/uploads\/sites\/49\/2013\/05\/mantillaparker.jpg\" alt=\"\" width=\"600\" height=\"900\" srcset=\"https:\/\/static-blogs.diariosur.es\/wp-content\/uploads\/sites\/49\/2013\/05\/mantillaparker.jpg 600w, https:\/\/static-blogs.diariosur.es\/wp-content\/uploads\/sites\/49\/2013\/05\/mantillaparker-200x300.jpg 200w\" sizes=\"(max-width: 600px) 100vw, 600px\" \/><\/a><\/p>\n<p class=\"p\" style=\"text-align: center;\"><a href=\"\/pasarelaurbana\/wp-content\/uploads\/sites\/49\/2013\/05\/mantontres.jpg\"><img loading=\"lazy\" class=\"aligncenter size-full wp-image-4490\" title=\"mantontres\" src=\"\/pasarelaurbana\/wp-content\/uploads\/sites\/49\/2013\/05\/mantontres.jpg\" alt=\"\" width=\"600\" height=\"1200\" srcset=\"https:\/\/static-blogs.diariosur.es\/wp-content\/uploads\/sites\/49\/2013\/05\/mantontres.jpg 600w, https:\/\/static-blogs.diariosur.es\/wp-content\/uploads\/sites\/49\/2013\/05\/mantontres-150x300.jpg 150w, https:\/\/static-blogs.diariosur.es\/wp-content\/uploads\/sites\/49\/2013\/05\/mantontres-512x1024.jpg 512w\" sizes=\"(max-width: 600px) 100vw, 600px\" \/><\/a><\/p>\n<p class=\"p\" style=\"text-align: center;\"><a href=\"\/pasarelaurbana\/wp-content\/uploads\/sites\/49\/2013\/05\/mantonuno1.jpg\"><img loading=\"lazy\" class=\"aligncenter size-full wp-image-4491\" title=\"mantonuno\" src=\"\/pasarelaurbana\/wp-content\/uploads\/sites\/49\/2013\/05\/mantonuno1.jpg\" alt=\"\" width=\"600\" height=\"898\" srcset=\"https:\/\/static-blogs.diariosur.es\/wp-content\/uploads\/sites\/49\/2013\/05\/mantonuno1.jpg 600w, https:\/\/static-blogs.diariosur.es\/wp-content\/uploads\/sites\/49\/2013\/05\/mantonuno1-200x300.jpg 200w\" sizes=\"(max-width: 600px) 100vw, 600px\" \/><\/a><\/p>\n<p class=\"p\" style=\"text-align: center;\"><a href=\"\/pasarelaurbana\/wp-content\/uploads\/sites\/49\/2013\/05\/mantoncuatro.jpg\"><img loading=\"lazy\" class=\"aligncenter size-full wp-image-4489\" title=\"mantoncuatro\" src=\"\/pasarelaurbana\/wp-content\/uploads\/sites\/49\/2013\/05\/mantoncuatro.jpg\" alt=\"\" width=\"600\" height=\"940\" srcset=\"https:\/\/static-blogs.diariosur.es\/wp-content\/uploads\/sites\/49\/2013\/05\/mantoncuatro.jpg 600w, https:\/\/static-blogs.diariosur.es\/wp-content\/uploads\/sites\/49\/2013\/05\/mantoncuatro-191x300.jpg 191w\" sizes=\"(max-width: 600px) 100vw, 600px\" \/><\/a><\/p>\n<p class=\"p\" style=\"text-align: center;\"><a href=\"\/pasarelaurbana\/wp-content\/uploads\/sites\/49\/2013\/05\/mantoncinco.jpg\"><img loading=\"lazy\" class=\"aligncenter size-full wp-image-4488\" title=\"mantoncinco\" src=\"\/pasarelaurbana\/wp-content\/uploads\/sites\/49\/2013\/05\/mantoncinco.jpg\" alt=\"\" width=\"600\" height=\"900\" srcset=\"https:\/\/static-blogs.diariosur.es\/wp-content\/uploads\/sites\/49\/2013\/05\/mantoncinco.jpg 600w, https:\/\/static-blogs.diariosur.es\/wp-content\/uploads\/sites\/49\/2013\/05\/mantoncinco-200x300.jpg 200w\" sizes=\"(max-width: 600px) 100vw, 600px\" \/><\/a><\/p>\n<p class=\"p\" style=\"text-align: center;\"><a href=\"\/pasarelaurbana\/wp-content\/uploads\/sites\/49\/2013\/05\/video.jpg\"><img loading=\"lazy\" class=\"aligncenter size-full wp-image-4492\" title=\"video\" src=\"\/pasarelaurbana\/wp-content\/uploads\/sites\/49\/2013\/05\/video.jpg\" alt=\"\" width=\"600\" height=\"320\" srcset=\"https:\/\/static-blogs.diariosur.es\/wp-content\/uploads\/sites\/49\/2013\/05\/video.jpg 600w, https:\/\/static-blogs.diariosur.es\/wp-content\/uploads\/sites\/49\/2013\/05\/video-300x160.jpg 300w\" sizes=\"(max-width: 600px) 100vw, 600px\" \/><\/a><\/p>\n<p class=\"p\" style=\"text-align: center;\"><strong><a href=\"http:\/\/www.diariosur.es\/videos\/malaga\/actualidad\/2405144892001-pone-mantilla-estilo-julio-romero-torres.html\" rel=\"external nofollow\">Mario Camino, de Montesco, ense\u00f1a en este v\u00eddeo a colocar la mantilla.<\/a><\/strong><\/p>\n<p class=\"p\" style=\"text-align: center;\">Y recordad: el pr\u00f3ximo <strong>4 de junio<\/strong> a las <strong>19.30<\/strong> en el Museo Thyssen pod\u00e9is asistir de forma <strong>gratuita<\/strong> a la conferencia de la que os hablo en este reportaje. \u00a1Muy recomendable!<\/p>\n","protected":false},"excerpt":{"rendered":"<p>Corr\u00eda el a\u00f1o 1913. Los pinceles de Julio Romero de Torres daban forma a su c\u00e9lebre \u2018Poema de C\u00f3rdoba\u2019, una obra en la que el maestro retrataba de forma simb\u00f3lica a enigm\u00e1ticas mujeres envueltas en mantones de manila y mantillas. Un siglo despu\u00e9s, ambas prendas han sobrevivido al embiste del paso del tiempo adapt\u00e1ndose a [&hellip;]<\/p>\n","protected":false},"author":54,"featured_media":0,"comment_status":"open","ping_status":"open","sticky":false,"template":"","format":"standard","meta":[],"categories":[2],"tags":[],"_links":{"self":[{"href":"https:\/\/blogs.diariosur.es\/pasarelaurbana\/wp-json\/wp\/v2\/posts\/4481"}],"collection":[{"href":"https:\/\/blogs.diariosur.es\/pasarelaurbana\/wp-json\/wp\/v2\/posts"}],"about":[{"href":"https:\/\/blogs.diariosur.es\/pasarelaurbana\/wp-json\/wp\/v2\/types\/post"}],"author":[{"embeddable":true,"href":"https:\/\/blogs.diariosur.es\/pasarelaurbana\/wp-json\/wp\/v2\/users\/54"}],"replies":[{"embeddable":true,"href":"https:\/\/blogs.diariosur.es\/pasarelaurbana\/wp-json\/wp\/v2\/comments?post=4481"}],"version-history":[{"count":0,"href":"https:\/\/blogs.diariosur.es\/pasarelaurbana\/wp-json\/wp\/v2\/posts\/4481\/revisions"}],"wp:attachment":[{"href":"https:\/\/blogs.diariosur.es\/pasarelaurbana\/wp-json\/wp\/v2\/media?parent=4481"}],"wp:term":[{"taxonomy":"category","embeddable":true,"href":"https:\/\/blogs.diariosur.es\/pasarelaurbana\/wp-json\/wp\/v2\/categories?post=4481"},{"taxonomy":"post_tag","embeddable":true,"href":"https:\/\/blogs.diariosur.es\/pasarelaurbana\/wp-json\/wp\/v2\/tags?post=4481"}],"curies":[{"name":"wp","href":"https:\/\/api.w.org\/{rel}","templated":true}]}}