{"id":4493,"date":"2013-05-29T15:30:12","date_gmt":"2013-05-29T13:30:12","guid":{"rendered":"http:\/\/blogs.diariosur.es\/pasarelaurbana\/?p=4493"},"modified":"2013-05-29T15:30:12","modified_gmt":"2013-05-29T13:30:12","slug":"vuelven-los-petos-arrasan-en-su-version-vaquera","status":"publish","type":"post","link":"https:\/\/blogs.diariosur.es\/pasarelaurbana\/2013\/05\/29\/vuelven-los-petos-arrasan-en-su-version-vaquera\/","title":{"rendered":"\u00a1Vuelven los petos! Arrasan en su versi\u00f3n vaquera"},"content":{"rendered":"<p style=\"text-align: center;\">Sabore\u00f3 su momento \u00e1lgido en la d\u00e9cada de los 90&#8230; y ahora regresa a la carga. \u00bfTen\u00e9is alg\u00fan peto vaquero guardado en el altillo? \u00a1Pues es el momento de desempolvarlo y sacarlo de paseo! El peto, tambi\u00e9n conocido como pichi, naci\u00f3 como una prenda de trabajo para\u00a0los hombres de campo, especialmente agricultores y trabajadores ferroviarios del sur y el medio oeste de EE UU hace m\u00e1s de un siglo. A finales de los 80-principios de los 90 dio el salto a los estilismos cotidianos de la mano de series m\u00edticas como &#8216;Salvados por la campana&#8217; o &#8216;Sensaci\u00f3n de vivir&#8217;. Y como en moda todo vuelve&#8230;esta primavera-verano retorna con energ\u00edas renovadas dispuesto a ser protagonista absoluto de los &#8216;outfits&#8217; de toda fashionista que se precie. It girls de la talla de <strong>Alexa Chung <\/strong>(ecnumbrada por m\u00e9ritos propios en el trono de la reina del peto) han abierto la veda&#8230;y una legi\u00f3n de fashion bloggers de medio mundo han cogido el testigo rindi\u00e9ndose a esta prenda (si es vaquera, mejor). \u00bfEl resultado? No hay tienda &#8216;low cost&#8217; que no haya incorporado alg\u00fan modelo en su nueva colecci\u00f3n&#8230;\u00a1as\u00ed que no os ser\u00e1 dif\u00edcil elegir uno! Se llevan largos o cortos, con camisetas o tops, con camisas rom\u00e1nticas,con taconazos, plataformas, con deportivas&#8230;Es cuesti\u00f3n de echarle imaginaci\u00f3n a esta prenda camale\u00f3nica, tan vers\u00e1til que puede servir para construir tanto estilismos c\u00f3modos de d\u00eda como sofisticados looks\u00a0 de noche, \u00bfAlgunas ideas? Aqu\u00ed os dej\u00f3 un resumen de estilismos a mi juicio acertados con el peto como protagonista. \u00a1Espero que os sirva de inspiraci\u00f3n! \u00a1Hasta ma\u00f1ana! \u00a1Os espero en Twitter: @almunogues!<\/p>\n<p>&nbsp;<\/p>\n<p><a href=\"\/pasarelaurbana\/wp-content\/uploads\/sites\/49\/2013\/05\/peto.jpg\"><img loading=\"lazy\" class=\"aligncenter size-full wp-image-4496\" title=\"peto\" src=\"\/pasarelaurbana\/wp-content\/uploads\/sites\/49\/2013\/05\/peto.jpg\" alt=\"\" width=\"600\" height=\"898\" srcset=\"https:\/\/static-blogs.diariosur.es\/wp-content\/uploads\/sites\/49\/2013\/05\/peto.jpg 600w, https:\/\/static-blogs.diariosur.es\/wp-content\/uploads\/sites\/49\/2013\/05\/peto-200x300.jpg 200w\" sizes=\"(max-width: 600px) 100vw, 600px\" \/><\/a><!--more--><\/p>\n<p><a href=\"\/pasarelaurbana\/wp-content\/uploads\/sites\/49\/2013\/05\/tendencia.jpg\"><img loading=\"lazy\" class=\"aligncenter size-full wp-image-4504\" title=\"tendencia\" src=\"\/pasarelaurbana\/wp-content\/uploads\/sites\/49\/2013\/05\/tendencia.jpg\" alt=\"\" width=\"600\" height=\"969\" srcset=\"https:\/\/static-blogs.diariosur.es\/wp-content\/uploads\/sites\/49\/2013\/05\/tendencia.jpg 600w, https:\/\/static-blogs.diariosur.es\/wp-content\/uploads\/sites\/49\/2013\/05\/tendencia-186x300.jpg 186w\" sizes=\"(max-width: 600px) 100vw, 600px\" \/><\/a><\/p>\n<p><a href=\"\/pasarelaurbana\/wp-content\/uploads\/sites\/49\/2013\/05\/petodos.jpg\"><img loading=\"lazy\" class=\"aligncenter size-full wp-image-4499\" title=\"petodos\" src=\"\/pasarelaurbana\/wp-content\/uploads\/sites\/49\/2013\/05\/petodos.jpg\" alt=\"\" width=\"600\" height=\"845\" srcset=\"https:\/\/static-blogs.diariosur.es\/wp-content\/uploads\/sites\/49\/2013\/05\/petodos.jpg 600w, https:\/\/static-blogs.diariosur.es\/wp-content\/uploads\/sites\/49\/2013\/05\/petodos-213x300.jpg 213w\" sizes=\"(max-width: 600px) 100vw, 600px\" \/><\/a><\/p>\n<p><a href=\"\/pasarelaurbana\/wp-content\/uploads\/sites\/49\/2013\/05\/petocuatro.jpg\"><img loading=\"lazy\" class=\"aligncenter size-full wp-image-4498\" title=\"petocuatro\" src=\"\/pasarelaurbana\/wp-content\/uploads\/sites\/49\/2013\/05\/petocuatro.jpg\" alt=\"\" width=\"600\" height=\"425\" srcset=\"https:\/\/static-blogs.diariosur.es\/wp-content\/uploads\/sites\/49\/2013\/05\/petocuatro.jpg 600w, https:\/\/static-blogs.diariosur.es\/wp-content\/uploads\/sites\/49\/2013\/05\/petocuatro-300x213.jpg 300w\" sizes=\"(max-width: 600px) 100vw, 600px\" \/><\/a><\/p>\n<p><a href=\"\/pasarelaurbana\/wp-content\/uploads\/sites\/49\/2013\/05\/petocinco.jpg\"><img loading=\"lazy\" class=\"aligncenter size-full wp-image-4497\" title=\"petocinco\" src=\"\/pasarelaurbana\/wp-content\/uploads\/sites\/49\/2013\/05\/petocinco.jpg\" alt=\"\" width=\"600\" height=\"425\" srcset=\"https:\/\/static-blogs.diariosur.es\/wp-content\/uploads\/sites\/49\/2013\/05\/petocinco.jpg 600w, https:\/\/static-blogs.diariosur.es\/wp-content\/uploads\/sites\/49\/2013\/05\/petocinco-300x213.jpg 300w\" sizes=\"(max-width: 600px) 100vw, 600px\" \/><\/a><\/p>\n<p><a href=\"\/pasarelaurbana\/wp-content\/uploads\/sites\/49\/2013\/05\/peto5.jpg\"><img loading=\"lazy\" class=\"aligncenter size-full wp-image-4495\" title=\"peto5\" src=\"\/pasarelaurbana\/wp-content\/uploads\/sites\/49\/2013\/05\/peto5.jpg\" alt=\"\" width=\"600\" height=\"450\" srcset=\"https:\/\/static-blogs.diariosur.es\/wp-content\/uploads\/sites\/49\/2013\/05\/peto5.jpg 600w, https:\/\/static-blogs.diariosur.es\/wp-content\/uploads\/sites\/49\/2013\/05\/peto5-300x225.jpg 300w\" sizes=\"(max-width: 600px) 100vw, 600px\" \/><\/a><\/p>\n<p><a href=\"\/pasarelaurbana\/wp-content\/uploads\/sites\/49\/2013\/05\/petoseis.jpg\"><img loading=\"lazy\" class=\"aligncenter size-full wp-image-4500\" title=\"petoseis\" src=\"\/pasarelaurbana\/wp-content\/uploads\/sites\/49\/2013\/05\/petoseis.jpg\" alt=\"\" width=\"600\" height=\"855\" srcset=\"https:\/\/static-blogs.diariosur.es\/wp-content\/uploads\/sites\/49\/2013\/05\/petoseis.jpg 600w, https:\/\/static-blogs.diariosur.es\/wp-content\/uploads\/sites\/49\/2013\/05\/petoseis-211x300.jpg 211w\" sizes=\"(max-width: 600px) 100vw, 600px\" \/><\/a><\/p>\n<p><a href=\"\/pasarelaurbana\/wp-content\/uploads\/sites\/49\/2013\/05\/petodiez.jpg\"><img loading=\"lazy\" class=\"aligncenter size-full wp-image-4503\" title=\"petodiez\" src=\"\/pasarelaurbana\/wp-content\/uploads\/sites\/49\/2013\/05\/petodiez.jpg\" alt=\"\" width=\"600\" height=\"857\" srcset=\"https:\/\/static-blogs.diariosur.es\/wp-content\/uploads\/sites\/49\/2013\/05\/petodiez.jpg 600w, https:\/\/static-blogs.diariosur.es\/wp-content\/uploads\/sites\/49\/2013\/05\/petodiez-210x300.jpg 210w\" sizes=\"(max-width: 600px) 100vw, 600px\" \/><\/a><\/p>\n<p><a href=\"\/pasarelaurbana\/wp-content\/uploads\/sites\/49\/2013\/05\/petosiete.jpg\"><img loading=\"lazy\" class=\"aligncenter size-full wp-image-4494\" title=\"petosiete\" src=\"\/pasarelaurbana\/wp-content\/uploads\/sites\/49\/2013\/05\/petosiete.jpg\" alt=\"\" width=\"600\" height=\"480\" srcset=\"https:\/\/static-blogs.diariosur.es\/wp-content\/uploads\/sites\/49\/2013\/05\/petosiete.jpg 600w, https:\/\/static-blogs.diariosur.es\/wp-content\/uploads\/sites\/49\/2013\/05\/petosiete-300x240.jpg 300w\" sizes=\"(max-width: 600px) 100vw, 600px\" \/><\/a><\/p>\n<p><a href=\"\/pasarelaurbana\/wp-content\/uploads\/sites\/49\/2013\/05\/petoocho.jpg\"><img loading=\"lazy\" class=\"aligncenter size-full wp-image-4502\" title=\"petoocho\" src=\"\/pasarelaurbana\/wp-content\/uploads\/sites\/49\/2013\/05\/petoocho.jpg\" alt=\"\" width=\"600\" height=\"900\" srcset=\"https:\/\/static-blogs.diariosur.es\/wp-content\/uploads\/sites\/49\/2013\/05\/petoocho.jpg 600w, https:\/\/static-blogs.diariosur.es\/wp-content\/uploads\/sites\/49\/2013\/05\/petoocho-200x300.jpg 200w\" sizes=\"(max-width: 600px) 100vw, 600px\" \/><\/a><\/p>\n<p><a href=\"\/pasarelaurbana\/wp-content\/uploads\/sites\/49\/2013\/05\/petonueve.jpg\"><img loading=\"lazy\" class=\"aligncenter size-full wp-image-4501\" title=\"petonueve\" src=\"\/pasarelaurbana\/wp-content\/uploads\/sites\/49\/2013\/05\/petonueve.jpg\" alt=\"\" width=\"600\" height=\"927\" srcset=\"https:\/\/static-blogs.diariosur.es\/wp-content\/uploads\/sites\/49\/2013\/05\/petonueve.jpg 600w, https:\/\/static-blogs.diariosur.es\/wp-content\/uploads\/sites\/49\/2013\/05\/petonueve-194x300.jpg 194w\" sizes=\"(max-width: 600px) 100vw, 600px\" \/><\/a><\/p>\n","protected":false},"excerpt":{"rendered":"<p>Sabore\u00f3 su momento \u00e1lgido en la d\u00e9cada de los 90&#8230; y ahora regresa a la carga. \u00bfTen\u00e9is alg\u00fan peto vaquero guardado en el altillo? \u00a1Pues es el momento de desempolvarlo y sacarlo de paseo! El peto, tambi\u00e9n conocido como pichi, naci\u00f3 como una prenda de trabajo para\u00a0los hombres de campo, especialmente agricultores y trabajadores ferroviarios [&hellip;]<\/p>\n","protected":false},"author":54,"featured_media":0,"comment_status":"open","ping_status":"open","sticky":false,"template":"","format":"standard","meta":[],"categories":[2],"tags":[],"_links":{"self":[{"href":"https:\/\/blogs.diariosur.es\/pasarelaurbana\/wp-json\/wp\/v2\/posts\/4493"}],"collection":[{"href":"https:\/\/blogs.diariosur.es\/pasarelaurbana\/wp-json\/wp\/v2\/posts"}],"about":[{"href":"https:\/\/blogs.diariosur.es\/pasarelaurbana\/wp-json\/wp\/v2\/types\/post"}],"author":[{"embeddable":true,"href":"https:\/\/blogs.diariosur.es\/pasarelaurbana\/wp-json\/wp\/v2\/users\/54"}],"replies":[{"embeddable":true,"href":"https:\/\/blogs.diariosur.es\/pasarelaurbana\/wp-json\/wp\/v2\/comments?post=4493"}],"version-history":[{"count":0,"href":"https:\/\/blogs.diariosur.es\/pasarelaurbana\/wp-json\/wp\/v2\/posts\/4493\/revisions"}],"wp:attachment":[{"href":"https:\/\/blogs.diariosur.es\/pasarelaurbana\/wp-json\/wp\/v2\/media?parent=4493"}],"wp:term":[{"taxonomy":"category","embeddable":true,"href":"https:\/\/blogs.diariosur.es\/pasarelaurbana\/wp-json\/wp\/v2\/categories?post=4493"},{"taxonomy":"post_tag","embeddable":true,"href":"https:\/\/blogs.diariosur.es\/pasarelaurbana\/wp-json\/wp\/v2\/tags?post=4493"}],"curies":[{"name":"wp","href":"https:\/\/api.w.org\/{rel}","templated":true}]}}