{"id":4506,"date":"2013-05-30T17:56:43","date_gmt":"2013-05-30T15:56:43","guid":{"rendered":"http:\/\/blogs.diariosur.es\/pasarelaurbana\/?p=4506"},"modified":"2013-05-30T17:56:43","modified_gmt":"2013-05-30T15:56:43","slug":"ropa-para-bebes-rockeros-divertidos-platos-de-comida-e-ideas-para-decorar-fiestas-infantiles","status":"publish","type":"post","link":"https:\/\/blogs.diariosur.es\/pasarelaurbana\/2013\/05\/30\/ropa-para-bebes-rockeros-divertidos-platos-de-comida-e-ideas-para-decorar-fiestas-infantiles\/","title":{"rendered":"Ropa para beb\u00e9s rockeros, divertidos platos de comida e ideas para decorar fiestas infantiles"},"content":{"rendered":"<p><span style=\"font-size: 12pt; font-family: 'Arial','sans-serif';\"><span style=\"font-size: small; font-family: arial,helvetica,sans-serif;\">Llega el jueves y con el..\u00a1nuestro especial ni\u00f1os! L@s que me segu\u00eds sab\u00e9is que peco de \u00f1o\u00f1a y cl\u00e1sica en lo que a moda infantil se refiere (s\u00ed, soy muy cursi, me pierden los colores pasteles, las ranitas, los encajes y todas estas parafernalias qu\u00e9 le vamos a hacer) pero hoy voy a hacer una excepci\u00f3n para hablaros de una marca que ha logrado arrancarme una sonrisa, as\u00ed que nada m\u00e1s que por eso (y porque es malague\u00f1a y ya sab\u00e9is que barro para casa siempre que puedo) se ha merecido ser protagonista del post de hoy. Se trata de <strong>Rocky Horror Baby,<\/strong> una divertida firma nacida en 2011 (aunque su germen data de 2009) de la mano de dos hermanas de San Pedro de Alc\u00e1ntara: Alicia (dise\u00f1adora de moda) y Elena Minguela (dise\u00f1adora gr\u00e1fica). Juntas -el tandem perfecto- decidieron lanzar al mercado un concepto diferente de prendas para vestir a los peques de la casa. \u00bfSu filosof\u00eda? Ropa divertida con un toque gamberro y mensajes simp\u00e1ticos con gui\u00f1os a la cultura del rock y el pop que han dibujado un sinf\u00edn de sonrisas con lemas como &#8216;Papi es un friki&#8217;, &#8216;Anark\u00eda en la guarder\u00eda&#8217;, &#8216;Los rockeros nunca duermen&#8217; o &#8216;Mami mola&#8217;.<\/span><\/span><\/p>\n<p><span style=\"font-size: 12pt; font-family: 'Arial','sans-serif';\"><span style=\"font-size: small; font-family: arial,helvetica,sans-serif;\">Como explican desde su tienda on line, c<\/span><\/span>ada una de las prendas de Rocky Horror Baby (su fuerte son los bodies y las camisetas) est\u00e1 concebida &#8220;con sumo cuidado, escogiendo cada detalle con mucho mimo para ofrecer calidad, tanto en el dise\u00f1o y proceso creativo como en las materias primas y la producci\u00f3n.<\/p>\n<p>La firma dio sus primeros pasos en las Galer\u00edas Goya (donde formaron parte del proyecto de incubadora de empresas) desde donde dio el salto a calle C\u00e1rcer (local que cerraron). Actualmente sus prendas pueden adquirirse tanto en su <strong>tienda virtual <\/strong>como en el comercio <strong>Super 8 (en calle Casapalma,4), <\/strong>donde tienen un corner. Su \u00e9xito ha sido tal, que las hermanas Minguela pueden presumir actualmente de una red de puntos de venta que ronda el medio centenar en diversos puntos de la geograf\u00eda espa\u00f1ola&#8230;y hasta fuera de nuestras fronteras, con distribuci\u00f3n en Holanda e Italia.<\/p>\n<p>Os dejo con una selecci\u00f3n de algunas de las prendas de la nueva colecci\u00f3n que m\u00e1s me han gustado (muy chulos los vestiditos de ni\u00f1a con aires retro). Adem\u00e1s de ropa, tienen divertidos chupetes y baberos. Encontrar\u00e9is m\u00e1s informaci\u00f3n\u00a0<strong><a href=\"http:\/\/www.rockyhorrorbaby.com\/index.php\" rel=\"external nofollow\">en su web<\/a>. <\/strong>Espero que os guste&#8230;\u00a1a mi me parece s\u00faper original!<\/p>\n<p>&nbsp;<\/p>\n<p class=\"MsoNormal\" style=\"mso-margin-top-alt: auto; mso-margin-bottom-alt: auto; line-height: normal;\"><a href=\"\/pasarelaurbana\/wp-content\/uploads\/sites\/49\/2013\/05\/68.jpg\"><img loading=\"lazy\" class=\"aligncenter size-full wp-image-4513\" title=\"6\" src=\"\/pasarelaurbana\/wp-content\/uploads\/sites\/49\/2013\/05\/68.jpg\" alt=\"\" width=\"600\" height=\"600\" srcset=\"https:\/\/static-blogs.diariosur.es\/wp-content\/uploads\/sites\/49\/2013\/05\/68.jpg 600w, https:\/\/static-blogs.diariosur.es\/wp-content\/uploads\/sites\/49\/2013\/05\/68-150x150.jpg 150w, https:\/\/static-blogs.diariosur.es\/wp-content\/uploads\/sites\/49\/2013\/05\/68-300x300.jpg 300w\" sizes=\"(max-width: 600px) 100vw, 600px\" \/><\/a><!--more--><\/p>\n<p class=\"MsoNormal\" style=\"mso-margin-top-alt: auto; mso-margin-bottom-alt: auto; line-height: normal;\"><a href=\"\/pasarelaurbana\/wp-content\/uploads\/sites\/49\/2013\/05\/126.jpg\"><img loading=\"lazy\" class=\"aligncenter size-full wp-image-4508\" title=\"1\" src=\"\/pasarelaurbana\/wp-content\/uploads\/sites\/49\/2013\/05\/126.jpg\" alt=\"\" width=\"600\" height=\"600\" srcset=\"https:\/\/static-blogs.diariosur.es\/wp-content\/uploads\/sites\/49\/2013\/05\/126.jpg 600w, https:\/\/static-blogs.diariosur.es\/wp-content\/uploads\/sites\/49\/2013\/05\/126-150x150.jpg 150w, https:\/\/static-blogs.diariosur.es\/wp-content\/uploads\/sites\/49\/2013\/05\/126-300x300.jpg 300w\" sizes=\"(max-width: 600px) 100vw, 600px\" \/><\/a><\/p>\n<p class=\"MsoNormal\" style=\"mso-margin-top-alt: auto; mso-margin-bottom-alt: auto; line-height: normal;\"><a href=\"\/pasarelaurbana\/wp-content\/uploads\/sites\/49\/2013\/05\/219.jpg\"><img loading=\"lazy\" class=\"aligncenter size-full wp-image-4509\" title=\"2\" src=\"\/pasarelaurbana\/wp-content\/uploads\/sites\/49\/2013\/05\/219.jpg\" alt=\"\" width=\"600\" height=\"600\" srcset=\"https:\/\/static-blogs.diariosur.es\/wp-content\/uploads\/sites\/49\/2013\/05\/219.jpg 600w, https:\/\/static-blogs.diariosur.es\/wp-content\/uploads\/sites\/49\/2013\/05\/219-150x150.jpg 150w, https:\/\/static-blogs.diariosur.es\/wp-content\/uploads\/sites\/49\/2013\/05\/219-300x300.jpg 300w\" sizes=\"(max-width: 600px) 100vw, 600px\" \/><\/a><\/p>\n<p class=\"MsoNormal\" style=\"mso-margin-top-alt: auto; mso-margin-bottom-alt: auto; line-height: normal;\"><a href=\"\/pasarelaurbana\/wp-content\/uploads\/sites\/49\/2013\/05\/38.jpg\"><img loading=\"lazy\" class=\"aligncenter size-full wp-image-4510\" title=\"3\" src=\"\/pasarelaurbana\/wp-content\/uploads\/sites\/49\/2013\/05\/38.jpg\" alt=\"\" width=\"600\" height=\"600\" srcset=\"https:\/\/static-blogs.diariosur.es\/wp-content\/uploads\/sites\/49\/2013\/05\/38.jpg 600w, https:\/\/static-blogs.diariosur.es\/wp-content\/uploads\/sites\/49\/2013\/05\/38-150x150.jpg 150w, https:\/\/static-blogs.diariosur.es\/wp-content\/uploads\/sites\/49\/2013\/05\/38-300x300.jpg 300w\" sizes=\"(max-width: 600px) 100vw, 600px\" \/><\/a><\/p>\n<p class=\"MsoNormal\" style=\"mso-margin-top-alt: auto; mso-margin-bottom-alt: auto; line-height: normal;\"><a href=\"\/pasarelaurbana\/wp-content\/uploads\/sites\/49\/2013\/05\/410.jpg\"><img loading=\"lazy\" class=\"aligncenter size-full wp-image-4511\" title=\"4\" src=\"\/pasarelaurbana\/wp-content\/uploads\/sites\/49\/2013\/05\/410.jpg\" alt=\"\" width=\"600\" height=\"600\" srcset=\"https:\/\/static-blogs.diariosur.es\/wp-content\/uploads\/sites\/49\/2013\/05\/410.jpg 600w, https:\/\/static-blogs.diariosur.es\/wp-content\/uploads\/sites\/49\/2013\/05\/410-150x150.jpg 150w, https:\/\/static-blogs.diariosur.es\/wp-content\/uploads\/sites\/49\/2013\/05\/410-300x300.jpg 300w\" sizes=\"(max-width: 600px) 100vw, 600px\" \/><\/a><\/p>\n<p class=\"MsoNormal\" style=\"mso-margin-top-alt: auto; mso-margin-bottom-alt: auto; line-height: normal;\"><a href=\"\/pasarelaurbana\/wp-content\/uploads\/sites\/49\/2013\/05\/78.jpg\"><img loading=\"lazy\" class=\"aligncenter size-full wp-image-4514\" title=\"7\" src=\"\/pasarelaurbana\/wp-content\/uploads\/sites\/49\/2013\/05\/78.jpg\" alt=\"\" width=\"600\" height=\"600\" srcset=\"https:\/\/static-blogs.diariosur.es\/wp-content\/uploads\/sites\/49\/2013\/05\/78.jpg 600w, https:\/\/static-blogs.diariosur.es\/wp-content\/uploads\/sites\/49\/2013\/05\/78-150x150.jpg 150w, https:\/\/static-blogs.diariosur.es\/wp-content\/uploads\/sites\/49\/2013\/05\/78-300x300.jpg 300w\" sizes=\"(max-width: 600px) 100vw, 600px\" \/><\/a><\/p>\n<p class=\"MsoNormal\" style=\"mso-margin-top-alt: auto; mso-margin-bottom-alt: auto; line-height: normal;\"><a href=\"\/pasarelaurbana\/wp-content\/uploads\/sites\/49\/2013\/05\/88.jpg\"><img loading=\"lazy\" class=\"aligncenter size-full wp-image-4515\" title=\"8\" src=\"\/pasarelaurbana\/wp-content\/uploads\/sites\/49\/2013\/05\/88.jpg\" alt=\"\" width=\"600\" height=\"600\" srcset=\"https:\/\/static-blogs.diariosur.es\/wp-content\/uploads\/sites\/49\/2013\/05\/88.jpg 600w, https:\/\/static-blogs.diariosur.es\/wp-content\/uploads\/sites\/49\/2013\/05\/88-150x150.jpg 150w, https:\/\/static-blogs.diariosur.es\/wp-content\/uploads\/sites\/49\/2013\/05\/88-300x300.jpg 300w\" sizes=\"(max-width: 600px) 100vw, 600px\" \/><\/a><\/p>\n<p class=\"MsoNormal\" style=\"mso-margin-top-alt: auto; mso-margin-bottom-alt: auto; line-height: normal;\"><a href=\"\/pasarelaurbana\/wp-content\/uploads\/sites\/49\/2013\/05\/98.jpg\"><img loading=\"lazy\" class=\"aligncenter  wp-image-4507\" title=\"9\" src=\"\/pasarelaurbana\/wp-content\/uploads\/sites\/49\/2013\/05\/98.jpg\" alt=\"\" width=\"600\" height=\"606\" srcset=\"https:\/\/static-blogs.diariosur.es\/wp-content\/uploads\/sites\/49\/2013\/05\/98.jpg 600w, https:\/\/static-blogs.diariosur.es\/wp-content\/uploads\/sites\/49\/2013\/05\/98-297x300.jpg 297w\" sizes=\"(max-width: 600px) 100vw, 600px\" \/><\/a><\/p>\n<p class=\"MsoNormal\" style=\"line-height: normal; text-align: center;\"><strong>Cocina<\/strong>\/ <strong>Muy mol\u00f3n<\/strong>: Platos para jugar comiendo<\/p>\n<p class=\"MsoNormal\" style=\"mso-margin-top-alt: auto; mso-margin-bottom-alt: auto; line-height: normal;\"><a href=\"\/pasarelaurbana\/wp-content\/uploads\/sites\/49\/2013\/05\/platouno.jpg\"><img loading=\"lazy\" class=\"aligncenter size-full wp-image-4516\" title=\"platouno\" src=\"\/pasarelaurbana\/wp-content\/uploads\/sites\/49\/2013\/05\/platouno.jpg\" alt=\"\" width=\"600\" height=\"447\" srcset=\"https:\/\/static-blogs.diariosur.es\/wp-content\/uploads\/sites\/49\/2013\/05\/platouno.jpg 600w, https:\/\/static-blogs.diariosur.es\/wp-content\/uploads\/sites\/49\/2013\/05\/platouno-300x224.jpg 300w\" sizes=\"(max-width: 600px) 100vw, 600px\" \/><\/a><\/p>\n<p class=\"MsoNormal\" style=\"line-height: normal; text-align: center;\"><a href=\"\/pasarelaurbana\/wp-content\/uploads\/sites\/49\/2013\/05\/platodos.jpg\"><img loading=\"lazy\" class=\"aligncenter size-full wp-image-4517\" title=\"platodos\" src=\"\/pasarelaurbana\/wp-content\/uploads\/sites\/49\/2013\/05\/platodos.jpg\" alt=\"\" width=\"600\" height=\"408\" srcset=\"https:\/\/static-blogs.diariosur.es\/wp-content\/uploads\/sites\/49\/2013\/05\/platodos.jpg 600w, https:\/\/static-blogs.diariosur.es\/wp-content\/uploads\/sites\/49\/2013\/05\/platodos-300x204.jpg 300w\" sizes=\"(max-width: 600px) 100vw, 600px\" \/><\/a><\/p>\n<p class=\"MsoNormal\" style=\"line-height: normal; text-align: center;\">En el apartado de cocina siempre os doy alguna receta con presentaci\u00f3n original para estimular a los peques y lograr que coman alimentos con los que comulgan poco, v\u00e9ase la fruta o el pescado. Hoy, sin embargo, propongo una alternativa con la que me top\u00e9 hace unos d\u00edas bicheando por la Red y que me cautiv\u00f3. Ya sab\u00e9is&#8230;si no pod\u00e9is con el enemigo lo mejor es aliarse con \u00e9l. Y esa es la filosof\u00eda de estos platos taaaaaan chulos con los que jugar con la comida y, de paso, conseguir que coman poquito a poco casi sin darse cuenta. Se venden en El <strong>Regalador<\/strong> y como explican ellos mismos en la descripci\u00f3n del producto son &#8220;el regalo perfecto para todos los ni\u00f1os que necesitan un poquito de motivaci\u00f3n a la hora de comer&#8221;. El plato es toda una invitaci\u00f3n a la creatividad. La cara dibujada en el fondo es un est\u00edmulo para terminarse todo y redise\u00f1ar el personaje con los alimentos que van quedando. \u00a1Siempre hay que comerse alg\u00fan detalle sobrante para que quede perfecto! Para ir afeit\u00e1ndole la barba de pur\u00e9, tendr\u00e1 que ir comi\u00e9ndosela, as\u00ed se acabar\u00e1 el plato hasta que solo le quede el bigote sin darse cuenta. \u00a1Las posibilidades son infinitas! Que odia los guisantes: pues hagamos un sombrero, luego pelo rizado, y as\u00ed hasta que solo necesitemos 2 para los pendientes. Exprimir\u00e1 su creatividad y estar\u00e1 tan entretenido que no se levantar\u00e1 de la mesa. Est\u00e1 elaborado con cer\u00e1mica de alta calidad, mide 22 cm de di\u00e1metro y es apto para microondas y lavavajillas. \u00bfA que mola?<\/p>\n<p class=\"MsoNormal\" style=\"line-height: normal; text-align: center;\"><strong>Decoraci\u00f3n<\/strong>: Ideas para organizar fiestas infantiles<\/p>\n<p class=\"MsoNormal\" style=\"mso-margin-top-alt: auto; mso-margin-bottom-alt: auto; line-height: normal;\"><a href=\"\/pasarelaurbana\/wp-content\/uploads\/sites\/49\/2013\/05\/olivia.jpg\"><img loading=\"lazy\" class=\"aligncenter size-full wp-image-4518\" title=\"olivia\" src=\"\/pasarelaurbana\/wp-content\/uploads\/sites\/49\/2013\/05\/olivia.jpg\" alt=\"\" width=\"600\" height=\"464\" srcset=\"https:\/\/static-blogs.diariosur.es\/wp-content\/uploads\/sites\/49\/2013\/05\/olivia.jpg 600w, https:\/\/static-blogs.diariosur.es\/wp-content\/uploads\/sites\/49\/2013\/05\/olivia-300x232.jpg 300w\" sizes=\"(max-width: 600px) 100vw, 600px\" \/><\/a><\/p>\n<p class=\"MsoNormal\" style=\"mso-margin-top-alt: auto; mso-margin-bottom-alt: auto; line-height: normal;\"><a href=\"\/pasarelaurbana\/wp-content\/uploads\/sites\/49\/2013\/05\/fiestados.jpg\"><img loading=\"lazy\" class=\"aligncenter size-full wp-image-4519\" title=\"fiestados\" src=\"\/pasarelaurbana\/wp-content\/uploads\/sites\/49\/2013\/05\/fiestados.jpg\" alt=\"\" width=\"600\" height=\"586\" srcset=\"https:\/\/static-blogs.diariosur.es\/wp-content\/uploads\/sites\/49\/2013\/05\/fiestados.jpg 600w, https:\/\/static-blogs.diariosur.es\/wp-content\/uploads\/sites\/49\/2013\/05\/fiestados-300x293.jpg 300w\" sizes=\"(max-width: 600px) 100vw, 600px\" \/><\/a><\/p>\n<p class=\"MsoNormal\" style=\"mso-margin-top-alt: auto; mso-margin-bottom-alt: auto; line-height: normal;\"><a href=\"\/pasarelaurbana\/wp-content\/uploads\/sites\/49\/2013\/05\/deco.jpg\"><img loading=\"lazy\" class=\"aligncenter size-full wp-image-4520\" title=\"deco\" src=\"\/pasarelaurbana\/wp-content\/uploads\/sites\/49\/2013\/05\/deco.jpg\" alt=\"\" width=\"600\" height=\"448\" srcset=\"https:\/\/static-blogs.diariosur.es\/wp-content\/uploads\/sites\/49\/2013\/05\/deco.jpg 600w, https:\/\/static-blogs.diariosur.es\/wp-content\/uploads\/sites\/49\/2013\/05\/deco-300x224.jpg 300w\" sizes=\"(max-width: 600px) 100vw, 600px\" \/><\/a><\/p>\n<p class=\"MsoNormal\" style=\"mso-margin-top-alt: auto; mso-margin-bottom-alt: auto; line-height: normal;\"><a href=\"\/pasarelaurbana\/wp-content\/uploads\/sites\/49\/2013\/05\/decodos.jpg\"><img loading=\"lazy\" class=\"aligncenter size-full wp-image-4521\" title=\"decodos\" src=\"\/pasarelaurbana\/wp-content\/uploads\/sites\/49\/2013\/05\/decodos.jpg\" alt=\"\" width=\"600\" height=\"803\" srcset=\"https:\/\/static-blogs.diariosur.es\/wp-content\/uploads\/sites\/49\/2013\/05\/decodos.jpg 600w, https:\/\/static-blogs.diariosur.es\/wp-content\/uploads\/sites\/49\/2013\/05\/decodos-224x300.jpg 224w\" sizes=\"(max-width: 600px) 100vw, 600px\" \/><\/a><\/p>\n<p class=\"MsoNormal\" style=\"mso-margin-top-alt: auto; mso-margin-bottom-alt: auto; line-height: normal;\"><a href=\"\/pasarelaurbana\/wp-content\/uploads\/sites\/49\/2013\/05\/decotre.jpg\"><img loading=\"lazy\" class=\"aligncenter size-full wp-image-4522\" title=\"decotre\" src=\"\/pasarelaurbana\/wp-content\/uploads\/sites\/49\/2013\/05\/decotre.jpg\" alt=\"\" width=\"600\" height=\"803\" srcset=\"https:\/\/static-blogs.diariosur.es\/wp-content\/uploads\/sites\/49\/2013\/05\/decotre.jpg 600w, https:\/\/static-blogs.diariosur.es\/wp-content\/uploads\/sites\/49\/2013\/05\/decotre-224x300.jpg 224w\" sizes=\"(max-width: 600px) 100vw, 600px\" \/><\/a><\/p>\n<p class=\"MsoNormal\" style=\"line-height: normal; text-align: center;\">Y terminamos como siempre con ideas de decoraci\u00f3n. Los que me conoc\u00e9is sab\u00e9is lo que me gusta decorar cualquier fiesta que se tercie. \u00bfCon la que m\u00e1s disfrut\u00e9? Con la del primer cumplea\u00f1os de Alejandro (que curiosidades de la vida naci\u00f3 el mismo d\u00eda que yo, incre\u00edble pero cierto). Pues bien, sois muchas las que en este tiempo me hab\u00e9is pedido que comparta algunas tiendas y direcciones \u00fatiles para organizar fiestas infantiles. \u00a1Y hoy ha llegado al momento! Personalmente tengo tres p\u00e1ginas de cabecera:<\/p>\n<p class=\"MsoNormal\" style=\"line-height: normal; text-align: center;\"><a href=\"http:\/\/lafiestadeolivia.com\/\" rel=\"external nofollow\">Las fiestas de Olivia<\/a><\/p>\n<p class=\"MsoNormal\" style=\"line-height: normal; text-align: center;\"><a href=\"http:\/\/www.airedefiesta.com\/\" rel=\"external nofollow\">Aire de fiesta<\/a><\/p>\n<p class=\"MsoNormal\" style=\"line-height: normal; text-align: center;\"><a href=\"http:\/\/catchmyparty.com\/printables\" rel=\"external nofollow\">Free Party Printables (para etiquetas y demas)<\/a><\/p>\n<p class=\"MsoNormal\" style=\"line-height: normal; text-align: center;\">Las dos primeras son perfectas para menaje y decoraci\u00f3n (ten\u00e9is much\u00edsimas tem\u00e1ticas, desde animales a circense, robots, princesas, hadas, dinosaurios, f\u00fatbol etc etc) y la tercera es un portal americano donde ten\u00e9is enlaces de descargas gratuitas de etiquetas y dem\u00e1s papeler\u00eda coordinada (desde marca sitios a invitaciones, banderolas o etiquetas para las botellas de agua), con un mont\u00f3n de dise\u00f1os distintos (Hay moner\u00edas). \u00bfMi idea? Utilizar las pegatinas combinadas con lazos para identificar el contenido de cada recipiente, como pod\u00e9is ver en las fotos que os he subido. \u00bfM\u00e1s trucos? Llenar maceteros peque\u00f1os de conguitos o lacasitos y pincharles brochetas de chuches o piruletas de chocolate. \u00bfDe merienda? En La Canasta hay medias noches con forma de Mickey Mouse que en mi caso gustaron mucho a los ni\u00f1os, as\u00ed que os las recomiendo.<\/p>\n<p class=\"MsoNormal\" style=\"line-height: normal; text-align: center;\">\u00a1Esto es todo por hoy! Espero que os hayan servido las ideas. \u00a1Hasta ma\u00f1ana!<\/p>\n","protected":false},"excerpt":{"rendered":"<p>Llega el jueves y con el..\u00a1nuestro especial ni\u00f1os! L@s que me segu\u00eds sab\u00e9is que peco de \u00f1o\u00f1a y cl\u00e1sica en lo que a moda infantil se refiere (s\u00ed, soy muy cursi, me pierden los colores pasteles, las ranitas, los encajes y todas estas parafernalias qu\u00e9 le vamos a hacer) pero hoy voy a hacer una [&hellip;]<\/p>\n","protected":false},"author":54,"featured_media":0,"comment_status":"open","ping_status":"open","sticky":false,"template":"","format":"standard","meta":[],"categories":[2],"tags":[],"_links":{"self":[{"href":"https:\/\/blogs.diariosur.es\/pasarelaurbana\/wp-json\/wp\/v2\/posts\/4506"}],"collection":[{"href":"https:\/\/blogs.diariosur.es\/pasarelaurbana\/wp-json\/wp\/v2\/posts"}],"about":[{"href":"https:\/\/blogs.diariosur.es\/pasarelaurbana\/wp-json\/wp\/v2\/types\/post"}],"author":[{"embeddable":true,"href":"https:\/\/blogs.diariosur.es\/pasarelaurbana\/wp-json\/wp\/v2\/users\/54"}],"replies":[{"embeddable":true,"href":"https:\/\/blogs.diariosur.es\/pasarelaurbana\/wp-json\/wp\/v2\/comments?post=4506"}],"version-history":[{"count":0,"href":"https:\/\/blogs.diariosur.es\/pasarelaurbana\/wp-json\/wp\/v2\/posts\/4506\/revisions"}],"wp:attachment":[{"href":"https:\/\/blogs.diariosur.es\/pasarelaurbana\/wp-json\/wp\/v2\/media?parent=4506"}],"wp:term":[{"taxonomy":"category","embeddable":true,"href":"https:\/\/blogs.diariosur.es\/pasarelaurbana\/wp-json\/wp\/v2\/categories?post=4506"},{"taxonomy":"post_tag","embeddable":true,"href":"https:\/\/blogs.diariosur.es\/pasarelaurbana\/wp-json\/wp\/v2\/tags?post=4506"}],"curies":[{"name":"wp","href":"https:\/\/api.w.org\/{rel}","templated":true}]}}