{"id":4525,"date":"2013-06-01T10:35:33","date_gmt":"2013-06-01T08:35:33","guid":{"rendered":"http:\/\/blogs.diariosur.es\/pasarelaurbana\/?p=4525"},"modified":"2013-06-01T10:35:33","modified_gmt":"2013-06-01T08:35:33","slug":"una-moda-con-mucha-suerte","status":"publish","type":"post","link":"https:\/\/blogs.diariosur.es\/pasarelaurbana\/2013\/06\/01\/una-moda-con-mucha-suerte\/","title":{"rendered":"Una moda con mucha suerte"},"content":{"rendered":"<p style=\"text-align: center;\">\u00bfQui\u00e9n dijo mala suerte? Suerte, y mucha es la que est\u00e1 teniendo esta temporada el amarillo, convertido en el tono de moda por excelencia de esta primavera. Dior,Marc Jacobs, DKNY o Gucci ya se rindieron al color del astro rey sobre la pasarela como s\u00edmbolo de elegancia y feminidad. Pastel, fl\u00faor, metalizado, lim\u00f3n o en su variedad m\u00e1s sobria, la mostaza, arrasa entre celebrities y fashionistas de todo el mundo, que han aparcado las supersticiones para vestirse de amarillo. Mala fama aparte, el \u2018tono maldito\u2019 est\u00e1 cargado de significados positivos. Transmite optimismo, vitalidad, fuerza y energ\u00eda y, adem\u00e1s, resalta el bronceado, as\u00ed que \u00bfpor qu\u00e9 no llevarlo? A pie de calle triunfa, como pudo comprobar este peri\u00f3dico en la \u00faltima sesi\u00f3n de \u2018street style\u2019, realizada esta semana en el entorno de Armengual de la Mota.<br \/>\nPinceladas de amarillo salpican los estilismos \u2018made in M\u00e1laga\u2019, en los que el color que marca tendencia se ha hecho un importante hueco. Se lleva en \u2018total look\u2019 (ti\u00f1endo todo el \u2018outfit\u2019) o con buenos aliados (personalmente me gusta la pareja que hace con el azul klein, el topo, el blanco o el denim). Para las menos atrevidas, otra opci\u00f3n es lucirlo en peque\u00f1as dosis reserv\u00e1ndolo a toques de luz en los complementos (v\u00e9ase un bolso o unas sandalias). Toca liberarse de viejos prejuicios fashionistas, como ya hicieron las principales actrices espa\u00f1olas durante la \u00faltima edici\u00f3n del Festival de Cine de M\u00e1laga. Nuestras cuatro protagonistas de hoy se apuntan al amarillo. \u00a1Os dejo con sus propuestas! \u00a1Feliz fin de semana! Os espero en Twitter:@almunogues<\/p>\n<p><a href=\"\/pasarelaurbana\/wp-content\/uploads\/sites\/49\/2013\/05\/59.jpg\"><img loading=\"lazy\" class=\"aligncenter size-full wp-image-4531\" title=\"5\" src=\"\/pasarelaurbana\/wp-content\/uploads\/sites\/49\/2013\/05\/59.jpg\" alt=\"\" width=\"600\" height=\"803\" srcset=\"https:\/\/static-blogs.diariosur.es\/wp-content\/uploads\/sites\/49\/2013\/05\/59.jpg 600w, https:\/\/static-blogs.diariosur.es\/wp-content\/uploads\/sites\/49\/2013\/05\/59-224x300.jpg 224w\" sizes=\"(max-width: 600px) 100vw, 600px\" \/><\/a><!--more--><\/p>\n<p><a href=\"\/pasarelaurbana\/wp-content\/uploads\/sites\/49\/2013\/05\/128.jpg\"><img loading=\"lazy\" class=\"aligncenter size-full wp-image-4527\" title=\"1\" src=\"\/pasarelaurbana\/wp-content\/uploads\/sites\/49\/2013\/05\/128.jpg\" alt=\"\" width=\"600\" height=\"803\" srcset=\"https:\/\/static-blogs.diariosur.es\/wp-content\/uploads\/sites\/49\/2013\/05\/128.jpg 600w, https:\/\/static-blogs.diariosur.es\/wp-content\/uploads\/sites\/49\/2013\/05\/128-224x300.jpg 224w\" sizes=\"(max-width: 600px) 100vw, 600px\" \/><\/a><\/p>\n<p><a href=\"\/pasarelaurbana\/wp-content\/uploads\/sites\/49\/2013\/05\/69.jpg\"><img loading=\"lazy\" class=\"aligncenter size-full wp-image-4532\" title=\"6\" src=\"\/pasarelaurbana\/wp-content\/uploads\/sites\/49\/2013\/05\/69.jpg\" alt=\"\" width=\"600\" height=\"803\" srcset=\"https:\/\/static-blogs.diariosur.es\/wp-content\/uploads\/sites\/49\/2013\/05\/69.jpg 600w, https:\/\/static-blogs.diariosur.es\/wp-content\/uploads\/sites\/49\/2013\/05\/69-224x300.jpg 224w\" sizes=\"(max-width: 600px) 100vw, 600px\" \/><\/a><\/p>\n<p><a href=\"\/pasarelaurbana\/wp-content\/uploads\/sites\/49\/2013\/05\/39.jpg\"><img loading=\"lazy\" class=\"aligncenter size-full wp-image-4529\" title=\"3\" src=\"\/pasarelaurbana\/wp-content\/uploads\/sites\/49\/2013\/05\/39.jpg\" alt=\"\" width=\"600\" height=\"803\" srcset=\"https:\/\/static-blogs.diariosur.es\/wp-content\/uploads\/sites\/49\/2013\/05\/39.jpg 600w, https:\/\/static-blogs.diariosur.es\/wp-content\/uploads\/sites\/49\/2013\/05\/39-224x300.jpg 224w\" sizes=\"(max-width: 600px) 100vw, 600px\" \/><\/a><\/p>\n<p><a href=\"\/pasarelaurbana\/wp-content\/uploads\/sites\/49\/2013\/05\/412.jpg\"><img loading=\"lazy\" class=\"aligncenter size-full wp-image-4530\" title=\"4\" src=\"\/pasarelaurbana\/wp-content\/uploads\/sites\/49\/2013\/05\/412.jpg\" alt=\"\" width=\"600\" height=\"803\" srcset=\"https:\/\/static-blogs.diariosur.es\/wp-content\/uploads\/sites\/49\/2013\/05\/412.jpg 600w, https:\/\/static-blogs.diariosur.es\/wp-content\/uploads\/sites\/49\/2013\/05\/412-224x300.jpg 224w\" sizes=\"(max-width: 600px) 100vw, 600px\" \/><\/a><\/p>\n<p style=\"text-align: center;\"><strong>Bel\u00e9n Manceras<\/strong>. Administrativa. 39 a\u00f1os<\/p>\n<p style=\"text-align: center;\"><span style=\"text-decoration: underline;\">Falda larga plisada y camisa rom\u00e1ntica para un look \u2018lady\u2019<\/span><\/p>\n<p style=\"text-align: center;\">Las faldas largas son tendencia absoluta esta primavera-verano. Se llevan plisadas, en formato falda-pantal\u00f3n y de tonalidades \u00e1cidas. En el caso de Bel\u00e9n Manceras, una administrativa malague\u00f1a de 39 a\u00f1os, apuesta por una en el color del astro rey, protagonista absoluto en el trono de las tendencias estivales. Con ella pillamos a esta fashionista el pasado mi\u00e9rcoles en el entorno de El Corte Ingl\u00e9s. Impecable su sofisticado estilismo de d\u00eda de aires rom\u00e1nticos construido en torno a la citada falda plisada, de Ted Baker, que combin\u00f3 con acierto con una preciosa camisa con delicado estampado de mariposas y cuello a la caja con maxi lazada, tambi\u00e9n de la conocida firma londinense de la que Manceras se confiesa incondicional. \u00bfLa guinda a este cuidado \u2018outfit\u2019? Unas cu\u00f1as metalizadas de Vince Camuto y un mini bolso bandolera en camel de Carolina Herrera para llevar encima lo b\u00e1sico. \u00abMe encanta el amarillo porque es un color alegre y favorecedor en verano\u00bb, nos apunt\u00f3.<\/p>\n<p style=\"text-align: center;\">Blusa: Ted Baker.<\/p>\n<p style=\"text-align: center;\">Falda: Ted Baker.<\/p>\n<p style=\"text-align: center;\">Bolso: Carolina Herrera.<\/p>\n<p>&nbsp;<\/p>\n<p><a href=\"\/pasarelaurbana\/wp-content\/uploads\/sites\/49\/2013\/05\/2110.jpg\"><img loading=\"lazy\" class=\"aligncenter size-full wp-image-4547\" title=\"21\" src=\"\/pasarelaurbana\/wp-content\/uploads\/sites\/49\/2013\/05\/2110.jpg\" alt=\"\" width=\"600\" height=\"803\" srcset=\"https:\/\/static-blogs.diariosur.es\/wp-content\/uploads\/sites\/49\/2013\/05\/2110.jpg 600w, https:\/\/static-blogs.diariosur.es\/wp-content\/uploads\/sites\/49\/2013\/05\/2110-224x300.jpg 224w\" sizes=\"(max-width: 600px) 100vw, 600px\" \/><\/a><\/p>\n<p><a href=\"\/pasarelaurbana\/wp-content\/uploads\/sites\/49\/2013\/05\/204.jpg\"><img loading=\"lazy\" class=\"aligncenter size-full wp-image-4546\" title=\"20\" src=\"\/pasarelaurbana\/wp-content\/uploads\/sites\/49\/2013\/05\/204.jpg\" alt=\"\" width=\"600\" height=\"803\" srcset=\"https:\/\/static-blogs.diariosur.es\/wp-content\/uploads\/sites\/49\/2013\/05\/204.jpg 600w, https:\/\/static-blogs.diariosur.es\/wp-content\/uploads\/sites\/49\/2013\/05\/204-224x300.jpg 224w\" sizes=\"(max-width: 600px) 100vw, 600px\" \/><\/a><\/p>\n<p><a href=\"\/pasarelaurbana\/wp-content\/uploads\/sites\/49\/2013\/05\/223.jpg\"><img loading=\"lazy\" class=\"aligncenter size-full wp-image-4548\" title=\"22\" src=\"\/pasarelaurbana\/wp-content\/uploads\/sites\/49\/2013\/05\/223.jpg\" alt=\"\" width=\"600\" height=\"803\" srcset=\"https:\/\/static-blogs.diariosur.es\/wp-content\/uploads\/sites\/49\/2013\/05\/223.jpg 600w, https:\/\/static-blogs.diariosur.es\/wp-content\/uploads\/sites\/49\/2013\/05\/223-224x300.jpg 224w\" sizes=\"(max-width: 600px) 100vw, 600px\" \/><\/a><\/p>\n<p><a href=\"\/pasarelaurbana\/wp-content\/uploads\/sites\/49\/2013\/05\/232.jpg\"><img loading=\"lazy\" class=\"aligncenter size-full wp-image-4549\" title=\"23\" src=\"\/pasarelaurbana\/wp-content\/uploads\/sites\/49\/2013\/05\/232.jpg\" alt=\"\" width=\"600\" height=\"803\" srcset=\"https:\/\/static-blogs.diariosur.es\/wp-content\/uploads\/sites\/49\/2013\/05\/232.jpg 600w, https:\/\/static-blogs.diariosur.es\/wp-content\/uploads\/sites\/49\/2013\/05\/232-224x300.jpg 224w\" sizes=\"(max-width: 600px) 100vw, 600px\" \/><\/a><\/p>\n<p><a href=\"\/pasarelaurbana\/wp-content\/uploads\/sites\/49\/2013\/05\/242.jpg\"><img loading=\"lazy\" class=\"aligncenter size-full wp-image-4550\" title=\"24\" src=\"\/pasarelaurbana\/wp-content\/uploads\/sites\/49\/2013\/05\/242.jpg\" alt=\"\" width=\"600\" height=\"803\" srcset=\"https:\/\/static-blogs.diariosur.es\/wp-content\/uploads\/sites\/49\/2013\/05\/242.jpg 600w, https:\/\/static-blogs.diariosur.es\/wp-content\/uploads\/sites\/49\/2013\/05\/242-224x300.jpg 224w\" sizes=\"(max-width: 600px) 100vw, 600px\" \/><\/a><\/p>\n<p><a href=\"\/pasarelaurbana\/wp-content\/uploads\/sites\/49\/2013\/05\/252.jpg\"><img loading=\"lazy\" class=\"aligncenter size-full wp-image-4551\" title=\"25\" src=\"\/pasarelaurbana\/wp-content\/uploads\/sites\/49\/2013\/05\/252.jpg\" alt=\"\" width=\"600\" height=\"803\" srcset=\"https:\/\/static-blogs.diariosur.es\/wp-content\/uploads\/sites\/49\/2013\/05\/252.jpg 600w, https:\/\/static-blogs.diariosur.es\/wp-content\/uploads\/sites\/49\/2013\/05\/252-224x300.jpg 224w\" sizes=\"(max-width: 600px) 100vw, 600px\" \/><\/a><\/p>\n<p><a href=\"\/pasarelaurbana\/wp-content\/uploads\/sites\/49\/2013\/05\/271.jpg\"><img loading=\"lazy\" class=\"aligncenter size-full wp-image-4538\" title=\"27\" src=\"\/pasarelaurbana\/wp-content\/uploads\/sites\/49\/2013\/05\/271.jpg\" alt=\"\" width=\"600\" height=\"803\" srcset=\"https:\/\/static-blogs.diariosur.es\/wp-content\/uploads\/sites\/49\/2013\/05\/271.jpg 600w, https:\/\/static-blogs.diariosur.es\/wp-content\/uploads\/sites\/49\/2013\/05\/271-224x300.jpg 224w\" sizes=\"(max-width: 600px) 100vw, 600px\" \/><\/a><\/p>\n<p style=\"text-align: center;\"><strong>Mar\u00eda del Mar Ca\u00f1ete<\/strong>. Comercial. 26 a\u00f1os<\/p>\n<p style=\"text-align: center;\"><span style=\"text-decoration: underline;\">Con beige, blanco y toques plata, el maridaje perfecto<\/span><\/p>\n<p style=\"text-align: center;\">Tras el \u00e9xito que cosecharon hace varias temporadas, esta primavera los pantalones brocados de inspiraci\u00f3n barroca vuelven a conquistar el street style malague\u00f1o. Mar\u00eda del Mar Ca\u00f1ete, una joven comercial de 26 a\u00f1os, opta por un modelo tobillero de Tintoretto en una elegante combinaci\u00f3n de nude y amarillo en versi\u00f3n pastel. Preciosa la blusa a juego con jaretas en la franja central. \u00bfEl toque chic? Unas estilosas sandalias de tiras en beige y plata de Sisley.<\/p>\n<p style=\"text-align: center;\">Blusa y pantalones: Tintoretto.<\/p>\n<p style=\"text-align: center;\">Sandalias y bolso: Sisley.<\/p>\n<p style=\"text-align: center;\">Pulsera: Essentials.<\/p>\n<p>&nbsp;<\/p>\n<p><a href=\"\/pasarelaurbana\/wp-content\/uploads\/sites\/49\/2013\/05\/193.jpg\"><img loading=\"lazy\" class=\"aligncenter size-full wp-image-4545\" title=\"19\" src=\"\/pasarelaurbana\/wp-content\/uploads\/sites\/49\/2013\/05\/193.jpg\" alt=\"\" width=\"600\" height=\"803\" srcset=\"https:\/\/static-blogs.diariosur.es\/wp-content\/uploads\/sites\/49\/2013\/05\/193.jpg 600w, https:\/\/static-blogs.diariosur.es\/wp-content\/uploads\/sites\/49\/2013\/05\/193-224x300.jpg 224w\" sizes=\"(max-width: 600px) 100vw, 600px\" \/><\/a><\/p>\n<p><a href=\"\/pasarelaurbana\/wp-content\/uploads\/sites\/49\/2013\/05\/136.jpg\"><img loading=\"lazy\" class=\"aligncenter size-full wp-image-4539\" title=\"13\" src=\"\/pasarelaurbana\/wp-content\/uploads\/sites\/49\/2013\/05\/136.jpg\" alt=\"\" width=\"600\" height=\"803\" srcset=\"https:\/\/static-blogs.diariosur.es\/wp-content\/uploads\/sites\/49\/2013\/05\/136.jpg 600w, https:\/\/static-blogs.diariosur.es\/wp-content\/uploads\/sites\/49\/2013\/05\/136-224x300.jpg 224w\" sizes=\"(max-width: 600px) 100vw, 600px\" \/><\/a><\/p>\n<p><a href=\"\/pasarelaurbana\/wp-content\/uploads\/sites\/49\/2013\/05\/145.jpg\"><img loading=\"lazy\" class=\"aligncenter size-full wp-image-4540\" title=\"14\" src=\"\/pasarelaurbana\/wp-content\/uploads\/sites\/49\/2013\/05\/145.jpg\" alt=\"\" width=\"600\" height=\"803\" srcset=\"https:\/\/static-blogs.diariosur.es\/wp-content\/uploads\/sites\/49\/2013\/05\/145.jpg 600w, https:\/\/static-blogs.diariosur.es\/wp-content\/uploads\/sites\/49\/2013\/05\/145-224x300.jpg 224w\" sizes=\"(max-width: 600px) 100vw, 600px\" \/><\/a><\/p>\n<p><a href=\"\/pasarelaurbana\/wp-content\/uploads\/sites\/49\/2013\/05\/155.jpg\"><img loading=\"lazy\" class=\"aligncenter size-full wp-image-4541\" title=\"15\" src=\"\/pasarelaurbana\/wp-content\/uploads\/sites\/49\/2013\/05\/155.jpg\" alt=\"\" width=\"600\" height=\"803\" srcset=\"https:\/\/static-blogs.diariosur.es\/wp-content\/uploads\/sites\/49\/2013\/05\/155.jpg 600w, https:\/\/static-blogs.diariosur.es\/wp-content\/uploads\/sites\/49\/2013\/05\/155-224x300.jpg 224w\" sizes=\"(max-width: 600px) 100vw, 600px\" \/><\/a><\/p>\n<p><a href=\"\/pasarelaurbana\/wp-content\/uploads\/sites\/49\/2013\/05\/165.jpg\"><img loading=\"lazy\" class=\"aligncenter size-full wp-image-4542\" title=\"16\" src=\"\/pasarelaurbana\/wp-content\/uploads\/sites\/49\/2013\/05\/165.jpg\" alt=\"\" width=\"600\" height=\"803\" srcset=\"https:\/\/static-blogs.diariosur.es\/wp-content\/uploads\/sites\/49\/2013\/05\/165.jpg 600w, https:\/\/static-blogs.diariosur.es\/wp-content\/uploads\/sites\/49\/2013\/05\/165-224x300.jpg 224w\" sizes=\"(max-width: 600px) 100vw, 600px\" \/><\/a><\/p>\n<p><a href=\"\/pasarelaurbana\/wp-content\/uploads\/sites\/49\/2013\/05\/175.jpg\"><img loading=\"lazy\" class=\"aligncenter size-full wp-image-4543\" title=\"17\" src=\"\/pasarelaurbana\/wp-content\/uploads\/sites\/49\/2013\/05\/175.jpg\" alt=\"\" width=\"600\" height=\"803\" srcset=\"https:\/\/static-blogs.diariosur.es\/wp-content\/uploads\/sites\/49\/2013\/05\/175.jpg 600w, https:\/\/static-blogs.diariosur.es\/wp-content\/uploads\/sites\/49\/2013\/05\/175-224x300.jpg 224w\" sizes=\"(max-width: 600px) 100vw, 600px\" \/><\/a><\/p>\n<p><a href=\"\/pasarelaurbana\/wp-content\/uploads\/sites\/49\/2013\/05\/184.jpg\"><img loading=\"lazy\" class=\"aligncenter size-full wp-image-4544\" title=\"18\" src=\"\/pasarelaurbana\/wp-content\/uploads\/sites\/49\/2013\/05\/184.jpg\" alt=\"\" width=\"600\" height=\"803\" srcset=\"https:\/\/static-blogs.diariosur.es\/wp-content\/uploads\/sites\/49\/2013\/05\/184.jpg 600w, https:\/\/static-blogs.diariosur.es\/wp-content\/uploads\/sites\/49\/2013\/05\/184-224x300.jpg 224w\" sizes=\"(max-width: 600px) 100vw, 600px\" \/><\/a><\/p>\n<p style=\"text-align: center;\"><strong>Carmen Carmona<\/strong>. Licenciada en LADE. 33 a\u00f1os<\/p>\n<p style=\"text-align: center;\"><span style=\"text-decoration: underline;\">En formato vestido con maxi collar, ideal para ir a la oficina<\/span><\/p>\n<p style=\"text-align: center;\">Los vestidos son el aliado perfecto para acudir a la oficina durante los calurosos meses estivales. Nos gusta el modelo con corte a la cadera (de Easy Wear) que propone Carmen Carmona, una licenciada en LADE de 33 a\u00f1os que se rinde a la energ\u00eda del amarillo fl\u00faor. \u00bfSu receta? Maridarlo con toques de agua marina; un tono que ti\u00f1e en su caso unas elegantes sandalias de Caramelo y un espectacular collar XL con \u00e1guila de pedrer\u00eda (muy de moda) firmado por Sfera.<\/p>\n<p style=\"text-align: center;\">Vestido: Easy Wear.<\/p>\n<p style=\"text-align: center;\">Sandalias: Caramelo.<\/p>\n<p style=\"text-align: center;\">Collar: Sfera.<\/p>\n<p style=\"text-align: center;\">Bolso y pulseras: Essentials.<\/p>\n<p>&nbsp;<\/p>\n<p><a href=\"\/pasarelaurbana\/wp-content\/uploads\/sites\/49\/2013\/05\/99.jpg\"><img loading=\"lazy\" class=\"aligncenter size-full wp-image-4535\" title=\"9\" src=\"\/pasarelaurbana\/wp-content\/uploads\/sites\/49\/2013\/05\/99.jpg\" alt=\"\" width=\"600\" height=\"803\" srcset=\"https:\/\/static-blogs.diariosur.es\/wp-content\/uploads\/sites\/49\/2013\/05\/99.jpg 600w, https:\/\/static-blogs.diariosur.es\/wp-content\/uploads\/sites\/49\/2013\/05\/99-224x300.jpg 224w\" sizes=\"(max-width: 600px) 100vw, 600px\" \/><\/a><\/p>\n<p><a href=\"\/pasarelaurbana\/wp-content\/uploads\/sites\/49\/2013\/05\/79.jpg\"><img loading=\"lazy\" class=\"aligncenter size-full wp-image-4533\" title=\"7\" src=\"\/pasarelaurbana\/wp-content\/uploads\/sites\/49\/2013\/05\/79.jpg\" alt=\"\" width=\"600\" height=\"803\" srcset=\"https:\/\/static-blogs.diariosur.es\/wp-content\/uploads\/sites\/49\/2013\/05\/79.jpg 600w, https:\/\/static-blogs.diariosur.es\/wp-content\/uploads\/sites\/49\/2013\/05\/79-224x300.jpg 224w\" sizes=\"(max-width: 600px) 100vw, 600px\" \/><\/a><\/p>\n<p><a href=\"\/pasarelaurbana\/wp-content\/uploads\/sites\/49\/2013\/05\/89.jpg\"><img loading=\"lazy\" class=\"aligncenter size-full wp-image-4534\" title=\"8\" src=\"\/pasarelaurbana\/wp-content\/uploads\/sites\/49\/2013\/05\/89.jpg\" alt=\"\" width=\"600\" height=\"803\" srcset=\"https:\/\/static-blogs.diariosur.es\/wp-content\/uploads\/sites\/49\/2013\/05\/89.jpg 600w, https:\/\/static-blogs.diariosur.es\/wp-content\/uploads\/sites\/49\/2013\/05\/89-224x300.jpg 224w\" sizes=\"(max-width: 600px) 100vw, 600px\" \/><\/a><\/p>\n<p><a href=\"\/pasarelaurbana\/wp-content\/uploads\/sites\/49\/2013\/05\/108.jpg\"><img loading=\"lazy\" class=\"aligncenter size-full wp-image-4536\" title=\"10\" src=\"\/pasarelaurbana\/wp-content\/uploads\/sites\/49\/2013\/05\/108.jpg\" alt=\"\" width=\"600\" height=\"803\" srcset=\"https:\/\/static-blogs.diariosur.es\/wp-content\/uploads\/sites\/49\/2013\/05\/108.jpg 600w, https:\/\/static-blogs.diariosur.es\/wp-content\/uploads\/sites\/49\/2013\/05\/108-224x300.jpg 224w\" sizes=\"(max-width: 600px) 100vw, 600px\" \/><\/a><\/p>\n<p><a href=\"\/pasarelaurbana\/wp-content\/uploads\/sites\/49\/2013\/05\/1111.jpg\"><img loading=\"lazy\" class=\"aligncenter size-full wp-image-4537\" title=\"11\" src=\"\/pasarelaurbana\/wp-content\/uploads\/sites\/49\/2013\/05\/1111.jpg\" alt=\"\" width=\"600\" height=\"803\" srcset=\"https:\/\/static-blogs.diariosur.es\/wp-content\/uploads\/sites\/49\/2013\/05\/1111.jpg 600w, https:\/\/static-blogs.diariosur.es\/wp-content\/uploads\/sites\/49\/2013\/05\/1111-224x300.jpg 224w\" sizes=\"(max-width: 600px) 100vw, 600px\" \/><\/a><\/p>\n<p><a href=\"\/pasarelaurbana\/wp-content\/uploads\/sites\/49\/2013\/05\/127.jpg\"><img loading=\"lazy\" class=\"aligncenter size-full wp-image-4526\" title=\"12\" src=\"\/pasarelaurbana\/wp-content\/uploads\/sites\/49\/2013\/05\/127.jpg\" alt=\"\" width=\"600\" height=\"803\" srcset=\"https:\/\/static-blogs.diariosur.es\/wp-content\/uploads\/sites\/49\/2013\/05\/127.jpg 600w, https:\/\/static-blogs.diariosur.es\/wp-content\/uploads\/sites\/49\/2013\/05\/127-224x300.jpg 224w\" sizes=\"(max-width: 600px) 100vw, 600px\" \/><\/a><\/p>\n<p style=\"text-align: center;\"><strong>Vanessa Zu\u00f1iga<\/strong>. Dependienta. 32 a\u00f1os<\/p>\n<p style=\"text-align: center;\"><span style=\"text-decoration: underline;\">El \u2018print\u2019 animal se resiste a abandonar los armarios.<\/span><\/p>\n<p style=\"text-align: center;\">Dispuesto a seguir presente en los estilismos, esta temporada el estampado rey de la selva de las tendencias se reinventa y se camufla con las tonalidades de moda, como el amarillo. Un buen ejemplo es el jersey de manga corta por el que apuesta Vanessa Zu\u00f1iga. La prenda, de Naf Naf, se convierte en el eje sobre el que gira el \u2018outfit\u2019 de esta dependienta de 32 a\u00f1os, con predilecci\u00f3n por la comodidad que brinda el estilo sporty chic. Los vaqueros no faltan en sus looks. Los de la foto, entubados, son de Fiorucci. Completa el estilismo, casual y juvenil, con un shopping bag tambi\u00e9n de Sisley y un collar \u00e9tnico en morado de El Corte Ingl\u00e9s.<\/p>\n<p style=\"text-align: center;\">Jersey: Naf Naf.<\/p>\n<p style=\"text-align: center;\">Vaqueros: Fiorucci.<\/p>\n<p style=\"text-align: center;\">Salones: Sisley.<\/p>\n<p style=\"text-align: center;\">Collar y bolso: El Corte Ingl\u00e9s.<\/p>\n<p style=\"text-align: center;\">\n","protected":false},"excerpt":{"rendered":"<p>\u00bfQui\u00e9n dijo mala suerte? Suerte, y mucha es la que est\u00e1 teniendo esta temporada el amarillo, convertido en el tono de moda por excelencia de esta primavera. Dior,Marc Jacobs, DKNY o Gucci ya se rindieron al color del astro rey sobre la pasarela como s\u00edmbolo de elegancia y feminidad. Pastel, fl\u00faor, metalizado, lim\u00f3n o en [&hellip;]<\/p>\n","protected":false},"author":54,"featured_media":0,"comment_status":"open","ping_status":"open","sticky":false,"template":"","format":"standard","meta":[],"categories":[2],"tags":[],"_links":{"self":[{"href":"https:\/\/blogs.diariosur.es\/pasarelaurbana\/wp-json\/wp\/v2\/posts\/4525"}],"collection":[{"href":"https:\/\/blogs.diariosur.es\/pasarelaurbana\/wp-json\/wp\/v2\/posts"}],"about":[{"href":"https:\/\/blogs.diariosur.es\/pasarelaurbana\/wp-json\/wp\/v2\/types\/post"}],"author":[{"embeddable":true,"href":"https:\/\/blogs.diariosur.es\/pasarelaurbana\/wp-json\/wp\/v2\/users\/54"}],"replies":[{"embeddable":true,"href":"https:\/\/blogs.diariosur.es\/pasarelaurbana\/wp-json\/wp\/v2\/comments?post=4525"}],"version-history":[{"count":0,"href":"https:\/\/blogs.diariosur.es\/pasarelaurbana\/wp-json\/wp\/v2\/posts\/4525\/revisions"}],"wp:attachment":[{"href":"https:\/\/blogs.diariosur.es\/pasarelaurbana\/wp-json\/wp\/v2\/media?parent=4525"}],"wp:term":[{"taxonomy":"category","embeddable":true,"href":"https:\/\/blogs.diariosur.es\/pasarelaurbana\/wp-json\/wp\/v2\/categories?post=4525"},{"taxonomy":"post_tag","embeddable":true,"href":"https:\/\/blogs.diariosur.es\/pasarelaurbana\/wp-json\/wp\/v2\/tags?post=4525"}],"curies":[{"name":"wp","href":"https:\/\/api.w.org\/{rel}","templated":true}]}}