{"id":4554,"date":"2013-06-03T00:34:36","date_gmt":"2013-06-02T22:34:36","guid":{"rendered":"http:\/\/blogs.diariosur.es\/pasarelaurbana\/?p=4554"},"modified":"2013-06-03T00:34:36","modified_gmt":"2013-06-02T22:34:36","slug":"flumenco-camisetas-a-la-carta-made-in-malaga","status":"publish","type":"post","link":"https:\/\/blogs.diariosur.es\/pasarelaurbana\/2013\/06\/03\/flumenco-camisetas-a-la-carta-made-in-malaga\/","title":{"rendered":"Flumen&#038;Co: camisetas a la carta &#039;made in&#039; M\u00e1laga"},"content":{"rendered":"<p style=\"text-align: center;\">En los tiempos que corren, el cliente no solo tiene la raz\u00f3n. Tiene la idea. El af\u00e1n por personalizar su ropa y darle su sello personal para as\u00ed intentar diferenciarse del resto. Y de eso, de customizar, saben muy mucho los protagonistas de nuestro post de hoy. Parches, motivos pintados a mano, tachuelas&#8230;para <strong>Irene Olmedo, Pepe Mart\u00edn y Juan Antonio del R\u00edo<\/strong> (alias Flumen) los detalles son el toque m\u00e1gico que transforman cualquier prenda b\u00e1sica en algo \u00fanico y especial. &#8220;A los tres nos encanta transformar lo que tenemos en nuestro armario para darle un punto divertido y hacerlo exclusivo. Un d\u00eda navegando por Internet vimos una camiseta hecha con telas muy chula y fue entonces cuando nos surgi\u00f3 la idea, \u00bfpor qu\u00e9 no intentar hacerla nosotros?&#8221;, cuenta Del R\u00edo. Dicho y hecho. El \u00e9xito entre conocidos y amigos fue tal que el pasado verano estos tres malague\u00f1os decidieron dar un paso m\u00e1s y convertir aquella afici\u00f3n en un proyecto empresarial. \u00bfEl resultado? <strong>Flumen&#038;Co<\/strong>, un negocio de &#8216;tailoring&#8217; cuyo eje es la posibilidad de confeccionar camisetas a la carta tomando como base un muestrario de m\u00e1s de cien telas diferentes seleccionadas entre\u00a0 las mejores firmas nacionales e internacionales. &#8220;La empresa nace para dar respuesta a un p\u00fablico que entiende la moda desde un prisma mucho m\u00e1s personal y exigente, donde no todo venga predefinido o dado y sea el cliente quien se confeccione su propia prenda adaptada a sus gustos. \u00bfEl objetivo? Que cada cual de rienda suelta a su imaginaci\u00f3n y la plasme en prendas tan habituales en nuestro armario como una camiseta, sudadera y dem\u00e1s productos que iremos incorporando a nuestra oferta&#8221;, destacan.<\/p>\n<p style=\"text-align: center;\">\u00bfVeredicto? Personalmente me encanta la marca. Sin duda su punto fuerte son los estampados de los tejidos (tienen moner\u00edas: de pajaritos, de flores, de anclas, de cashmere&#8230;) que mezclados (ah\u00ed esta la clave, jugar al contraste) crean prendas originales, estilosas y con caracter. Desde su tienda &#8216;on line&#8217; (inaugurada hace apenas dos meses) se puede crear la camiseta paso a paso y visualizar el resultado antes de formalizar el pedido. Lo primero es seleccionar un modelo (de tirantes, con cuello de pico, redondo, m\u00e1s ancha, m\u00e1s ajustada&#8230;) y acto seguido las telas. Hay diferentes alternativas: colocarlas solo en el bolsillo, en frontal y bolsillo (personalmente mi favorita porque permite crear combinaciones llamativas), en la manga o en forma de huella de pie (el logo de la empresa) y \u00a1Voil\u00e1! camiseta lista.<\/p>\n<p style=\"text-align: center;\">Admiro a los emprendedores que desaf\u00edan a la crisis y se lanzan a la piscina apostando por sus ideas, as\u00ed que desde aqu\u00ed le deseo toda la suerte del mundo a esta nueva firma malague\u00f1a (que en breve ampliar\u00e1 la colecci\u00f3n con mochilas personalizadas y chaquetas) Os dejo con una selecci\u00f3n de fotos de sus productos. \u00a1Espero que os guste! \u00a1Feliz lunes!<\/p>\n<p><a href=\"\/pasarelaurbana\/wp-content\/uploads\/sites\/49\"><img loading=\"lazy\" class=\"aligncenter size-full wp-image-4557\" title=\"3\" src=\"\/pasarelaurbana\/wp-content\/uploads\/sites\/49\" alt=\"\" width=\"600\" height=\"400\" \/><\/a><!--more--><\/p>\n<p><a href=\"\/pasarelaurbana\/wp-content\/uploads\/sites\/49\"><img loading=\"lazy\" class=\"aligncenter size-full wp-image-4556\" title=\"2\" src=\"\/pasarelaurbana\/wp-content\/uploads\/sites\/49\" alt=\"\" width=\"600\" height=\"900\" \/><\/a><\/p>\n<p><a href=\"\/pasarelaurbana\/wp-content\/uploads\/sites\/49\"><img loading=\"lazy\" class=\"aligncenter size-full wp-image-4558\" title=\"4\" src=\"\/pasarelaurbana\/wp-content\/uploads\/sites\/49\" alt=\"\" width=\"600\" height=\"900\" \/><\/a><\/p>\n<p><a href=\"\/pasarelaurbana\/wp-content\/uploads\/sites\/49\"><img loading=\"lazy\" class=\"aligncenter size-full wp-image-4559\" title=\"5\" src=\"\/pasarelaurbana\/wp-content\/uploads\/sites\/49\" alt=\"\" width=\"600\" height=\"400\" \/><\/a><\/p>\n<p><a href=\"\/pasarelaurbana\/wp-content\/uploads\/sites\/49\"><img loading=\"lazy\" class=\"aligncenter size-full wp-image-4560\" title=\"6\" src=\"\/pasarelaurbana\/wp-content\/uploads\/sites\/49\" alt=\"\" width=\"600\" height=\"448\" \/><\/a><\/p>\n<p><a href=\"\/pasarelaurbana\/wp-content\/uploads\/sites\/49\"><img loading=\"lazy\" class=\"aligncenter size-full wp-image-4561\" title=\"7\" src=\"\/pasarelaurbana\/wp-content\/uploads\/sites\/49\" alt=\"\" width=\"600\" height=\"803\" \/><\/a><\/p>\n<p><a href=\"\/pasarelaurbana\/wp-content\/uploads\/sites\/49\"><img loading=\"lazy\" class=\"aligncenter size-full wp-image-4562\" title=\"8\" src=\"\/pasarelaurbana\/wp-content\/uploads\/sites\/49\" alt=\"\" width=\"600\" height=\"803\" \/><\/a><\/p>\n<p><a href=\"\/pasarelaurbana\/wp-content\/uploads\/sites\/49\"><img loading=\"lazy\" class=\"aligncenter size-full wp-image-4563\" title=\"9\" src=\"\/pasarelaurbana\/wp-content\/uploads\/sites\/49\" alt=\"\" width=\"600\" height=\"803\" \/><\/a><\/p>\n<p><a href=\"\/pasarelaurbana\/wp-content\/uploads\/sites\/49\/2013\/06\/10.jpg\"><img loading=\"lazy\" class=\"aligncenter size-full wp-image-4564\" title=\"10\" src=\"\/pasarelaurbana\/wp-content\/uploads\/sites\/49\/2013\/06\/10.jpg\" alt=\"\" width=\"600\" height=\"803\" srcset=\"https:\/\/static-blogs.diariosur.es\/wp-content\/uploads\/sites\/49\/2013\/06\/10.jpg 600w, https:\/\/static-blogs.diariosur.es\/wp-content\/uploads\/sites\/49\/2013\/06\/10-224x300.jpg 224w\" sizes=\"(max-width: 600px) 100vw, 600px\" \/><\/a><\/p>\n<p><a href=\"\/pasarelaurbana\/wp-content\/uploads\/sites\/49\/2013\/06\/11.jpg\"><img loading=\"lazy\" class=\"aligncenter size-full wp-image-4565\" title=\"11\" src=\"\/pasarelaurbana\/wp-content\/uploads\/sites\/49\/2013\/06\/11.jpg\" alt=\"\" width=\"600\" height=\"400\" srcset=\"https:\/\/static-blogs.diariosur.es\/wp-content\/uploads\/sites\/49\/2013\/06\/11.jpg 600w, https:\/\/static-blogs.diariosur.es\/wp-content\/uploads\/sites\/49\/2013\/06\/11-300x200.jpg 300w\" sizes=\"(max-width: 600px) 100vw, 600px\" \/><\/a><\/p>\n<p><a href=\"\/pasarelaurbana\/wp-content\/uploads\/sites\/49\/2013\/06\/logo.jpg\"><img loading=\"lazy\" class=\"aligncenter  wp-image-4555\" title=\"logo\" src=\"\/pasarelaurbana\/wp-content\/uploads\/sites\/49\/2013\/06\/logo.jpg\" alt=\"\" width=\"600\" height=\"520\" srcset=\"https:\/\/static-blogs.diariosur.es\/wp-content\/uploads\/sites\/49\/2013\/06\/logo.jpg 600w, https:\/\/static-blogs.diariosur.es\/wp-content\/uploads\/sites\/49\/2013\/06\/logo-300x260.jpg 300w\" sizes=\"(max-width: 600px) 100vw, 600px\" \/><\/a><\/p>\n<p>&nbsp;<\/p>\n<p style=\"text-align: center;\">\u00bfC\u00f3mo combinar las camisetas? La propia marca propone a diario estilismos en su cuenta de Facebook. \u00a1Mirad que moner\u00edas!<\/p>\n<p style=\"text-align: center;\">Esta camiseta con <strong>frontal de loros<\/strong> queda genial con la tendencia bicolor b&#038;w que arrasa esta primavera<\/p>\n<p><a href=\"\/pasarelaurbana\/wp-content\/uploads\/sites\/49\/2013\/06\/estilismouno.jpg\"><img loading=\"lazy\" class=\"aligncenter size-full wp-image-4566\" title=\"estilismouno\" src=\"\/pasarelaurbana\/wp-content\/uploads\/sites\/49\/2013\/06\/estilismouno.jpg\" alt=\"\" width=\"600\" height=\"654\" srcset=\"https:\/\/static-blogs.diariosur.es\/wp-content\/uploads\/sites\/49\/2013\/06\/estilismouno.jpg 600w, https:\/\/static-blogs.diariosur.es\/wp-content\/uploads\/sites\/49\/2013\/06\/estilismouno-275x300.jpg 275w\" sizes=\"(max-width: 600px) 100vw, 600px\" \/><\/a><\/p>\n<p style=\"text-align: center;\">Camiseta de \u00a0<strong>toile de jouy<\/strong> con peto vaquero, otro must have de temporada.<\/p>\n<p><a href=\"\/pasarelaurbana\/wp-content\/uploads\/sites\/49\/2013\/06\/estilismodos.jpg\"><img loading=\"lazy\" class=\"aligncenter size-full wp-image-4568\" title=\"estilismodos\" src=\"\/pasarelaurbana\/wp-content\/uploads\/sites\/49\/2013\/06\/estilismodos.jpg\" alt=\"\" width=\"600\" height=\"381\" srcset=\"https:\/\/static-blogs.diariosur.es\/wp-content\/uploads\/sites\/49\/2013\/06\/estilismodos.jpg 600w, https:\/\/static-blogs.diariosur.es\/wp-content\/uploads\/sites\/49\/2013\/06\/estilismodos-300x191.jpg 300w\" sizes=\"(max-width: 600px) 100vw, 600px\" \/><\/a><\/p>\n<p style=\"text-align: center;\">Modelo de <strong>tirantes con telas de inspiraci\u00f3n marinera<\/strong>. Ideal el bolsillo de anclas. Me gusta la combinaci\u00f3n con jeans boyfriend y cu\u00f1as. Ideal para un look c\u00f3modo y chic de diario<\/p>\n<p><a href=\"\/pasarelaurbana\/wp-content\/uploads\/sites\/49\/2013\/06\/estilismotres.jpg\"><img loading=\"lazy\" class=\"aligncenter size-full wp-image-4569\" title=\"estilismotres\" src=\"\/pasarelaurbana\/wp-content\/uploads\/sites\/49\/2013\/06\/estilismotres.jpg\" alt=\"\" width=\"600\" height=\"525\" srcset=\"https:\/\/static-blogs.diariosur.es\/wp-content\/uploads\/sites\/49\/2013\/06\/estilismotres.jpg 600w, https:\/\/static-blogs.diariosur.es\/wp-content\/uploads\/sites\/49\/2013\/06\/estilismotres-300x263.jpg 300w\" sizes=\"(max-width: 600px) 100vw, 600px\" \/><\/a><\/p>\n<p style=\"text-align: center;\">Y, por \u00faltimo, tres propuestas <strong>para ellos<\/strong><\/p>\n<p><a href=\"\/pasarelaurbana\/wp-content\/uploads\/sites\/49\/2013\/06\/estilismocuatro.jpg\"><img loading=\"lazy\" class=\"aligncenter size-full wp-image-4567\" title=\"estilismocuatro\" src=\"\/pasarelaurbana\/wp-content\/uploads\/sites\/49\/2013\/06\/estilismocuatro.jpg\" alt=\"\" width=\"600\" height=\"523\" srcset=\"https:\/\/static-blogs.diariosur.es\/wp-content\/uploads\/sites\/49\/2013\/06\/estilismocuatro.jpg 600w, https:\/\/static-blogs.diariosur.es\/wp-content\/uploads\/sites\/49\/2013\/06\/estilismocuatro-300x262.jpg 300w\" sizes=\"(max-width: 600px) 100vw, 600px\" \/><\/a><\/p>\n<p>&nbsp;<\/p>\n","protected":false},"excerpt":{"rendered":"<p>En los tiempos que corren, el cliente no solo tiene la raz\u00f3n. Tiene la idea. El af\u00e1n por personalizar su ropa y darle su sello personal para as\u00ed intentar diferenciarse del resto. Y de eso, de customizar, saben muy mucho los protagonistas de nuestro post de hoy. Parches, motivos pintados a mano, tachuelas&#8230;para Irene Olmedo, [&hellip;]<\/p>\n","protected":false},"author":54,"featured_media":0,"comment_status":"open","ping_status":"open","sticky":false,"template":"","format":"standard","meta":[],"categories":[2],"tags":[],"_links":{"self":[{"href":"https:\/\/blogs.diariosur.es\/pasarelaurbana\/wp-json\/wp\/v2\/posts\/4554"}],"collection":[{"href":"https:\/\/blogs.diariosur.es\/pasarelaurbana\/wp-json\/wp\/v2\/posts"}],"about":[{"href":"https:\/\/blogs.diariosur.es\/pasarelaurbana\/wp-json\/wp\/v2\/types\/post"}],"author":[{"embeddable":true,"href":"https:\/\/blogs.diariosur.es\/pasarelaurbana\/wp-json\/wp\/v2\/users\/54"}],"replies":[{"embeddable":true,"href":"https:\/\/blogs.diariosur.es\/pasarelaurbana\/wp-json\/wp\/v2\/comments?post=4554"}],"version-history":[{"count":0,"href":"https:\/\/blogs.diariosur.es\/pasarelaurbana\/wp-json\/wp\/v2\/posts\/4554\/revisions"}],"wp:attachment":[{"href":"https:\/\/blogs.diariosur.es\/pasarelaurbana\/wp-json\/wp\/v2\/media?parent=4554"}],"wp:term":[{"taxonomy":"category","embeddable":true,"href":"https:\/\/blogs.diariosur.es\/pasarelaurbana\/wp-json\/wp\/v2\/categories?post=4554"},{"taxonomy":"post_tag","embeddable":true,"href":"https:\/\/blogs.diariosur.es\/pasarelaurbana\/wp-json\/wp\/v2\/tags?post=4554"}],"curies":[{"name":"wp","href":"https:\/\/api.w.org\/{rel}","templated":true}]}}