{"id":4571,"date":"2013-06-04T15:14:43","date_gmt":"2013-06-04T13:14:43","guid":{"rendered":"http:\/\/blogs.diariosur.es\/pasarelaurbana\/?p=4571"},"modified":"2013-06-04T15:14:43","modified_gmt":"2013-06-04T13:14:43","slug":"cuando-la-moda-nos-deja-a-cuadros","status":"publish","type":"post","link":"https:\/\/blogs.diariosur.es\/pasarelaurbana\/2013\/06\/04\/cuando-la-moda-nos-deja-a-cuadros\/","title":{"rendered":"Cuando la moda nos deja a cuadros"},"content":{"rendered":"<p style=\"text-align: center;\">Esta primavera la moda nos deja a cuadros. El estampado de damero se postula como uno de los <em>print<\/em> revelaci\u00f3n de la temporada. La culpa de que el<em> street style<\/em> juegue al ajedrez es de\u00a0<strong>Louis Vuitton<\/strong>.\u00a0 O, mejor dicho, de su director creativo <strong>Marc Jacobs<\/strong> quien en el desfile primavera-verano 2013 de la &#8216;masion&#8217; francesa se rindi\u00f3 a estos cuadros que lo inundaron todo: desde ropa a accesorios hasta la propia pasarela que pisaron las modelos. Vuitton dict\u00f3&#8230;y las <em>low cost<\/em> (como ya se ve\u00eda venir) han recogido el testigo de esta singular tendencia. Firmas como <strong>Topshop, Zara o Blanco<\/strong> son solo algunas de las que han sucumbido a este estampado, tanto en su cl\u00e1sica versi\u00f3n bicolor blanco y negro como en nuevos formatos en colores como el amarillo, el verde o el marr\u00f3n. Celebrities de la talla de <strong>Miranda Kerr, Kirsten Dunst o Jessica Alba<\/strong> ya se han atrevido a enfundarse una prenda-tablero&#8230;La tendencia, pues, est\u00e1 servida&#8230;y la pasarela urbana empieza a hacerse eco de ella. Muestra de ello es el look que os traigo hoy. Lo protagoniza <strong>Mariam G\u00f3mez<\/strong>, una joven malague\u00f1a estudiante de Bachillerato. En su caso, eligi\u00f3 unos shorts de Zara con este <em>print<\/em> como eje del estilismo que se enfund\u00f3 para asistir a la presentaci\u00f3n de un curso de personal shopper en La Moraga de Antonio Mart\u00edn. \u00bfEl toque chic? Los llamativos (y nada discretos) salones en amarillo fl\u00faor de<strong> H&#038;M<\/strong> que se calz\u00f3 a juego con el cord\u00f3n fluorescente de los pantalones. Complet\u00f3 el <em>outfit<\/em> con unsa camisa negra transparente y bolso bandolera blanco de<strong> River Island<\/strong>. Y vosotras, \u00bfos atrev\u00e9is a empezar la partida? En mi caso entono aquello de jaque mate&#8230;(no me convence, la verdad, aunque nunca se puede decir de este agua no beber\u00e9). Os dejo con las fotos y un resumen de estilismos-damero inspiradores. \u00a1Hasta ma\u00f1ana! Os espero en Twitter: @almunogues<\/p>\n<p>&nbsp;<\/p>\n<p><a href=\"\/pasarelaurbana\/wp-content\/uploads\/sites\/49\"><img loading=\"lazy\" class=\"aligncenter size-full wp-image-4573\" title=\"1\" src=\"\/pasarelaurbana\/wp-content\/uploads\/sites\/49\" alt=\"\" width=\"600\" height=\"803\" \/><\/a><!--more--><\/p>\n<p><a href=\"\/pasarelaurbana\/wp-content\/uploads\/sites\/49\/2013\/06\/21.jpg\"><img loading=\"lazy\" class=\"aligncenter size-full wp-image-4574\" title=\"2\" src=\"\/pasarelaurbana\/wp-content\/uploads\/sites\/49\/2013\/06\/21.jpg\" alt=\"\" width=\"600\" height=\"803\" srcset=\"https:\/\/static-blogs.diariosur.es\/wp-content\/uploads\/sites\/49\/2013\/06\/21.jpg 600w, https:\/\/static-blogs.diariosur.es\/wp-content\/uploads\/sites\/49\/2013\/06\/21-224x300.jpg 224w\" sizes=\"(max-width: 600px) 100vw, 600px\" \/><\/a><\/p>\n<p><a href=\"\/pasarelaurbana\/wp-content\/uploads\/sites\/49\/2013\/06\/31.jpg\"><img loading=\"lazy\" class=\"aligncenter size-full wp-image-4575\" title=\"3\" src=\"\/pasarelaurbana\/wp-content\/uploads\/sites\/49\/2013\/06\/31.jpg\" alt=\"\" width=\"600\" height=\"803\" srcset=\"https:\/\/static-blogs.diariosur.es\/wp-content\/uploads\/sites\/49\/2013\/06\/31.jpg 600w, https:\/\/static-blogs.diariosur.es\/wp-content\/uploads\/sites\/49\/2013\/06\/31-224x300.jpg 224w\" sizes=\"(max-width: 600px) 100vw, 600px\" \/><\/a><\/p>\n<p><a href=\"\/pasarelaurbana\/wp-content\/uploads\/sites\/49\/2013\/06\/41.jpg\"><img loading=\"lazy\" class=\"aligncenter size-full wp-image-4576\" title=\"4\" src=\"\/pasarelaurbana\/wp-content\/uploads\/sites\/49\/2013\/06\/41.jpg\" alt=\"\" width=\"600\" height=\"803\" srcset=\"https:\/\/static-blogs.diariosur.es\/wp-content\/uploads\/sites\/49\/2013\/06\/41.jpg 600w, https:\/\/static-blogs.diariosur.es\/wp-content\/uploads\/sites\/49\/2013\/06\/41-224x300.jpg 224w\" sizes=\"(max-width: 600px) 100vw, 600px\" \/><\/a><\/p>\n<p><a href=\"\/pasarelaurbana\/wp-content\/uploads\/sites\/49\/2013\/06\/51.jpg\"><img loading=\"lazy\" class=\"aligncenter size-full wp-image-4577\" title=\"5\" src=\"\/pasarelaurbana\/wp-content\/uploads\/sites\/49\/2013\/06\/51.jpg\" alt=\"\" width=\"600\" height=\"448\" srcset=\"https:\/\/static-blogs.diariosur.es\/wp-content\/uploads\/sites\/49\/2013\/06\/51.jpg 600w, https:\/\/static-blogs.diariosur.es\/wp-content\/uploads\/sites\/49\/2013\/06\/51-300x224.jpg 300w\" sizes=\"(max-width: 600px) 100vw, 600px\" \/><\/a><\/p>\n<p><a href=\"\/pasarelaurbana\/wp-content\/uploads\/sites\/49\/2013\/06\/61.jpg\"><img loading=\"lazy\" class=\"aligncenter size-full wp-image-4578\" title=\"6\" src=\"\/pasarelaurbana\/wp-content\/uploads\/sites\/49\/2013\/06\/61.jpg\" alt=\"\" width=\"600\" height=\"803\" srcset=\"https:\/\/static-blogs.diariosur.es\/wp-content\/uploads\/sites\/49\/2013\/06\/61.jpg 600w, https:\/\/static-blogs.diariosur.es\/wp-content\/uploads\/sites\/49\/2013\/06\/61-224x300.jpg 224w\" sizes=\"(max-width: 600px) 100vw, 600px\" \/><\/a><\/p>\n<p style=\"text-align: center;\"><strong>\u00a0Mariam G\u00f3mez<\/strong>. Estudiante de Bachiller. 17 a\u00f1os<\/p>\n<p style=\"text-align: center;\">Blusa y shorts: Zara<\/p>\n<p style=\"text-align: center;\">Tacones: H&#038;M<\/p>\n<p style=\"text-align: center;\">Bolso: River Island<\/p>\n<p style=\"text-align: center;\">Mariam no es la \u00fanica protagonista de nuestro street style que se ha rendido al bicolor en formato damero. Hace unas semanas os mostr\u00e9 el estilismo de <strong>Laura Castillo<\/strong>, una abogada malague\u00f1a de 40 a\u00f1os que apost\u00f3 por una chaqueta con este estampado combinada con camisa en rosa fucsia (pod\u00e9is ver <a href=\"https:\/\/blogs.diariosur.es\/pasarelaurbana\/2013\/05\/13\/la-moda-juega-al-ajedrez\/\"><strong>su look al detalle AQUI<\/strong><\/a>)<\/p>\n<p>&nbsp;<\/p>\n<p><a href=\"\/pasarelaurbana\/wp-content\/uploads\/sites\/49\/2013\/06\/ajedrez.jpg\"><img loading=\"lazy\" class=\"aligncenter size-full wp-image-4584\" title=\"ajedrez\" src=\"\/pasarelaurbana\/wp-content\/uploads\/sites\/49\/2013\/06\/ajedrez.jpg\" alt=\"\" width=\"600\" height=\"803\" srcset=\"https:\/\/static-blogs.diariosur.es\/wp-content\/uploads\/sites\/49\/2013\/06\/ajedrez.jpg 600w, https:\/\/static-blogs.diariosur.es\/wp-content\/uploads\/sites\/49\/2013\/06\/ajedrez-224x300.jpg 224w\" sizes=\"(max-width: 600px) 100vw, 600px\" \/><\/a><\/p>\n<p>&nbsp;<\/p>\n<p style=\"text-align: center;\">&#8230;Y terminamos con un poco de inspiraci\u00f3n<\/p>\n<p><a href=\"\/pasarelaurbana\/wp-content\/uploads\/sites\/49\/2013\/06\/dam1.jpg\"><img loading=\"lazy\" class=\"aligncenter size-full wp-image-4579\" title=\"dam1\" src=\"\/pasarelaurbana\/wp-content\/uploads\/sites\/49\/2013\/06\/dam1.jpg\" alt=\"\" width=\"600\" height=\"400\" srcset=\"https:\/\/static-blogs.diariosur.es\/wp-content\/uploads\/sites\/49\/2013\/06\/dam1.jpg 600w, https:\/\/static-blogs.diariosur.es\/wp-content\/uploads\/sites\/49\/2013\/06\/dam1-300x200.jpg 300w\" sizes=\"(max-width: 600px) 100vw, 600px\" \/><\/a><\/p>\n<p><a href=\"\/pasarelaurbana\/wp-content\/uploads\/sites\/49\/2013\/06\/damdos.jpg\"><img loading=\"lazy\" class=\"aligncenter size-full wp-image-4572\" title=\"damdos\" src=\"\/pasarelaurbana\/wp-content\/uploads\/sites\/49\/2013\/06\/damdos.jpg\" alt=\"\" width=\"600\" height=\"831\" srcset=\"https:\/\/static-blogs.diariosur.es\/wp-content\/uploads\/sites\/49\/2013\/06\/damdos.jpg 600w, https:\/\/static-blogs.diariosur.es\/wp-content\/uploads\/sites\/49\/2013\/06\/damdos-217x300.jpg 217w\" sizes=\"(max-width: 600px) 100vw, 600px\" \/><\/a><\/p>\n<p><a href=\"\/pasarelaurbana\/wp-content\/uploads\/sites\/49\/2013\/06\/dam3.jpg\"><img loading=\"lazy\" class=\"aligncenter size-full wp-image-4580\" title=\"dam3\" src=\"\/pasarelaurbana\/wp-content\/uploads\/sites\/49\/2013\/06\/dam3.jpg\" alt=\"\" width=\"600\" height=\"643\" srcset=\"https:\/\/static-blogs.diariosur.es\/wp-content\/uploads\/sites\/49\/2013\/06\/dam3.jpg 600w, https:\/\/static-blogs.diariosur.es\/wp-content\/uploads\/sites\/49\/2013\/06\/dam3-280x300.jpg 280w\" sizes=\"(max-width: 600px) 100vw, 600px\" \/><\/a><\/p>\n<p><a href=\"\/pasarelaurbana\/wp-content\/uploads\/sites\/49\/2013\/06\/dam4.jpg\"><img loading=\"lazy\" class=\"aligncenter size-full wp-image-4581\" title=\"dam4\" src=\"\/pasarelaurbana\/wp-content\/uploads\/sites\/49\/2013\/06\/dam4.jpg\" alt=\"\" width=\"600\" height=\"875\" srcset=\"https:\/\/static-blogs.diariosur.es\/wp-content\/uploads\/sites\/49\/2013\/06\/dam4.jpg 600w, https:\/\/static-blogs.diariosur.es\/wp-content\/uploads\/sites\/49\/2013\/06\/dam4-206x300.jpg 206w\" sizes=\"(max-width: 600px) 100vw, 600px\" \/><\/a><\/p>\n<p>&nbsp;<\/p>\n<p><a href=\"\/pasarelaurbana\/wp-content\/uploads\/sites\/49\/2013\/06\/dam7.jpg\"><img loading=\"lazy\" class=\"aligncenter size-full wp-image-4583\" title=\"dam7\" src=\"\/pasarelaurbana\/wp-content\/uploads\/sites\/49\/2013\/06\/dam7.jpg\" alt=\"\" width=\"600\" height=\"766\" srcset=\"https:\/\/static-blogs.diariosur.es\/wp-content\/uploads\/sites\/49\/2013\/06\/dam7.jpg 600w, https:\/\/static-blogs.diariosur.es\/wp-content\/uploads\/sites\/49\/2013\/06\/dam7-235x300.jpg 235w\" sizes=\"(max-width: 600px) 100vw, 600px\" \/><\/a><\/p>\n","protected":false},"excerpt":{"rendered":"<p>Esta primavera la moda nos deja a cuadros. El estampado de damero se postula como uno de los print revelaci\u00f3n de la temporada. La culpa de que el street style juegue al ajedrez es de\u00a0Louis Vuitton.\u00a0 O, mejor dicho, de su director creativo Marc Jacobs quien en el desfile primavera-verano 2013 de la &#8216;masion&#8217; francesa [&hellip;]<\/p>\n","protected":false},"author":54,"featured_media":0,"comment_status":"open","ping_status":"open","sticky":false,"template":"","format":"standard","meta":[],"categories":[2],"tags":[],"_links":{"self":[{"href":"https:\/\/blogs.diariosur.es\/pasarelaurbana\/wp-json\/wp\/v2\/posts\/4571"}],"collection":[{"href":"https:\/\/blogs.diariosur.es\/pasarelaurbana\/wp-json\/wp\/v2\/posts"}],"about":[{"href":"https:\/\/blogs.diariosur.es\/pasarelaurbana\/wp-json\/wp\/v2\/types\/post"}],"author":[{"embeddable":true,"href":"https:\/\/blogs.diariosur.es\/pasarelaurbana\/wp-json\/wp\/v2\/users\/54"}],"replies":[{"embeddable":true,"href":"https:\/\/blogs.diariosur.es\/pasarelaurbana\/wp-json\/wp\/v2\/comments?post=4571"}],"version-history":[{"count":0,"href":"https:\/\/blogs.diariosur.es\/pasarelaurbana\/wp-json\/wp\/v2\/posts\/4571\/revisions"}],"wp:attachment":[{"href":"https:\/\/blogs.diariosur.es\/pasarelaurbana\/wp-json\/wp\/v2\/media?parent=4571"}],"wp:term":[{"taxonomy":"category","embeddable":true,"href":"https:\/\/blogs.diariosur.es\/pasarelaurbana\/wp-json\/wp\/v2\/categories?post=4571"},{"taxonomy":"post_tag","embeddable":true,"href":"https:\/\/blogs.diariosur.es\/pasarelaurbana\/wp-json\/wp\/v2\/tags?post=4571"}],"curies":[{"name":"wp","href":"https:\/\/api.w.org\/{rel}","templated":true}]}}