{"id":4586,"date":"2013-06-05T17:47:07","date_gmt":"2013-06-05T15:47:07","guid":{"rendered":"http:\/\/blogs.diariosur.es\/pasarelaurbana\/?p=4586"},"modified":"2013-06-05T17:47:07","modified_gmt":"2013-06-05T15:47:07","slug":"el-estilo-etnico-protagonista-del-street-style","status":"publish","type":"post","link":"https:\/\/blogs.diariosur.es\/pasarelaurbana\/2013\/06\/05\/el-estilo-etnico-protagonista-del-street-style\/","title":{"rendered":"El estilo \u00e9tnico, protagonista del street style"},"content":{"rendered":"<p style=\"text-align: center;\">A estas alturas de la temporada no hace falta que os diga que si hay una tendencia que est\u00e1 arrasando sobre la pasarela urbana de M\u00e1laga esa es la inspiraci\u00f3n \u00e9tnica, convertida estos d\u00edas en una de las grandes protagonistas del street style. Triunfan el estampado navajo y dem\u00e1s print tribales, la mezcla de colores \u00e1cidos, los collares y complementos de pedrer\u00eda en formato XL&#8230;Nuestra protagonista de hoy adapta con maestr\u00eda esta moda con un look impecable ideal para cualquier momento del d\u00eda. <strong>Inmaculada Paniagua<\/strong>, una comercial de 36 a\u00f1os, construye su outfit en torno a una bonita falda tapicera (imprescindible esta primavera) en tonos azules (de Easy Wear, El Corte Ingl\u00e9s) que combina con acierto con una camisa vaquera (un b\u00e1sico de fondo de armario vers\u00e1til donde los haya). Remata el estilismo con un maxi collar de hilos trenzados y cuentas (muy favorecedor) de Adolfo Dom\u00ednguez, un bolso de print navajo de Sfera (me ha enamorado) y unos botines de cordones con los dedos al aire (muy chulos) de Caramelo. \u00a0\u00bfEl resultado? Estiloso, sofisticado y con un punto juvenil. \u00a1Me gusta! \u00bfY a vosotras? \u00a1Hasta ma\u00f1ana! Os espero en Twitter: @almunogues \u00a1Que pas\u00e9is buena tarde!<\/p>\n<p><a href=\"\/pasarelaurbana\/wp-content\/uploads\/sites\/49\/2013\/06\/33.jpg\"><img loading=\"lazy\" class=\"aligncenter size-full wp-image-4590\" title=\"33\" src=\"\/pasarelaurbana\/wp-content\/uploads\/sites\/49\/2013\/06\/33.jpg\" alt=\"\" width=\"600\" height=\"803\" srcset=\"https:\/\/static-blogs.diariosur.es\/wp-content\/uploads\/sites\/49\/2013\/06\/33.jpg 600w, https:\/\/static-blogs.diariosur.es\/wp-content\/uploads\/sites\/49\/2013\/06\/33-224x300.jpg 224w\" sizes=\"(max-width: 600px) 100vw, 600px\" \/><\/a><\/p>\n<p><!--more--><\/p>\n<p><a href=\"\/pasarelaurbana\/wp-content\/uploads\/sites\/49\/2013\/06\/311.jpg\"><img loading=\"lazy\" class=\"aligncenter size-full wp-image-4588\" title=\"31\" src=\"\/pasarelaurbana\/wp-content\/uploads\/sites\/49\/2013\/06\/311.jpg\" alt=\"\" width=\"600\" height=\"803\" srcset=\"https:\/\/static-blogs.diariosur.es\/wp-content\/uploads\/sites\/49\/2013\/06\/311.jpg 600w, https:\/\/static-blogs.diariosur.es\/wp-content\/uploads\/sites\/49\/2013\/06\/311-224x300.jpg 224w\" sizes=\"(max-width: 600px) 100vw, 600px\" \/><\/a><\/p>\n<p><a href=\"\/pasarelaurbana\/wp-content\/uploads\/sites\/49\/2013\/06\/32.jpg\"><img loading=\"lazy\" class=\"aligncenter size-full wp-image-4589\" title=\"32\" src=\"\/pasarelaurbana\/wp-content\/uploads\/sites\/49\/2013\/06\/32.jpg\" alt=\"\" width=\"600\" height=\"803\" srcset=\"https:\/\/static-blogs.diariosur.es\/wp-content\/uploads\/sites\/49\/2013\/06\/32.jpg 600w, https:\/\/static-blogs.diariosur.es\/wp-content\/uploads\/sites\/49\/2013\/06\/32-224x300.jpg 224w\" sizes=\"(max-width: 600px) 100vw, 600px\" \/><\/a><\/p>\n<p><a href=\"\/pasarelaurbana\/wp-content\/uploads\/sites\/49\/2013\/06\/30.jpg\"><img loading=\"lazy\" class=\"aligncenter size-full wp-image-4593\" title=\"30\" src=\"\/pasarelaurbana\/wp-content\/uploads\/sites\/49\/2013\/06\/30.jpg\" alt=\"\" width=\"600\" height=\"803\" srcset=\"https:\/\/static-blogs.diariosur.es\/wp-content\/uploads\/sites\/49\/2013\/06\/30.jpg 600w, https:\/\/static-blogs.diariosur.es\/wp-content\/uploads\/sites\/49\/2013\/06\/30-224x300.jpg 224w\" sizes=\"(max-width: 600px) 100vw, 600px\" \/><\/a><\/p>\n<p>&nbsp;<\/p>\n<p><a href=\"\/pasarelaurbana\/wp-content\/uploads\/sites\/49\/2013\/06\/34.jpg\"><img loading=\"lazy\" class=\"aligncenter size-full wp-image-4591\" title=\"34\" src=\"\/pasarelaurbana\/wp-content\/uploads\/sites\/49\/2013\/06\/34.jpg\" alt=\"\" width=\"600\" height=\"803\" srcset=\"https:\/\/static-blogs.diariosur.es\/wp-content\/uploads\/sites\/49\/2013\/06\/34.jpg 600w, https:\/\/static-blogs.diariosur.es\/wp-content\/uploads\/sites\/49\/2013\/06\/34-224x300.jpg 224w\" sizes=\"(max-width: 600px) 100vw, 600px\" \/><\/a><a href=\"\/pasarelaurbana\/wp-content\/uploads\/sites\/49\/2013\/06\/36.jpg\"><img loading=\"lazy\" class=\"aligncenter size-full wp-image-4587\" title=\"36\" src=\"\/pasarelaurbana\/wp-content\/uploads\/sites\/49\/2013\/06\/36.jpg\" alt=\"\" width=\"600\" height=\"803\" srcset=\"https:\/\/static-blogs.diariosur.es\/wp-content\/uploads\/sites\/49\/2013\/06\/36.jpg 600w, https:\/\/static-blogs.diariosur.es\/wp-content\/uploads\/sites\/49\/2013\/06\/36-224x300.jpg 224w\" sizes=\"(max-width: 600px) 100vw, 600px\" \/><\/a><\/p>\n<p><a href=\"\/pasarelaurbana\/wp-content\/uploads\/sites\/49\/2013\/06\/37.jpg\"><img loading=\"lazy\" class=\"aligncenter size-full wp-image-4595\" title=\"37\" src=\"\/pasarelaurbana\/wp-content\/uploads\/sites\/49\/2013\/06\/37.jpg\" alt=\"\" width=\"600\" height=\"803\" srcset=\"https:\/\/static-blogs.diariosur.es\/wp-content\/uploads\/sites\/49\/2013\/06\/37.jpg 600w, https:\/\/static-blogs.diariosur.es\/wp-content\/uploads\/sites\/49\/2013\/06\/37-224x300.jpg 224w\" sizes=\"(max-width: 600px) 100vw, 600px\" \/><\/a><\/p>\n<p style=\"text-align: center;\"><strong>Inmaculada Paniagua<\/strong>. Comercial 36 a\u00f1os<\/p>\n<p style=\"text-align: center;\">Camisa vaquera y falda: Easy Wear (El Corte Ingl\u00e9s)<\/p>\n<p style=\"text-align: center;\">Bolso: Sfera<\/p>\n<p style=\"text-align: center;\">Collar: Adolfo Dom\u00ednguez<\/p>\n<p style=\"text-align: center;\">Sandalias: Caramelo<\/p>\n<p>&nbsp;<\/p>\n<p>&nbsp;<\/p>\n","protected":false},"excerpt":{"rendered":"<p>A estas alturas de la temporada no hace falta que os diga que si hay una tendencia que est\u00e1 arrasando sobre la pasarela urbana de M\u00e1laga esa es la inspiraci\u00f3n \u00e9tnica, convertida estos d\u00edas en una de las grandes protagonistas del street style. Triunfan el estampado navajo y dem\u00e1s print tribales, la mezcla de colores [&hellip;]<\/p>\n","protected":false},"author":54,"featured_media":0,"comment_status":"open","ping_status":"open","sticky":false,"template":"","format":"standard","meta":[],"categories":[2],"tags":[],"_links":{"self":[{"href":"https:\/\/blogs.diariosur.es\/pasarelaurbana\/wp-json\/wp\/v2\/posts\/4586"}],"collection":[{"href":"https:\/\/blogs.diariosur.es\/pasarelaurbana\/wp-json\/wp\/v2\/posts"}],"about":[{"href":"https:\/\/blogs.diariosur.es\/pasarelaurbana\/wp-json\/wp\/v2\/types\/post"}],"author":[{"embeddable":true,"href":"https:\/\/blogs.diariosur.es\/pasarelaurbana\/wp-json\/wp\/v2\/users\/54"}],"replies":[{"embeddable":true,"href":"https:\/\/blogs.diariosur.es\/pasarelaurbana\/wp-json\/wp\/v2\/comments?post=4586"}],"version-history":[{"count":0,"href":"https:\/\/blogs.diariosur.es\/pasarelaurbana\/wp-json\/wp\/v2\/posts\/4586\/revisions"}],"wp:attachment":[{"href":"https:\/\/blogs.diariosur.es\/pasarelaurbana\/wp-json\/wp\/v2\/media?parent=4586"}],"wp:term":[{"taxonomy":"category","embeddable":true,"href":"https:\/\/blogs.diariosur.es\/pasarelaurbana\/wp-json\/wp\/v2\/categories?post=4586"},{"taxonomy":"post_tag","embeddable":true,"href":"https:\/\/blogs.diariosur.es\/pasarelaurbana\/wp-json\/wp\/v2\/tags?post=4586"}],"curies":[{"name":"wp","href":"https:\/\/api.w.org\/{rel}","templated":true}]}}