{"id":4596,"date":"2013-06-08T00:42:29","date_gmt":"2013-06-07T22:42:29","guid":{"rendered":"http:\/\/blogs.diariosur.es\/pasarelaurbana\/?p=4596"},"modified":"2013-06-08T00:42:29","modified_gmt":"2013-06-07T22:42:29","slug":"el-armario-de-juan-garcia","status":"publish","type":"post","link":"https:\/\/blogs.diariosur.es\/pasarelaurbana\/2013\/06\/08\/el-armario-de-juan-garcia\/","title":{"rendered":"El armario de Juan Garc\u00eda"},"content":{"rendered":"<p style=\"text-align: center;\">Asegura que sigue su propio estilo, sin dejarse guiar por la dictadura de las tendencias. Ahora, dice, se lo puede permitir. Distinto era hace un lustro cuando los t\u00edtulos de M\u00edster M\u00e1laga (2005), Mister Espa\u00f1a (2006) y Mister Mundo (2007) pesaban cual losa sobre su imagen p\u00fablica oblig\u00e1ndole a cuidar al mil\u00edmetro cada detalle de sus apariciones p\u00fablicas. \u00abEn aquella \u00e9poca era un icono de la moda y sent\u00eda en parte esa responsabilidad lo que me obligaba a pensar mucho mis estilismos\u00bb, reconoce Juan Garc\u00eda.<br \/>\nEl que fuera el hombre m\u00e1s guapo del mundo es hoy un reconocido sumiller, que tiene su propio vino (JG Crianza) y hasta su propia terraza, el Oasis Lounge, uno de los locales de moda del Centro. Lleva la comodidad por bandera y, salvo evento concretos, se decanta por prendas pr\u00e1cticas y funcionales. En sus \u2018outfits\u2019 de diario prima la ropa urbana, casual y desenfadada. \u00abEn verano, mi uniforme de batalla lo componen unos buenos vaqueros, una camiseta -asegura que tiene m\u00e1s de 80- y unas deportivas\u00bb, desvela. Para una reuni\u00f3n de trabajo o una salida nocturna opta por el cl\u00e1sico binomio camisa+americana, que suele combinar con vaqueros oscuros para restarse seriedad al resultado final. \u00abEl pantal\u00f3n del traje intento evitarlo y los reservo para ocasiones muy concretas\u00bb, advierte Garc\u00eda, para quien la moda es una importante carta de presentaci\u00f3n. \u00abLa imagen es un palo m\u00e1s del abanico de tu vida y sirve para que te respeten. Tener ese punto de elegancia y distinci\u00f3n es un valor a\u00f1adido que puede ser determinante, por ejemplo, para que a igualdad de curriculum y de experiencia te seleccionen en una entrevista de trabajo\u00bb, sostiene.<br \/>\nEl orden impera en el armario de este guapo oficial de M\u00e1laga, que puede presumir de haber sido imagen de firmas como Hugo Boss, Kelme, Nike o Hermes Govantes. \u00bfAlgunas man\u00edas confesables? Clasificar las prendas por colores y estampados y colgar todos los trajes y chaquetas protegidos con sus correspondientes pl\u00e1sticos, \u00abpara evitar el polvo y el desgaste del roce de tejidos\u00bb, indica.<br \/>\nEn materia de complementos, le pierden los pa\u00f1uelos (especialmente los de tonos llamativos que ponen una nota de color) y los gemelos, \u00abme encantan porque adem\u00e1s muy pocos hombres saben pon\u00e9rselos y aportan distinci\u00f3n\u00bb. Los relojes (\u00abtengo m\u00e1s de una treintena de todos los estilos\u00bb) y las pulseras de plata o cuero tampoco faltan en sus estilismos.<\/p>\n<p style=\"text-align: center;\">Os dejo con sus estilismos al detalle gracias a las fotos de mi compa\u00f1era Sandra Laarsen. \u00a1Buen fin de semana! Os espero en Twitter: @almunogues<\/p>\n<p style=\"text-align: center;\"><a href=\"\/pasarelaurbana\/wp-content\/uploads\/sites\/49\/2013\/06\/14.jpg\"><img loading=\"lazy\" class=\"aligncenter size-full wp-image-4603\" title=\"14\" src=\"\/pasarelaurbana\/wp-content\/uploads\/sites\/49\/2013\/06\/14.jpg\" alt=\"\" width=\"600\" height=\"915\" srcset=\"https:\/\/static-blogs.diariosur.es\/wp-content\/uploads\/sites\/49\/2013\/06\/14.jpg 600w, https:\/\/static-blogs.diariosur.es\/wp-content\/uploads\/sites\/49\/2013\/06\/14-197x300.jpg 197w\" sizes=\"(max-width: 600px) 100vw, 600px\" \/><\/a><!--more--><strong>LOOK DE D\u00cdA<\/strong>: Camiseta+pantal\u00f3n vaquero+americana y deportivas<\/p>\n<p><a href=\"\/pasarelaurbana\/wp-content\/uploads\/sites\/49\/2013\/06\/12.jpg\"><img loading=\"lazy\" class=\"aligncenter size-full wp-image-4598\" title=\"1\" src=\"\/pasarelaurbana\/wp-content\/uploads\/sites\/49\/2013\/06\/12.jpg\" alt=\"\" width=\"600\" height=\"902\" srcset=\"https:\/\/static-blogs.diariosur.es\/wp-content\/uploads\/sites\/49\/2013\/06\/12.jpg 600w, https:\/\/static-blogs.diariosur.es\/wp-content\/uploads\/sites\/49\/2013\/06\/12-200x300.jpg 200w\" sizes=\"(max-width: 600px) 100vw, 600px\" \/><\/a><\/p>\n<p><a href=\"\/pasarelaurbana\/wp-content\/uploads\/sites\/49\/2013\/06\/22.jpg\"><img loading=\"lazy\" class=\"aligncenter size-full wp-image-4599\" title=\"2\" src=\"\/pasarelaurbana\/wp-content\/uploads\/sites\/49\/2013\/06\/22.jpg\" alt=\"\" width=\"600\" height=\"889\" srcset=\"https:\/\/static-blogs.diariosur.es\/wp-content\/uploads\/sites\/49\/2013\/06\/22.jpg 600w, https:\/\/static-blogs.diariosur.es\/wp-content\/uploads\/sites\/49\/2013\/06\/22-202x300.jpg 202w\" sizes=\"(max-width: 600px) 100vw, 600px\" \/><\/a><\/p>\n<p><a href=\"\/pasarelaurbana\/wp-content\/uploads\/sites\/49\/2013\/06\/38.jpg\"><img loading=\"lazy\" class=\"aligncenter size-full wp-image-4600\" title=\"3\" src=\"\/pasarelaurbana\/wp-content\/uploads\/sites\/49\/2013\/06\/38.jpg\" alt=\"\" width=\"600\" height=\"902\" srcset=\"https:\/\/static-blogs.diariosur.es\/wp-content\/uploads\/sites\/49\/2013\/06\/38.jpg 600w, https:\/\/static-blogs.diariosur.es\/wp-content\/uploads\/sites\/49\/2013\/06\/38-200x300.jpg 200w\" sizes=\"(max-width: 600px) 100vw, 600px\" \/><\/a><\/p>\n<p><a href=\"\/pasarelaurbana\/wp-content\/uploads\/sites\/49\/2013\/06\/42.jpg\"><img loading=\"lazy\" class=\"aligncenter size-full wp-image-4601\" title=\"4\" src=\"\/pasarelaurbana\/wp-content\/uploads\/sites\/49\/2013\/06\/42.jpg\" alt=\"\" width=\"600\" height=\"409\" srcset=\"https:\/\/static-blogs.diariosur.es\/wp-content\/uploads\/sites\/49\/2013\/06\/42.jpg 600w, https:\/\/static-blogs.diariosur.es\/wp-content\/uploads\/sites\/49\/2013\/06\/42-300x205.jpg 300w\" sizes=\"(max-width: 600px) 100vw, 600px\" \/><\/a><\/p>\n<p><a href=\"\/pasarelaurbana\/wp-content\/uploads\/sites\/49\/2013\/06\/52.jpg\"><img loading=\"lazy\" class=\"aligncenter size-full wp-image-4602\" title=\"5\" src=\"\/pasarelaurbana\/wp-content\/uploads\/sites\/49\/2013\/06\/52.jpg\" alt=\"\" width=\"600\" height=\"399\" srcset=\"https:\/\/static-blogs.diariosur.es\/wp-content\/uploads\/sites\/49\/2013\/06\/52.jpg 600w, https:\/\/static-blogs.diariosur.es\/wp-content\/uploads\/sites\/49\/2013\/06\/52-300x200.jpg 300w\" sizes=\"(max-width: 600px) 100vw, 600px\" \/><\/a><\/p>\n<p><a href=\"\/pasarelaurbana\/wp-content\/uploads\/sites\/49\/2013\/06\/62.jpg\"><img loading=\"lazy\" class=\"aligncenter size-full wp-image-4597\" title=\"6\" src=\"\/pasarelaurbana\/wp-content\/uploads\/sites\/49\/2013\/06\/62.jpg\" alt=\"\" width=\"600\" height=\"409\" srcset=\"https:\/\/static-blogs.diariosur.es\/wp-content\/uploads\/sites\/49\/2013\/06\/62.jpg 600w, https:\/\/static-blogs.diariosur.es\/wp-content\/uploads\/sites\/49\/2013\/06\/62-300x205.jpg 300w\" sizes=\"(max-width: 600px) 100vw, 600px\" \/><\/a><\/p>\n<p style=\"text-align: center;\">Su apuesta para asistir,, por ejemplo, a una reuni\u00f3n de trabajo o una comida: camiseta Energy, vaqueros con reflejos metalizados de Hugo Boss, americana de Antonio Morato, deportivas Adidas y cintur\u00f3n Louis Vuitton.<\/p>\n<p style=\"text-align: center;\"><strong>LOOK DE NOCHE<\/strong>: Camisa blanca+Traje de chaqueta efecto arrugado y mocasines negros<\/p>\n<p><a href=\"\/pasarelaurbana\/wp-content\/uploads\/sites\/49\/2013\/06\/71.jpg\"><img loading=\"lazy\" class=\"aligncenter size-full wp-image-4605\" title=\"7\" src=\"\/pasarelaurbana\/wp-content\/uploads\/sites\/49\/2013\/06\/71.jpg\" alt=\"\" width=\"600\" height=\"902\" srcset=\"https:\/\/static-blogs.diariosur.es\/wp-content\/uploads\/sites\/49\/2013\/06\/71.jpg 600w, https:\/\/static-blogs.diariosur.es\/wp-content\/uploads\/sites\/49\/2013\/06\/71-200x300.jpg 200w\" sizes=\"(max-width: 600px) 100vw, 600px\" \/><\/a><\/p>\n<p><a href=\"\/pasarelaurbana\/wp-content\/uploads\/sites\/49\/2013\/06\/81.jpg\"><img loading=\"lazy\" class=\"aligncenter size-full wp-image-4606\" title=\"8\" src=\"\/pasarelaurbana\/wp-content\/uploads\/sites\/49\/2013\/06\/81.jpg\" alt=\"\" width=\"600\" height=\"902\" srcset=\"https:\/\/static-blogs.diariosur.es\/wp-content\/uploads\/sites\/49\/2013\/06\/81.jpg 600w, https:\/\/static-blogs.diariosur.es\/wp-content\/uploads\/sites\/49\/2013\/06\/81-200x300.jpg 200w\" sizes=\"(max-width: 600px) 100vw, 600px\" \/><\/a><\/p>\n<p><a href=\"\/pasarelaurbana\/wp-content\/uploads\/sites\/49\/2013\/06\/91.jpg\"><img loading=\"lazy\" class=\"aligncenter size-full wp-image-4607\" title=\"9\" src=\"\/pasarelaurbana\/wp-content\/uploads\/sites\/49\/2013\/06\/91.jpg\" alt=\"\" width=\"600\" height=\"865\" srcset=\"https:\/\/static-blogs.diariosur.es\/wp-content\/uploads\/sites\/49\/2013\/06\/91.jpg 600w, https:\/\/static-blogs.diariosur.es\/wp-content\/uploads\/sites\/49\/2013\/06\/91-208x300.jpg 208w\" sizes=\"(max-width: 600px) 100vw, 600px\" \/><\/a><\/p>\n<p><a href=\"\/pasarelaurbana\/wp-content\/uploads\/sites\/49\/2013\/06\/101.jpg\"><img loading=\"lazy\" class=\"aligncenter size-full wp-image-4608\" title=\"10\" src=\"\/pasarelaurbana\/wp-content\/uploads\/sites\/49\/2013\/06\/101.jpg\" alt=\"\" width=\"600\" height=\"399\" srcset=\"https:\/\/static-blogs.diariosur.es\/wp-content\/uploads\/sites\/49\/2013\/06\/101.jpg 600w, https:\/\/static-blogs.diariosur.es\/wp-content\/uploads\/sites\/49\/2013\/06\/101-300x200.jpg 300w\" sizes=\"(max-width: 600px) 100vw, 600px\" \/><\/a><\/p>\n<p><a href=\"\/pasarelaurbana\/wp-content\/uploads\/sites\/49\/2013\/06\/111.jpg\"><img loading=\"lazy\" class=\"aligncenter size-full wp-image-4609\" title=\"11\" src=\"\/pasarelaurbana\/wp-content\/uploads\/sites\/49\/2013\/06\/111.jpg\" alt=\"\" width=\"600\" height=\"399\" srcset=\"https:\/\/static-blogs.diariosur.es\/wp-content\/uploads\/sites\/49\/2013\/06\/111.jpg 600w, https:\/\/static-blogs.diariosur.es\/wp-content\/uploads\/sites\/49\/2013\/06\/111-300x200.jpg 300w\" sizes=\"(max-width: 600px) 100vw, 600px\" \/><\/a><\/p>\n<p><a href=\"\/pasarelaurbana\/wp-content\/uploads\/sites\/49\/2013\/06\/121.jpg\"><img loading=\"lazy\" class=\"aligncenter size-full wp-image-4604\" title=\"12\" src=\"\/pasarelaurbana\/wp-content\/uploads\/sites\/49\/2013\/06\/121.jpg\" alt=\"\" width=\"600\" height=\"400\" srcset=\"https:\/\/static-blogs.diariosur.es\/wp-content\/uploads\/sites\/49\/2013\/06\/121.jpg 600w, https:\/\/static-blogs.diariosur.es\/wp-content\/uploads\/sites\/49\/2013\/06\/121-300x200.jpg 300w\" sizes=\"(max-width: 600px) 100vw, 600px\" \/><\/a><\/p>\n<p><a href=\"\/pasarelaurbana\/wp-content\/uploads\/sites\/49\/2013\/06\/13.jpg\"><img loading=\"lazy\" class=\"aligncenter size-full wp-image-4610\" title=\"13\" src=\"\/pasarelaurbana\/wp-content\/uploads\/sites\/49\/2013\/06\/13.jpg\" alt=\"\" width=\"600\" height=\"902\" srcset=\"https:\/\/static-blogs.diariosur.es\/wp-content\/uploads\/sites\/49\/2013\/06\/13.jpg 600w, https:\/\/static-blogs.diariosur.es\/wp-content\/uploads\/sites\/49\/2013\/06\/13-200x300.jpg 200w\" sizes=\"(max-width: 600px) 100vw, 600px\" \/><\/a><\/p>\n<p style=\"text-align: center;\">Para una cena o un evento especial, Garc\u00eda elige un original traje de chaqueta gris efecto arrugado con camisa blanca de Hugo Boss. Lo combina con reloj Trumph, cintur\u00f3n de Gucci y calzado tambi\u00e9n de Hugo Boss, \u00ablos eligieron los mejores zapatos en una fiesta de Yo Dona en 2008\u00bb, dice<\/p>\n<p style=\"text-align: center;\"><strong>SUS CAMISETAS M\u00c1S ESPECIALES<\/strong><\/p>\n<p><a href=\"\/pasarelaurbana\/wp-content\/uploads\/sites\/49\/2013\/06\/16.jpg\"><img loading=\"lazy\" class=\"aligncenter size-full wp-image-4613\" title=\"16\" src=\"\/pasarelaurbana\/wp-content\/uploads\/sites\/49\/2013\/06\/16.jpg\" alt=\"\" width=\"600\" height=\"904\" srcset=\"https:\/\/static-blogs.diariosur.es\/wp-content\/uploads\/sites\/49\/2013\/06\/16.jpg 600w, https:\/\/static-blogs.diariosur.es\/wp-content\/uploads\/sites\/49\/2013\/06\/16-199x300.jpg 199w\" sizes=\"(max-width: 600px) 100vw, 600px\" \/><\/a><\/p>\n<p><a href=\"\/pasarelaurbana\/wp-content\/uploads\/sites\/49\/2013\/06\/17.jpg\"><img loading=\"lazy\" class=\"aligncenter size-full wp-image-4611\" title=\"17\" src=\"\/pasarelaurbana\/wp-content\/uploads\/sites\/49\/2013\/06\/17.jpg\" alt=\"\" width=\"600\" height=\"902\" srcset=\"https:\/\/static-blogs.diariosur.es\/wp-content\/uploads\/sites\/49\/2013\/06\/17.jpg 600w, https:\/\/static-blogs.diariosur.es\/wp-content\/uploads\/sites\/49\/2013\/06\/17-200x300.jpg 200w\" sizes=\"(max-width: 600px) 100vw, 600px\" \/><\/a><\/p>\n<p style=\"text-align: center;\">Dos de sus camisetas m\u00e1s especiales: de Custo (una de sus favoritas) y la del fondo de Castelli siempre le acompa\u00f1a en la bici.<\/p>\n<p><a href=\"\/pasarelaurbana\/wp-content\/uploads\/sites\/49\/2013\/06\/15.jpg\"><img loading=\"lazy\" class=\"aligncenter size-full wp-image-4612\" title=\"15\" src=\"\/pasarelaurbana\/wp-content\/uploads\/sites\/49\/2013\/06\/15.jpg\" alt=\"\" width=\"600\" height=\"399\" srcset=\"https:\/\/static-blogs.diariosur.es\/wp-content\/uploads\/sites\/49\/2013\/06\/15.jpg 600w, https:\/\/static-blogs.diariosur.es\/wp-content\/uploads\/sites\/49\/2013\/06\/15-300x200.jpg 300w\" sizes=\"(max-width: 600px) 100vw, 600px\" \/><\/a><\/p>\n<p style=\"text-align: center;\">Una de sus deportivas m\u00e1s exclusivas: plateadas con print animal. Se las regal\u00f3 Kelme durante la visita a su f\u00e1brica y solo existen cien en todo el mundo<\/p>\n<p style=\"text-align: center;\"><strong>SUS COMPLEMENTOS<\/strong><\/p>\n<p><a href=\"\/pasarelaurbana\/wp-content\/uploads\/sites\/49\/2013\/06\/18.jpg\"><img loading=\"lazy\" class=\"aligncenter size-full wp-image-4615\" title=\"18\" src=\"\/pasarelaurbana\/wp-content\/uploads\/sites\/49\/2013\/06\/18.jpg\" alt=\"\" width=\"600\" height=\"902\" srcset=\"https:\/\/static-blogs.diariosur.es\/wp-content\/uploads\/sites\/49\/2013\/06\/18.jpg 600w, https:\/\/static-blogs.diariosur.es\/wp-content\/uploads\/sites\/49\/2013\/06\/18-200x300.jpg 200w\" sizes=\"(max-width: 600px) 100vw, 600px\" \/><\/a><\/p>\n<p style=\"text-align: center;\">Las pulseras son un complemento que no falta en sus looks. Siempre lleva varias juntas. Las de la foto son de Mor\u00e9, Lotus y Liska<\/p>\n<p><a href=\"\/pasarelaurbana\/wp-content\/uploads\/sites\/49\/2013\/06\/19.jpg\"><img loading=\"lazy\" class=\"aligncenter size-full wp-image-4614\" title=\"19\" src=\"\/pasarelaurbana\/wp-content\/uploads\/sites\/49\/2013\/06\/19.jpg\" alt=\"\" width=\"600\" height=\"399\" srcset=\"https:\/\/static-blogs.diariosur.es\/wp-content\/uploads\/sites\/49\/2013\/06\/19.jpg 600w, https:\/\/static-blogs.diariosur.es\/wp-content\/uploads\/sites\/49\/2013\/06\/19-300x200.jpg 300w\" sizes=\"(max-width: 600px) 100vw, 600px\" \/><\/a><\/p>\n<p style=\"text-align: center;\">Los relojes son una de sus debilidades. Los de la foto son de Hugo Boss, Locman, 3H Ocean (comprado en Toronto) y The One.<\/p>\n<p><a href=\"\/pasarelaurbana\/wp-content\/uploads\/sites\/49\/2013\/06\/20.jpg\"><img loading=\"lazy\" class=\"aligncenter size-full wp-image-4616\" title=\"20\" src=\"\/pasarelaurbana\/wp-content\/uploads\/sites\/49\/2013\/06\/20.jpg\" alt=\"\" width=\"600\" height=\"902\" srcset=\"https:\/\/static-blogs.diariosur.es\/wp-content\/uploads\/sites\/49\/2013\/06\/20.jpg 600w, https:\/\/static-blogs.diariosur.es\/wp-content\/uploads\/sites\/49\/2013\/06\/20-200x300.jpg 200w\" sizes=\"(max-width: 600px) 100vw, 600px\" \/><\/a><\/p>\n<p style=\"text-align: center;\">Bueno y como es tradici\u00f3n me despido compartiendo con vosotros uno de los momentos de la sesi\u00f3n de fotos, realizada en la terraza Oasis Lounge (en el entorno del Museo Thyssen, un sitio m\u00e1gico con unas vistas impresionantes). Lo se, \u00a1vamos a duo! Vaya, ni plane\u00e1ndolo vamos m\u00e1s conjuntados Juan y yo de azul klein, jejeje. En mi caos eleg\u00ed para la ocasi\u00f3n camiseta de Zara (la gracia est\u00e1 en el escote de espalda que tiene que no se aprecia, una pena) y falda tableada de cuero de Stradivarius con la que ya me hab\u00e9is visto alguna vez porque me encanta. Las cu\u00f1as negras son de la nueva colecci\u00f3n de Oysho (comod\u00edsimas!).<\/p>\n<p style=\"text-align: center;\">Lo dicho&#8230;\u00a1Feliz fin de semana!<\/p>\n","protected":false},"excerpt":{"rendered":"<p>Asegura que sigue su propio estilo, sin dejarse guiar por la dictadura de las tendencias. Ahora, dice, se lo puede permitir. Distinto era hace un lustro cuando los t\u00edtulos de M\u00edster M\u00e1laga (2005), Mister Espa\u00f1a (2006) y Mister Mundo (2007) pesaban cual losa sobre su imagen p\u00fablica oblig\u00e1ndole a cuidar al mil\u00edmetro cada detalle de [&hellip;]<\/p>\n","protected":false},"author":54,"featured_media":0,"comment_status":"open","ping_status":"open","sticky":false,"template":"","format":"standard","meta":[],"categories":[2],"tags":[],"_links":{"self":[{"href":"https:\/\/blogs.diariosur.es\/pasarelaurbana\/wp-json\/wp\/v2\/posts\/4596"}],"collection":[{"href":"https:\/\/blogs.diariosur.es\/pasarelaurbana\/wp-json\/wp\/v2\/posts"}],"about":[{"href":"https:\/\/blogs.diariosur.es\/pasarelaurbana\/wp-json\/wp\/v2\/types\/post"}],"author":[{"embeddable":true,"href":"https:\/\/blogs.diariosur.es\/pasarelaurbana\/wp-json\/wp\/v2\/users\/54"}],"replies":[{"embeddable":true,"href":"https:\/\/blogs.diariosur.es\/pasarelaurbana\/wp-json\/wp\/v2\/comments?post=4596"}],"version-history":[{"count":0,"href":"https:\/\/blogs.diariosur.es\/pasarelaurbana\/wp-json\/wp\/v2\/posts\/4596\/revisions"}],"wp:attachment":[{"href":"https:\/\/blogs.diariosur.es\/pasarelaurbana\/wp-json\/wp\/v2\/media?parent=4596"}],"wp:term":[{"taxonomy":"category","embeddable":true,"href":"https:\/\/blogs.diariosur.es\/pasarelaurbana\/wp-json\/wp\/v2\/categories?post=4596"},{"taxonomy":"post_tag","embeddable":true,"href":"https:\/\/blogs.diariosur.es\/pasarelaurbana\/wp-json\/wp\/v2\/tags?post=4596"}],"curies":[{"name":"wp","href":"https:\/\/api.w.org\/{rel}","templated":true}]}}