{"id":4628,"date":"2013-06-10T15:37:55","date_gmt":"2013-06-10T13:37:55","guid":{"rendered":"http:\/\/blogs.diariosur.es\/pasarelaurbana\/?p=4628"},"modified":"2013-06-10T15:37:55","modified_gmt":"2013-06-10T13:37:55","slug":"explosion-fluor-para-empezar-la-semana-con-fuerza","status":"publish","type":"post","link":"https:\/\/blogs.diariosur.es\/pasarelaurbana\/2013\/06\/10\/explosion-fluor-para-empezar-la-semana-con-fuerza\/","title":{"rendered":"Explosi\u00f3n fl\u00faor para empezar la semana con fuerza"},"content":{"rendered":"<p style=\"text-align: center;\">\u00a1Buenas! \u00a1Arrancamos otra semana m\u00e1s! Los lunes cuesta coger el ritmo (aunque a mi me pasa lo contrario que al grueso\u00a0 de los mortales, llego con la bater\u00eda a tope y muchas ganas) as\u00ed que <strong>para alegrarnos el d\u00eda os he elegido un look cargado de fuerza y de ese buen rollo que transmiten los colores fl\u00faor<\/strong>, tambi\u00e9n denominados vitam\u00ednicos (por aquello de que dan un chute de energ\u00eda). Si a su caracter \u00e1cido le a\u00f1adimos que ti\u00f1e el que es por m\u00e9ritos propios el color estrella de este verano (el amarillo) el fluorescente elegido por nuestra protagonista de hoy se convierte en el aliado perfecto para lograr un &#8216;outfit&#8217; primaveral y de plena tendencia. <strong>Miriam Morillo<\/strong>, una joven dependienta malague\u00f1a de 27 a\u00f1os, se decanta por una camiseta y un bolso a juego en el tono del rey Sol (el m\u00e1s de moda esta temporada) en versi\u00f3n fl\u00faor y estampados con los famosos angelitos de la marca italina (ideal el bolso, me encanta!). Para contrarrestar su impacto visual opta por completar el estilismo con la sobriedad del negro, color que colorea tanto sus shorts como sus cu\u00f1as (de nuevo el calzado por antonomasia del verano). Para protegerse del fresquito de primera hora de la ma\u00f1ana, nada mejor que el abrigo de una chaqueta vaquera (un comod\u00edn infalible). Remata el conjunto con un juego de pulseras plateadas y un collar tipo cuello, ambos de Sfera. \u00bfEl resultado? Un look juvenil, veraniego y desenfadado ideal para cuaqluier rutina de diario. Os dejo con Miriam. \u00a1Hasta ma\u00f1ana!<\/p>\n<p>&nbsp;<\/p>\n<p><a href=\"\/pasarelaurbana\/wp-content\/uploads\/sites\/49\/2013\/06\/411.jpg\"><img loading=\"lazy\" class=\"aligncenter size-full wp-image-4631\" title=\"41\" src=\"\/pasarelaurbana\/wp-content\/uploads\/sites\/49\/2013\/06\/411.jpg\" alt=\"\" width=\"600\" height=\"803\" srcset=\"https:\/\/static-blogs.diariosur.es\/wp-content\/uploads\/sites\/49\/2013\/06\/411.jpg 600w, https:\/\/static-blogs.diariosur.es\/wp-content\/uploads\/sites\/49\/2013\/06\/411-224x300.jpg 224w\" sizes=\"(max-width: 600px) 100vw, 600px\" \/><\/a><!--more--><a href=\"\/pasarelaurbana\/wp-content\/uploads\/sites\/49\/2013\/06\/40.jpg\"><img loading=\"lazy\" class=\"aligncenter size-full wp-image-4630\" title=\"40\" src=\"\/pasarelaurbana\/wp-content\/uploads\/sites\/49\/2013\/06\/40.jpg\" alt=\"\" width=\"600\" height=\"803\" srcset=\"https:\/\/static-blogs.diariosur.es\/wp-content\/uploads\/sites\/49\/2013\/06\/40.jpg 600w, https:\/\/static-blogs.diariosur.es\/wp-content\/uploads\/sites\/49\/2013\/06\/40-224x300.jpg 224w\" sizes=\"(max-width: 600px) 100vw, 600px\" \/><\/a><\/p>\n<p><a href=\"\/pasarelaurbana\/wp-content\/uploads\/sites\/49\/2013\/06\/421.jpg\"><img loading=\"lazy\" class=\"aligncenter size-full wp-image-4632\" title=\"42\" src=\"\/pasarelaurbana\/wp-content\/uploads\/sites\/49\/2013\/06\/421.jpg\" alt=\"\" width=\"600\" height=\"803\" srcset=\"https:\/\/static-blogs.diariosur.es\/wp-content\/uploads\/sites\/49\/2013\/06\/421.jpg 600w, https:\/\/static-blogs.diariosur.es\/wp-content\/uploads\/sites\/49\/2013\/06\/421-224x300.jpg 224w\" sizes=\"(max-width: 600px) 100vw, 600px\" \/><\/a><\/p>\n<p><a href=\"\/pasarelaurbana\/wp-content\/uploads\/sites\/49\/2013\/06\/43.jpg\"><img loading=\"lazy\" class=\"aligncenter size-full wp-image-4633\" title=\"43\" src=\"\/pasarelaurbana\/wp-content\/uploads\/sites\/49\/2013\/06\/43.jpg\" alt=\"\" width=\"600\" height=\"803\" srcset=\"https:\/\/static-blogs.diariosur.es\/wp-content\/uploads\/sites\/49\/2013\/06\/43.jpg 600w, https:\/\/static-blogs.diariosur.es\/wp-content\/uploads\/sites\/49\/2013\/06\/43-224x300.jpg 224w\" sizes=\"(max-width: 600px) 100vw, 600px\" \/><\/a><\/p>\n<p><a href=\"\/pasarelaurbana\/wp-content\/uploads\/sites\/49\/2013\/06\/44.jpg\"><img loading=\"lazy\" class=\"aligncenter size-full wp-image-4634\" title=\"44\" src=\"\/pasarelaurbana\/wp-content\/uploads\/sites\/49\/2013\/06\/44.jpg\" alt=\"\" width=\"600\" height=\"803\" srcset=\"https:\/\/static-blogs.diariosur.es\/wp-content\/uploads\/sites\/49\/2013\/06\/44.jpg 600w, https:\/\/static-blogs.diariosur.es\/wp-content\/uploads\/sites\/49\/2013\/06\/44-224x300.jpg 224w\" sizes=\"(max-width: 600px) 100vw, 600px\" \/><\/a><\/p>\n<p><a href=\"\/pasarelaurbana\/wp-content\/uploads\/sites\/49\/2013\/06\/45.jpg\"><img loading=\"lazy\" class=\"aligncenter size-full wp-image-4629\" title=\"45\" src=\"\/pasarelaurbana\/wp-content\/uploads\/sites\/49\/2013\/06\/45.jpg\" alt=\"\" width=\"600\" height=\"803\" srcset=\"https:\/\/static-blogs.diariosur.es\/wp-content\/uploads\/sites\/49\/2013\/06\/45.jpg 600w, https:\/\/static-blogs.diariosur.es\/wp-content\/uploads\/sites\/49\/2013\/06\/45-224x300.jpg 224w\" sizes=\"(max-width: 600px) 100vw, 600px\" \/><\/a><\/p>\n<p style=\"text-align: center;\"><strong>Miriam Morillo<\/strong>. 27 a\u00f1os. Dependienta<\/p>\n<p style=\"text-align: center;\">Camiseta, bolso y shorts: Fiorucci<\/p>\n<p style=\"text-align: center;\">Chaqueta vaquera: Spirit (El Corte ingl\u00e9s)<\/p>\n<p style=\"text-align: center;\">Cu\u00f1as, collar y pulseras: Sfera<\/p>\n<p style=\"text-align: center;\">\n","protected":false},"excerpt":{"rendered":"<p>\u00a1Buenas! \u00a1Arrancamos otra semana m\u00e1s! Los lunes cuesta coger el ritmo (aunque a mi me pasa lo contrario que al grueso\u00a0 de los mortales, llego con la bater\u00eda a tope y muchas ganas) as\u00ed que para alegrarnos el d\u00eda os he elegido un look cargado de fuerza y de ese buen rollo que transmiten los [&hellip;]<\/p>\n","protected":false},"author":54,"featured_media":0,"comment_status":"open","ping_status":"open","sticky":false,"template":"","format":"standard","meta":[],"categories":[2],"tags":[],"_links":{"self":[{"href":"https:\/\/blogs.diariosur.es\/pasarelaurbana\/wp-json\/wp\/v2\/posts\/4628"}],"collection":[{"href":"https:\/\/blogs.diariosur.es\/pasarelaurbana\/wp-json\/wp\/v2\/posts"}],"about":[{"href":"https:\/\/blogs.diariosur.es\/pasarelaurbana\/wp-json\/wp\/v2\/types\/post"}],"author":[{"embeddable":true,"href":"https:\/\/blogs.diariosur.es\/pasarelaurbana\/wp-json\/wp\/v2\/users\/54"}],"replies":[{"embeddable":true,"href":"https:\/\/blogs.diariosur.es\/pasarelaurbana\/wp-json\/wp\/v2\/comments?post=4628"}],"version-history":[{"count":0,"href":"https:\/\/blogs.diariosur.es\/pasarelaurbana\/wp-json\/wp\/v2\/posts\/4628\/revisions"}],"wp:attachment":[{"href":"https:\/\/blogs.diariosur.es\/pasarelaurbana\/wp-json\/wp\/v2\/media?parent=4628"}],"wp:term":[{"taxonomy":"category","embeddable":true,"href":"https:\/\/blogs.diariosur.es\/pasarelaurbana\/wp-json\/wp\/v2\/categories?post=4628"},{"taxonomy":"post_tag","embeddable":true,"href":"https:\/\/blogs.diariosur.es\/pasarelaurbana\/wp-json\/wp\/v2\/tags?post=4628"}],"curies":[{"name":"wp","href":"https:\/\/api.w.org\/{rel}","templated":true}]}}