{"id":4636,"date":"2013-06-15T09:57:35","date_gmt":"2013-06-15T07:57:35","guid":{"rendered":"http:\/\/blogs.diariosur.es\/pasarelaurbana\/?p=4636"},"modified":"2013-06-15T09:57:35","modified_gmt":"2013-06-15T07:57:35","slug":"las-faldas-de-moda","status":"publish","type":"post","link":"https:\/\/blogs.diariosur.es\/pasarelaurbana\/2013\/06\/15\/las-faldas-de-moda\/","title":{"rendered":"Las faldas de moda"},"content":{"rendered":"<p style=\"text-align: center;\">Lo avisamos desde este espacio a comienzos de temporada. Corr\u00eda el mes de febrero cuando el avance de las nuevas colecciones de primavera ya hac\u00eda presagiar que la inspiraci\u00f3n \u00e9tnica pisar\u00eda fuerte la pasarela urbana&#8230;\u00a1Y as\u00ed ha sido! Los estampados geom\u00e9tricos, el print navajo y, en definitiva, la explosi\u00f3n crom\u00e1tica que nos traslada a lejanas tribus se ha convertido por m\u00e9ritos propios en la gran triunfadora del \u2018street style\u2019 malague\u00f1o, rendido ante una tendencia que baila al son de timbales y huele a sugerentes especias de otros continentes. Como ha podido comprobar este peri\u00f3dico, a pie de calle, triunfan los colores vibrantes, los flecos, las plumas,  los collares y complementos de pedrer\u00eda en formato XL, los tejidos abstractos y, en definitiva, todo aquello que nos haga viajar hasta tierras rec\u00f3nditas sin salir del armario.<br \/>\nEsta primavera\/verano se impone el exotismo. El denominado \u2018boho chic\u2019 impregna desde cazadoras a camisas, camisetas, vaqueros, shorts, ba\u00f1adores, sandalias, bolsos y dem\u00e1s complementos proponiendo un viaje a la multiculturalidad. Pero si hay una prenda que ocupa esta estaci\u00f3n el podio \u00e9tnico esa es la falda, en formato mini, ce\u00f1ida y de tejido tipo tapicero te\u00f1ida de tonos \u00e1cidos creando llamativos contrastes (no aptos para pasar desapercibidas) como los que proponen las cuatro protagonistas de hoy.<br \/>\nA la hora de lucir esta tendencia solo conviene cuidar un detalle: evitar abusar de ella para no caer en desafortunados excesos. Al respecto, los estilistas recomiendan, en el caso de las faldas, combinarlas con partes de arriba m\u00e1s discretas de colores neutros que ayuden a equilibrar el resultado final. \u00bfUn truco? Quedan muy bien, por ejemplo, con tejidos vaqueros o camisetas b\u00e1sicas en blanco, azul marino, beige o negro.<\/p>\n<p style=\"text-align: center;\"><a href=\"\/pasarelaurbana\/wp-content\/uploads\/sites\/49\/2013\/06\/112.jpg\"><img loading=\"lazy\" class=\"aligncenter size-full wp-image-4640\" title=\"1\" src=\"\/pasarelaurbana\/wp-content\/uploads\/sites\/49\/2013\/06\/112.jpg\" alt=\"\" width=\"600\" height=\"803\" srcset=\"https:\/\/static-blogs.diariosur.es\/wp-content\/uploads\/sites\/49\/2013\/06\/112.jpg 600w, https:\/\/static-blogs.diariosur.es\/wp-content\/uploads\/sites\/49\/2013\/06\/112-224x300.jpg 224w\" sizes=\"(max-width: 600px) 100vw, 600px\" \/><\/a><!--more--><a href=\"\/pasarelaurbana\/wp-content\/uploads\/sites\/49\/2013\/06\/23.jpg\"><img loading=\"lazy\" class=\"aligncenter size-full wp-image-4641\" title=\"2\" src=\"\/pasarelaurbana\/wp-content\/uploads\/sites\/49\/2013\/06\/23.jpg\" alt=\"\" width=\"600\" height=\"803\" srcset=\"https:\/\/static-blogs.diariosur.es\/wp-content\/uploads\/sites\/49\/2013\/06\/23.jpg 600w, https:\/\/static-blogs.diariosur.es\/wp-content\/uploads\/sites\/49\/2013\/06\/23-224x300.jpg 224w\" sizes=\"(max-width: 600px) 100vw, 600px\" \/><\/a><\/p>\n<p style=\"text-align: center;\"><a href=\"\/pasarelaurbana\/wp-content\/uploads\/sites\/49\/2013\/06\/39.jpg\"><img loading=\"lazy\" class=\"aligncenter size-full wp-image-4642\" title=\"3\" src=\"\/pasarelaurbana\/wp-content\/uploads\/sites\/49\/2013\/06\/39.jpg\" alt=\"\" width=\"600\" height=\"803\" srcset=\"https:\/\/static-blogs.diariosur.es\/wp-content\/uploads\/sites\/49\/2013\/06\/39.jpg 600w, https:\/\/static-blogs.diariosur.es\/wp-content\/uploads\/sites\/49\/2013\/06\/39-224x300.jpg 224w\" sizes=\"(max-width: 600px) 100vw, 600px\" \/><\/a><\/p>\n<p style=\"text-align: center;\"><a href=\"\/pasarelaurbana\/wp-content\/uploads\/sites\/49\/2013\/06\/46.jpg\"><img loading=\"lazy\" class=\"aligncenter size-full wp-image-4643\" title=\"4\" src=\"\/pasarelaurbana\/wp-content\/uploads\/sites\/49\/2013\/06\/46.jpg\" alt=\"\" width=\"600\" height=\"803\" srcset=\"https:\/\/static-blogs.diariosur.es\/wp-content\/uploads\/sites\/49\/2013\/06\/46.jpg 600w, https:\/\/static-blogs.diariosur.es\/wp-content\/uploads\/sites\/49\/2013\/06\/46-224x300.jpg 224w\" sizes=\"(max-width: 600px) 100vw, 600px\" \/><\/a><\/p>\n<p style=\"text-align: center;\"><a href=\"\/pasarelaurbana\/wp-content\/uploads\/sites\/49\/2013\/06\/53.jpg\"><img loading=\"lazy\" class=\"aligncenter size-full wp-image-4645\" title=\"5\" src=\"\/pasarelaurbana\/wp-content\/uploads\/sites\/49\/2013\/06\/53.jpg\" alt=\"\" width=\"600\" height=\"803\" srcset=\"https:\/\/static-blogs.diariosur.es\/wp-content\/uploads\/sites\/49\/2013\/06\/53.jpg 600w, https:\/\/static-blogs.diariosur.es\/wp-content\/uploads\/sites\/49\/2013\/06\/53-224x300.jpg 224w\" sizes=\"(max-width: 600px) 100vw, 600px\" \/><\/a><\/p>\n<p style=\"text-align: center;\"><a href=\"\/pasarelaurbana\/wp-content\/uploads\/sites\/49\/2013\/06\/63.jpg\"><img loading=\"lazy\" class=\"aligncenter size-full wp-image-4646\" title=\"6\" src=\"\/pasarelaurbana\/wp-content\/uploads\/sites\/49\/2013\/06\/63.jpg\" alt=\"\" width=\"600\" height=\"803\" srcset=\"https:\/\/static-blogs.diariosur.es\/wp-content\/uploads\/sites\/49\/2013\/06\/63.jpg 600w, https:\/\/static-blogs.diariosur.es\/wp-content\/uploads\/sites\/49\/2013\/06\/63-224x300.jpg 224w\" sizes=\"(max-width: 600px) 100vw, 600px\" \/><\/a><\/p>\n<p style=\"text-align: center;\"><a href=\"\/pasarelaurbana\/wp-content\/uploads\/sites\/49\/2013\/06\/72.jpg\"><img loading=\"lazy\" class=\"aligncenter size-full wp-image-4647\" title=\"7\" src=\"\/pasarelaurbana\/wp-content\/uploads\/sites\/49\/2013\/06\/72.jpg\" alt=\"\" width=\"600\" height=\"803\" srcset=\"https:\/\/static-blogs.diariosur.es\/wp-content\/uploads\/sites\/49\/2013\/06\/72.jpg 600w, https:\/\/static-blogs.diariosur.es\/wp-content\/uploads\/sites\/49\/2013\/06\/72-224x300.jpg 224w\" sizes=\"(max-width: 600px) 100vw, 600px\" \/><\/a><\/p>\n<p style=\"text-align: center;\"><strong>Marta S\u00e1nchez<\/strong>. Responsable de Relaciones institucionales. 34 a\u00f1os<\/p>\n<p style=\"text-align: center;\"><span style=\"text-decoration: underline;\">Un colorido \u2018print\u2019  geom\u00e9trico para un look veraniego<\/span><br \/>\nPara una jornada de tiendas, para dar un paseo por la ciudad, salir a cenar o, por qu\u00e9 no, para ir al trabajo. Marta S\u00e1nchez demuestra lo bien que sientan las faldas \u00e9tnicas tambi\u00e9n para ir a la oficina. Y es que la versatilidad es una de las principales bazas de este estampado que, en funci\u00f3n de c\u00f3mo se combine, se adapta cual camale\u00f3n a \u2018outfits\u2019 diurnos o nocturnos. La clave est\u00e1 en muchos casos en los complementos. En el caso de esta responsables de relaciones institucionales apuesta por un collar joya en tama\u00f1o maxi con cristales y pedrer\u00eda con el que logra reforzar el exotismo final. Completa el estilismo con una chaqueta tipo sahariana y un bolso negro transparente (un must-have del verano).<\/p>\n<p style=\"text-align: center;\">Camiseta: Zara. <\/p>\n<p style=\"text-align: center;\">Chaqueta: Pull&#038;Bear.<\/p>\n<p style=\"text-align: center;\">Falda: Stradivarius.<\/p>\n<p style=\"text-align: center;\">Sandalias: Zara.<\/p>\n<p style=\"text-align: center;\">Collar: Lefties.<\/p>\n<p style=\"text-align: center;\"><a href=\"\/pasarelaurbana\/wp-content\/uploads\/sites\/49\/2013\/06\/82.jpg\"><img loading=\"lazy\" class=\"aligncenter size-full wp-image-4648\" title=\"8\" src=\"\/pasarelaurbana\/wp-content\/uploads\/sites\/49\/2013\/06\/82.jpg\" alt=\"\" width=\"600\" height=\"803\" srcset=\"https:\/\/static-blogs.diariosur.es\/wp-content\/uploads\/sites\/49\/2013\/06\/82.jpg 600w, https:\/\/static-blogs.diariosur.es\/wp-content\/uploads\/sites\/49\/2013\/06\/82-224x300.jpg 224w\" sizes=\"(max-width: 600px) 100vw, 600px\" \/><\/a><\/p>\n<p style=\"text-align: center;\"><a href=\"\/pasarelaurbana\/wp-content\/uploads\/sites\/49\/2013\/06\/92.jpg\"><img loading=\"lazy\" class=\"aligncenter size-full wp-image-4649\" title=\"9\" src=\"\/pasarelaurbana\/wp-content\/uploads\/sites\/49\/2013\/06\/92.jpg\" alt=\"\" width=\"600\" height=\"803\" srcset=\"https:\/\/static-blogs.diariosur.es\/wp-content\/uploads\/sites\/49\/2013\/06\/92.jpg 600w, https:\/\/static-blogs.diariosur.es\/wp-content\/uploads\/sites\/49\/2013\/06\/92-224x300.jpg 224w\" sizes=\"(max-width: 600px) 100vw, 600px\" \/><\/a><\/p>\n<p style=\"text-align: center;\"><a href=\"\/pasarelaurbana\/wp-content\/uploads\/sites\/49\/2013\/06\/102.jpg\"><img loading=\"lazy\" class=\"aligncenter size-full wp-image-4650\" title=\"10\" src=\"\/pasarelaurbana\/wp-content\/uploads\/sites\/49\/2013\/06\/102.jpg\" alt=\"\" width=\"600\" height=\"803\" srcset=\"https:\/\/static-blogs.diariosur.es\/wp-content\/uploads\/sites\/49\/2013\/06\/102.jpg 600w, https:\/\/static-blogs.diariosur.es\/wp-content\/uploads\/sites\/49\/2013\/06\/102-224x300.jpg 224w\" sizes=\"(max-width: 600px) 100vw, 600px\" \/><\/a><a href=\"\/pasarelaurbana\/wp-content\/uploads\/sites\/49\/2013\/06\/113.jpg\"><img loading=\"lazy\" class=\"aligncenter size-full wp-image-4651\" title=\"11\" src=\"\/pasarelaurbana\/wp-content\/uploads\/sites\/49\/2013\/06\/113.jpg\" alt=\"\" width=\"600\" height=\"803\" srcset=\"https:\/\/static-blogs.diariosur.es\/wp-content\/uploads\/sites\/49\/2013\/06\/113.jpg 600w, https:\/\/static-blogs.diariosur.es\/wp-content\/uploads\/sites\/49\/2013\/06\/113-224x300.jpg 224w\" sizes=\"(max-width: 600px) 100vw, 600px\" \/><\/a><\/p>\n<p style=\"text-align: center;\"><a href=\"\/pasarelaurbana\/wp-content\/uploads\/sites\/49\/2013\/06\/123.jpg\"><img loading=\"lazy\" class=\"aligncenter size-full wp-image-4652\" title=\"12\" src=\"\/pasarelaurbana\/wp-content\/uploads\/sites\/49\/2013\/06\/123.jpg\" alt=\"\" width=\"600\" height=\"803\" srcset=\"https:\/\/static-blogs.diariosur.es\/wp-content\/uploads\/sites\/49\/2013\/06\/123.jpg 600w, https:\/\/static-blogs.diariosur.es\/wp-content\/uploads\/sites\/49\/2013\/06\/123-224x300.jpg 224w\" sizes=\"(max-width: 600px) 100vw, 600px\" \/><\/a><\/p>\n<p style=\"text-align: center;\"><a href=\"\/pasarelaurbana\/wp-content\/uploads\/sites\/49\/2013\/06\/131.jpg\"><img loading=\"lazy\" class=\"aligncenter size-full wp-image-4653\" title=\"13\" src=\"\/pasarelaurbana\/wp-content\/uploads\/sites\/49\/2013\/06\/131.jpg\" alt=\"\" width=\"600\" height=\"803\" srcset=\"https:\/\/static-blogs.diariosur.es\/wp-content\/uploads\/sites\/49\/2013\/06\/131.jpg 600w, https:\/\/static-blogs.diariosur.es\/wp-content\/uploads\/sites\/49\/2013\/06\/131-224x300.jpg 224w\" sizes=\"(max-width: 600px) 100vw, 600px\" \/><\/a><\/p>\n<p style=\"text-align: center;\"><strong>Paula Mora<\/strong>. Opositora a judicatura. 24 a\u00f1os<\/p>\n<p style=\"text-align: center;\"><span style=\"text-decoration: underline;\">De vuelo para viajar al M\u00e9xico de Frida Kahlo<\/span><br \/>\nEl look de Paula Mora Hern\u00e1ndez nos traslada al sugerente M\u00e9xico de la artista Frida Kahlo. Ideal su falda (en este caso de vuelo) con flores y colorido estampado geom\u00e9trico y en la que la nota de distinci\u00f3n la ponen los detalles: los madro\u00f1os que cuelgan de los bajos y los borlones del cintur\u00f3n. Dado que esta prenda acapara todo el peso del \u2018outfit\u2019, esta opositora opta con acierto por maridarla con una discreta camisa vaquera. Remata el look con sandalias amarillas y unas estilosas gafas bicolor.<\/p>\n<p style=\"text-align: center;\">Camisa: Zara. <\/p>\n<p style=\"text-align: center;\">Falda y sandalias: Primark.<\/p>\n<p style=\"text-align: center;\">Bolso: Bimba y Lola.<\/p>\n<p style=\"text-align: center;\">Gafas: Zara.<\/p>\n<p style=\"text-align: center;\"><a href=\"\/pasarelaurbana\/wp-content\/uploads\/sites\/49\/2013\/06\/141.jpg\"><img loading=\"lazy\" class=\"aligncenter size-full wp-image-4644\" title=\"14\" src=\"\/pasarelaurbana\/wp-content\/uploads\/sites\/49\/2013\/06\/141.jpg\" alt=\"\" width=\"600\" height=\"803\" srcset=\"https:\/\/static-blogs.diariosur.es\/wp-content\/uploads\/sites\/49\/2013\/06\/141.jpg 600w, https:\/\/static-blogs.diariosur.es\/wp-content\/uploads\/sites\/49\/2013\/06\/141-224x300.jpg 224w\" sizes=\"(max-width: 600px) 100vw, 600px\" \/><\/a><\/p>\n<p style=\"text-align: center;\"><a href=\"\/pasarelaurbana\/wp-content\/uploads\/sites\/49\/2013\/06\/151.jpg\"><img loading=\"lazy\" class=\"aligncenter size-full wp-image-4639\" title=\"15\" src=\"\/pasarelaurbana\/wp-content\/uploads\/sites\/49\/2013\/06\/151.jpg\" alt=\"\" width=\"600\" height=\"803\" srcset=\"https:\/\/static-blogs.diariosur.es\/wp-content\/uploads\/sites\/49\/2013\/06\/151.jpg 600w, https:\/\/static-blogs.diariosur.es\/wp-content\/uploads\/sites\/49\/2013\/06\/151-224x300.jpg 224w\" sizes=\"(max-width: 600px) 100vw, 600px\" \/><\/a><\/p>\n<p style=\"text-align: center;\"><a href=\"\/pasarelaurbana\/wp-content\/uploads\/sites\/49\/2013\/06\/161.jpg\"><img loading=\"lazy\" class=\"aligncenter size-full wp-image-4655\" title=\"16\" src=\"\/pasarelaurbana\/wp-content\/uploads\/sites\/49\/2013\/06\/161.jpg\" alt=\"\" width=\"600\" height=\"803\" srcset=\"https:\/\/static-blogs.diariosur.es\/wp-content\/uploads\/sites\/49\/2013\/06\/161.jpg 600w, https:\/\/static-blogs.diariosur.es\/wp-content\/uploads\/sites\/49\/2013\/06\/161-224x300.jpg 224w\" sizes=\"(max-width: 600px) 100vw, 600px\" \/><\/a><\/p>\n<p style=\"text-align: center;\"><a href=\"\/pasarelaurbana\/wp-content\/uploads\/sites\/49\/2013\/06\/171.jpg\"><img loading=\"lazy\" class=\"aligncenter size-full wp-image-4656\" title=\"17\" src=\"\/pasarelaurbana\/wp-content\/uploads\/sites\/49\/2013\/06\/171.jpg\" alt=\"\" width=\"600\" height=\"803\" srcset=\"https:\/\/static-blogs.diariosur.es\/wp-content\/uploads\/sites\/49\/2013\/06\/171.jpg 600w, https:\/\/static-blogs.diariosur.es\/wp-content\/uploads\/sites\/49\/2013\/06\/171-224x300.jpg 224w\" sizes=\"(max-width: 600px) 100vw, 600px\" \/><\/a><\/p>\n<p style=\"text-align: center;\"><a href=\"\/pasarelaurbana\/wp-content\/uploads\/sites\/49\/2013\/06\/181.jpg\"><img loading=\"lazy\" class=\"aligncenter size-full wp-image-4657\" title=\"18\" src=\"\/pasarelaurbana\/wp-content\/uploads\/sites\/49\/2013\/06\/181.jpg\" alt=\"\" width=\"600\" height=\"803\" srcset=\"https:\/\/static-blogs.diariosur.es\/wp-content\/uploads\/sites\/49\/2013\/06\/181.jpg 600w, https:\/\/static-blogs.diariosur.es\/wp-content\/uploads\/sites\/49\/2013\/06\/181-224x300.jpg 224w\" sizes=\"(max-width: 600px) 100vw, 600px\" \/><\/a><\/p>\n<p style=\"text-align: center;\"><a href=\"\/pasarelaurbana\/wp-content\/uploads\/sites\/49\/2013\/06\/191.jpg\"><img loading=\"lazy\" class=\"aligncenter size-full wp-image-4654\" title=\"19\" src=\"\/pasarelaurbana\/wp-content\/uploads\/sites\/49\/2013\/06\/191.jpg\" alt=\"\" width=\"600\" height=\"803\" srcset=\"https:\/\/static-blogs.diariosur.es\/wp-content\/uploads\/sites\/49\/2013\/06\/191.jpg 600w, https:\/\/static-blogs.diariosur.es\/wp-content\/uploads\/sites\/49\/2013\/06\/191-224x300.jpg 224w\" sizes=\"(max-width: 600px) 100vw, 600px\" \/><\/a><\/p>\n<p style=\"text-align: center;\"><strong>Olga Ruiz<\/strong>. Licenciada en Pedagog\u00eda. 25 a\u00f1os<\/p>\n<p style=\"text-align: center;\"><span style=\"text-decoration: underline;\">La mejor receta: combinarla con una camiseta holgada<\/span><br \/>\nUn juego de vol\u00famenes es lo que propone Olga Ruiz. Esta joven malague\u00f1a de 25 a\u00f1os licenciada en Pedagog\u00eda eligi\u00f3 el pasado martes para pasar una ma\u00f1ana de tiendas en el Centro junto a su madre una ajustada falda de inspiraci\u00f3n \u00e9tnica (en su caso con gui\u00f1os a la cultura de la India) en versi\u00f3n mini que combin\u00f3 con una camiseta blanca de l\u00edneas anchas y sandalias negras. Dado que la mayor\u00eda de estas faldas son ce\u00f1idas (y, por tanto, no sientan bien a todo el mundo, una de sus desventajas), la receta para acertar en el resultado final pasa por maridarlas con prendas holgadas.<\/p>\n<p style=\"text-align: center;\">Camiseta, falda y sandalias: Zara.<\/p>\n<p style=\"text-align: center;\">Bolso: Primark.<\/p>\n<p style=\"text-align: center;\"><a href=\"\/pasarelaurbana\/wp-content\/uploads\/sites\/49\/2013\/06\/301.jpg\"><img loading=\"lazy\" class=\"aligncenter size-full wp-image-4659\" title=\"30\" src=\"\/pasarelaurbana\/wp-content\/uploads\/sites\/49\/2013\/06\/301.jpg\" alt=\"\" width=\"600\" height=\"803\" srcset=\"https:\/\/static-blogs.diariosur.es\/wp-content\/uploads\/sites\/49\/2013\/06\/301.jpg 600w, https:\/\/static-blogs.diariosur.es\/wp-content\/uploads\/sites\/49\/2013\/06\/301-224x300.jpg 224w\" sizes=\"(max-width: 600px) 100vw, 600px\" \/><\/a><\/p>\n<p style=\"text-align: center;\"><a href=\"\/pasarelaurbana\/wp-content\/uploads\/sites\/49\/2013\/06\/312.jpg\"><img loading=\"lazy\" class=\"aligncenter size-full wp-image-4660\" title=\"31\" src=\"\/pasarelaurbana\/wp-content\/uploads\/sites\/49\/2013\/06\/312.jpg\" alt=\"\" width=\"600\" height=\"803\" srcset=\"https:\/\/static-blogs.diariosur.es\/wp-content\/uploads\/sites\/49\/2013\/06\/312.jpg 600w, https:\/\/static-blogs.diariosur.es\/wp-content\/uploads\/sites\/49\/2013\/06\/312-224x300.jpg 224w\" sizes=\"(max-width: 600px) 100vw, 600px\" \/><\/a><\/p>\n<p style=\"text-align: center;\"><a href=\"\/pasarelaurbana\/wp-content\/uploads\/sites\/49\/2013\/06\/321.jpg\"><img loading=\"lazy\" class=\"aligncenter size-full wp-image-4661\" title=\"32\" src=\"\/pasarelaurbana\/wp-content\/uploads\/sites\/49\/2013\/06\/321.jpg\" alt=\"\" width=\"600\" height=\"803\" srcset=\"https:\/\/static-blogs.diariosur.es\/wp-content\/uploads\/sites\/49\/2013\/06\/321.jpg 600w, https:\/\/static-blogs.diariosur.es\/wp-content\/uploads\/sites\/49\/2013\/06\/321-224x300.jpg 224w\" sizes=\"(max-width: 600px) 100vw, 600px\" \/><\/a><\/p>\n<p style=\"text-align: center;\"><a href=\"\/pasarelaurbana\/wp-content\/uploads\/sites\/49\/2013\/06\/331.jpg\"><img loading=\"lazy\" class=\"aligncenter size-full wp-image-4662\" title=\"33\" src=\"\/pasarelaurbana\/wp-content\/uploads\/sites\/49\/2013\/06\/331.jpg\" alt=\"\" width=\"600\" height=\"803\" srcset=\"https:\/\/static-blogs.diariosur.es\/wp-content\/uploads\/sites\/49\/2013\/06\/331.jpg 600w, https:\/\/static-blogs.diariosur.es\/wp-content\/uploads\/sites\/49\/2013\/06\/331-224x300.jpg 224w\" sizes=\"(max-width: 600px) 100vw, 600px\" \/><\/a><\/p>\n<p style=\"text-align: center;\"><a href=\"\/pasarelaurbana\/wp-content\/uploads\/sites\/49\/2013\/06\/341.jpg\"><img loading=\"lazy\" class=\"aligncenter size-full wp-image-4663\" title=\"34\" src=\"\/pasarelaurbana\/wp-content\/uploads\/sites\/49\/2013\/06\/341.jpg\" alt=\"\" width=\"600\" height=\"803\" srcset=\"https:\/\/static-blogs.diariosur.es\/wp-content\/uploads\/sites\/49\/2013\/06\/341.jpg 600w, https:\/\/static-blogs.diariosur.es\/wp-content\/uploads\/sites\/49\/2013\/06\/341-224x300.jpg 224w\" sizes=\"(max-width: 600px) 100vw, 600px\" \/><\/a><\/p>\n<p style=\"text-align: center;\"><a href=\"\/pasarelaurbana\/wp-content\/uploads\/sites\/49\/2013\/06\/352.jpg\"><img loading=\"lazy\" class=\"aligncenter size-full wp-image-4665\" title=\"35\" src=\"\/pasarelaurbana\/wp-content\/uploads\/sites\/49\/2013\/06\/352.jpg\" alt=\"\" width=\"600\" height=\"803\" srcset=\"https:\/\/static-blogs.diariosur.es\/wp-content\/uploads\/sites\/49\/2013\/06\/352.jpg 600w, https:\/\/static-blogs.diariosur.es\/wp-content\/uploads\/sites\/49\/2013\/06\/352-224x300.jpg 224w\" sizes=\"(max-width: 600px) 100vw, 600px\" \/><\/a><\/p>\n<p style=\"text-align: center;\"><a href=\"\/pasarelaurbana\/wp-content\/uploads\/sites\/49\/2013\/06\/361.jpg\"><img loading=\"lazy\" class=\"aligncenter size-full wp-image-4664\" title=\"36\" src=\"\/pasarelaurbana\/wp-content\/uploads\/sites\/49\/2013\/06\/361.jpg\" alt=\"\" width=\"600\" height=\"803\" srcset=\"https:\/\/static-blogs.diariosur.es\/wp-content\/uploads\/sites\/49\/2013\/06\/361.jpg 600w, https:\/\/static-blogs.diariosur.es\/wp-content\/uploads\/sites\/49\/2013\/06\/361-224x300.jpg 224w\" sizes=\"(max-width: 600px) 100vw, 600px\" \/><\/a><\/p>\n<p style=\"text-align: center;\"><a href=\"\/pasarelaurbana\/wp-content\/uploads\/sites\/49\/2013\/06\/371.jpg\"><img loading=\"lazy\" class=\"aligncenter size-full wp-image-4658\" title=\"37\" src=\"\/pasarelaurbana\/wp-content\/uploads\/sites\/49\/2013\/06\/371.jpg\" alt=\"\" width=\"600\" height=\"803\" srcset=\"https:\/\/static-blogs.diariosur.es\/wp-content\/uploads\/sites\/49\/2013\/06\/371.jpg 600w, https:\/\/static-blogs.diariosur.es\/wp-content\/uploads\/sites\/49\/2013\/06\/371-224x300.jpg 224w\" sizes=\"(max-width: 600px) 100vw, 600px\" \/><\/a><\/p>\n<p style=\"text-align: center;\"><strong>Inmaculada Paniagua<\/strong>. Comercial. 36 a\u00f1os<\/p>\n<p style=\"text-align: center;\"><span style=\"text-decoration: underline;\">Las camisas vaqueras, su mejor aliado durante el d\u00eda<\/span><br \/>\nInmaculada Paniagua adapta con maestr\u00eda la moda \u00e9tnica con un look impecable ideal para cualquier momento del d\u00eda. Esta comercial malague\u00f1a de 36 a\u00f1os construye su \u2018outfit\u2019 en torno a una bonita falda tapicera (como hemos apuntado, imprescindible esta primavera) en tonos azules (de Easy Wear, El Corte Ingl\u00e9s) que combina con acierto con una camisa vaquera (un b\u00e1sico de fondo de armario vers\u00e1til donde los haya). Remata el estilismo con un maxi collar de hilos trenzados y cuentas de colores \u00e1cidos (muy favorecedor) de Adolfo Dom\u00ednguez, un bolso de \u2018print\u2019 navajo de Sfera y unos botines de cordones con los dedos al aire de Caramelo.  \u00bfEl resultado? Estiloso, sofisticado y a la vez con un punto fresco y juvenil. La mezcla de estampados es un divertido juego de plena tendencia (eso s\u00ed, solo pato para las m\u00e1s atrevidas sin miedo a arriesgar). En el caso de la falda de Inmaculada, otra interesante alternativa ser\u00eda mezclarla con una camiseta de rayas marineras (un cl\u00e1sico de temporada) para crear contrastes.<\/p>\n<p style=\"text-align: center;\">Camisa y falda: Easy Wear. <\/p>\n<p style=\"text-align: center;\">Collar: Adolfo Dom\u00ednguez. <\/p>\n<p style=\"text-align: center;\">Bolso: Sfera.<\/p>\n<p style=\"text-align: center;\">Botines: Caramelo.<\/p>\n<p style=\"text-align: center;\">\u00a1Que pas\u00e9is buen fin de semana! \u00a1Hasta el lunes!<\/p>\n<p style=\"text-align: center;\">\n","protected":false},"excerpt":{"rendered":"<p>Lo avisamos desde este espacio a comienzos de temporada. Corr\u00eda el mes de febrero cuando el avance de las nuevas colecciones de primavera ya hac\u00eda presagiar que la inspiraci\u00f3n \u00e9tnica pisar\u00eda fuerte la pasarela urbana&#8230;\u00a1Y as\u00ed ha sido! Los estampados geom\u00e9tricos, el print navajo y, en definitiva, la explosi\u00f3n crom\u00e1tica que nos traslada a lejanas [&hellip;]<\/p>\n","protected":false},"author":54,"featured_media":0,"comment_status":"open","ping_status":"open","sticky":false,"template":"","format":"standard","meta":[],"categories":[2],"tags":[],"_links":{"self":[{"href":"https:\/\/blogs.diariosur.es\/pasarelaurbana\/wp-json\/wp\/v2\/posts\/4636"}],"collection":[{"href":"https:\/\/blogs.diariosur.es\/pasarelaurbana\/wp-json\/wp\/v2\/posts"}],"about":[{"href":"https:\/\/blogs.diariosur.es\/pasarelaurbana\/wp-json\/wp\/v2\/types\/post"}],"author":[{"embeddable":true,"href":"https:\/\/blogs.diariosur.es\/pasarelaurbana\/wp-json\/wp\/v2\/users\/54"}],"replies":[{"embeddable":true,"href":"https:\/\/blogs.diariosur.es\/pasarelaurbana\/wp-json\/wp\/v2\/comments?post=4636"}],"version-history":[{"count":0,"href":"https:\/\/blogs.diariosur.es\/pasarelaurbana\/wp-json\/wp\/v2\/posts\/4636\/revisions"}],"wp:attachment":[{"href":"https:\/\/blogs.diariosur.es\/pasarelaurbana\/wp-json\/wp\/v2\/media?parent=4636"}],"wp:term":[{"taxonomy":"category","embeddable":true,"href":"https:\/\/blogs.diariosur.es\/pasarelaurbana\/wp-json\/wp\/v2\/categories?post=4636"},{"taxonomy":"post_tag","embeddable":true,"href":"https:\/\/blogs.diariosur.es\/pasarelaurbana\/wp-json\/wp\/v2\/tags?post=4636"}],"curies":[{"name":"wp","href":"https:\/\/api.w.org\/{rel}","templated":true}]}}