{"id":4666,"date":"2013-06-17T17:45:37","date_gmt":"2013-06-17T15:45:37","guid":{"rendered":"http:\/\/blogs.diariosur.es\/pasarelaurbana\/?p=4666"},"modified":"2013-06-17T17:45:37","modified_gmt":"2013-06-17T15:45:37","slug":"pitillos-versus-palazzo-el-duelo-esta-servido","status":"publish","type":"post","link":"https:\/\/blogs.diariosur.es\/pasarelaurbana\/2013\/06\/17\/pitillos-versus-palazzo-el-duelo-esta-servido\/","title":{"rendered":"Pitillos versus Palazzo: el duelo est\u00e1 servido"},"content":{"rendered":"<p style=\"text-align: center;\">\u00a1Han vuelto! Como siempre os digo, en materia de tendencias, todo vuelve. Y esta vez el revival lleva un nombre propio (que a mi personalmente me traslada a Italia solo con pronunciarlo): <em>palazzo<\/em>. Los vimos en las pasarelas de la mano de dise\u00f1adores como Roberto Cavalli, que los llev\u00f3 a su terreno con tejidos vaporosos y estampados ex\u00f3ticos, y ahora aspiran a convertirse en los pr\u00f3ximos reyes del street style. Los pantalones de pata de elefante arrasan sobre la pasarela urbana. Despu\u00e9s de varias temporadas rendidas a los ajustados pitillo, celebrities y fashionistas se cambian de bando y apuestan por este corte ancho y vaporoso, imprescindible de esta primavera\/verano. Los\u00a0<em>palazzo<\/em>\u00a0reclaman su lugar entre las principales tendencias de este est\u00edo, de la mano de poderosas embajadoras de la talla de Victoria Beckham, Sara Carbonero, Jennifer Love-Hewitt, Zoe Saldana o Jennifer L\u00f3pez. \u00bfSu gancho? Un\u00a0patr\u00f3n ajustado a la cadera que marca la silueta y una anchura en la parte m\u00e1s baja que permite utilizar tacones muy altos\u00a0para as\u00ed alargar \u00a0la pierna y estilizar la figura. Se llevan en tonos \u00e1cidos, combinados con top cortos (los conocidos cropped tops) o con camisas vaporosas. Os dejo con un resumen de propuestas firmadas por algunas de las principales bloggers internacionales. \u00a1Espero que os gusten y os sirvan de inspiraci\u00f3n! Disfrutad del d\u00eda festivo de ma\u00f1ana. Nos vemos el mi\u00e9rcoles. \u00a1Hasta entonces os espero en Twitter: @almunogues! \u00a1Besitos!<\/p>\n<p><a href=\"\/pasarelaurbana\/wp-content\/uploads\/sites\/49\/2013\/06\/pcinco.jpg\"><img loading=\"lazy\" class=\"aligncenter  wp-image-4668\" title=\"pcinco\" src=\"\/pasarelaurbana\/wp-content\/uploads\/sites\/49\/2013\/06\/pcinco.jpg\" alt=\"\" width=\"600\" height=\"896\" srcset=\"https:\/\/static-blogs.diariosur.es\/wp-content\/uploads\/sites\/49\/2013\/06\/pcinco.jpg 600w, https:\/\/static-blogs.diariosur.es\/wp-content\/uploads\/sites\/49\/2013\/06\/pcinco-201x300.jpg 201w\" sizes=\"(max-width: 600px) 100vw, 600px\" \/><\/a><!--more--><\/p>\n<p><a href=\"\/pasarelaurbana\/wp-content\/uploads\/sites\/49\/2013\/06\/pdos.jpg\"><img loading=\"lazy\" class=\"aligncenter size-full wp-image-4670\" title=\"pdos\" src=\"\/pasarelaurbana\/wp-content\/uploads\/sites\/49\/2013\/06\/pdos.jpg\" alt=\"\" width=\"600\" height=\"767\" srcset=\"https:\/\/static-blogs.diariosur.es\/wp-content\/uploads\/sites\/49\/2013\/06\/pdos.jpg 600w, https:\/\/static-blogs.diariosur.es\/wp-content\/uploads\/sites\/49\/2013\/06\/pdos-235x300.jpg 235w\" sizes=\"(max-width: 600px) 100vw, 600px\" \/><\/a><\/p>\n<p><a href=\"\/pasarelaurbana\/wp-content\/uploads\/sites\/49\/2013\/06\/ptres.jpg\"><img loading=\"lazy\" class=\"aligncenter size-full wp-image-4675\" title=\"ptres\" src=\"\/pasarelaurbana\/wp-content\/uploads\/sites\/49\/2013\/06\/ptres.jpg\" alt=\"\" width=\"600\" height=\"904\" srcset=\"https:\/\/static-blogs.diariosur.es\/wp-content\/uploads\/sites\/49\/2013\/06\/ptres.jpg 600w, https:\/\/static-blogs.diariosur.es\/wp-content\/uploads\/sites\/49\/2013\/06\/ptres-199x300.jpg 199w\" sizes=\"(max-width: 600px) 100vw, 600px\" \/><\/a><\/p>\n<p><a href=\"\/pasarelaurbana\/wp-content\/uploads\/sites\/49\/2013\/06\/pcuatro.jpg\"><img loading=\"lazy\" class=\"aligncenter size-full wp-image-4669\" title=\"pcuatro\" src=\"\/pasarelaurbana\/wp-content\/uploads\/sites\/49\/2013\/06\/pcuatro.jpg\" alt=\"\" width=\"600\" height=\"371\" srcset=\"https:\/\/static-blogs.diariosur.es\/wp-content\/uploads\/sites\/49\/2013\/06\/pcuatro.jpg 600w, https:\/\/static-blogs.diariosur.es\/wp-content\/uploads\/sites\/49\/2013\/06\/pcuatro-300x186.jpg 300w\" sizes=\"(max-width: 600px) 100vw, 600px\" \/><\/a><\/p>\n<p><a href=\"\/pasarelaurbana\/wp-content\/uploads\/sites\/49\/2013\/06\/puno.jpg\"><img loading=\"lazy\" class=\"aligncenter size-full wp-image-4667\" title=\"puno\" src=\"\/pasarelaurbana\/wp-content\/uploads\/sites\/49\/2013\/06\/puno.jpg\" alt=\"\" width=\"600\" height=\"895\" srcset=\"https:\/\/static-blogs.diariosur.es\/wp-content\/uploads\/sites\/49\/2013\/06\/puno.jpg 600w, https:\/\/static-blogs.diariosur.es\/wp-content\/uploads\/sites\/49\/2013\/06\/puno-201x300.jpg 201w\" sizes=\"(max-width: 600px) 100vw, 600px\" \/><\/a><\/p>\n<p>&nbsp;<\/p>\n<p><a href=\"\/pasarelaurbana\/wp-content\/uploads\/sites\/49\/2013\/06\/pseis.jpg\"><img loading=\"lazy\" class=\"aligncenter size-full wp-image-4673\" title=\"pseis\" src=\"\/pasarelaurbana\/wp-content\/uploads\/sites\/49\/2013\/06\/pseis.jpg\" alt=\"\" width=\"600\" height=\"900\" srcset=\"https:\/\/static-blogs.diariosur.es\/wp-content\/uploads\/sites\/49\/2013\/06\/pseis.jpg 600w, https:\/\/static-blogs.diariosur.es\/wp-content\/uploads\/sites\/49\/2013\/06\/pseis-200x300.jpg 200w\" sizes=\"(max-width: 600px) 100vw, 600px\" \/><\/a><\/p>\n<p><a href=\"\/pasarelaurbana\/wp-content\/uploads\/sites\/49\/2013\/06\/psiete.jpg\"><img loading=\"lazy\" class=\"aligncenter size-full wp-image-4674\" title=\"psiete\" src=\"\/pasarelaurbana\/wp-content\/uploads\/sites\/49\/2013\/06\/psiete.jpg\" alt=\"\" width=\"600\" height=\"343\" srcset=\"https:\/\/static-blogs.diariosur.es\/wp-content\/uploads\/sites\/49\/2013\/06\/psiete.jpg 600w, https:\/\/static-blogs.diariosur.es\/wp-content\/uploads\/sites\/49\/2013\/06\/psiete-300x172.jpg 300w\" sizes=\"(max-width: 600px) 100vw, 600px\" \/><\/a><\/p>\n<p><a href=\"\/pasarelaurbana\/wp-content\/uploads\/sites\/49\/2013\/06\/pocho.jpg\"><img loading=\"lazy\" class=\"aligncenter size-full wp-image-4672\" title=\"pocho\" src=\"\/pasarelaurbana\/wp-content\/uploads\/sites\/49\/2013\/06\/pocho.jpg\" alt=\"\" width=\"600\" height=\"900\" srcset=\"https:\/\/static-blogs.diariosur.es\/wp-content\/uploads\/sites\/49\/2013\/06\/pocho.jpg 600w, https:\/\/static-blogs.diariosur.es\/wp-content\/uploads\/sites\/49\/2013\/06\/pocho-200x300.jpg 200w\" sizes=\"(max-width: 600px) 100vw, 600px\" \/><\/a><\/p>\n<p><a href=\"\/pasarelaurbana\/wp-content\/uploads\/sites\/49\/2013\/06\/pnueve.jpg\"><img loading=\"lazy\" class=\"aligncenter size-full wp-image-4671\" title=\"pnueve\" src=\"\/pasarelaurbana\/wp-content\/uploads\/sites\/49\/2013\/06\/pnueve.jpg\" alt=\"\" width=\"600\" height=\"904\" srcset=\"https:\/\/static-blogs.diariosur.es\/wp-content\/uploads\/sites\/49\/2013\/06\/pnueve.jpg 600w, https:\/\/static-blogs.diariosur.es\/wp-content\/uploads\/sites\/49\/2013\/06\/pnueve-199x300.jpg 199w\" sizes=\"(max-width: 600px) 100vw, 600px\" \/><\/a><\/p>\n","protected":false},"excerpt":{"rendered":"<p>\u00a1Han vuelto! Como siempre os digo, en materia de tendencias, todo vuelve. Y esta vez el revival lleva un nombre propio (que a mi personalmente me traslada a Italia solo con pronunciarlo): palazzo. Los vimos en las pasarelas de la mano de dise\u00f1adores como Roberto Cavalli, que los llev\u00f3 a su terreno con tejidos vaporosos [&hellip;]<\/p>\n","protected":false},"author":54,"featured_media":0,"comment_status":"open","ping_status":"open","sticky":false,"template":"","format":"standard","meta":[],"categories":[2],"tags":[],"_links":{"self":[{"href":"https:\/\/blogs.diariosur.es\/pasarelaurbana\/wp-json\/wp\/v2\/posts\/4666"}],"collection":[{"href":"https:\/\/blogs.diariosur.es\/pasarelaurbana\/wp-json\/wp\/v2\/posts"}],"about":[{"href":"https:\/\/blogs.diariosur.es\/pasarelaurbana\/wp-json\/wp\/v2\/types\/post"}],"author":[{"embeddable":true,"href":"https:\/\/blogs.diariosur.es\/pasarelaurbana\/wp-json\/wp\/v2\/users\/54"}],"replies":[{"embeddable":true,"href":"https:\/\/blogs.diariosur.es\/pasarelaurbana\/wp-json\/wp\/v2\/comments?post=4666"}],"version-history":[{"count":0,"href":"https:\/\/blogs.diariosur.es\/pasarelaurbana\/wp-json\/wp\/v2\/posts\/4666\/revisions"}],"wp:attachment":[{"href":"https:\/\/blogs.diariosur.es\/pasarelaurbana\/wp-json\/wp\/v2\/media?parent=4666"}],"wp:term":[{"taxonomy":"category","embeddable":true,"href":"https:\/\/blogs.diariosur.es\/pasarelaurbana\/wp-json\/wp\/v2\/categories?post=4666"},{"taxonomy":"post_tag","embeddable":true,"href":"https:\/\/blogs.diariosur.es\/pasarelaurbana\/wp-json\/wp\/v2\/tags?post=4666"}],"curies":[{"name":"wp","href":"https:\/\/api.w.org\/{rel}","templated":true}]}}