{"id":4676,"date":"2013-06-12T14:43:33","date_gmt":"2013-06-12T12:43:33","guid":{"rendered":"http:\/\/blogs.diariosur.es\/pasarelaurbana\/?p=4676"},"modified":"2013-06-12T14:43:33","modified_gmt":"2013-06-12T12:43:33","slug":"mono-de-flores","status":"publish","type":"post","link":"https:\/\/blogs.diariosur.es\/pasarelaurbana\/2013\/06\/12\/mono-de-flores\/","title":{"rendered":"Mono&#8230;de flores"},"content":{"rendered":"<p style=\"text-align: center;\">\u00a1Feliz mi\u00e9rcoles! Disculpad la ausencia de ayer pero tengo una semana complicada e imposible actualizar a diario. Hoy os traigo un look fresco, juvenil y, sobre todo, c\u00f3modo y como lo define su autora &#8220;fresquito&#8221;. Ideal para afrontar una jornada de tiendas de probador en probador. Nuestra protagonista, <strong>Tamara L\u00f3pez<\/strong>, apuesta por un mono en versi\u00f3n corta y con el estampado estrella de la primavera: las flores. Como ya apuntamos desde este espacio, los monos vuelven a ser tendencia esta temporada (se llevan mucho los vaqueros que nos trasladan a nuestra infancia). Personalmente me gustan porque solucionan de un plumazo el outfit y en mi caso me parecen ideales para pasar una jornada con ni\u00f1os. El print floral del de Tamara, toda una explosi\u00f3n de color, nos traslada solo con mirarlo a ex\u00f3ticas islas tropicales. Os dejo con el look de esta joven estudiante de Filolog\u00eda de 20 a\u00f1os a la que invitamos a pasear por nuestra pasarela urbana el pasado martes durante la sesi\u00f3n de fotos por calle Larios. Y, vosotras, \u00bften\u00e9is mono!<\/p>\n<p>&nbsp;<\/p>\n<p><a href=\"\/pasarelaurbana\/wp-content\/uploads\/sites\/49\/2013\/06\/401.jpg\"><img loading=\"lazy\" class=\"aligncenter size-full wp-image-4678\" title=\"40\" src=\"\/pasarelaurbana\/wp-content\/uploads\/sites\/49\/2013\/06\/401.jpg\" alt=\"\" width=\"600\" height=\"803\" srcset=\"https:\/\/static-blogs.diariosur.es\/wp-content\/uploads\/sites\/49\/2013\/06\/401.jpg 600w, https:\/\/static-blogs.diariosur.es\/wp-content\/uploads\/sites\/49\/2013\/06\/401-224x300.jpg 224w\" sizes=\"(max-width: 600px) 100vw, 600px\" \/><\/a><!--more--><a href=\"\/pasarelaurbana\/wp-content\/uploads\/sites\/49\/2013\/06\/412.jpg\"><img loading=\"lazy\" class=\"aligncenter size-full wp-image-4679\" title=\"41\" src=\"\/pasarelaurbana\/wp-content\/uploads\/sites\/49\/2013\/06\/412.jpg\" alt=\"\" width=\"600\" height=\"803\" srcset=\"https:\/\/static-blogs.diariosur.es\/wp-content\/uploads\/sites\/49\/2013\/06\/412.jpg 600w, https:\/\/static-blogs.diariosur.es\/wp-content\/uploads\/sites\/49\/2013\/06\/412-224x300.jpg 224w\" sizes=\"(max-width: 600px) 100vw, 600px\" \/><\/a><\/p>\n<p><a href=\"\/pasarelaurbana\/wp-content\/uploads\/sites\/49\/2013\/06\/422.jpg\"><img loading=\"lazy\" class=\"aligncenter size-full wp-image-4680\" title=\"42\" src=\"\/pasarelaurbana\/wp-content\/uploads\/sites\/49\/2013\/06\/422.jpg\" alt=\"\" width=\"600\" height=\"803\" srcset=\"https:\/\/static-blogs.diariosur.es\/wp-content\/uploads\/sites\/49\/2013\/06\/422.jpg 600w, https:\/\/static-blogs.diariosur.es\/wp-content\/uploads\/sites\/49\/2013\/06\/422-224x300.jpg 224w\" sizes=\"(max-width: 600px) 100vw, 600px\" \/><\/a><\/p>\n<p><a href=\"\/pasarelaurbana\/wp-content\/uploads\/sites\/49\/2013\/06\/431.jpg\"><img loading=\"lazy\" class=\"aligncenter size-full wp-image-4681\" title=\"43\" src=\"\/pasarelaurbana\/wp-content\/uploads\/sites\/49\/2013\/06\/431.jpg\" alt=\"\" width=\"600\" height=\"803\" srcset=\"https:\/\/static-blogs.diariosur.es\/wp-content\/uploads\/sites\/49\/2013\/06\/431.jpg 600w, https:\/\/static-blogs.diariosur.es\/wp-content\/uploads\/sites\/49\/2013\/06\/431-224x300.jpg 224w\" sizes=\"(max-width: 600px) 100vw, 600px\" \/><\/a><\/p>\n<p><a href=\"\/pasarelaurbana\/wp-content\/uploads\/sites\/49\/2013\/06\/441.jpg\"><img loading=\"lazy\" class=\"aligncenter size-full wp-image-4682\" title=\"44\" src=\"\/pasarelaurbana\/wp-content\/uploads\/sites\/49\/2013\/06\/441.jpg\" alt=\"\" width=\"600\" height=\"803\" srcset=\"https:\/\/static-blogs.diariosur.es\/wp-content\/uploads\/sites\/49\/2013\/06\/441.jpg 600w, https:\/\/static-blogs.diariosur.es\/wp-content\/uploads\/sites\/49\/2013\/06\/441-224x300.jpg 224w\" sizes=\"(max-width: 600px) 100vw, 600px\" \/><\/a><\/p>\n<p><a href=\"\/pasarelaurbana\/wp-content\/uploads\/sites\/49\/2013\/06\/451.jpg\"><img loading=\"lazy\" class=\"aligncenter size-full wp-image-4677\" title=\"45\" src=\"\/pasarelaurbana\/wp-content\/uploads\/sites\/49\/2013\/06\/451.jpg\" alt=\"\" width=\"600\" height=\"803\" srcset=\"https:\/\/static-blogs.diariosur.es\/wp-content\/uploads\/sites\/49\/2013\/06\/451.jpg 600w, https:\/\/static-blogs.diariosur.es\/wp-content\/uploads\/sites\/49\/2013\/06\/451-224x300.jpg 224w\" sizes=\"(max-width: 600px) 100vw, 600px\" \/><\/a><\/p>\n<p style=\"text-align: center;\"><strong>Tamara L\u00f3pez<\/strong>. Estudiante de Filolog\u00eda. 20 a\u00f1os<\/p>\n<p style=\"text-align: center;\">Mono: Stradivarius<\/p>\n<p style=\"text-align: center;\">Sandalias y bolso: Primark<\/p>\n<p style=\"text-align: center;\">\n","protected":false},"excerpt":{"rendered":"<p>\u00a1Feliz mi\u00e9rcoles! Disculpad la ausencia de ayer pero tengo una semana complicada e imposible actualizar a diario. Hoy os traigo un look fresco, juvenil y, sobre todo, c\u00f3modo y como lo define su autora &#8220;fresquito&#8221;. Ideal para afrontar una jornada de tiendas de probador en probador. Nuestra protagonista, Tamara L\u00f3pez, apuesta por un mono en [&hellip;]<\/p>\n","protected":false},"author":54,"featured_media":0,"comment_status":"open","ping_status":"open","sticky":false,"template":"","format":"standard","meta":[],"categories":[2],"tags":[],"_links":{"self":[{"href":"https:\/\/blogs.diariosur.es\/pasarelaurbana\/wp-json\/wp\/v2\/posts\/4676"}],"collection":[{"href":"https:\/\/blogs.diariosur.es\/pasarelaurbana\/wp-json\/wp\/v2\/posts"}],"about":[{"href":"https:\/\/blogs.diariosur.es\/pasarelaurbana\/wp-json\/wp\/v2\/types\/post"}],"author":[{"embeddable":true,"href":"https:\/\/blogs.diariosur.es\/pasarelaurbana\/wp-json\/wp\/v2\/users\/54"}],"replies":[{"embeddable":true,"href":"https:\/\/blogs.diariosur.es\/pasarelaurbana\/wp-json\/wp\/v2\/comments?post=4676"}],"version-history":[{"count":0,"href":"https:\/\/blogs.diariosur.es\/pasarelaurbana\/wp-json\/wp\/v2\/posts\/4676\/revisions"}],"wp:attachment":[{"href":"https:\/\/blogs.diariosur.es\/pasarelaurbana\/wp-json\/wp\/v2\/media?parent=4676"}],"wp:term":[{"taxonomy":"category","embeddable":true,"href":"https:\/\/blogs.diariosur.es\/pasarelaurbana\/wp-json\/wp\/v2\/categories?post=4676"},{"taxonomy":"post_tag","embeddable":true,"href":"https:\/\/blogs.diariosur.es\/pasarelaurbana\/wp-json\/wp\/v2\/tags?post=4676"}],"curies":[{"name":"wp","href":"https:\/\/api.w.org\/{rel}","templated":true}]}}