{"id":4686,"date":"2013-06-20T19:11:26","date_gmt":"2013-06-20T17:11:26","guid":{"rendered":"http:\/\/blogs.diariosur.es\/pasarelaurbana\/?p=4686"},"modified":"2013-06-20T19:11:26","modified_gmt":"2013-06-20T17:11:26","slug":"mocoloco-golosinas-caseras-y-decoracion-handmade","status":"publish","type":"post","link":"https:\/\/blogs.diariosur.es\/pasarelaurbana\/2013\/06\/20\/mocoloco-golosinas-caseras-y-decoracion-handmade\/","title":{"rendered":"Mocoloco, golosinas caseras y decoraci\u00f3n &#039;handmade&#039;"},"content":{"rendered":"<p style=\"text-align: center;\">\u00a1Feliz jueves! Retomamos nuestro especial ni\u00f1os semanal con ideas de moda, cocina y decoraci\u00f3n dirigidas a los m\u00e1s peque\u00f1os de la casa. \u00a0\u00bfPrimera parada? Una firma infantil &#8216;made in M\u00e1laga&#8217; que descubr\u00ed hace varios a\u00f1os y que me conquist\u00f3. Se trata de <strong>Mocoloco<\/strong>, una empresa especializada en divertidas camisetas de alegres dise\u00f1os realizadas de forma artesanal que merece y mucho la pena conocer. A destacar sus dibujos. Me encantan sus pollitos hechos de telas de lunares, rayas&#8230;\u00a1preciosos! Muy chula tambi\u00e9n la l\u00ednea dirigida a los peque\u00f1os piratas o a las princesitas m\u00e1s coquetas. Tambi\u00e9n hacen modelos especiales pensados para que los luzcan en los cumples, por supuesto con su nombre y los a\u00f1itos que cumplen. Junto a las camisetas, Mocoloco \u00a0dispone de una gran variedad de art\u00edculos \u00a0 personalizables tales como bolsas para el cole, mochilas y hasta murales para decorar sus habitaciones. Os dejo con unas cuantas im\u00e1genes de algunos de sus creaciones (pod\u00e9is consultar todo su cat\u00e1logo en su p\u00e1gina web www.mocoloco.es). \u00a1Os encantar\u00e1! \u00a1Y encima estar\u00e9is contribuyendo con los emprendedores locales!<\/p>\n<p align=\"justify\"><a href=\"\/pasarelaurbana\/wp-content\/uploads\/sites\/49\/2013\/06\/uno.jpg\"><img loading=\"lazy\" class=\"aligncenter size-full wp-image-4696\" title=\"uno\" src=\"\/pasarelaurbana\/wp-content\/uploads\/sites\/49\/2013\/06\/uno.jpg\" alt=\"\" width=\"447\" height=\"582\" srcset=\"https:\/\/static-blogs.diariosur.es\/wp-content\/uploads\/sites\/49\/2013\/06\/uno.jpg 447w, https:\/\/static-blogs.diariosur.es\/wp-content\/uploads\/sites\/49\/2013\/06\/uno-230x300.jpg 230w\" sizes=\"(max-width: 447px) 100vw, 447px\" \/><\/a><!--more--><a href=\"\/pasarelaurbana\/wp-content\/uploads\/sites\/49\/2013\/06\/mocdos.jpg\"><img loading=\"lazy\" class=\"aligncenter size-full wp-image-4700\" title=\"mocdos\" src=\"\/pasarelaurbana\/wp-content\/uploads\/sites\/49\/2013\/06\/mocdos.jpg\" alt=\"\" width=\"300\" height=\"300\" srcset=\"https:\/\/static-blogs.diariosur.es\/wp-content\/uploads\/sites\/49\/2013\/06\/mocdos.jpg 300w, https:\/\/static-blogs.diariosur.es\/wp-content\/uploads\/sites\/49\/2013\/06\/mocdos-150x150.jpg 150w\" sizes=\"(max-width: 300px) 100vw, 300px\" \/><\/a><\/p>\n<p align=\"justify\"><a href=\"\/pasarelaurbana\/wp-content\/uploads\/sites\/49\/2013\/06\/mocseis.jpg\"><img loading=\"lazy\" class=\"aligncenter size-full wp-image-4702\" title=\"mocseis\" src=\"\/pasarelaurbana\/wp-content\/uploads\/sites\/49\/2013\/06\/mocseis.jpg\" alt=\"\" width=\"600\" height=\"740\" srcset=\"https:\/\/static-blogs.diariosur.es\/wp-content\/uploads\/sites\/49\/2013\/06\/mocseis.jpg 600w, https:\/\/static-blogs.diariosur.es\/wp-content\/uploads\/sites\/49\/2013\/06\/mocseis-243x300.jpg 243w\" sizes=\"(max-width: 600px) 100vw, 600px\" \/><\/a><a href=\"\/pasarelaurbana\/wp-content\/uploads\/sites\/49\/2013\/06\/mococuatro.jpg\"><img loading=\"lazy\" class=\"aligncenter size-full wp-image-4701\" title=\"mococuatro\" src=\"\/pasarelaurbana\/wp-content\/uploads\/sites\/49\/2013\/06\/mococuatro.jpg\" alt=\"\" width=\"600\" height=\"703\" srcset=\"https:\/\/static-blogs.diariosur.es\/wp-content\/uploads\/sites\/49\/2013\/06\/mococuatro.jpg 600w, https:\/\/static-blogs.diariosur.es\/wp-content\/uploads\/sites\/49\/2013\/06\/mococuatro-256x300.jpg 256w\" sizes=\"(max-width: 600px) 100vw, 600px\" \/><\/a><\/p>\n<p align=\"justify\"><a href=\"\/pasarelaurbana\/wp-content\/uploads\/sites\/49\/2013\/06\/moccinco.jpg\"><img loading=\"lazy\" class=\"aligncenter size-full wp-image-4699\" title=\"moccinco\" src=\"\/pasarelaurbana\/wp-content\/uploads\/sites\/49\/2013\/06\/moccinco.jpg\" alt=\"\" width=\"600\" height=\"693\" srcset=\"https:\/\/static-blogs.diariosur.es\/wp-content\/uploads\/sites\/49\/2013\/06\/moccinco.jpg 600w, https:\/\/static-blogs.diariosur.es\/wp-content\/uploads\/sites\/49\/2013\/06\/moccinco-260x300.jpg 260w\" sizes=\"(max-width: 600px) 100vw, 600px\" \/><\/a><\/p>\n<p align=\"justify\"><a href=\"\/pasarelaurbana\/wp-content\/uploads\/sites\/49\/2013\/06\/moctres.jpg\"><img loading=\"lazy\" class=\"aligncenter size-full wp-image-4703\" title=\"moctres\" src=\"\/pasarelaurbana\/wp-content\/uploads\/sites\/49\/2013\/06\/moctres.jpg\" alt=\"\" width=\"399\" height=\"599\" srcset=\"https:\/\/static-blogs.diariosur.es\/wp-content\/uploads\/sites\/49\/2013\/06\/moctres.jpg 399w, https:\/\/static-blogs.diariosur.es\/wp-content\/uploads\/sites\/49\/2013\/06\/moctres-200x300.jpg 200w\" sizes=\"(max-width: 399px) 100vw, 399px\" \/><\/a><\/p>\n<p style=\"text-align: center;\" align=\"justify\">&#8212;&#8212;&#8212;&#8212;&#8212;&#8212;&#8212;&#8212;&#8211;<\/p>\n<p style=\"text-align: center;\" align=\"justify\"><strong>La receta<\/strong>: chuches caseras<\/p>\n<p align=\"justify\"><a href=\"\/pasarelaurbana\/wp-content\/uploads\/sites\/49\/2013\/06\/gominolas1.jpg\"><img loading=\"lazy\" class=\"aligncenter size-full wp-image-4706\" title=\"gominolas\" src=\"\/pasarelaurbana\/wp-content\/uploads\/sites\/49\/2013\/06\/gominolas1.jpg\" alt=\"\" width=\"600\" height=\"800\" srcset=\"https:\/\/static-blogs.diariosur.es\/wp-content\/uploads\/sites\/49\/2013\/06\/gominolas1.jpg 600w, https:\/\/static-blogs.diariosur.es\/wp-content\/uploads\/sites\/49\/2013\/06\/gominolas1-225x300.jpg 225w\" sizes=\"(max-width: 600px) 100vw, 600px\" \/><\/a><\/p>\n<p align=\"justify\"><a href=\"\/pasarelaurbana\/wp-content\/uploads\/sites\/49\/2013\/06\/nubes.jpg\"><img loading=\"lazy\" class=\"aligncenter size-full wp-image-4704\" title=\"nubes\" src=\"\/pasarelaurbana\/wp-content\/uploads\/sites\/49\/2013\/06\/nubes.jpg\" alt=\"\" width=\"500\" height=\"400\" srcset=\"https:\/\/static-blogs.diariosur.es\/wp-content\/uploads\/sites\/49\/2013\/06\/nubes.jpg 500w, https:\/\/static-blogs.diariosur.es\/wp-content\/uploads\/sites\/49\/2013\/06\/nubes-300x240.jpg 300w\" sizes=\"(max-width: 500px) 100vw, 500px\" \/><\/a><\/p>\n<p style=\"text-align: center;\" align=\"justify\">Desde este apartado de cocina suelo daros recetas con presentaciones atractivas para que los ni\u00f1os coman pescado, fruta y verdura. Sin embargo, hoy me vais a permitir que haga una excepci\u00f3n y me centre en algo que a bien seguro les va a gustar mucho m\u00e1s. \u00a1Las chuches! Por mucho que nos empe\u00f1emos en limit\u00e1rselas es inevitable que las tomen as\u00ed que puestas a d\u00e1rselas&#8230;\u00bfpor qu\u00e9 no optar por hacerlas en casa y as\u00ed asegurarnos de que no llevan aditivos poco saludables y exceso de colorantes y conservantes? Como ver\u00e9is, y en contra de lo que nos pueda parecer a priori, elaborarlas es muy sencillo. Hoy os propongo dos variedades: gominolas y <strong>nubes<\/strong>. En el caso de estas \u00faltimas necesitar\u00e9is\u00a015 gr de gelatina neutra en polvo, \u00a0100 gr. de az\u00facar,\u00a015 gr. de fructosa,\u00a0175 gr. de agua,4 gotas de colorante alimentario (utiliza varios para hacerlas de colores), una pizca de sal, una\u00a0cucharadita de vainillina azucarada y azucar glass. \u00bfLa receta? Primero deb\u00e9is poner una olla al fuego con la mitad del agua, el az\u00facar, la fructosa y la vainilla. Se cuece a fuego lento hasta que forme un alm\u00edbar. A continuaci\u00f3n se coloca la\u00a0gelatina en polvo\u00a0con el resto del agua en un bol, y se a\u00f1aden las\u00a0gotitas de colorante\u00a0y la sal. Acto seguido se vierte el\u00a0alm\u00edbar caliente sobre la mezcla\u00a0y se bate con la batidora hasta que se consigue una consistencia parecida a la del merengue. Pata terminar se espolvorea una fuente con\u00a0az\u00facar glass\u00a0y se vierte la masa en ella. Se deja reposar durante varias horas, y cuando se desmolde, se cortan con las formas que se quiera y se vuelven a rebozar de az\u00facar glass.<\/p>\n<div style=\"text-align: center;\">En el caso de las <strong>gominolas<\/strong>, pod\u00e9is\u00a0prepararlas en moldes de silicona de los de hacer cubitos de hielo, o en una bandeja grande para cortarlas luego en formas usando un cortapastas. Necesitar\u00e9is:<\/div>\n<div>\n<blockquote>\n<ul>\n<li>1 sobre (85 gr.) de gelatina de sabor<\/li>\n<li>2 sobres (20 gr.) de gelatina neutra<\/li>\n<li>Agua, zumo o leche (el doble del volumen de la gelatina de sabor). Por ejemplo, si usamos 100 gr. de gelatina con sabor, usaremos 200 ml. de agua).<\/li>\n<li>Az\u00facar (el triple del volumen de la gelatina de sabor).<\/li>\n<li>Aceite de girasol para engrasar los moldes.<\/li>\n<\/ul>\n<\/blockquote>\n<p style=\"text-align: center;\">El paso a paso es igual de f\u00e1cil: Se colocan todos los ingredientes en un cazo a fuego bajo para que no hierva removiendo continuamente durante unos 10 minutos. Se engrasa con un poco de aceite los moldes que vayamos a utilizar y se vierte la mezcla en los moldes. Dicha mezcla debe permanecer en la nevera 2 horas y cuando desmoldemos, se pasa por az\u00facar&#8230;\u00a1y a disfrutar!<\/p>\n<\/div>\n<p style=\"text-align: center;\" align=\"justify\"><strong>Decoraci\u00f3n<\/strong>: Preciosas placas de puerta y cuadros pintados a mano personalizados<\/p>\n<p align=\"justify\"><a href=\"\/pasarelaurbana\/wp-content\/uploads\/sites\/49\/2013\/06\/silueta-infantil-pintada-a-mano.jpg\"><img loading=\"lazy\" class=\"aligncenter size-full wp-image-4709\" title=\"silueta-infantil-pintada-a-mano\" src=\"\/pasarelaurbana\/wp-content\/uploads\/sites\/49\/2013\/06\/silueta-infantil-pintada-a-mano.jpg\" alt=\"\" width=\"600\" height=\"750\" srcset=\"https:\/\/static-blogs.diariosur.es\/wp-content\/uploads\/sites\/49\/2013\/06\/silueta-infantil-pintada-a-mano.jpg 600w, https:\/\/static-blogs.diariosur.es\/wp-content\/uploads\/sites\/49\/2013\/06\/silueta-infantil-pintada-a-mano-240x300.jpg 240w\" sizes=\"(max-width: 600px) 100vw, 600px\" \/><\/a><\/p>\n<p align=\"justify\"><a href=\"\/pasarelaurbana\/wp-content\/uploads\/sites\/49\/2013\/06\/placa-puerta-aviador.jpg\"><img loading=\"lazy\" class=\"aligncenter size-full wp-image-4708\" title=\"placa-puerta-aviador\" src=\"\/pasarelaurbana\/wp-content\/uploads\/sites\/49\/2013\/06\/placa-puerta-aviador.jpg\" alt=\"\" width=\"600\" height=\"323\" srcset=\"https:\/\/static-blogs.diariosur.es\/wp-content\/uploads\/sites\/49\/2013\/06\/placa-puerta-aviador.jpg 600w, https:\/\/static-blogs.diariosur.es\/wp-content\/uploads\/sites\/49\/2013\/06\/placa-puerta-aviador-300x162.jpg 300w\" sizes=\"(max-width: 600px) 100vw, 600px\" \/><\/a><\/p>\n<p align=\"justify\"><a href=\"\/pasarelaurbana\/wp-content\/uploads\/sites\/49\/2013\/06\/placa-personalizada.jpg\"><img loading=\"lazy\" class=\"aligncenter size-full wp-image-4707\" title=\"placa-personalizada\" src=\"\/pasarelaurbana\/wp-content\/uploads\/sites\/49\/2013\/06\/placa-personalizada.jpg\" alt=\"\" width=\"600\" height=\"400\" srcset=\"https:\/\/static-blogs.diariosur.es\/wp-content\/uploads\/sites\/49\/2013\/06\/placa-personalizada.jpg 600w, https:\/\/static-blogs.diariosur.es\/wp-content\/uploads\/sites\/49\/2013\/06\/placa-personalizada-300x200.jpg 300w\" sizes=\"(max-width: 600px) 100vw, 600px\" \/><\/a><\/p>\n<p style=\"text-align: center;\" align=\"justify\"><a href=\"\/pasarelaurbana\/wp-content\/uploads\/sites\/49\/2013\/06\/cuadros-infantiles.jpg\"><img loading=\"lazy\" class=\"aligncenter size-full wp-image-4710\" title=\"cuadros-infantiles\" src=\"\/pasarelaurbana\/wp-content\/uploads\/sites\/49\/2013\/06\/cuadros-infantiles.jpg\" alt=\"\" width=\"600\" height=\"899\" srcset=\"https:\/\/static-blogs.diariosur.es\/wp-content\/uploads\/sites\/49\/2013\/06\/cuadros-infantiles.jpg 600w, https:\/\/static-blogs.diariosur.es\/wp-content\/uploads\/sites\/49\/2013\/06\/cuadros-infantiles-200x300.jpg 200w\" sizes=\"(max-width: 600px) 100vw, 600px\" \/><\/a><\/p>\n<div style=\"text-align: center;\">Y terminamos \u00a0con decoraci\u00f3n. En este apartado os quiero hablar de <strong>Arriba en el Desv\u00e1n<\/strong>,\u00a0una tienda on line de art\u00edculos para ni\u00f1os, principalmente objetos de decoraci\u00f3n, \u00a0que tiene moner\u00edas. \u00bfLo que m\u00e1s me gusta? El car\u00e1cter artesanal de cada una de sus piezas y el gusto de su autora, de cuyas manos salen cosas preciosas. \u00a0En su web encontrar\u00e9is desde cuadros personalizados con los nombres del beb\u00e9 a siluetas de madera, placas de puerta, pantallas de l\u00e1mparas a \u00e1lbumes de fotos o vajillas infantiles pintadas a mano. \u00a0Detalles \u00fanicos y originales para consumo propio o para regalar (acertar\u00e9is con cualquiera de ellos). \u00a1Echadle un vistazo porque os encantar\u00e1!<\/div>\n<div style=\"text-align: center;\"><\/div>\n<div style=\"text-align: center;\">\u00a1Y esto es todo por hoy! \u00a1Gracias por estar ah\u00ed!<\/div>\n","protected":false},"excerpt":{"rendered":"<p>\u00a1Feliz jueves! Retomamos nuestro especial ni\u00f1os semanal con ideas de moda, cocina y decoraci\u00f3n dirigidas a los m\u00e1s peque\u00f1os de la casa. \u00a0\u00bfPrimera parada? Una firma infantil &#8216;made in M\u00e1laga&#8217; que descubr\u00ed hace varios a\u00f1os y que me conquist\u00f3. Se trata de Mocoloco, una empresa especializada en divertidas camisetas de alegres dise\u00f1os realizadas de forma [&hellip;]<\/p>\n","protected":false},"author":54,"featured_media":0,"comment_status":"open","ping_status":"open","sticky":false,"template":"","format":"standard","meta":[],"categories":[2],"tags":[],"_links":{"self":[{"href":"https:\/\/blogs.diariosur.es\/pasarelaurbana\/wp-json\/wp\/v2\/posts\/4686"}],"collection":[{"href":"https:\/\/blogs.diariosur.es\/pasarelaurbana\/wp-json\/wp\/v2\/posts"}],"about":[{"href":"https:\/\/blogs.diariosur.es\/pasarelaurbana\/wp-json\/wp\/v2\/types\/post"}],"author":[{"embeddable":true,"href":"https:\/\/blogs.diariosur.es\/pasarelaurbana\/wp-json\/wp\/v2\/users\/54"}],"replies":[{"embeddable":true,"href":"https:\/\/blogs.diariosur.es\/pasarelaurbana\/wp-json\/wp\/v2\/comments?post=4686"}],"version-history":[{"count":0,"href":"https:\/\/blogs.diariosur.es\/pasarelaurbana\/wp-json\/wp\/v2\/posts\/4686\/revisions"}],"wp:attachment":[{"href":"https:\/\/blogs.diariosur.es\/pasarelaurbana\/wp-json\/wp\/v2\/media?parent=4686"}],"wp:term":[{"taxonomy":"category","embeddable":true,"href":"https:\/\/blogs.diariosur.es\/pasarelaurbana\/wp-json\/wp\/v2\/categories?post=4686"},{"taxonomy":"post_tag","embeddable":true,"href":"https:\/\/blogs.diariosur.es\/pasarelaurbana\/wp-json\/wp\/v2\/tags?post=4686"}],"curies":[{"name":"wp","href":"https:\/\/api.w.org\/{rel}","templated":true}]}}