{"id":4688,"date":"2013-06-19T16:01:24","date_gmt":"2013-06-19T14:01:24","guid":{"rendered":"http:\/\/blogs.diariosur.es\/pasarelaurbana\/?p=4688"},"modified":"2013-06-19T16:01:24","modified_gmt":"2013-06-19T14:01:24","slug":"el-estilo-marinero-navega-por-el-amarillo","status":"publish","type":"post","link":"https:\/\/blogs.diariosur.es\/pasarelaurbana\/2013\/06\/19\/el-estilo-marinero-navega-por-el-amarillo\/","title":{"rendered":"El estilo marinero navega por el amarillo"},"content":{"rendered":"<p style=\"text-align: center;\">\u00a1Buenas! Tras el par\u00e9ntesis festivo de ayer volvemos a la carga con el mejor &#8216;street style&#8217; de M\u00e1laga. En esta ocasi\u00f3n, te\u00f1ido de nuevo del que est\u00e1 siendo el color de la temporada por excelencia. En este espacio ya hemos hablado largo y tendido sobre \u00e9l (en <a href=\"https:\/\/blogs.diariosur.es\/pasarelaurbana\/2013\/05\/03\/fuera-supersticionesel-amarillo-esta-de-moda\/\">ESTE<\/a> post repasamos algunos estilismos inspiradores de destacadas bloggers nacionales e internacionales ba\u00f1ados de dicho tono y en <a href=\"https:\/\/blogs.diariosur.es\/pasarelaurbana\/2013\/06\/01\/una-moda-con-mucha-suerte\/\">ESTE OTRO<\/a> seleccionamos algunas de las propuestas m\u00e1s interesantes fichadas en las calles de nuestra ciudad) y hoy vuelve a ser protagonista combinado con uno de sus mejores aliados en la paleta crom\u00e1tica: el azul marino. <strong>El amarillo arrasa. Y una buena opci\u00f3n de lucirlo es llev\u00e1ndolo al terrerno &#8216;navy<\/strong>&#8216; y hacerle un hueco en un look de inspiraci\u00f3n marinera como el que luce nuestra modelo improvisada de este mi\u00e9rcoles,<strong> Sandra G\u00f3mez<\/strong>. Esta diplomada en Turismo de 31 a\u00f1os elige este color como eje de un &#8216;outfit&#8217; cl\u00e1sico construido en torno a un pantal\u00f3n de vestir azul de Ralph Laurent, camiseta b\u00e1sica del mismo tono de la firma Zendra Punto y rebeca de hilo en amarillo chill\u00f3n, tambi\u00e9n de Ralph Laurent. A destacar sus zapatos, en los que vuelve a apostar por el amarillo, de Farrutx (muy bonitos). Remata el estilismo con uno de los bolsos imprescindibles de Carolina Herrera y un sofisticado pa\u00f1uelo al cuello. \u00bfVeredicto? Perfecto para ir a la oficina&#8230;pero demasiado formal quiz\u00e1s para otros momentos del d\u00eda (creo que el conjunto en s\u00ed es demasiado serio y le echa a\u00f1os encima al ser demasiado cl\u00e1sico) . \u00a1Os dejo con ella! \u00a1Hasta ma\u00f1ana! Os espero en Twitter: @almunogues<\/p>\n<p><a href=\"\/pasarelaurbana\/wp-content\/uploads\/sites\/49\/2013\/06\/50.jpg\"><img loading=\"lazy\" class=\"aligncenter size-full wp-image-4690\" title=\"50\" src=\"\/pasarelaurbana\/wp-content\/uploads\/sites\/49\/2013\/06\/50.jpg\" alt=\"\" width=\"600\" height=\"803\" srcset=\"https:\/\/static-blogs.diariosur.es\/wp-content\/uploads\/sites\/49\/2013\/06\/50.jpg 600w, https:\/\/static-blogs.diariosur.es\/wp-content\/uploads\/sites\/49\/2013\/06\/50-224x300.jpg 224w\" sizes=\"(max-width: 600px) 100vw, 600px\" \/><\/a><!--more--><\/p>\n<p><a href=\"\/pasarelaurbana\/wp-content\/uploads\/sites\/49\/2013\/06\/511.jpg\"><img loading=\"lazy\" class=\"aligncenter size-full wp-image-4691\" title=\"51\" src=\"\/pasarelaurbana\/wp-content\/uploads\/sites\/49\/2013\/06\/511.jpg\" alt=\"\" width=\"600\" height=\"803\" srcset=\"https:\/\/static-blogs.diariosur.es\/wp-content\/uploads\/sites\/49\/2013\/06\/511.jpg 600w, https:\/\/static-blogs.diariosur.es\/wp-content\/uploads\/sites\/49\/2013\/06\/511-224x300.jpg 224w\" sizes=\"(max-width: 600px) 100vw, 600px\" \/><\/a><\/p>\n<p><a href=\"\/pasarelaurbana\/wp-content\/uploads\/sites\/49\/2013\/06\/521.jpg\"><img loading=\"lazy\" class=\"aligncenter size-full wp-image-4692\" title=\"52\" src=\"\/pasarelaurbana\/wp-content\/uploads\/sites\/49\/2013\/06\/521.jpg\" alt=\"\" width=\"600\" height=\"803\" srcset=\"https:\/\/static-blogs.diariosur.es\/wp-content\/uploads\/sites\/49\/2013\/06\/521.jpg 600w, https:\/\/static-blogs.diariosur.es\/wp-content\/uploads\/sites\/49\/2013\/06\/521-224x300.jpg 224w\" sizes=\"(max-width: 600px) 100vw, 600px\" \/><\/a><\/p>\n<p><a href=\"\/pasarelaurbana\/wp-content\/uploads\/sites\/49\/2013\/06\/531.jpg\"><img loading=\"lazy\" class=\"aligncenter size-full wp-image-4693\" title=\"53\" src=\"\/pasarelaurbana\/wp-content\/uploads\/sites\/49\/2013\/06\/531.jpg\" alt=\"\" width=\"600\" height=\"803\" srcset=\"https:\/\/static-blogs.diariosur.es\/wp-content\/uploads\/sites\/49\/2013\/06\/531.jpg 600w, https:\/\/static-blogs.diariosur.es\/wp-content\/uploads\/sites\/49\/2013\/06\/531-224x300.jpg 224w\" sizes=\"(max-width: 600px) 100vw, 600px\" \/><\/a><\/p>\n<p><a href=\"\/pasarelaurbana\/wp-content\/uploads\/sites\/49\/2013\/06\/54.jpg\"><img loading=\"lazy\" class=\"aligncenter size-full wp-image-4694\" title=\"54\" src=\"\/pasarelaurbana\/wp-content\/uploads\/sites\/49\/2013\/06\/54.jpg\" alt=\"\" width=\"600\" height=\"803\" srcset=\"https:\/\/static-blogs.diariosur.es\/wp-content\/uploads\/sites\/49\/2013\/06\/54.jpg 600w, https:\/\/static-blogs.diariosur.es\/wp-content\/uploads\/sites\/49\/2013\/06\/54-224x300.jpg 224w\" sizes=\"(max-width: 600px) 100vw, 600px\" \/><\/a><\/p>\n<p style=\"text-align: center;\"><a href=\"\/pasarelaurbana\/wp-content\/uploads\/sites\/49\/2013\/06\/55.jpg\"><img loading=\"lazy\" class=\"aligncenter size-full wp-image-4689\" title=\"55\" src=\"\/pasarelaurbana\/wp-content\/uploads\/sites\/49\/2013\/06\/55.jpg\" alt=\"\" width=\"600\" height=\"803\" srcset=\"https:\/\/static-blogs.diariosur.es\/wp-content\/uploads\/sites\/49\/2013\/06\/55.jpg 600w, https:\/\/static-blogs.diariosur.es\/wp-content\/uploads\/sites\/49\/2013\/06\/55-224x300.jpg 224w\" sizes=\"(max-width: 600px) 100vw, 600px\" \/><\/a><\/p>\n<p style=\"text-align: center;\"><strong>Sandra G\u00f3mez<\/strong>. Diplomada en Turismo. 31 a\u00f1os<\/p>\n<p style=\"text-align: center;\">Rebeca y pantal\u00f3n: Ralph Lauren<\/p>\n<p style=\"text-align: center;\">Pantal\u00f3n: Elogy<\/p>\n<p style=\"text-align: center;\">Camiseta: Zendra Punto<\/p>\n<p style=\"text-align: center;\">Bolso: Carolina Herrera<\/p>\n<p style=\"text-align: center;\">Zapatos: Farrutx<\/p>\n","protected":false},"excerpt":{"rendered":"<p>\u00a1Buenas! Tras el par\u00e9ntesis festivo de ayer volvemos a la carga con el mejor &#8216;street style&#8217; de M\u00e1laga. En esta ocasi\u00f3n, te\u00f1ido de nuevo del que est\u00e1 siendo el color de la temporada por excelencia. En este espacio ya hemos hablado largo y tendido sobre \u00e9l (en ESTE post repasamos algunos estilismos inspiradores de destacadas [&hellip;]<\/p>\n","protected":false},"author":54,"featured_media":0,"comment_status":"open","ping_status":"open","sticky":false,"template":"","format":"standard","meta":[],"categories":[2],"tags":[],"_links":{"self":[{"href":"https:\/\/blogs.diariosur.es\/pasarelaurbana\/wp-json\/wp\/v2\/posts\/4688"}],"collection":[{"href":"https:\/\/blogs.diariosur.es\/pasarelaurbana\/wp-json\/wp\/v2\/posts"}],"about":[{"href":"https:\/\/blogs.diariosur.es\/pasarelaurbana\/wp-json\/wp\/v2\/types\/post"}],"author":[{"embeddable":true,"href":"https:\/\/blogs.diariosur.es\/pasarelaurbana\/wp-json\/wp\/v2\/users\/54"}],"replies":[{"embeddable":true,"href":"https:\/\/blogs.diariosur.es\/pasarelaurbana\/wp-json\/wp\/v2\/comments?post=4688"}],"version-history":[{"count":0,"href":"https:\/\/blogs.diariosur.es\/pasarelaurbana\/wp-json\/wp\/v2\/posts\/4688\/revisions"}],"wp:attachment":[{"href":"https:\/\/blogs.diariosur.es\/pasarelaurbana\/wp-json\/wp\/v2\/media?parent=4688"}],"wp:term":[{"taxonomy":"category","embeddable":true,"href":"https:\/\/blogs.diariosur.es\/pasarelaurbana\/wp-json\/wp\/v2\/categories?post=4688"},{"taxonomy":"post_tag","embeddable":true,"href":"https:\/\/blogs.diariosur.es\/pasarelaurbana\/wp-json\/wp\/v2\/tags?post=4688"}],"curies":[{"name":"wp","href":"https:\/\/api.w.org\/{rel}","templated":true}]}}