{"id":4711,"date":"2013-06-22T10:16:46","date_gmt":"2013-06-22T08:16:46","guid":{"rendered":"http:\/\/blogs.diariosur.es\/pasarelaurbana\/?p=4711"},"modified":"2013-06-22T10:16:46","modified_gmt":"2013-06-22T08:16:46","slug":"el-armario-de-gemma-mele","status":"publish","type":"post","link":"https:\/\/blogs.diariosur.es\/pasarelaurbana\/2013\/06\/22\/el-armario-de-gemma-mele\/","title":{"rendered":"El armario de Gemma Mel\u00e9"},"content":{"rendered":"<p style=\"text-align: center;\">Coqueta y 100% femenina. Sin aditivos. As\u00ed es Gemma Mel\u00e9 y as\u00ed es su armario. Reflejo de una mujer coqueta que, a la hora de arreglarse, elige prendas que contribuyan a realzar su figura y le permitan sentirse a gusto consigo misma. Dise\u00f1adora por vocaci\u00f3n, esta modista de alta costura (con taller en la c\u00e9ntrica plaza de las Flores) asegura que\u00a0 llevaba la aguja en los genes.<br \/>\n\u00abCrec\u00ed entre las telas de la tienda de mi abuela y desde muy peque\u00f1a me atrajo la costura. A los diez a\u00f1os ya sab\u00eda identificar perfectamente todos los tejidos y, a\u00f1os m\u00e1s tarde, una monja del internado donde estudi\u00e9 me ense\u00f1\u00f3 todo lo que se sobre patronaje. Esa fue mi mejor escuela\u00bb, revela Mel\u00e9, en cuyo armario tambi\u00e9n hay sitio para sus man\u00edas personales. Entre ellas, alinear perfectamente cada una de las perchas y que sean todas de madera. \u00abMe gusta tenerlo todo bien colocado y rigurosamente ordenado por tipo de prenda y temporada, como en los estantes de mi tienda\u00bb, desvela.<br \/>\nEn los \u2018outfits\u2019 de d\u00eda veraniegos de esta malague\u00f1a de adopci\u00f3n nacida en Barcelona no faltan los vestidos con sandalias de tac\u00f3n medio acompa\u00f1ados de buenos complementos, su debilidad. \u00abMe encantan los bolsos, los collares, los anillos&#8230;son el sello de cualquiler \u2018look\u2019 y de tu propia personalidad. En este punto siempre invierto en buenas piezas que son las que te aportan distinci\u00f3n\u00bb, asevera. Las blazer son otra de sus prendas imprescindibles -\u00abdan un punto casual y elegante\u00bb- junto a los pantalones tobilleros y los jerseys de punto de manga corta.<br \/>\nLos tonos \u00e1cidos y el blanco son los reyes de su vestidor en cuanto el calor aprieta, mientras que los marrones, grises y negros dominan sus estilismos invernales.<br \/>\nAl caer el sol es de las incondicionales al negro, el color que centra sus apuestas para sus estilismos de noche. Tiene una decena de vestidos \u2018total black\u2019 de todos los tipos, que considera \u00abfundamentales\u00bb en cualquier fondo de armario. \u00abYo siempre digo que cuando no sepas qu\u00e9 ponerte o c\u00f3mo acertar, por ejemplo, en un c\u00f3ctel o una cena, lo mejor es optar por el negro\u00bb, subraya esta diplomada en Empresariales que, puestas a autodefinirse, se atribuye la etiqueta de cl\u00e1sica, \u00abeso s\u00ed, con un toque vanguardista y moderno, sin caer en lo ultramoderno\u00bb, aclara.<br \/>\n\u00bfUn vicio confesable? Los zapatos. Le apasionan. \u00abEstrenar\u00eda un par cada d\u00eda, son mi perdici\u00f3n desde que era ni\u00f1a. Siempre que viajo me traigo unos\u00bb, se\u00f1ala.<\/p>\n<p style=\"text-align: center;\">Os dejo con sus looks al detalle a trav\u00e9s de las magn\u00edficas fotos de mi compa\u00f1ero \u00c1lvaro L\u00f3pez. \u00a1Espero que os guste! \u00a1Feliz fin de semana! Os espero en Twitter: @almunogues<\/p>\n<p style=\"text-align: center;\"><a href=\"\/pasarelaurbana\/wp-content\/uploads\/sites\/49\/2013\/06\/182.jpg\"><img loading=\"lazy\" class=\"aligncenter size-full wp-image-4712\" title=\"18\" src=\"\/pasarelaurbana\/wp-content\/uploads\/sites\/49\/2013\/06\/182.jpg\" alt=\"\" width=\"600\" height=\"400\" srcset=\"https:\/\/static-blogs.diariosur.es\/wp-content\/uploads\/sites\/49\/2013\/06\/182.jpg 600w, https:\/\/static-blogs.diariosur.es\/wp-content\/uploads\/sites\/49\/2013\/06\/182-300x200.jpg 300w\" sizes=\"(max-width: 600px) 100vw, 600px\" \/><\/a><!--more--><strong>LOOK DE D\u00cdA<\/strong>: <span style=\"text-decoration: underline;\">Jersey de punto en blanco, pantalones Capri y blazer tipo Chanel en rosa<\/span><\/p>\n<p style=\"text-align: center;\"><a href=\"\/pasarelaurbana\/wp-content\/uploads\/sites\/49\/2013\/06\/114.jpg\"><img loading=\"lazy\" class=\"aligncenter size-full wp-image-4714\" title=\"1\" src=\"\/pasarelaurbana\/wp-content\/uploads\/sites\/49\/2013\/06\/114.jpg\" alt=\"\" width=\"600\" height=\"900\" srcset=\"https:\/\/static-blogs.diariosur.es\/wp-content\/uploads\/sites\/49\/2013\/06\/114.jpg 600w, https:\/\/static-blogs.diariosur.es\/wp-content\/uploads\/sites\/49\/2013\/06\/114-200x300.jpg 200w\" sizes=\"(max-width: 600px) 100vw, 600px\" \/><\/a><\/p>\n<p style=\"text-align: center;\"><a href=\"\/pasarelaurbana\/wp-content\/uploads\/sites\/49\/2013\/06\/192.jpg\"><img loading=\"lazy\" class=\"aligncenter size-full wp-image-4724\" title=\"19\" src=\"\/pasarelaurbana\/wp-content\/uploads\/sites\/49\/2013\/06\/192.jpg\" alt=\"\" width=\"600\" height=\"900\" srcset=\"https:\/\/static-blogs.diariosur.es\/wp-content\/uploads\/sites\/49\/2013\/06\/192.jpg 600w, https:\/\/static-blogs.diariosur.es\/wp-content\/uploads\/sites\/49\/2013\/06\/192-200x300.jpg 200w\" sizes=\"(max-width: 600px) 100vw, 600px\" \/><\/a><\/p>\n<p style=\"text-align: center;\"><a href=\"\/pasarelaurbana\/wp-content\/uploads\/sites\/49\/2013\/06\/201.jpg\"><img loading=\"lazy\" class=\"aligncenter size-full wp-image-4725\" title=\"20\" src=\"\/pasarelaurbana\/wp-content\/uploads\/sites\/49\/2013\/06\/201.jpg\" alt=\"\" width=\"600\" height=\"400\" srcset=\"https:\/\/static-blogs.diariosur.es\/wp-content\/uploads\/sites\/49\/2013\/06\/201.jpg 600w, https:\/\/static-blogs.diariosur.es\/wp-content\/uploads\/sites\/49\/2013\/06\/201-300x200.jpg 300w\" sizes=\"(max-width: 600px) 100vw, 600px\" \/><\/a><\/p>\n<p style=\"text-align: center;\"><a href=\"\/pasarelaurbana\/wp-content\/uploads\/sites\/49\/2013\/06\/211.jpg\"><img loading=\"lazy\" class=\"aligncenter size-full wp-image-4726\" title=\"21\" src=\"\/pasarelaurbana\/wp-content\/uploads\/sites\/49\/2013\/06\/211.jpg\" alt=\"\" width=\"600\" height=\"900\" srcset=\"https:\/\/static-blogs.diariosur.es\/wp-content\/uploads\/sites\/49\/2013\/06\/211.jpg 600w, https:\/\/static-blogs.diariosur.es\/wp-content\/uploads\/sites\/49\/2013\/06\/211-200x300.jpg 200w\" sizes=\"(max-width: 600px) 100vw, 600px\" \/><\/a><\/p>\n<p style=\"text-align: center;\"><a href=\"\/pasarelaurbana\/wp-content\/uploads\/sites\/49\/2013\/06\/221.jpg\"><img loading=\"lazy\" class=\"aligncenter size-full wp-image-4727\" title=\"22\" src=\"\/pasarelaurbana\/wp-content\/uploads\/sites\/49\/2013\/06\/221.jpg\" alt=\"\" width=\"600\" height=\"900\" srcset=\"https:\/\/static-blogs.diariosur.es\/wp-content\/uploads\/sites\/49\/2013\/06\/221.jpg 600w, https:\/\/static-blogs.diariosur.es\/wp-content\/uploads\/sites\/49\/2013\/06\/221-200x300.jpg 200w\" sizes=\"(max-width: 600px) 100vw, 600px\" \/><\/a><\/p>\n<p style=\"text-align: center;\"><a href=\"\/pasarelaurbana\/wp-content\/uploads\/sites\/49\/2013\/06\/24.jpg\"><img loading=\"lazy\" class=\"aligncenter size-full wp-image-4715\" title=\"2\" src=\"\/pasarelaurbana\/wp-content\/uploads\/sites\/49\/2013\/06\/24.jpg\" alt=\"\" width=\"600\" height=\"400\" srcset=\"https:\/\/static-blogs.diariosur.es\/wp-content\/uploads\/sites\/49\/2013\/06\/24.jpg 600w, https:\/\/static-blogs.diariosur.es\/wp-content\/uploads\/sites\/49\/2013\/06\/24-300x200.jpg 300w\" sizes=\"(max-width: 600px) 100vw, 600px\" \/><\/a><\/p>\n<p style=\"text-align: center;\"><a href=\"\/pasarelaurbana\/wp-content\/uploads\/sites\/49\/2013\/06\/310.jpg\"><img loading=\"lazy\" class=\"aligncenter size-full wp-image-4716\" title=\"3\" src=\"\/pasarelaurbana\/wp-content\/uploads\/sites\/49\/2013\/06\/310.jpg\" alt=\"\" width=\"600\" height=\"400\" srcset=\"https:\/\/static-blogs.diariosur.es\/wp-content\/uploads\/sites\/49\/2013\/06\/310.jpg 600w, https:\/\/static-blogs.diariosur.es\/wp-content\/uploads\/sites\/49\/2013\/06\/310-300x200.jpg 300w\" sizes=\"(max-width: 600px) 100vw, 600px\" \/><\/a><\/p>\n<p style=\"text-align: center;\">El blanco es su color estrella en verano (jersey de <strong>Pamela Mil\u00e1n<\/strong> y pantal\u00f3n de Zara), lo combina con blazer tipo Chanel en rosa de<strong> su firma<\/strong>, sandalias <strong>Zara<\/strong> y <strong>bolso vintage<\/strong>.<\/p>\n<p style=\"text-align: center;\"><strong>LOOK DE NOCHE<\/strong>: <span style=\"text-decoration: underline;\">Vestido negro, collar joya y abrigo bicolor<\/span><\/p>\n<p style=\"text-align: center;\"><a href=\"\/pasarelaurbana\/wp-content\/uploads\/sites\/49\/2013\/06\/47.jpg\"><img loading=\"lazy\" class=\"aligncenter size-full wp-image-4717\" title=\"4\" src=\"\/pasarelaurbana\/wp-content\/uploads\/sites\/49\/2013\/06\/47.jpg\" alt=\"\" width=\"600\" height=\"900\" srcset=\"https:\/\/static-blogs.diariosur.es\/wp-content\/uploads\/sites\/49\/2013\/06\/47.jpg 600w, https:\/\/static-blogs.diariosur.es\/wp-content\/uploads\/sites\/49\/2013\/06\/47-200x300.jpg 200w\" sizes=\"(max-width: 600px) 100vw, 600px\" \/><\/a><\/p>\n<p style=\"text-align: center;\"><a href=\"\/pasarelaurbana\/wp-content\/uploads\/sites\/49\/2013\/06\/56.jpg\"><img loading=\"lazy\" class=\"aligncenter size-full wp-image-4718\" title=\"5\" src=\"\/pasarelaurbana\/wp-content\/uploads\/sites\/49\/2013\/06\/56.jpg\" alt=\"\" width=\"600\" height=\"900\" srcset=\"https:\/\/static-blogs.diariosur.es\/wp-content\/uploads\/sites\/49\/2013\/06\/56.jpg 600w, https:\/\/static-blogs.diariosur.es\/wp-content\/uploads\/sites\/49\/2013\/06\/56-200x300.jpg 200w\" sizes=\"(max-width: 600px) 100vw, 600px\" \/><\/a><\/p>\n<p style=\"text-align: center;\"><a href=\"\/pasarelaurbana\/wp-content\/uploads\/sites\/49\/2013\/06\/64.jpg\"><img loading=\"lazy\" class=\"aligncenter size-full wp-image-4719\" title=\"6\" src=\"\/pasarelaurbana\/wp-content\/uploads\/sites\/49\/2013\/06\/64.jpg\" alt=\"\" width=\"600\" height=\"400\" srcset=\"https:\/\/static-blogs.diariosur.es\/wp-content\/uploads\/sites\/49\/2013\/06\/64.jpg 600w, https:\/\/static-blogs.diariosur.es\/wp-content\/uploads\/sites\/49\/2013\/06\/64-300x200.jpg 300w\" sizes=\"(max-width: 600px) 100vw, 600px\" \/><\/a><\/p>\n<p style=\"text-align: center;\"><a href=\"\/pasarelaurbana\/wp-content\/uploads\/sites\/49\/2013\/06\/73.jpg\"><img loading=\"lazy\" class=\"aligncenter size-full wp-image-4720\" title=\"7\" src=\"\/pasarelaurbana\/wp-content\/uploads\/sites\/49\/2013\/06\/73.jpg\" alt=\"\" width=\"600\" height=\"900\" srcset=\"https:\/\/static-blogs.diariosur.es\/wp-content\/uploads\/sites\/49\/2013\/06\/73.jpg 600w, https:\/\/static-blogs.diariosur.es\/wp-content\/uploads\/sites\/49\/2013\/06\/73-200x300.jpg 200w\" sizes=\"(max-width: 600px) 100vw, 600px\" \/><\/a><\/p>\n<p style=\"text-align: center;\"><a href=\"\/pasarelaurbana\/wp-content\/uploads\/sites\/49\/2013\/06\/83.jpg\"><img loading=\"lazy\" class=\"aligncenter size-full wp-image-4721\" title=\"8\" src=\"\/pasarelaurbana\/wp-content\/uploads\/sites\/49\/2013\/06\/83.jpg\" alt=\"\" width=\"600\" height=\"900\" srcset=\"https:\/\/static-blogs.diariosur.es\/wp-content\/uploads\/sites\/49\/2013\/06\/83.jpg 600w, https:\/\/static-blogs.diariosur.es\/wp-content\/uploads\/sites\/49\/2013\/06\/83-200x300.jpg 200w\" sizes=\"(max-width: 600px) 100vw, 600px\" \/><\/a><\/p>\n<p style=\"text-align: center;\">Vestido negro de <strong>Gemma Mel\u00e9<\/strong>, collar joya de <strong>Mango<\/strong>, sandalias de <strong>Zara<\/strong> y bolso de<strong> Dior<\/strong> centran su apuesta para un look de noche.<\/p>\n<p style=\"text-align: center;\"><strong>PARA UN EVENTO<\/strong>:<span style=\"text-decoration: underline;\"> Vestido asim\u00e9trico de encajes con originales pailletes de madera, chal tipo capote de torero y sandalias champagne<\/span><\/p>\n<p style=\"text-align: center;\"><a href=\"\/pasarelaurbana\/wp-content\/uploads\/sites\/49\/2013\/06\/93.jpg\"><img loading=\"lazy\" class=\"aligncenter size-full wp-image-4722\" title=\"9\" src=\"\/pasarelaurbana\/wp-content\/uploads\/sites\/49\/2013\/06\/93.jpg\" alt=\"\" width=\"600\" height=\"900\" srcset=\"https:\/\/static-blogs.diariosur.es\/wp-content\/uploads\/sites\/49\/2013\/06\/93.jpg 600w, https:\/\/static-blogs.diariosur.es\/wp-content\/uploads\/sites\/49\/2013\/06\/93-200x300.jpg 200w\" sizes=\"(max-width: 600px) 100vw, 600px\" \/><\/a><\/p>\n<p style=\"text-align: center;\"><a href=\"\/pasarelaurbana\/wp-content\/uploads\/sites\/49\/2013\/06\/115.jpg\"><img loading=\"lazy\" class=\"aligncenter size-full wp-image-4729\" title=\"11\" src=\"\/pasarelaurbana\/wp-content\/uploads\/sites\/49\/2013\/06\/115.jpg\" alt=\"\" width=\"600\" height=\"900\" srcset=\"https:\/\/static-blogs.diariosur.es\/wp-content\/uploads\/sites\/49\/2013\/06\/115.jpg 600w, https:\/\/static-blogs.diariosur.es\/wp-content\/uploads\/sites\/49\/2013\/06\/115-200x300.jpg 200w\" sizes=\"(max-width: 600px) 100vw, 600px\" \/><\/a><\/p>\n<p style=\"text-align: center;\"><a href=\"\/pasarelaurbana\/wp-content\/uploads\/sites\/49\/2013\/06\/124.jpg\"><img loading=\"lazy\" class=\"aligncenter size-full wp-image-4730\" title=\"12\" src=\"\/pasarelaurbana\/wp-content\/uploads\/sites\/49\/2013\/06\/124.jpg\" alt=\"\" width=\"599\" height=\"399\" srcset=\"https:\/\/static-blogs.diariosur.es\/wp-content\/uploads\/sites\/49\/2013\/06\/124.jpg 599w, https:\/\/static-blogs.diariosur.es\/wp-content\/uploads\/sites\/49\/2013\/06\/124-300x200.jpg 300w\" sizes=\"(max-width: 599px) 100vw, 599px\" \/><\/a><\/p>\n<p style=\"text-align: center;\"><a href=\"\/pasarelaurbana\/wp-content\/uploads\/sites\/49\/2013\/06\/132.jpg\"><img loading=\"lazy\" class=\"aligncenter size-full wp-image-4731\" title=\"13\" src=\"\/pasarelaurbana\/wp-content\/uploads\/sites\/49\/2013\/06\/132.jpg\" alt=\"\" width=\"600\" height=\"400\" srcset=\"https:\/\/static-blogs.diariosur.es\/wp-content\/uploads\/sites\/49\/2013\/06\/132.jpg 600w, https:\/\/static-blogs.diariosur.es\/wp-content\/uploads\/sites\/49\/2013\/06\/132-300x200.jpg 300w\" sizes=\"(max-width: 600px) 100vw, 600px\" \/><\/a><\/p>\n<p style=\"text-align: center;\"><a href=\"\/pasarelaurbana\/wp-content\/uploads\/sites\/49\/2013\/06\/142.jpg\"><img loading=\"lazy\" class=\"aligncenter size-full wp-image-4732\" title=\"14\" src=\"\/pasarelaurbana\/wp-content\/uploads\/sites\/49\/2013\/06\/142.jpg\" alt=\"\" width=\"600\" height=\"400\" srcset=\"https:\/\/static-blogs.diariosur.es\/wp-content\/uploads\/sites\/49\/2013\/06\/142.jpg 600w, https:\/\/static-blogs.diariosur.es\/wp-content\/uploads\/sites\/49\/2013\/06\/142-300x200.jpg 300w\" sizes=\"(max-width: 600px) 100vw, 600px\" \/><\/a><\/p>\n<p style=\"text-align: center;\">Para asistir a un evento, Mel\u00e9 elige este vestido asim\u00e9trico <strong>dise\u00f1ado por ella<\/strong>, con encajes y pailletes de madera que estren\u00f3 en el bautizo de su hijo hace 19 a\u00f1os. Lo combina con un original chal tipo capota de torero y sandalias champagne de <strong>Rosario Berrocal<\/strong>.<\/p>\n<p style=\"text-align: center;\"><strong>UN &#8216;OUTFIT&#8217; MUY VERS\u00c1TIL<\/strong>: <span style=\"text-decoration: underline;\">Vestido camisero agua marina y bolso Chanel<\/span><\/p>\n<p style=\"text-align: center;\"><a href=\"\/pasarelaurbana\/wp-content\/uploads\/sites\/49\/2013\/06\/152.jpg\"><img loading=\"lazy\" class=\"aligncenter size-full wp-image-4733\" title=\"15\" src=\"\/pasarelaurbana\/wp-content\/uploads\/sites\/49\/2013\/06\/152.jpg\" alt=\"\" width=\"600\" height=\"900\" srcset=\"https:\/\/static-blogs.diariosur.es\/wp-content\/uploads\/sites\/49\/2013\/06\/152.jpg 600w, https:\/\/static-blogs.diariosur.es\/wp-content\/uploads\/sites\/49\/2013\/06\/152-200x300.jpg 200w\" sizes=\"(max-width: 600px) 100vw, 600px\" \/><\/a><\/p>\n<p style=\"text-align: center;\">Vestido en verde menta dise\u00f1ado por ella y<strong> bolso Chanel,<\/strong> una pareja vers\u00e1til para lucir tanto en un acto de d\u00eda como de tarde.<\/p>\n<p style=\"text-align: center;\"><strong>SUS COMPLEMENTOS<\/strong><\/p>\n<p style=\"text-align: center;\"><a href=\"\/pasarelaurbana\/wp-content\/uploads\/sites\/49\/2013\/06\/162.jpg\"><img loading=\"lazy\" class=\"aligncenter size-full wp-image-4734\" title=\"16\" src=\"\/pasarelaurbana\/wp-content\/uploads\/sites\/49\/2013\/06\/162.jpg\" alt=\"\" width=\"600\" height=\"400\" srcset=\"https:\/\/static-blogs.diariosur.es\/wp-content\/uploads\/sites\/49\/2013\/06\/162.jpg 600w, https:\/\/static-blogs.diariosur.es\/wp-content\/uploads\/sites\/49\/2013\/06\/162-300x200.jpg 300w\" sizes=\"(max-width: 600px) 100vw, 600px\" \/><\/a><\/p>\n<p style=\"text-align: center;\">Los anillos no faltan en sus looks: los de arriba son de<strong> Fernando<\/strong> y <strong>Jos\u00e9 Luis Joyeros.\u00a0<\/strong>La pulsera, de <strong>Vasari<\/strong>.<\/p>\n<p style=\"text-align: center;\"><a href=\"\/pasarelaurbana\/wp-content\/uploads\/sites\/49\/2013\/06\/172.jpg\"><img loading=\"lazy\" class=\"aligncenter size-full wp-image-4728\" title=\"17\" src=\"\/pasarelaurbana\/wp-content\/uploads\/sites\/49\/2013\/06\/172.jpg\" alt=\"\" width=\"600\" height=\"400\" srcset=\"https:\/\/static-blogs.diariosur.es\/wp-content\/uploads\/sites\/49\/2013\/06\/172.jpg 600w, https:\/\/static-blogs.diariosur.es\/wp-content\/uploads\/sites\/49\/2013\/06\/172-300x200.jpg 300w\" sizes=\"(max-width: 600px) 100vw, 600px\" \/><\/a><\/p>\n<p style=\"text-align: center;\">Algunos tesoros de su joyero: collar de jade tra\u00eddo de <strong>Egipto<\/strong>, pendientes dorados XL de<strong> Luz Jewels<\/strong> (en Puerto Ban\u00fas) y gargantilla de <strong>Bulgari<\/strong>.<\/p>\n<p style=\"text-align: center;\"><a href=\"\/pasarelaurbana\/wp-content\/uploads\/sites\/49\/2013\/06\/231.jpg\"><img loading=\"lazy\" class=\"aligncenter size-full wp-image-4723\" title=\"23\" src=\"\/pasarelaurbana\/wp-content\/uploads\/sites\/49\/2013\/06\/231.jpg\" alt=\"\" width=\"600\" height=\"900\" srcset=\"https:\/\/static-blogs.diariosur.es\/wp-content\/uploads\/sites\/49\/2013\/06\/231.jpg 600w, https:\/\/static-blogs.diariosur.es\/wp-content\/uploads\/sites\/49\/2013\/06\/231-200x300.jpg 200w\" sizes=\"(max-width: 600px) 100vw, 600px\" \/><\/a><\/p>\n<p style=\"text-align: center;\">Y terminamos con una foto tomada el d\u00eda del reportaje en el taller de Gemma, a la que agradezco desde aqu\u00ed su simpat\u00eda y su colaboraci\u00f3n en el montaje de los estilismos (si supierais lo que nos cuesta a veces colgar las prendas y que queden tal cual las veis&#8230;Gemma en eso es s\u00faper resolutiva y no dud\u00f3 en sacar hilo de pescar, lazos y dem\u00e1s herramientas que nos fueron muy \u00fatiles). Ella lleva vestido camisero (precios\u00edsimo) dise\u00f1ado y cosido por ella a partir de unos retales de tela que se encontr\u00f3 en el taller recientemente. Lo combina con salones en verde botella. Yo llevo vestido de Sfera azul marino con volantes en la parte superior, cintur\u00f3n plata con pedrer\u00eda lima de Zara y salones en blanco de H&#038;M. El collar es de Pull&#038;Bear.<\/p>\n<p style=\"text-align: center;\">SU RUTA DE TIENDAS<\/p>\n<p style=\"text-align: center;\">1. <strong>Menbur<\/strong>. Parada obligada para esta apasionada de los zapatos.<br \/>\n2. <strong>Jos\u00e9 Luis Joyeros<\/strong>. Una de sus joyer\u00edas de cabecera junto a Luz Jewels.<br \/>\n3. <strong>Zara<\/strong>. Al gigante de Inditex recurre para fichar b\u00e1sicos y calzado \u2018low cost\u2019.<br \/>\n4. <strong>Uterq\u00fce<\/strong>. \u00abMe encantan su colecci\u00f3n de bolsos y sus zapatos\u00bb, dice.<br \/>\n5. <strong>Mango<\/strong>. De esta franquicia se queda con sus complementos y su bisuter\u00eda.<\/p>\n<p style=\"text-align: center;\">\u00a1Buen fin de semana!<\/p>\n","protected":false},"excerpt":{"rendered":"<p>Coqueta y 100% femenina. Sin aditivos. As\u00ed es Gemma Mel\u00e9 y as\u00ed es su armario. Reflejo de una mujer coqueta que, a la hora de arreglarse, elige prendas que contribuyan a realzar su figura y le permitan sentirse a gusto consigo misma. Dise\u00f1adora por vocaci\u00f3n, esta modista de alta costura (con taller en la c\u00e9ntrica [&hellip;]<\/p>\n","protected":false},"author":54,"featured_media":0,"comment_status":"open","ping_status":"open","sticky":false,"template":"","format":"standard","meta":[],"categories":[2],"tags":[],"_links":{"self":[{"href":"https:\/\/blogs.diariosur.es\/pasarelaurbana\/wp-json\/wp\/v2\/posts\/4711"}],"collection":[{"href":"https:\/\/blogs.diariosur.es\/pasarelaurbana\/wp-json\/wp\/v2\/posts"}],"about":[{"href":"https:\/\/blogs.diariosur.es\/pasarelaurbana\/wp-json\/wp\/v2\/types\/post"}],"author":[{"embeddable":true,"href":"https:\/\/blogs.diariosur.es\/pasarelaurbana\/wp-json\/wp\/v2\/users\/54"}],"replies":[{"embeddable":true,"href":"https:\/\/blogs.diariosur.es\/pasarelaurbana\/wp-json\/wp\/v2\/comments?post=4711"}],"version-history":[{"count":0,"href":"https:\/\/blogs.diariosur.es\/pasarelaurbana\/wp-json\/wp\/v2\/posts\/4711\/revisions"}],"wp:attachment":[{"href":"https:\/\/blogs.diariosur.es\/pasarelaurbana\/wp-json\/wp\/v2\/media?parent=4711"}],"wp:term":[{"taxonomy":"category","embeddable":true,"href":"https:\/\/blogs.diariosur.es\/pasarelaurbana\/wp-json\/wp\/v2\/categories?post=4711"},{"taxonomy":"post_tag","embeddable":true,"href":"https:\/\/blogs.diariosur.es\/pasarelaurbana\/wp-json\/wp\/v2\/tags?post=4711"}],"curies":[{"name":"wp","href":"https:\/\/api.w.org\/{rel}","templated":true}]}}