{"id":4742,"date":"2013-06-29T12:24:58","date_gmt":"2013-06-29T10:24:58","guid":{"rendered":"http:\/\/blogs.diariosur.es\/pasarelaurbana\/?p=4742"},"modified":"2013-06-29T12:24:58","modified_gmt":"2013-06-29T10:24:58","slug":"el-verano-es-una-fiesta","status":"publish","type":"post","link":"https:\/\/blogs.diariosur.es\/pasarelaurbana\/2013\/06\/29\/el-verano-es-una-fiesta\/","title":{"rendered":"El verano es una fiesta"},"content":{"rendered":"<p>\u00a1Hola amigos! Como sab\u00e9is Almudena Nogu\u00e9s se encuentra descansando, de merecidas vacaciones. As\u00ed pues, durante un par de semanas ser\u00e9 yo, Lorena Codes, quien os acerque los estilismos malague\u00f1os a pie de calle en esta particular pasarela urbana. Espero hacerlo con tan buen ojo como mi compa\u00f1era y amiga Almudena. Comenzamos con la primera velada estival de la temporada, que ha dado para mucho.<\/p>\n<p>El invierno se ha alargado de manera at\u00edpica en M\u00e1laga con temperaturas que han obligado a estirar los estilismos de abrigo m\u00e1s all\u00e1 de la primavera. Por eso, la primera fiesta del verano en la ciudad (que tuvo lugar el pasado jueves con motivo de una \u2018shopping night\u2019) se convirti\u00f3 en una pasarela de colores y nuevas tendencias deseosas de pisar con fuerza el asfalto. Pudimos ver lo ampliamente que ha calado la <strong>llamada de Oriente<\/strong> en el \u2018street style\u2019. El kimono se ha convertido en la prenda estrella para muchas fashionistas, que lo combinan con todo tipo de looks: con faldas l\u00e1piz, jeans o con shorts (una de las opciones m\u00e1s repetidas). Otra de las apuestas m\u00e1s refrendadas a pie de calle ha sido el<strong> LWD (Little White Dress)<\/strong>, que se erige como\u00a0 la nueva pieza fetiche en el armario de las fashionistas. La combinaci\u00f3n con unas sandalias o estiletos en plata es una elecci\u00f3n a prueba de las estilistas m\u00e1s exigentes. La tercera de las prendas triunfadoras de la velada fue, sin duda,<strong> el pantal\u00f3n \u2018pata de elefante\u2019<\/strong>. De estampados florales, en damero, con aires japoneses o de inspiraci\u00f3n \u2018ad lib\u2019, imprimen un plus de sofisticaci\u00f3n si se acierta con los aliados. Para las que hayan sido fieles al gimnasio todo el a\u00f1o, el mini top es su media naranja m\u00e1s trendy. Sea cual fuere el look escogido, la alegr\u00eda domin\u00f3 en el campo de los complementos, donde los tonos fl\u00faor demostraron que son un \u2018hit\u2019 popular a prueba de los dictados de la pasarela. <strong>Maxi carteras y collares joya<\/strong> o \u00e9tnicos en\u00a0 versi\u00f3n oversize resisten el cambio de estaci\u00f3n y prometen acompa\u00f1arnos en verano.<\/p>\n<p>Os dejo ahora con algunos de los looks que m\u00e1s llamaron mi atenci\u00f3n, bien por su personalidad, bien por su acierto a la hora de combinar tendencias \u00a1Hasta la semana que viene!<\/p>\n<p>&nbsp;<\/p>\n<p><a href=\"\/pasarelaurbana\/wp-content\/uploads\/sites\/49\/2013\/06\/IMG_3078.jpg\"><img loading=\"lazy\" class=\"aligncenter size-full wp-image-4747\" title=\"Demetrio de la Torre\" src=\"\/pasarelaurbana\/wp-content\/uploads\/sites\/49\/2013\/06\/IMG_3078.jpg\" alt=\" El 'pijama pant', el mejor aliado de Demetrio de la Torre\" width=\"600\" height=\"900\" srcset=\"https:\/\/static-blogs.diariosur.es\/wp-content\/uploads\/sites\/49\/2013\/06\/IMG_3078.jpg 600w, https:\/\/static-blogs.diariosur.es\/wp-content\/uploads\/sites\/49\/2013\/06\/IMG_3078-200x300.jpg 200w\" sizes=\"(max-width: 600px) 100vw, 600px\" \/><\/a><\/p>\n<p style=\"text-align: center;\"><!--more--><\/p>\n<p style=\"text-align: center;\">El <strong>&#8216;pijama pant&#8217;<\/strong>, nuevo aliado del look &#8216;new gentleman&#8217; de <strong>Demetrio de la Torre<\/strong><\/p>\n<p>\u00abNo es lo que llevas, sino c\u00f3mo lo llevas\u00bb. Con esta rotunda premisa, el estilista y profesor de moda Demetrio de la Torre se plant\u00f3 un pantal\u00f3n de pijama con estampado de lunares (de H&#038;M) para recorrer con estilo la noche de compras que el centro hist\u00f3rico vivi\u00f3 el pasado jueves. Reconoce que los \u2018pijama pants\u2019 son uno de sus descubrimientos de esta temporada y en este caso, dada la ocasi\u00f3n, admite que merec\u00eda la pena \u00abdar un paso m\u00e1s y salir a la calle en pijama, literalmente\u00bb. Apuesta por maridarlos con prendas sencillas arriba, como el cl\u00e1sico blazer marino y una camisa blanca (o celeste) b\u00e1sica. En cuanto a los complementos, apost\u00f3 por permanecer en la misma gama crom\u00e1tica y acompa\u00f1ar el conjunto con un pa\u00f1uelo de Boss azul marino y unos slippers en terciopelo morado con bordado plata de la firma espa\u00f1ola BowTie Madrid. Su toque de estilo, el cord\u00f3n rosa fl\u00faor de las gafas, de Demetrio by BYM Straps.<\/p>\n<p><a href=\"\/pasarelaurbana\/wp-content\/uploads\/sites\/49\/2013\/06\/bimba-lola-vestidos-zara-otras-joyas-bisuterialook-main-single.jpg\"><img loading=\"lazy\" class=\"aligncenter size-full wp-image-4743\" title=\"Cristina (del blog Chica de la M\u00e1scara) con un vestido nude de Bimba &#038; Lola\" src=\"\/pasarelaurbana\/wp-content\/uploads\/sites\/49\/2013\/06\/bimba-lola-vestidos-zara-otras-joyas-bisuterialook-main-single.jpg\" alt=\"\" width=\"600\" height=\"880\" srcset=\"https:\/\/static-blogs.diariosur.es\/wp-content\/uploads\/sites\/49\/2013\/06\/bimba-lola-vestidos-zara-otras-joyas-bisuterialook-main-single.jpg 600w, https:\/\/static-blogs.diariosur.es\/wp-content\/uploads\/sites\/49\/2013\/06\/bimba-lola-vestidos-zara-otras-joyas-bisuterialook-main-single-205x300.jpg 205w\" sizes=\"(max-width: 600px) 100vw, 600px\" \/><\/a><\/p>\n<p style=\"text-align: center;\">\u00a0\u00a0\u00a0\u00a0\u00a0\u00a0\u00a0\u00a0\u00a0\u00a0<strong>Cristina<\/strong> (del blog Chica de la M\u00e1scara) con un vestido nude de <strong>Bimba &#038; Lola<\/strong><\/p>\n<p>La elecci\u00f3n de Cristina (bloguera en lachicadelamascara.blogspot.com.) para recorrer el centro en esta noche de compras demuestra que el estilo es algo m\u00e1s que moda. Su vestido nude de la firma Bimba &#038; Lola, sobrio por delante y con un toque de sensualidad en la espalda gracias a una sutil abertura, fue una apuesta segura que resistir\u00eda el examen de los estilistas m\u00e1s avezados. Para completar el look, Cristina se ali\u00f3 con complementos neutros que remarcaron el car\u00e1cter elegante del look. Unos toques de \u2018rouge \u00e1 levres\u2019 en el maquillaje coronaron su elecci\u00f3n \u2018new classic\u2019.<\/p>\n<p><a href=\"\/pasarelaurbana\/wp-content\/uploads\/sites\/49\/2013\/06\/DSC09757.jpg\"><img loading=\"lazy\" class=\"aligncenter size-full wp-image-4744\" title=\"Roberto Caballero, un 'pink dandi' experto en mezclar tendencias\" src=\"\/pasarelaurbana\/wp-content\/uploads\/sites\/49\/2013\/06\/DSC09757.jpg\" alt=\"\" width=\"600\" height=\"800\" srcset=\"https:\/\/static-blogs.diariosur.es\/wp-content\/uploads\/sites\/49\/2013\/06\/DSC09757.jpg 600w, https:\/\/static-blogs.diariosur.es\/wp-content\/uploads\/sites\/49\/2013\/06\/DSC09757-225x300.jpg 225w\" sizes=\"(max-width: 600px) 100vw, 600px\" \/><\/a><\/p>\n<p style=\"text-align: center;\"><strong>Roberto Caballero <\/strong>(hombreXXI.com) un &#8216;pink dandi&#8217; experto en mezclar tendencias<\/p>\n<p>Mezclar prendas b\u00e1sicas con otras de plena tendencia es una f\u00f3rmula que suele dar buenos resultados a quienes se atreven a aplicarla con todas sus consecuencias. Es el caso del presentador de televisi\u00f3n Roberto Caballero, quien ha combinado con maestr\u00eda una camisa d\u00e9nim con una americana rosa y una pajarita de estampado militar a juego con sus zapatos.<\/p>\n<p>&nbsp;<\/p>\n<p><a href=\"\/pasarelaurbana\/wp-content\/uploads\/sites\/49\/2013\/06\/DSC09768.jpg\"><img loading=\"lazy\" class=\"aligncenter size-full wp-image-4746\" title=\"Andrea Zambrana, con total look floral de Ted Baker\" src=\"\/pasarelaurbana\/wp-content\/uploads\/sites\/49\/2013\/06\/DSC09768.jpg\" alt=\"\" width=\"600\" height=\"800\" srcset=\"https:\/\/static-blogs.diariosur.es\/wp-content\/uploads\/sites\/49\/2013\/06\/DSC09768.jpg 600w, https:\/\/static-blogs.diariosur.es\/wp-content\/uploads\/sites\/49\/2013\/06\/DSC09768-225x300.jpg 225w\" sizes=\"(max-width: 600px) 100vw, 600px\" \/><\/a><\/p>\n<p style=\"text-align: center;\"><strong>Andrea Zambrana<\/strong> (del blog fashionstyle247.com)\u00a0con <strong>total look floral<\/strong> de Ted Baker<\/p>\n<p>Mezclar prendas b\u00e1sicas con otras de plena tendencia es una f\u00f3rmula que suele dar buenos resultados a quienes se atreven a aplicarla con todas sus consecuencias. Es el caso del presentador de televisi\u00f3n Roberto Caballero, quien ha combinado con maestr\u00eda una camisa d\u00e9nim con una americana rosa y una pajarita de estampado militar a juego con sus zapatos.<\/p>\n<p>&#8230;y para cerrar la galer\u00eda, un estilismo m\u00e1s, en este caso de una de las modelos y presentadoras que tambi\u00e9n se dej\u00f3 ver en esta noche de fiesta de las compras. <strong>Juncal Rivero<\/strong> escogi\u00f3 para la ocasi\u00f3n un vestido del modisto <strong>Ion Fiz<\/strong>, una cartera bicolor de <strong>Sara Navarro<\/strong> y unas sandalias vintage \u00bfqu\u00e9 os parece?<\/p>\n<p><a href=\"\/pasarelaurbana\/wp-content\/uploads\/sites\/49\/2013\/06\/DSC09761.jpg\"><img loading=\"lazy\" class=\"aligncenter size-full wp-image-4745\" title=\"Juncal Rivero, con vetido de Ion Fiz\" src=\"\/pasarelaurbana\/wp-content\/uploads\/sites\/49\/2013\/06\/DSC09761.jpg\" alt=\"\" width=\"600\" height=\"800\" srcset=\"https:\/\/static-blogs.diariosur.es\/wp-content\/uploads\/sites\/49\/2013\/06\/DSC09761.jpg 600w, https:\/\/static-blogs.diariosur.es\/wp-content\/uploads\/sites\/49\/2013\/06\/DSC09761-225x300.jpg 225w\" sizes=\"(max-width: 600px) 100vw, 600px\" \/><\/a><\/p>\n<p>&nbsp;<\/p>\n<p>&nbsp;<\/p>\n","protected":false},"excerpt":{"rendered":"<p>\u00a1Hola amigos! Como sab\u00e9is Almudena Nogu\u00e9s se encuentra descansando, de merecidas vacaciones. As\u00ed pues, durante un par de semanas ser\u00e9 yo, Lorena Codes, quien os acerque los estilismos malague\u00f1os a pie de calle en esta particular pasarela urbana. Espero hacerlo con tan buen ojo como mi compa\u00f1era y amiga Almudena. Comenzamos con la primera velada [&hellip;]<\/p>\n","protected":false},"author":54,"featured_media":0,"comment_status":"open","ping_status":"open","sticky":false,"template":"","format":"standard","meta":[],"categories":[2],"tags":[],"_links":{"self":[{"href":"https:\/\/blogs.diariosur.es\/pasarelaurbana\/wp-json\/wp\/v2\/posts\/4742"}],"collection":[{"href":"https:\/\/blogs.diariosur.es\/pasarelaurbana\/wp-json\/wp\/v2\/posts"}],"about":[{"href":"https:\/\/blogs.diariosur.es\/pasarelaurbana\/wp-json\/wp\/v2\/types\/post"}],"author":[{"embeddable":true,"href":"https:\/\/blogs.diariosur.es\/pasarelaurbana\/wp-json\/wp\/v2\/users\/54"}],"replies":[{"embeddable":true,"href":"https:\/\/blogs.diariosur.es\/pasarelaurbana\/wp-json\/wp\/v2\/comments?post=4742"}],"version-history":[{"count":0,"href":"https:\/\/blogs.diariosur.es\/pasarelaurbana\/wp-json\/wp\/v2\/posts\/4742\/revisions"}],"wp:attachment":[{"href":"https:\/\/blogs.diariosur.es\/pasarelaurbana\/wp-json\/wp\/v2\/media?parent=4742"}],"wp:term":[{"taxonomy":"category","embeddable":true,"href":"https:\/\/blogs.diariosur.es\/pasarelaurbana\/wp-json\/wp\/v2\/categories?post=4742"},{"taxonomy":"post_tag","embeddable":true,"href":"https:\/\/blogs.diariosur.es\/pasarelaurbana\/wp-json\/wp\/v2\/tags?post=4742"}],"curies":[{"name":"wp","href":"https:\/\/api.w.org\/{rel}","templated":true}]}}