{"id":4749,"date":"2013-07-13T11:19:09","date_gmt":"2013-07-13T09:19:09","guid":{"rendered":"http:\/\/blogs.diariosur.es\/pasarelaurbana\/?p=4749"},"modified":"2013-07-13T11:19:09","modified_gmt":"2013-07-13T09:19:09","slug":"esas-chicas-monisimas","status":"publish","type":"post","link":"https:\/\/blogs.diariosur.es\/pasarelaurbana\/2013\/07\/13\/esas-chicas-monisimas\/","title":{"rendered":"Esas chicas &#039;mon\u00edsimas&#039;"},"content":{"rendered":"<p><strong>El mono resiste el paso del tiempo y se convierte en una de las prendas m\u00e1s vers\u00e1tiles del armario<\/strong><\/p>\n<p style=\"text-align: center;\">Se asom\u00f3 t\u00edmidamente a las pasarelas internacionales hace ya algunas temporadas, de la mano de los creadores m\u00e1s j\u00f3venes y arriesgados. Sus primeros pasos en la calle no tardaron en llegar y el mono qued\u00f3 refrendado como nuevo \u2018must have\u2019 en desfiles de algunos grandes como Lanvin, Stella McCartney o Marc Jacobs, entre otros. En el plano nacional, lo han incorporado a sus colecciones para el pr\u00f3ximo invierno varios modistos como Juanjo Oliva, Miguel Palacio, Roberto Torreta, Ailanto o el malague\u00f1o David Delf\u00edn, que lo escogi\u00f3 para cerrar su desfile en un elegante modelo negro que luci\u00f3 Bimba Bos\u00e9. Su descendimiento a los altares de la pasarela urbana se debe, en buena parte, a la variedad de cortes y patronajes que ofrecen las firmas. desde la versi\u00f3n corta, m\u00e1s fresca y veraniega, a las m\u00e1s recientes interpretaciones con la parte inferior de pierna ancha. Entre las apuestas seguras est\u00e1n los dise\u00f1os \u2018deluxe\u2019, ideales para sustituir a los vestidos de fiesta en ocasiones especiales y eventos. Firmas como Dal Bat o Black Lily (en L\u2019Etude M\u00e1laga) o Panambi (Thirty 30) han adaptado a la perfecci\u00f3n esta tendencia que arrasa entre las celebrities. Por \u00faltimo, no podemos olvidarnos de una de las interpretaciones con m\u00e1s solera de esta prenda: el mono vaquero o \u2018jeans jumpsuit\u2019. Si en los noventa no hab\u00eda armario que se preciara que no tuviera su mono (entonces peto) vaquero, ahora parecen volver para quedarse. Puedes lucirlo en la versi\u00f3n sport, la menos arriesgada, con zapatillas y una camiseta b\u00e1sica. Sin embargo, para un plus de estilo, atr\u00e9vete a a\u00f1adirle unos complementos joya sobresalientes y un tac\u00f3n de unos cuantos cent\u00edmetros. Seguro que lucir\u00e1s mon\u00edsima.<\/p>\n<p style=\"text-align: center;\"><a href=\"\/pasarelaurbana\/wp-content\/uploads\/sites\/49\/2013\/07\/DSC09789.jpg\"><img loading=\"lazy\" class=\"aligncenter size-full wp-image-4750\" title=\"DSC09789\" src=\"\/pasarelaurbana\/wp-content\/uploads\/sites\/49\/2013\/07\/DSC09789.jpg\" alt=\"\" width=\"600\" height=\"800\" srcset=\"https:\/\/static-blogs.diariosur.es\/wp-content\/uploads\/sites\/49\/2013\/07\/DSC09789.jpg 600w, https:\/\/static-blogs.diariosur.es\/wp-content\/uploads\/sites\/49\/2013\/07\/DSC09789-225x300.jpg 225w\" sizes=\"(max-width: 600px) 100vw, 600px\" \/><\/a><strong>Mar\u00eda Zafra<\/strong>: Mono, Zara; Sandalias, Sorolla; Bolso, Zara; Gafas, Rayban.<\/p>\n<p style=\"text-align: center;\"><!--more--><\/p>\n<p style=\"text-align: center;\"><strong>Un estampado rom\u00e1ntico, aupado por los complementos<\/strong><\/p>\n<p>Mar\u00eda Zafra lo tiene claro: \u00abPara ir de rebajas, nada mejor que un look c\u00f3modo y fresquito que soporte las largas jornadas de colas y paseos\u00bb. Su elecci\u00f3n para un d\u00eda de compras en familia fue un mono en beige con un sencillo estampado de p\u00e1jaros, que confiere a la prenda un aire rom\u00e1ntico. Ajustado en la cintura, esta versi\u00f3n de la prenda de moda estiliza y rejuvenece. Para completar su estilismo, Mar\u00eda se rode\u00f3 de complementos a la \u00faltima. Unas gafas bicolor Rayban a\u00f1aden al conjunto un toque moderno, que contrasta con el resto del look. Los flecos fueron los protagonistas del resto de accesorios en esta ocasi\u00f3n. En un original tono verde manzana en los zapatos y en un b\u00e1sico beige m\u00e1s oscuro para el bolso. Lo mejor de la elecci\u00f3n de Mar\u00eda es la comodidad, seg\u00fan explic\u00f3. Como broche de oro, la protagonista de nuestra pasarela urbana se coloc\u00f3 una pulsera de Bimba y Lola con un insecto en el cierre, a juego con los dibujos del mono.<\/p>\n<p>&nbsp;<\/p>\n<p style=\"text-align: center;\"><a href=\"\/pasarelaurbana\/wp-content\/uploads\/sites\/49\/2013\/07\/DSC098751.jpg\"><img loading=\"lazy\" class=\"aligncenter size-full wp-image-4754\" title=\"DSC09875\" src=\"\/pasarelaurbana\/wp-content\/uploads\/sites\/49\/2013\/07\/DSC098751.jpg\" alt=\"\" width=\"600\" height=\"800\" srcset=\"https:\/\/static-blogs.diariosur.es\/wp-content\/uploads\/sites\/49\/2013\/07\/DSC098751.jpg 600w, https:\/\/static-blogs.diariosur.es\/wp-content\/uploads\/sites\/49\/2013\/07\/DSC098751-225x300.jpg 225w\" sizes=\"(max-width: 600px) 100vw, 600px\" \/><\/a>\u00a0\u00a0\u00a0\u00a0\u00a0\u00a0\u00a0\u00a0\u00a0\u00a0\u00a0\u00a0\u00a0\u00a0\u00a0\u00a0\u00a0\u00a0\u00a0\u00a0 Roc\u00edo P\u00e9rez; Mono, Mango; Sandalias, Sfera; Bolso, Jo&#038;MrJoe.<\/p>\n<p style=\"text-align: center;\"><strong>El print floral tambi\u00e9n tiene su versi\u00f3n en mono<\/strong><\/p>\n<p>Roc\u00edo P\u00e9rez (comercial) se enfund\u00f3 el mono con estampado floral para una de las primeras veladas veraniegas. Un modelo de Mango, la firma que m\u00e1s ha versionado esta prenda en su \u00faltima colecci\u00f3n. Los encontramos en versi\u00f3n bicolor, con solapa, escote trasero&#8230; y un sinf\u00edn de dise\u00f1os para todas las siluetas. El que escogi\u00f3 Mar\u00eda, adem\u00e1s de llevar el estampado de moda, resulta muy favorecedor por su corte ajustado en la cintura y con un coqueto volante en el escote. Unas sandalias joya y un bolso en tonos m\u00e1s suaves equilibran a la perfecci\u00f3n el estilismo.<\/p>\n<p>&nbsp;<\/p>\n<p><a href=\"\/pasarelaurbana\/wp-content\/uploads\/sites\/49\/2013\/07\/DSC09879.jpg\"><img loading=\"lazy\" class=\"aligncenter size-full wp-image-4752\" title=\"DSC09879\" src=\"\/pasarelaurbana\/wp-content\/uploads\/sites\/49\/2013\/07\/DSC09879.jpg\" alt=\"\" width=\"600\" height=\"800\" srcset=\"https:\/\/static-blogs.diariosur.es\/wp-content\/uploads\/sites\/49\/2013\/07\/DSC09879.jpg 600w, https:\/\/static-blogs.diariosur.es\/wp-content\/uploads\/sites\/49\/2013\/07\/DSC09879-225x300.jpg 225w\" sizes=\"(max-width: 600px) 100vw, 600px\" \/><\/a><\/p>\n<p style=\"text-align: center;\">\u00a0Marta Iglesias; Mono, Zara; Sandalias, Pull&Bear; Bolso, Zara; Colgante, Hago.<\/p>\n<p><strong>Las tribus urbanas tambi\u00e9n tienen su mono<\/strong><\/p>\n<p>El tan recurrente estampado \u00e9tnico es el protagonista del mono en versi\u00f3n corta que nos muestra la estudiante de Arquitectura Marta Iglesias. Un estilo que se ve reforzado por las sandalias de cuero y cordones atadas al tobillo, que confieren al conjunto un aire sofisticado. Para completar este look tan c\u00f3modo y favorecedor, Marta escogi\u00f3 uno de los accesorios de moda esta temporada: los colgantes en versi\u00f3n midi. \u00c9ste en forma de c\u00edrculo es de la firma Hago.<\/p>\n<p><a href=\"\/pasarelaurbana\/wp-content\/uploads\/sites\/49\/2013\/07\/DSC09883.jpg\"><img loading=\"lazy\" class=\"aligncenter size-full wp-image-4753\" title=\"DSC09883\" src=\"\/pasarelaurbana\/wp-content\/uploads\/sites\/49\/2013\/07\/DSC09883.jpg\" alt=\"\" width=\"600\" height=\"800\" srcset=\"https:\/\/static-blogs.diariosur.es\/wp-content\/uploads\/sites\/49\/2013\/07\/DSC09883.jpg 600w, https:\/\/static-blogs.diariosur.es\/wp-content\/uploads\/sites\/49\/2013\/07\/DSC09883-225x300.jpg 225w\" sizes=\"(max-width: 600px) 100vw, 600px\" \/><\/a><\/p>\n<p style=\"text-align: center;\">\u00a0Fuensanta Clavija; Mono, Zara; Sandalias: Parfois; Bolso, Stradivarius.<\/p>\n<p><strong>Clasic &#8216;pin up&#8217; para elevar un look de noche<\/strong><\/p>\n<p>La reci\u00e9n titulada en Medicina Fuensanta Clavija decidi\u00f3 afrontar el calor de las noches de julio con un mono midi con un corte elegante y juvenil al mismo tiempo. El estampado de corazones resta fuerza a la silueta y le aporta un toque rom\u00e1ntico al conjunto. El mismo aire arreglado y chic lo logr\u00f3 Fuensanta al escoger sus zapatos, en este caso unas preciosas sandalias de eslabones y pedrer\u00eda en negro y dorado de la firma Parfois, a las que no pudo resistirse en uno de sus viajes. Para completar su estilismo, eligi\u00f3 un bolso de media luna en rafia natural trenzada, acorde con el estilo desenfadado que requieren los d\u00edas de verano.<\/p>\n<p>Y hasta aqu\u00ed mi humilde colaboraci\u00f3n con el blog de mi amiga Almudena, espero haberles entretenido un poco y que est\u00e9n al otro lado para darle la bienvenida la pr\u00f3xima semana. Feliz s\u00e1bado!<\/p>\n","protected":false},"excerpt":{"rendered":"<p>El mono resiste el paso del tiempo y se convierte en una de las prendas m\u00e1s vers\u00e1tiles del armario Se asom\u00f3 t\u00edmidamente a las pasarelas internacionales hace ya algunas temporadas, de la mano de los creadores m\u00e1s j\u00f3venes y arriesgados. Sus primeros pasos en la calle no tardaron en llegar y el mono qued\u00f3 refrendado [&hellip;]<\/p>\n","protected":false},"author":54,"featured_media":0,"comment_status":"open","ping_status":"open","sticky":false,"template":"","format":"standard","meta":[],"categories":[2],"tags":[],"_links":{"self":[{"href":"https:\/\/blogs.diariosur.es\/pasarelaurbana\/wp-json\/wp\/v2\/posts\/4749"}],"collection":[{"href":"https:\/\/blogs.diariosur.es\/pasarelaurbana\/wp-json\/wp\/v2\/posts"}],"about":[{"href":"https:\/\/blogs.diariosur.es\/pasarelaurbana\/wp-json\/wp\/v2\/types\/post"}],"author":[{"embeddable":true,"href":"https:\/\/blogs.diariosur.es\/pasarelaurbana\/wp-json\/wp\/v2\/users\/54"}],"replies":[{"embeddable":true,"href":"https:\/\/blogs.diariosur.es\/pasarelaurbana\/wp-json\/wp\/v2\/comments?post=4749"}],"version-history":[{"count":0,"href":"https:\/\/blogs.diariosur.es\/pasarelaurbana\/wp-json\/wp\/v2\/posts\/4749\/revisions"}],"wp:attachment":[{"href":"https:\/\/blogs.diariosur.es\/pasarelaurbana\/wp-json\/wp\/v2\/media?parent=4749"}],"wp:term":[{"taxonomy":"category","embeddable":true,"href":"https:\/\/blogs.diariosur.es\/pasarelaurbana\/wp-json\/wp\/v2\/categories?post=4749"},{"taxonomy":"post_tag","embeddable":true,"href":"https:\/\/blogs.diariosur.es\/pasarelaurbana\/wp-json\/wp\/v2\/tags?post=4749"}],"curies":[{"name":"wp","href":"https:\/\/api.w.org\/{rel}","templated":true}]}}