{"id":4757,"date":"2013-07-16T14:48:58","date_gmt":"2013-07-16T12:48:58","guid":{"rendered":"http:\/\/blogs.diariosur.es\/pasarelaurbana\/?p=4757"},"modified":"2013-07-16T14:48:58","modified_gmt":"2013-07-16T12:48:58","slug":"algunos-tesoros-de-la-nueva-temporada-la-moda-que-viene-este-otono","status":"publish","type":"post","link":"https:\/\/blogs.diariosur.es\/pasarelaurbana\/2013\/07\/16\/algunos-tesoros-de-la-nueva-temporada-la-moda-que-viene-este-otono\/","title":{"rendered":"Algunos tesoros de la nueva temporada: la moda que viene este oto\u00f1o"},"content":{"rendered":"<p style=\"text-align: center;\">\u00a1\u00a1\u00a1\u00a1Buenas!!!!! \u00a1Ya estoy de vuelta! Tras unas breves vacaciones (las vacaciones siempre saben a poco) vulevo a la carga con muchas ganas y energ\u00edas renovadas.\u00a0 Deciros que por una vez en mi vida -y sin que sirva de precendente- este verano no he pisado las rebajas. (lo se, ni vosotros ni mi marido ni mi VISA os lo pod\u00e9is creer, pero as\u00ed es). Menorca y sus maravillosas calas me han dejado inmersa en un estado zen del que me resisto a salir y eso de pensar en rebuscar entre monta\u00f1as de trapitos y esperar colas&#8230;uffff como que no me motiva nada. Eso y que (para que enga\u00f1aros) una se va haciendo mayor y se\u00f1oritinga y cada vez busca menos agobios y m\u00e1s comodidad. El sentido pr\u00e1ctico me ha invadido y me he esforzado por autoconvencerme a mi misma al abrir mi apretujado armario -donde no me cabe un alfiler pese a que mand\u00e9 a mi santo (como dir\u00eda la gran Elvira Lindo) al exilio- de que no necesito nada m\u00e1s para esta temporada&#8230;Pero s\u00ed para la que viene (jejejejeeje). Y llegados a este punto arranca mi post de hoy (y mi delito). No gasto en rebajas&#8230;pero ya tengo los dientes largos con el avance de lo nuevo que acaban de salir del horno y empieza a llegar a las tiendas estos d\u00edas a cuentagotas.<\/p>\n<p style=\"text-align: center;\">\u00bfQu\u00e9 llevaremos este oto\u00f1o? Pues, de momento, por lo que he podido bichear por la Red, m\u00e1s de los mismo. LLueve sobre mojado. A vueltas con el animal print, las beisboleras, los monos, el bicolor blanco y negro, los short desgastados, los cortes babydoll, el militar, alguna que otra tachuelas (aunque por suerte mucho menos)&#8230;Os confieso que por ahora las colecciones me aburren y mucho. Poco que me sorprenda o me entusiasme. Como novedad (por decir algo) en los pr\u00f3ximos meses las faldas se alargar\u00e1n hasta la rodilla (una tendencia que ya arras\u00f3 en los noventa y con la que una servidora que es bajita no comulga nada porque sienta fatal si no tienes la estatura adecuada). Todo apunta a que el corte l\u00e1piz reinar\u00e1, como tambi\u00e9n lo har\u00e1n los jersey tipo mini pull (otro horror) o colores c\u00e1lidos como el calabaza.<\/p>\n<p style=\"text-align: center;\">Para abrir boca os dejo con una selecci\u00f3n de algunos de los tesoros que me han conquistado (lo dicho, son poquitos, pero algo hay). \u00a1Espero que os gusten! \u00a1Hasta ma\u00f1ana! (Os espero en Twitter:@almunogues)<\/p>\n<p style=\"text-align: center;\">PD: Desde aqu\u00ed agradecerle a mi gran amiga y compa\u00f1era Lorena Codes el haber actualizado en mi ausencia el blog cada semana con lo mejor del street style malague\u00f1o. \u00a1Un mill\u00f3n de gracias por hacerlo taaaaaaan bien! Por cierto, el pr\u00f3ximo jueves ambas participaremos en la I Wedding Night de Gente de M\u00e1laga, un acto organizado con mucho mimo y que tiene una pinta estupenda. Ya os ir\u00e9 contando m\u00e1s cositas de este evento tan interesante sobre el mundo nupcial (m\u00e1s info <strong><a href=\"http:\/\/malagaweddingnight.diariosur.es\/\" rel=\"external nofollow\">aqui<\/a><\/strong>).<\/p>\n<p><a href=\"\/pasarelaurbana\/wp-content\/uploads\/sites\/49\/2013\/07\/collarfloreszara.jpg\"><img loading=\"lazy\" class=\"aligncenter  wp-image-4766\" title=\"collarfloreszara\" src=\"\/pasarelaurbana\/wp-content\/uploads\/sites\/49\/2013\/07\/collarfloreszara.jpg\" alt=\"\" width=\"600\" height=\"696\" srcset=\"https:\/\/static-blogs.diariosur.es\/wp-content\/uploads\/sites\/49\/2013\/07\/collarfloreszara.jpg 600w, https:\/\/static-blogs.diariosur.es\/wp-content\/uploads\/sites\/49\/2013\/07\/collarfloreszara-259x300.jpg 259w\" sizes=\"(max-width: 600px) 100vw, 600px\" \/><\/a><\/p>\n<p style=\"text-align: center;\">Collar de <strong>Zara<\/strong>. 29,95 euros (lo he visto puesto y os puedo confirmar que es espectacular)<\/p>\n<p style=\"text-align: center;\"><!--more--><\/p>\n<p style=\"text-align: center;\"><a href=\"\/pasarelaurbana\/wp-content\/uploads\/sites\/49\/2013\/07\/vestidomango.jpg\"><img loading=\"lazy\" class=\"aligncenter size-full wp-image-4773\" title=\"vestidomango\" src=\"\/pasarelaurbana\/wp-content\/uploads\/sites\/49\/2013\/07\/vestidomango.jpg\" alt=\"\" width=\"600\" height=\"839\" srcset=\"https:\/\/static-blogs.diariosur.es\/wp-content\/uploads\/sites\/49\/2013\/07\/vestidomango.jpg 600w, https:\/\/static-blogs.diariosur.es\/wp-content\/uploads\/sites\/49\/2013\/07\/vestidomango-215x300.jpg 215w\" sizes=\"(max-width: 600px) 100vw, 600px\" \/><\/a><\/p>\n<p style=\"text-align: center;\">Vestido (simula dos piezas) con falda l\u00e1piz en frambuesa y blusa de cuello mao con print floral (me gusta por su colorido y porque la falda dentro de la tendencia no es demasiado larga). Es de <strong>Zara<\/strong> y cuesta 55,99 euros<\/p>\n<p style=\"text-align: center;\"><a href=\"\/pasarelaurbana\/wp-content\/uploads\/sites\/49\/2013\/07\/monobka.jpg\"><img loading=\"lazy\" class=\"aligncenter size-full wp-image-4769\" title=\"monobka\" src=\"\/pasarelaurbana\/wp-content\/uploads\/sites\/49\/2013\/07\/monobka.jpg\" alt=\"\" width=\"600\" height=\"769\" srcset=\"https:\/\/static-blogs.diariosur.es\/wp-content\/uploads\/sites\/49\/2013\/07\/monobka.jpg 600w, https:\/\/static-blogs.diariosur.es\/wp-content\/uploads\/sites\/49\/2013\/07\/monobka-234x300.jpg 234w\" sizes=\"(max-width: 600px) 100vw, 600px\" \/><\/a><\/p>\n<p style=\"text-align: center;\">El mono seguir\u00e1 siendo protagonista los pr\u00f3ximos meses. \u00c9ste, bicolor de print \u00e9tnico, es de <strong>Bershka<\/strong> y vale 29,95 euros.<\/p>\n<p style=\"text-align: center;\"><a href=\"\/pasarelaurbana\/wp-content\/uploads\/sites\/49\/2013\/07\/stradivpendientes.jpg\"><img loading=\"lazy\" class=\"aligncenter size-full wp-image-4771\" title=\"stradivpendientes\" src=\"\/pasarelaurbana\/wp-content\/uploads\/sites\/49\/2013\/07\/stradivpendientes.jpg\" alt=\"\" width=\"600\" height=\"771\" srcset=\"https:\/\/static-blogs.diariosur.es\/wp-content\/uploads\/sites\/49\/2013\/07\/stradivpendientes.jpg 600w, https:\/\/static-blogs.diariosur.es\/wp-content\/uploads\/sites\/49\/2013\/07\/stradivpendientes-233x300.jpg 233w\" sizes=\"(max-width: 600px) 100vw, 600px\" \/><\/a><\/p>\n<p style=\"text-align: center;\">En materia de complementos, este oto\u00f1o llegar\u00e1 una plaga de insectos a nuestras vidas (y a nuestros joyeros). Me gustan estos pendientes de <strong>Stradivarius<\/strong>: 7,95 euros.<\/p>\n<p style=\"text-align: center;\"><a href=\"\/pasarelaurbana\/wp-content\/uploads\/sites\/49\/2013\/07\/faldaazul.jpg\"><img loading=\"lazy\" class=\"aligncenter size-full wp-image-4767\" title=\"faldaazul\" src=\"\/pasarelaurbana\/wp-content\/uploads\/sites\/49\/2013\/07\/faldaazul.jpg\" alt=\"\" width=\"600\" height=\"744\" srcset=\"https:\/\/static-blogs.diariosur.es\/wp-content\/uploads\/sites\/49\/2013\/07\/faldaazul.jpg 600w, https:\/\/static-blogs.diariosur.es\/wp-content\/uploads\/sites\/49\/2013\/07\/faldaazul-242x300.jpg 242w\" sizes=\"(max-width: 600px) 100vw, 600px\" \/><\/a><\/p>\n<p style=\"text-align: center;\">Las faldas plisadas con vuelo a la cintura son mi perdici\u00f3n. Me he enamorado de esta de <strong>Zara<\/strong> en celeste. 29,95 euros.<\/p>\n<p style=\"text-align: center;\"><a href=\"\/pasarelaurbana\/wp-content\/uploads\/sites\/49\/2013\/07\/camisetaPB.jpg\"><img loading=\"lazy\" class=\"aligncenter size-full wp-image-4765\" title=\"camisetaPB\" src=\"\/pasarelaurbana\/wp-content\/uploads\/sites\/49\/2013\/07\/camisetaPB.jpg\" alt=\"\" width=\"600\" height=\"767\" srcset=\"https:\/\/static-blogs.diariosur.es\/wp-content\/uploads\/sites\/49\/2013\/07\/camisetaPB.jpg 600w, https:\/\/static-blogs.diariosur.es\/wp-content\/uploads\/sites\/49\/2013\/07\/camisetaPB-235x300.jpg 235w\" sizes=\"(max-width: 600px) 100vw, 600px\" \/><\/a><\/p>\n<p style=\"text-align: center;\">La inspiraci\u00f3n beisbolera seguir\u00e1 imbatible esta nueva temporada. El pasado invierno ca\u00ed y me compr\u00e9 una sudadera que lo cierto es que bien combinada tiene su punto. Me gusta esta camiseta de <strong>Pull&#038;Bear<\/strong> (con mi inicial adem\u00e1s, jejeje). Cuesta 12,99 euros.<\/p>\n<p style=\"text-align: center;\"><a href=\"\/pasarelaurbana\/wp-content\/uploads\/sites\/49\/2013\/07\/botas.jpg\"><img loading=\"lazy\" class=\"aligncenter size-full wp-image-4764\" title=\"botas\" src=\"\/pasarelaurbana\/wp-content\/uploads\/sites\/49\/2013\/07\/botas.jpg\" alt=\"\" width=\"600\" height=\"600\" srcset=\"https:\/\/static-blogs.diariosur.es\/wp-content\/uploads\/sites\/49\/2013\/07\/botas.jpg 600w, https:\/\/static-blogs.diariosur.es\/wp-content\/uploads\/sites\/49\/2013\/07\/botas-150x150.jpg 150w, https:\/\/static-blogs.diariosur.es\/wp-content\/uploads\/sites\/49\/2013\/07\/botas-300x300.jpg 300w\" sizes=\"(max-width: 600px) 100vw, 600px\" \/><\/a><\/p>\n<p style=\"text-align: center;\">Muy chulos estos botines de estampado navajo (otro que se resiste a abandonar nuestros armarios). Cuestan 45,99 y los firma<strong> Zara<\/strong>.<\/p>\n<p style=\"text-align: center;\"><a href=\"\/pasarelaurbana\/wp-content\/uploads\/sites\/49\/2013\/07\/vestidovaquerohm.jpg\"><img loading=\"lazy\" class=\"aligncenter size-full wp-image-4762\" title=\"vestidovaquerohm\" src=\"\/pasarelaurbana\/wp-content\/uploads\/sites\/49\/2013\/07\/vestidovaquerohm.jpg\" alt=\"\" width=\"600\" height=\"702\" srcset=\"https:\/\/static-blogs.diariosur.es\/wp-content\/uploads\/sites\/49\/2013\/07\/vestidovaquerohm.jpg 600w, https:\/\/static-blogs.diariosur.es\/wp-content\/uploads\/sites\/49\/2013\/07\/vestidovaquerohm-256x300.jpg 256w\" sizes=\"(max-width: 600px) 100vw, 600px\" \/><\/a><\/p>\n<p style=\"text-align: center;\">Me gusta el corte de este vestido y su tejido denim, de <strong>H&#038;M<\/strong>: 49,95 euros.<\/p>\n<p style=\"text-align: center;\"><a href=\"\/pasarelaurbana\/wp-content\/uploads\/sites\/49\/2013\/07\/blusamango.jpg\"><img loading=\"lazy\" class=\"aligncenter size-full wp-image-4763\" title=\"blusamango\" src=\"\/pasarelaurbana\/wp-content\/uploads\/sites\/49\/2013\/07\/blusamango.jpg\" alt=\"\" width=\"599\" height=\"838\" srcset=\"https:\/\/static-blogs.diariosur.es\/wp-content\/uploads\/sites\/49\/2013\/07\/blusamango.jpg 599w, https:\/\/static-blogs.diariosur.es\/wp-content\/uploads\/sites\/49\/2013\/07\/blusamango-214x300.jpg 214w\" sizes=\"(max-width: 599px) 100vw, 599px\" \/><\/a><\/p>\n<p style=\"text-align: center;\">Camisa azul marino con cuello beb\u00e9 de contraste, de<strong> Mango<\/strong>: 22,99 euros. Sencilla pero muy combinable<\/p>\n<p style=\"text-align: center;\">Y vosotras, \u00bfcon qu\u00e9 os qued\u00e1is? \u00a1Hasta ma\u00f1ana!<\/p>\n<p>&nbsp;<\/p>\n","protected":false},"excerpt":{"rendered":"<p>\u00a1\u00a1\u00a1\u00a1Buenas!!!!! \u00a1Ya estoy de vuelta! Tras unas breves vacaciones (las vacaciones siempre saben a poco) vulevo a la carga con muchas ganas y energ\u00edas renovadas.\u00a0 Deciros que por una vez en mi vida -y sin que sirva de precendente- este verano no he pisado las rebajas. (lo se, ni vosotros ni mi marido ni mi [&hellip;]<\/p>\n","protected":false},"author":54,"featured_media":0,"comment_status":"open","ping_status":"open","sticky":false,"template":"","format":"standard","meta":[],"categories":[2],"tags":[],"_links":{"self":[{"href":"https:\/\/blogs.diariosur.es\/pasarelaurbana\/wp-json\/wp\/v2\/posts\/4757"}],"collection":[{"href":"https:\/\/blogs.diariosur.es\/pasarelaurbana\/wp-json\/wp\/v2\/posts"}],"about":[{"href":"https:\/\/blogs.diariosur.es\/pasarelaurbana\/wp-json\/wp\/v2\/types\/post"}],"author":[{"embeddable":true,"href":"https:\/\/blogs.diariosur.es\/pasarelaurbana\/wp-json\/wp\/v2\/users\/54"}],"replies":[{"embeddable":true,"href":"https:\/\/blogs.diariosur.es\/pasarelaurbana\/wp-json\/wp\/v2\/comments?post=4757"}],"version-history":[{"count":0,"href":"https:\/\/blogs.diariosur.es\/pasarelaurbana\/wp-json\/wp\/v2\/posts\/4757\/revisions"}],"wp:attachment":[{"href":"https:\/\/blogs.diariosur.es\/pasarelaurbana\/wp-json\/wp\/v2\/media?parent=4757"}],"wp:term":[{"taxonomy":"category","embeddable":true,"href":"https:\/\/blogs.diariosur.es\/pasarelaurbana\/wp-json\/wp\/v2\/categories?post=4757"},{"taxonomy":"post_tag","embeddable":true,"href":"https:\/\/blogs.diariosur.es\/pasarelaurbana\/wp-json\/wp\/v2\/tags?post=4757"}],"curies":[{"name":"wp","href":"https:\/\/api.w.org\/{rel}","templated":true}]}}