{"id":4776,"date":"2013-07-20T09:54:04","date_gmt":"2013-07-20T07:54:04","guid":{"rendered":"http:\/\/blogs.diariosur.es\/pasarelaurbana\/?p=4776"},"modified":"2013-07-20T09:54:04","modified_gmt":"2013-07-20T07:54:04","slug":"el-armario-de-javier-alcantara","status":"publish","type":"post","link":"https:\/\/blogs.diariosur.es\/pasarelaurbana\/2013\/07\/20\/el-armario-de-javier-alcantara\/","title":{"rendered":"El armario de Javier Alc\u00e1ntara"},"content":{"rendered":"<p style=\"text-align: center;\">Las mezclas le definen. \u00abNunca he ido de uniforme\u00bb, asegura tajante un Javier Alc\u00e1ntara que, con la edad, ha ido sumando riesgo a sus looks sin importarle el qu\u00e9 dir\u00e1n. Lejos quedan ya aquellos a\u00f1os de la d\u00e9cada de los ochenta en los que la verg\u00fcenza se apoderaba de \u00e9l cada vez que enfilaba los pasillos del instituto con sus inseparables corbatas de piel, tendencia de la \u00e9poca. \u00abSiempre he sido muy t\u00edmido pero con el tiempo he ido afianzando mi estilo y mi personalidad en el vestir sin importarme que me miren\u00bb, confiesa este dise\u00f1ador malague\u00f1o de alta costura desde su atelier, en la c\u00e9ntrica calle Juan D\u00edaz, donde lleva 18 a\u00f1os d\u00e1ndole a la aguja.<br \/>\nHijo de modista, Alc\u00e1ntara empez\u00f3 Arquitectura pero enseguida supo que no era su camino y lo dej\u00f3 al acabar el primer curso.\u00a0 Tras una infancia entre patronajes y tejidos\u00a0 no dud\u00f3 en seguir los pasos de su madre y entregarse a una disciplina que para \u00e9l es \u00abpasi\u00f3n y diversi\u00f3n\u00bb. Un juego en el que no tiene reparos en probar combinaciones poco convencionales. \u00bfSus favoritas? Las bases cl\u00e1sicas con toques modernos, \u00abpara no ser excesivamente extravagante\u00bb. Un binomio que, como recalca, rige cada \u00e1mbito de su vida: desde la decoraci\u00f3n de su taller hasta cada una de sus colecciones.<br \/>\n\u00bfSus b\u00e1sicos?\u00abUn buen pantal\u00f3n vaquero, una blazer (azul marino en verano y negra en invierno) y una camisa blanca\u00bb, apunta. En sus \u2018looks\u2019 de d\u00eda no faltan las chaquetas, que se atreve a maridar durante los meses estivales con camisetas de pico en tonos neutros, bermudas y sandalias. \u00abSobre todo busco ir c\u00f3modo y con un punto arreglado por motivos de agenda de trabajo\u00bb, advierte.<br \/>\nSu estado de \u00e1nimo es la clave que determina su \u2018outfit\u2019 diario. \u00abMe visto en funci\u00f3n de como me sienta y de los actos que tenga programados. Cuando vengo de negro las modistas se echan a temblar\u00bb bromea el dise\u00f1ador para quien la elegancia es la meta en sus estilismos de noche, donde priman las prendas cl\u00e1sicas en tonos oscuros rematadas por complementos protagonistas, como pajaritas, pa\u00f1uelos o broches joya que le aporten el aire de distinci\u00f3n que persigue. \u00bfUna man\u00eda confesable? Es poco amigo del rojo, un tono que intenta evitar en su vestidor, escrupulosamente ordenado por prendas y colores. \u00abAnte todo busco sentirme agusto conmigo mismo y mantener mi identidad\u00bb, concluye.<\/p>\n<p style=\"text-align: center;\">Os dejo con los estilismos del dise\u00f1ador al detalle de la mano de las magn\u00edficas fotos de mi compa\u00f1era <em>Yhasmina Garc\u00eda<\/em>. \u00a1Espero que os guste! \u00a1Feliz fin de semana!<\/p>\n<p style=\"text-align: center;\"><a href=\"\/pasarelaurbana\/wp-content\/uploads\/sites\/49\/2013\/07\/10.jpg\"><img loading=\"lazy\" class=\"aligncenter size-full wp-image-4787\" title=\"10\" src=\"\/pasarelaurbana\/wp-content\/uploads\/sites\/49\/2013\/07\/10.jpg\" alt=\"\" width=\"600\" height=\"400\" srcset=\"https:\/\/static-blogs.diariosur.es\/wp-content\/uploads\/sites\/49\/2013\/07\/10.jpg 600w, https:\/\/static-blogs.diariosur.es\/wp-content\/uploads\/sites\/49\/2013\/07\/10-300x200.jpg 300w\" sizes=\"(max-width: 600px) 100vw, 600px\" \/><\/a><!--more--><span style=\"text-decoration: underline;\"><strong>LOOK DE D\u00cdA<\/strong><\/span>: Sahariana con camiseta b\u00e1sica y pantal\u00f3n tipo pijama<\/p>\n<p style=\"text-align: center;\"><a href=\"\/pasarelaurbana\/wp-content\/uploads\/sites\/49\"><img loading=\"lazy\" class=\"aligncenter size-full wp-image-4783\" title=\"6\" src=\"\/pasarelaurbana\/wp-content\/uploads\/sites\/49\" alt=\"\" width=\"600\" height=\"900\" \/><\/a><\/p>\n<p style=\"text-align: center;\"><a href=\"\/pasarelaurbana\/wp-content\/uploads\/sites\/49\"><img loading=\"lazy\" class=\"aligncenter size-full wp-image-4784\" title=\"7\" src=\"\/pasarelaurbana\/wp-content\/uploads\/sites\/49\" alt=\"\" width=\"600\" height=\"400\" \/><\/a><\/p>\n<p style=\"text-align: center;\"><a href=\"\/pasarelaurbana\/wp-content\/uploads\/sites\/49\"><img loading=\"lazy\" class=\"aligncenter size-full wp-image-4785\" title=\"8\" src=\"\/pasarelaurbana\/wp-content\/uploads\/sites\/49\" alt=\"\" width=\"600\" height=\"400\" \/><\/a><\/p>\n<p style=\"text-align: center;\"><a href=\"\/pasarelaurbana\/wp-content\/uploads\/sites\/49\"><img loading=\"lazy\" class=\"aligncenter size-full wp-image-4786\" title=\"9\" src=\"\/pasarelaurbana\/wp-content\/uploads\/sites\/49\" alt=\"\" width=\"600\" height=\"900\" \/><\/a><\/p>\n<p style=\"text-align: center;\">Chaqueta sahariana beige,\u00a0 pantalones de cashmere tipo pijama de <strong>Zara<\/strong> y sandalias <strong>Dsquared<\/strong> para un look de d\u00eda.<\/p>\n<p style=\"text-align: center;\"><strong><span style=\"text-decoration: underline;\">LOOK DE NOCHE<\/span><\/strong>: Un &#8216;outfit&#8217; de aires british donde los complementos son protagonistas<\/p>\n<p style=\"text-align: center;\"><a href=\"\/pasarelaurbana\/wp-content\/uploads\/sites\/49\/2013\/07\/12.jpg\"><img loading=\"lazy\" class=\"aligncenter size-full wp-image-4789\" title=\"12\" src=\"\/pasarelaurbana\/wp-content\/uploads\/sites\/49\/2013\/07\/12.jpg\" alt=\"\" width=\"600\" height=\"900\" srcset=\"https:\/\/static-blogs.diariosur.es\/wp-content\/uploads\/sites\/49\/2013\/07\/12.jpg 600w, https:\/\/static-blogs.diariosur.es\/wp-content\/uploads\/sites\/49\/2013\/07\/12-200x300.jpg 200w\" sizes=\"(max-width: 600px) 100vw, 600px\" \/><\/a><\/p>\n<p style=\"text-align: center;\"><a href=\"\/pasarelaurbana\/wp-content\/uploads\/sites\/49\/2013\/07\/13.jpg\"><img loading=\"lazy\" class=\"aligncenter size-full wp-image-4790\" title=\"13\" src=\"\/pasarelaurbana\/wp-content\/uploads\/sites\/49\/2013\/07\/13.jpg\" alt=\"\" width=\"600\" height=\"400\" srcset=\"https:\/\/static-blogs.diariosur.es\/wp-content\/uploads\/sites\/49\/2013\/07\/13.jpg 600w, https:\/\/static-blogs.diariosur.es\/wp-content\/uploads\/sites\/49\/2013\/07\/13-300x200.jpg 300w\" sizes=\"(max-width: 600px) 100vw, 600px\" \/><\/a><\/p>\n<p style=\"text-align: center;\"><a href=\"\/pasarelaurbana\/wp-content\/uploads\/sites\/49\/2013\/07\/14.jpg\"><img loading=\"lazy\" class=\"aligncenter size-full wp-image-4791\" title=\"14\" src=\"\/pasarelaurbana\/wp-content\/uploads\/sites\/49\/2013\/07\/14.jpg\" alt=\"\" width=\"600\" height=\"400\" srcset=\"https:\/\/static-blogs.diariosur.es\/wp-content\/uploads\/sites\/49\/2013\/07\/14.jpg 600w, https:\/\/static-blogs.diariosur.es\/wp-content\/uploads\/sites\/49\/2013\/07\/14-300x200.jpg 300w\" sizes=\"(max-width: 600px) 100vw, 600px\" \/><\/a><\/p>\n<p style=\"text-align: center;\"><a href=\"\/pasarelaurbana\/wp-content\/uploads\/sites\/49\/2013\/07\/15.jpg\"><img loading=\"lazy\" class=\"aligncenter size-full wp-image-4777\" title=\"15\" src=\"\/pasarelaurbana\/wp-content\/uploads\/sites\/49\/2013\/07\/15.jpg\" alt=\"\" width=\"600\" height=\"400\" srcset=\"https:\/\/static-blogs.diariosur.es\/wp-content\/uploads\/sites\/49\/2013\/07\/15.jpg 600w, https:\/\/static-blogs.diariosur.es\/wp-content\/uploads\/sites\/49\/2013\/07\/15-300x200.jpg 300w\" sizes=\"(max-width: 600px) 100vw, 600px\" \/><\/a><\/p>\n<p style=\"text-align: center;\"><a href=\"\/pasarelaurbana\/wp-content\/uploads\/sites\/49\/2013\/07\/16.jpg\"><img loading=\"lazy\" class=\"aligncenter  wp-image-4793\" title=\"16\" src=\"\/pasarelaurbana\/wp-content\/uploads\/sites\/49\/2013\/07\/16.jpg\" alt=\"\" width=\"600\" height=\"400\" srcset=\"https:\/\/static-blogs.diariosur.es\/wp-content\/uploads\/sites\/49\/2013\/07\/16.jpg 600w, https:\/\/static-blogs.diariosur.es\/wp-content\/uploads\/sites\/49\/2013\/07\/16-300x200.jpg 300w\" sizes=\"(max-width: 600px) 100vw, 600px\" \/><\/a><\/p>\n<p style=\"text-align: center;\">Para un \u2018look\u2019 de noche el dise\u00f1ador elige camisa blanca de <strong>Zara<\/strong>, chaqueta oscura de <strong>Rage Age<\/strong> y pantalones tipo \u2018british\u2019 a rayas de <strong>Lanvin<\/strong>. Los zapatos son de <strong>Zara<\/strong>. \u00bfLos complementos? El broche-flor de<strong> Lanvin<\/strong> y el pa\u00f1uelo del bolsillo de la chaqueta de<strong> Soloio.<\/strong><\/p>\n<p style=\"text-align: center;\"><span style=\"text-decoration: underline;\"><strong>PARA UN EVENTO<\/strong><\/span>: Blazer azul\u00f3n-+pantal\u00f3n gris-+pajarita con maxi lazada y broche vintage<\/p>\n<p style=\"text-align: center;\"><a href=\"\/pasarelaurbana\/wp-content\/uploads\/sites\/49\"><img loading=\"lazy\" class=\"aligncenter size-full wp-image-4778\" title=\"1\" src=\"\/pasarelaurbana\/wp-content\/uploads\/sites\/49\" alt=\"\" width=\"600\" height=\"900\" \/><\/a><\/p>\n<p style=\"text-align: center;\"><a href=\"\/pasarelaurbana\/wp-content\/uploads\/sites\/49\"><img loading=\"lazy\" class=\"aligncenter size-full wp-image-4779\" title=\"2\" src=\"\/pasarelaurbana\/wp-content\/uploads\/sites\/49\" alt=\"\" width=\"600\" height=\"400\" \/><\/a><\/p>\n<p style=\"text-align: center;\"><a href=\"\/pasarelaurbana\/wp-content\/uploads\/sites\/49\"><img loading=\"lazy\" class=\"aligncenter size-full wp-image-4781\" title=\"4\" src=\"\/pasarelaurbana\/wp-content\/uploads\/sites\/49\" alt=\"\" width=\"600\" height=\"900\" \/><\/a><\/p>\n<p style=\"text-align: center;\"><a href=\"\/pasarelaurbana\/wp-content\/uploads\/sites\/49\"><img loading=\"lazy\" class=\"aligncenter size-full wp-image-4780\" title=\"3\" src=\"\/pasarelaurbana\/wp-content\/uploads\/sites\/49\" alt=\"\" width=\"600\" height=\"400\" \/><\/a><\/p>\n<p style=\"text-align: center;\"><a href=\"\/pasarelaurbana\/wp-content\/uploads\/sites\/49\"><img loading=\"lazy\" class=\"aligncenter size-full wp-image-4782\" title=\"5\" src=\"\/pasarelaurbana\/wp-content\/uploads\/sites\/49\" alt=\"\" width=\"600\" height=\"400\" \/><\/a><\/p>\n<p style=\"text-align: center;\">Su apuesta para un evento especial: camisa a rayas de <strong>Dolce&#038;Gabbana<\/strong> rematada con pajarita de <strong>Lanvin<\/strong>, pantal\u00f3n gris y blazer azul\u00f3n de <strong>Hugo Boss<\/strong>. Un broche vintage en la solapa aporta el toque chic.<\/p>\n<p>&nbsp;<\/p>\n<p style=\"text-align: center;\"><span style=\"text-decoration: underline;\"><strong>SUS COMPLEMENTOS<\/strong><\/span><\/p>\n<p style=\"text-align: center;\"><a href=\"\/pasarelaurbana\/wp-content\/uploads\/sites\/49\/2013\/07\/17.jpg\"><img loading=\"lazy\" class=\"aligncenter size-full wp-image-4794\" title=\"17\" src=\"\/pasarelaurbana\/wp-content\/uploads\/sites\/49\/2013\/07\/17.jpg\" alt=\"\" width=\"600\" height=\"400\" srcset=\"https:\/\/static-blogs.diariosur.es\/wp-content\/uploads\/sites\/49\/2013\/07\/17.jpg 600w, https:\/\/static-blogs.diariosur.es\/wp-content\/uploads\/sites\/49\/2013\/07\/17-300x200.jpg 300w\" sizes=\"(max-width: 600px) 100vw, 600px\" \/><\/a><\/p>\n<p style=\"text-align: center;\">Las pajarias son pieza clave en sus estilismos. Las de arriba son de<strong> Soloio<\/strong> y <strong>Mario Teo<\/strong>.<\/p>\n<p style=\"text-align: center;\"><a href=\"\/pasarelaurbana\/wp-content\/uploads\/sites\/49\/2013\/07\/18.jpg\"><img loading=\"lazy\" class=\"aligncenter size-full wp-image-4797\" title=\"18\" src=\"\/pasarelaurbana\/wp-content\/uploads\/sites\/49\/2013\/07\/18.jpg\" alt=\"\" width=\"600\" height=\"400\" srcset=\"https:\/\/static-blogs.diariosur.es\/wp-content\/uploads\/sites\/49\/2013\/07\/18.jpg 600w, https:\/\/static-blogs.diariosur.es\/wp-content\/uploads\/sites\/49\/2013\/07\/18-300x200.jpg 300w\" sizes=\"(max-width: 600px) 100vw, 600px\" \/><\/a><\/p>\n<p style=\"text-align: center;\">Una muestra de su amplia colecci\u00f3n de fulares: de<strong> Pedro del Hierro<\/strong>,<strong> Cavalli<\/strong> y <strong>Soloio<\/strong>.<\/p>\n<p style=\"text-align: center;\"><a href=\"\/pasarelaurbana\/wp-content\/uploads\/sites\/49\/2013\/07\/19.jpg\"><img loading=\"lazy\" class=\"aligncenter size-full wp-image-4795\" title=\"19\" src=\"\/pasarelaurbana\/wp-content\/uploads\/sites\/49\/2013\/07\/19.jpg\" alt=\"\" width=\"600\" height=\"900\" srcset=\"https:\/\/static-blogs.diariosur.es\/wp-content\/uploads\/sites\/49\/2013\/07\/19.jpg 600w, https:\/\/static-blogs.diariosur.es\/wp-content\/uploads\/sites\/49\/2013\/07\/19-200x300.jpg 200w\" sizes=\"(max-width: 600px) 100vw, 600px\" \/><\/a><\/p>\n<p style=\"text-align: center;\">Para Alc\u00e1ntara los complementos son la guinda de un buen look. En la foto, algunos de sus broches.<\/p>\n<p style=\"text-align: center;\"><a href=\"\/pasarelaurbana\/wp-content\/uploads\/sites\/49\/2013\/07\/20.jpg\"><img loading=\"lazy\" class=\"aligncenter size-full wp-image-4796\" title=\"20\" src=\"\/pasarelaurbana\/wp-content\/uploads\/sites\/49\/2013\/07\/20.jpg\" alt=\"\" width=\"600\" height=\"900\" srcset=\"https:\/\/static-blogs.diariosur.es\/wp-content\/uploads\/sites\/49\/2013\/07\/20.jpg 600w, https:\/\/static-blogs.diariosur.es\/wp-content\/uploads\/sites\/49\/2013\/07\/20-200x300.jpg 200w\" sizes=\"(max-width: 600px) 100vw, 600px\" \/><\/a><\/p>\n<p style=\"text-align: center;\">Y, para terminar, una foto de una servidora con Javier en el interior de su atelier. \u00c9l lleva camiseta gris de <strong>Antonio Morato<\/strong>, blazer en el mismo tono de <strong>Zara<\/strong>, bermudas azules de <strong>Hugo Boss<\/strong> y sandalias de <strong>Zara<\/strong>. en mi caso, llevo camisa denim con tachuelas en los hombros de <strong>Bershka<\/strong> y pantal\u00f3n tapicero en rosa de <strong>Zara<\/strong>. Desde aqu\u00ed agradecerle a Javier su amabilidad y colaboraci\u00f3n en el reportaje, en el que se implic\u00f3 hasta el \u00faltimo detalle.<\/p>\n<p style=\"text-align: center;\"><a href=\"\/pasarelaurbana\/wp-content\/uploads\/sites\/49\/2013\/07\/21.jpg\"><img loading=\"lazy\" class=\"aligncenter size-full wp-image-4792\" title=\"21\" src=\"\/pasarelaurbana\/wp-content\/uploads\/sites\/49\/2013\/07\/21.jpg\" alt=\"\" width=\"600\" height=\"400\" srcset=\"https:\/\/static-blogs.diariosur.es\/wp-content\/uploads\/sites\/49\/2013\/07\/21.jpg 600w, https:\/\/static-blogs.diariosur.es\/wp-content\/uploads\/sites\/49\/2013\/07\/21-300x200.jpg 300w\" sizes=\"(max-width: 600px) 100vw, 600px\" \/><\/a><\/p>\n<p style=\"text-align: center;\"><span style=\"text-decoration: underline;\">SU RUTA DE TIENDAS<\/span><\/p>\n<p style=\"text-align: center;\">1. <strong>Zara<\/strong>. Es su tienda \u2018low cost\u2019 de cabecera. \u00abAll\u00ed encuentro de todo\u00bb.<br \/>\n2. <strong>Gucci<\/strong>. Alc\u00e1ntara es incondicional a los cinturones de la firma italiana.<br \/>\n3. <strong>Hugo Boss<\/strong>. \u00abMe encantan sus trajes, tienen un corte impecable\u00bb, afirma.<br \/>\n4.<strong> Lanvin<\/strong>. Es una de sus paradas obligadas cada vez que va a Par\u00eds.<br \/>\n5. <strong>Mario Teo<\/strong>. Las pajaritas de la firma malague\u00f1a no faltan en sus looks.<\/p>\n<p style=\"text-align: center;\">\u00a1Feliz fin de semana!<\/p>\n","protected":false},"excerpt":{"rendered":"<p>Las mezclas le definen. \u00abNunca he ido de uniforme\u00bb, asegura tajante un Javier Alc\u00e1ntara que, con la edad, ha ido sumando riesgo a sus looks sin importarle el qu\u00e9 dir\u00e1n. Lejos quedan ya aquellos a\u00f1os de la d\u00e9cada de los ochenta en los que la verg\u00fcenza se apoderaba de \u00e9l cada vez que enfilaba los [&hellip;]<\/p>\n","protected":false},"author":54,"featured_media":0,"comment_status":"open","ping_status":"open","sticky":false,"template":"","format":"standard","meta":[],"categories":[2],"tags":[],"_links":{"self":[{"href":"https:\/\/blogs.diariosur.es\/pasarelaurbana\/wp-json\/wp\/v2\/posts\/4776"}],"collection":[{"href":"https:\/\/blogs.diariosur.es\/pasarelaurbana\/wp-json\/wp\/v2\/posts"}],"about":[{"href":"https:\/\/blogs.diariosur.es\/pasarelaurbana\/wp-json\/wp\/v2\/types\/post"}],"author":[{"embeddable":true,"href":"https:\/\/blogs.diariosur.es\/pasarelaurbana\/wp-json\/wp\/v2\/users\/54"}],"replies":[{"embeddable":true,"href":"https:\/\/blogs.diariosur.es\/pasarelaurbana\/wp-json\/wp\/v2\/comments?post=4776"}],"version-history":[{"count":0,"href":"https:\/\/blogs.diariosur.es\/pasarelaurbana\/wp-json\/wp\/v2\/posts\/4776\/revisions"}],"wp:attachment":[{"href":"https:\/\/blogs.diariosur.es\/pasarelaurbana\/wp-json\/wp\/v2\/media?parent=4776"}],"wp:term":[{"taxonomy":"category","embeddable":true,"href":"https:\/\/blogs.diariosur.es\/pasarelaurbana\/wp-json\/wp\/v2\/categories?post=4776"},{"taxonomy":"post_tag","embeddable":true,"href":"https:\/\/blogs.diariosur.es\/pasarelaurbana\/wp-json\/wp\/v2\/tags?post=4776"}],"curies":[{"name":"wp","href":"https:\/\/api.w.org\/{rel}","templated":true}]}}