{"id":4798,"date":"2013-07-17T17:56:19","date_gmt":"2013-07-17T15:56:19","guid":{"rendered":"http:\/\/blogs.diariosur.es\/pasarelaurbana\/?p=4798"},"modified":"2013-07-17T17:56:19","modified_gmt":"2013-07-17T15:56:19","slug":"te-casas-pues-apunta-las-claves-para-una-boda-10","status":"publish","type":"post","link":"https:\/\/blogs.diariosur.es\/pasarelaurbana\/2013\/07\/17\/te-casas-pues-apunta-las-claves-para-una-boda-10\/","title":{"rendered":"\u00bfTe casas? \u00a1Pues apunta las claves para una boda 10!"},"content":{"rendered":"<p style=\"text-align: center;\">\u00bfTe casas? \u00bfSue\u00f1as con una boda de cuento? \u00bfQuieres sorprender a tus invitados y no sabes c\u00f3mo? \u00a1Pues SUR te ayuda! Ma\u00f1ana jueves Gente de M\u00e1laga se viste de gala para celebrar su primera\u00a0<a href=\"http:\/\/malagaweddingnight.diariosur.es\/\" rel=\"external nofollow\">Wedding Night<\/a>, una cita donde los mejores profesionales del sector nupcial \u00a0ayudar\u00e1n a los novios malague\u00f1os en el ilusionante camino hacia el s\u00ed quiero. Los jardines del Limonar 40 acoger\u00e1n este acto, que comenzar\u00e1 con el foro\u00a0&#8216;Desmontando al s\u00ed quiero&#8217;, una charla que contar\u00e1 con la presencia de la dise\u00f1adora Carmen de Pablo, una de las creadoras espa\u00f1olas con m\u00e1s personalidad en la costura de vestidos de novia; el comunicador de moda Demetrio de la Torre; la blogger nacional Marieta, de Quiero una Boda Perfecta; la wedding planner Sira Antequera, de S\u00ed Quiero; y una servidora, periodista de moda de SUR. El coloquio (para el que siento deciros que no hay entradas, lo cual es una buen\u00edsima se\u00f1al) estar\u00e1 moderado por mi querida amiga Lorena Codes, coordinadora de Gente de M\u00e1laga, suplemento donde como sab\u00e9is pod\u00e9is encontrar cada domingo mi p\u00e1gina de moda con los mejores looks del street style malague\u00f1o y el armario de destacadas personalidades del \u00e1mbito de la cultura y la sociedad malague\u00f1a.<\/p>\n<p style=\"text-align: center;\">El coloquio dar\u00e1 paso al c\u00f3ctel y a un showroom en el que los invitados podr\u00e1n aprender sobre el protocolo en la vestimenta de los novios e invitados, descubrir lo \u00faltimo en invitaciones y decoraci\u00f3n para eventos, so\u00f1ar con el relato de los viajes de luna de miel m\u00e1s ex\u00f3ticos&#8230; y como broche de oro un\u00a0sorteo entre los asistentes con regalos valorados en m\u00e1s de 5.000 euros. \u00bfSuena bien verdad?<\/p>\n<p style=\"text-align: center;\">En mi caso, adem\u00e1s de aportar mi experiencia personal (me cas\u00e9 hace tres a\u00f1os e hice un aut\u00e9ntico m\u00e1ster) me centrar\u00e9 en repasar todo lo referente a las \u00faltimas tendencias en estilismos para bodas y recordar\u00e9 alguna de las pautas b\u00e1sicas (esas de libro) para acertar con el dress code. \u00bfAlgunos ejemplos? Evitar el blanco y el negro (dos tonos prohibidos en la paleta crom\u00e1tica de los invitados), entonar el menos es m\u00e1s (si llev\u00e1is pamela o tocado optar por un vestido sencillo de un tono neutro) o descartar aquello del todo bien combinadito (eso de llevar la cartera a juego con los zapatos es un horror que ya no se lleva).<\/p>\n<p style=\"text-align: center;\">En materia de tendencias, una de las que pisa m\u00e1s fuerte esta temporada es la del turbante. El accesorio que lucieron con tanto glamour grandes iconos de la gran pantalla como\u00a0Audrey Hepburn, Joan Collins o Brigitte Bardot es la alternativa perfecta al manido tocado. Me gusta por su sabor vintage y la sofisticaci\u00f3n que imprimen a cualquier look b\u00e1sico. Celebrities de la talla de\u00a0Sarah Jessica Parker, Kate Moss o Mary Kate Olsen ya se han rendido a este complemento. Os dejo con una selecci\u00f3n de estilismos coronados por tocados, el aliado perfecto para ser una invitada 1o. Espero que os sirva de inspiraci\u00f3n. Os espero el s\u00e1bado para abriros las puertas de otro armario, en esta ocasi\u00f3n de un conocido dise\u00f1ador malague\u00f1o. \u00a1Hasta entonces! Os espero en Twitter: @almunogues<\/p>\n<p>&nbsp;<\/p>\n<p><a href=\"\/pasarelaurbana\/wp-content\/uploads\/sites\/49\/2013\/07\/boda.jpg\"><img loading=\"lazy\" class=\"aligncenter size-full wp-image-4808\" title=\"boda\" src=\"\/pasarelaurbana\/wp-content\/uploads\/sites\/49\/2013\/07\/boda.jpg\" alt=\"\" width=\"600\" height=\"516\" srcset=\"https:\/\/static-blogs.diariosur.es\/wp-content\/uploads\/sites\/49\/2013\/07\/boda.jpg 600w, https:\/\/static-blogs.diariosur.es\/wp-content\/uploads\/sites\/49\/2013\/07\/boda-300x258.jpg 300w\" sizes=\"(max-width: 600px) 100vw, 600px\" \/><\/a><\/p>\n<p><a href=\"\/pasarelaurbana\/wp-content\/uploads\/sites\/49\/2013\/07\/turbantestres.jpeg\"><img loading=\"lazy\" class=\"aligncenter size-full wp-image-4805\" title=\"turbantestres\" src=\"\/pasarelaurbana\/wp-content\/uploads\/sites\/49\/2013\/07\/turbantestres.jpeg\" alt=\"\" width=\"600\" height=\"811\" srcset=\"https:\/\/static-blogs.diariosur.es\/wp-content\/uploads\/sites\/49\/2013\/07\/turbantestres.jpeg 600w, https:\/\/static-blogs.diariosur.es\/wp-content\/uploads\/sites\/49\/2013\/07\/turbantestres-222x300.jpeg 222w\" sizes=\"(max-width: 600px) 100vw, 600px\" \/><\/a><!--more--><\/p>\n<p><a href=\"\/pasarelaurbana\/wp-content\/uploads\/sites\/49\/2013\/07\/turbantesocho.jpg\"><img loading=\"lazy\" class=\"aligncenter size-full wp-image-4802\" title=\"turbantesocho\" src=\"\/pasarelaurbana\/wp-content\/uploads\/sites\/49\/2013\/07\/turbantesocho.jpg\" alt=\"\" width=\"600\" height=\"248\" srcset=\"https:\/\/static-blogs.diariosur.es\/wp-content\/uploads\/sites\/49\/2013\/07\/turbantesocho.jpg 600w, https:\/\/static-blogs.diariosur.es\/wp-content\/uploads\/sites\/49\/2013\/07\/turbantesocho-300x124.jpg 300w\" sizes=\"(max-width: 600px) 100vw, 600px\" \/><\/a><\/p>\n<p><a href=\"\/pasarelaurbana\/wp-content\/uploads\/sites\/49\/2013\/07\/turbantesseis.jpg\"><img loading=\"lazy\" class=\"aligncenter size-full wp-image-4803\" title=\"turbantesseis\" src=\"\/pasarelaurbana\/wp-content\/uploads\/sites\/49\/2013\/07\/turbantesseis.jpg\" alt=\"\" width=\"600\" height=\"855\" srcset=\"https:\/\/static-blogs.diariosur.es\/wp-content\/uploads\/sites\/49\/2013\/07\/turbantesseis.jpg 600w, https:\/\/static-blogs.diariosur.es\/wp-content\/uploads\/sites\/49\/2013\/07\/turbantesseis-211x300.jpg 211w\" sizes=\"(max-width: 600px) 100vw, 600px\" \/><\/a><\/p>\n<p><a href=\"\/pasarelaurbana\/wp-content\/uploads\/sites\/49\/2013\/07\/turbantesdos.jpg\"><img loading=\"lazy\" class=\"aligncenter size-full wp-image-4801\" title=\"turbantesdos\" src=\"\/pasarelaurbana\/wp-content\/uploads\/sites\/49\/2013\/07\/turbantesdos.jpg\" alt=\"\" width=\"600\" height=\"261\" srcset=\"https:\/\/static-blogs.diariosur.es\/wp-content\/uploads\/sites\/49\/2013\/07\/turbantesdos.jpg 600w, https:\/\/static-blogs.diariosur.es\/wp-content\/uploads\/sites\/49\/2013\/07\/turbantesdos-300x131.jpg 300w\" sizes=\"(max-width: 600px) 100vw, 600px\" \/><\/a><\/p>\n<p><a href=\"\/pasarelaurbana\/wp-content\/uploads\/sites\/49\/2013\/07\/turbantesuno.jpg\"><img loading=\"lazy\" class=\"aligncenter size-full wp-image-4799\" title=\"turbantesuno\" src=\"\/pasarelaurbana\/wp-content\/uploads\/sites\/49\/2013\/07\/turbantesuno.jpg\" alt=\"\" width=\"600\" height=\"283\" srcset=\"https:\/\/static-blogs.diariosur.es\/wp-content\/uploads\/sites\/49\/2013\/07\/turbantesuno.jpg 600w, https:\/\/static-blogs.diariosur.es\/wp-content\/uploads\/sites\/49\/2013\/07\/turbantesuno-300x142.jpg 300w\" sizes=\"(max-width: 600px) 100vw, 600px\" \/><\/a><\/p>\n<p><a href=\"\/pasarelaurbana\/wp-content\/uploads\/sites\/49\/2013\/07\/turbantescuatro.jpg\"><img loading=\"lazy\" class=\"aligncenter size-full wp-image-4800\" title=\"turbantescuatro\" src=\"\/pasarelaurbana\/wp-content\/uploads\/sites\/49\/2013\/07\/turbantescuatro.jpg\" alt=\"\" width=\"600\" height=\"870\" srcset=\"https:\/\/static-blogs.diariosur.es\/wp-content\/uploads\/sites\/49\/2013\/07\/turbantescuatro.jpg 600w, https:\/\/static-blogs.diariosur.es\/wp-content\/uploads\/sites\/49\/2013\/07\/turbantescuatro-207x300.jpg 207w\" sizes=\"(max-width: 600px) 100vw, 600px\" \/><\/a><\/p>\n<p><a href=\"\/pasarelaurbana\/wp-content\/uploads\/sites\/49\/2013\/07\/turbantessiete.jpg\"><img loading=\"lazy\" class=\"aligncenter size-full wp-image-4804\" title=\"turbantessiete\" src=\"\/pasarelaurbana\/wp-content\/uploads\/sites\/49\/2013\/07\/turbantessiete.jpg\" alt=\"\" width=\"600\" height=\"901\" srcset=\"https:\/\/static-blogs.diariosur.es\/wp-content\/uploads\/sites\/49\/2013\/07\/turbantessiete.jpg 600w, https:\/\/static-blogs.diariosur.es\/wp-content\/uploads\/sites\/49\/2013\/07\/turbantessiete-200x300.jpg 200w\" sizes=\"(max-width: 600px) 100vw, 600px\" \/><\/a><\/p>\n<p><a href=\"\/pasarelaurbana\/wp-content\/uploads\/sites\/49\/2013\/07\/turbantestres1.jpg\"><img loading=\"lazy\" class=\"aligncenter size-full wp-image-4807\" title=\"turbantestres\" src=\"\/pasarelaurbana\/wp-content\/uploads\/sites\/49\/2013\/07\/turbantestres1.jpg\" alt=\"\" width=\"600\" height=\"424\" srcset=\"https:\/\/static-blogs.diariosur.es\/wp-content\/uploads\/sites\/49\/2013\/07\/turbantestres1.jpg 600w, https:\/\/static-blogs.diariosur.es\/wp-content\/uploads\/sites\/49\/2013\/07\/turbantestres1-300x212.jpg 300w\" sizes=\"(max-width: 600px) 100vw, 600px\" \/><\/a><\/p>\n","protected":false},"excerpt":{"rendered":"<p>\u00bfTe casas? \u00bfSue\u00f1as con una boda de cuento? \u00bfQuieres sorprender a tus invitados y no sabes c\u00f3mo? \u00a1Pues SUR te ayuda! Ma\u00f1ana jueves Gente de M\u00e1laga se viste de gala para celebrar su primera\u00a0Wedding Night, una cita donde los mejores profesionales del sector nupcial \u00a0ayudar\u00e1n a los novios malague\u00f1os en el ilusionante camino hacia el [&hellip;]<\/p>\n","protected":false},"author":54,"featured_media":0,"comment_status":"open","ping_status":"open","sticky":false,"template":"","format":"standard","meta":[],"categories":[2],"tags":[],"_links":{"self":[{"href":"https:\/\/blogs.diariosur.es\/pasarelaurbana\/wp-json\/wp\/v2\/posts\/4798"}],"collection":[{"href":"https:\/\/blogs.diariosur.es\/pasarelaurbana\/wp-json\/wp\/v2\/posts"}],"about":[{"href":"https:\/\/blogs.diariosur.es\/pasarelaurbana\/wp-json\/wp\/v2\/types\/post"}],"author":[{"embeddable":true,"href":"https:\/\/blogs.diariosur.es\/pasarelaurbana\/wp-json\/wp\/v2\/users\/54"}],"replies":[{"embeddable":true,"href":"https:\/\/blogs.diariosur.es\/pasarelaurbana\/wp-json\/wp\/v2\/comments?post=4798"}],"version-history":[{"count":0,"href":"https:\/\/blogs.diariosur.es\/pasarelaurbana\/wp-json\/wp\/v2\/posts\/4798\/revisions"}],"wp:attachment":[{"href":"https:\/\/blogs.diariosur.es\/pasarelaurbana\/wp-json\/wp\/v2\/media?parent=4798"}],"wp:term":[{"taxonomy":"category","embeddable":true,"href":"https:\/\/blogs.diariosur.es\/pasarelaurbana\/wp-json\/wp\/v2\/categories?post=4798"},{"taxonomy":"post_tag","embeddable":true,"href":"https:\/\/blogs.diariosur.es\/pasarelaurbana\/wp-json\/wp\/v2\/tags?post=4798"}],"curies":[{"name":"wp","href":"https:\/\/api.w.org\/{rel}","templated":true}]}}