{"id":4809,"date":"2013-07-23T12:04:00","date_gmt":"2013-07-23T10:04:00","guid":{"rendered":"http:\/\/blogs.diariosur.es\/pasarelaurbana\/?p=4809"},"modified":"2013-07-23T12:04:00","modified_gmt":"2013-07-23T10:04:00","slug":"un-capricho-obsesivo-blucher-plateados","status":"publish","type":"post","link":"https:\/\/blogs.diariosur.es\/pasarelaurbana\/2013\/07\/23\/un-capricho-obsesivo-blucher-plateados\/","title":{"rendered":"Un capricho (obsesivo): blucher plateados"},"content":{"rendered":"<p style=\"text-align: center;\">\u00a1Me ha vuelto a pasar! En cada avance de nueva temporada me surge un flechazo. Una de esas prendas (o complementos) que te conquistan nada m\u00e1s llegar a tienda y que no te puedes sacar de la cabeza hasta que \u00a1z\u00e1s! pasas por caja y te liberas de la dichosa obsesi\u00f3n. El pasado invierno me ocurri\u00f3 con unos botines con reflejos dorados de Bimba y Lola que me habr\u00e9is visto por estos lares en muchas ocasiones (me los he puesto hasta la saciedad as\u00ed que la compra est\u00e1 m\u00e1s que amortizada) y cara al pr\u00f3ximo oto\u00f1o me temo que mis pies tambi\u00e9n brillar\u00e1n con luz propia con destellos&#8230;en esta ocasi\u00f3n en plata. Confieso que tengo especial debilidad por los zapatos de acabado metalizado. Me gusta el toque chic y sofisticado que son capaces de imprimir a cualquier look, por muy b\u00e1sico que sea. Y ya se cu\u00e1les ser\u00e1n los pr\u00f3ximos en aterrizar en mi zapatero&#8230;\u00a1estos espectaculares blucher plata de la nueva colecci\u00f3n de <strong>Zara<\/strong>! \u00a1Me parecen ideales! Y, lo mejor, me los he probado y son comod\u00ediiiiisimos. \u00bfC\u00f3mo llevarlos? Si sois reticentes a este tipo de zapatos no aptos para pasar desapercibidas os dejo con una selecci\u00f3n de propuestas de <em>street style<\/em> la mar de inspiradoras. \u00a1Seguro que os conquistan! Y vosotras, \u00bfos atrev\u00e9is con estos blucher?<\/p>\n<p style=\"text-align: center;\"><strong>AVISO A NAVEGANTES<\/strong>: Durante los meses de verano el ritmo de actualizaci\u00f3n del blog disminuir\u00e1 (por motivos de horarios de trabajo y dem\u00e1s me ser\u00e1 imposible colgar un post diario como hago el resto del a\u00f1o). Hasta septiembre, os dejar\u00e9 nuevas entradas los <strong>martes, jueves y s\u00e1bados<\/strong> (d\u00eda del especial de fin de semana). El <strong>especial ni\u00f1os<\/strong> de los jueves tambi\u00e9n estar\u00e1 en stand by hasta que pase el verano, cuando volver\u00e9 con nuevas secciones, nuevos contenidos y actualizaciones diarias. \u00a1Gracias a tod@s por seguir ah\u00ed!<\/p>\n<p><a href=\"\/pasarelaurbana\/wp-content\/uploads\/sites\/49\/2013\/07\/zapatos.jpg\"><img loading=\"lazy\" class=\"aligncenter size-full wp-image-4821\" title=\"zapatos\" src=\"\/pasarelaurbana\/wp-content\/uploads\/sites\/49\/2013\/07\/zapatos.jpg\" alt=\"\" width=\"600\" height=\"600\" srcset=\"https:\/\/static-blogs.diariosur.es\/wp-content\/uploads\/sites\/49\/2013\/07\/zapatos.jpg 600w, https:\/\/static-blogs.diariosur.es\/wp-content\/uploads\/sites\/49\/2013\/07\/zapatos-150x150.jpg 150w, https:\/\/static-blogs.diariosur.es\/wp-content\/uploads\/sites\/49\/2013\/07\/zapatos-300x300.jpg 300w\" sizes=\"(max-width: 600px) 100vw, 600px\" \/><\/a><\/p>\n<p><a href=\"\/pasarelaurbana\/wp-content\/uploads\/sites\/49\/2013\/07\/platadiez.jpg\"><img loading=\"lazy\" class=\"aligncenter size-full wp-image-4812\" title=\"platadiez\" src=\"\/pasarelaurbana\/wp-content\/uploads\/sites\/49\/2013\/07\/platadiez.jpg\" alt=\"\" width=\"600\" height=\"488\" srcset=\"https:\/\/static-blogs.diariosur.es\/wp-content\/uploads\/sites\/49\/2013\/07\/platadiez.jpg 600w, https:\/\/static-blogs.diariosur.es\/wp-content\/uploads\/sites\/49\/2013\/07\/platadiez-300x244.jpg 300w\" sizes=\"(max-width: 600px) 100vw, 600px\" \/><\/a><!--more--><\/p>\n<p><a href=\"\/pasarelaurbana\/wp-content\/uploads\/sites\/49\/2013\/07\/platatres.jpg\"><img loading=\"lazy\" class=\"aligncenter size-full wp-image-4819\" title=\"platatres\" src=\"\/pasarelaurbana\/wp-content\/uploads\/sites\/49\/2013\/07\/platatres.jpg\" alt=\"\" width=\"600\" height=\"900\" srcset=\"https:\/\/static-blogs.diariosur.es\/wp-content\/uploads\/sites\/49\/2013\/07\/platatres.jpg 600w, https:\/\/static-blogs.diariosur.es\/wp-content\/uploads\/sites\/49\/2013\/07\/platatres-200x300.jpg 200w\" sizes=\"(max-width: 600px) 100vw, 600px\" \/><\/a><\/p>\n<p><a href=\"\/pasarelaurbana\/wp-content\/uploads\/sites\/49\/2013\/07\/platanueve.jpg\"><img loading=\"lazy\" class=\"aligncenter size-full wp-image-4814\" title=\"platanueve\" src=\"\/pasarelaurbana\/wp-content\/uploads\/sites\/49\/2013\/07\/platanueve.jpg\" alt=\"\" width=\"600\" height=\"840\" srcset=\"https:\/\/static-blogs.diariosur.es\/wp-content\/uploads\/sites\/49\/2013\/07\/platanueve.jpg 600w, https:\/\/static-blogs.diariosur.es\/wp-content\/uploads\/sites\/49\/2013\/07\/platanueve-214x300.jpg 214w\" sizes=\"(max-width: 600px) 100vw, 600px\" \/><\/a><\/p>\n<p>&nbsp;<\/p>\n<p><a href=\"\/pasarelaurbana\/wp-content\/uploads\/sites\/49\/2013\/07\/plataocho.jpg\"><img loading=\"lazy\" class=\"aligncenter size-full wp-image-4815\" title=\"plataocho\" src=\"\/pasarelaurbana\/wp-content\/uploads\/sites\/49\/2013\/07\/plataocho.jpg\" alt=\"\" width=\"600\" height=\"900\" srcset=\"https:\/\/static-blogs.diariosur.es\/wp-content\/uploads\/sites\/49\/2013\/07\/plataocho.jpg 600w, https:\/\/static-blogs.diariosur.es\/wp-content\/uploads\/sites\/49\/2013\/07\/plataocho-200x300.jpg 200w\" sizes=\"(max-width: 600px) 100vw, 600px\" \/><\/a><\/p>\n<p><a href=\"\/pasarelaurbana\/wp-content\/uploads\/sites\/49\/2013\/07\/plataonce.jpg\"><img loading=\"lazy\" class=\"aligncenter size-full wp-image-4816\" title=\"plataonce\" src=\"\/pasarelaurbana\/wp-content\/uploads\/sites\/49\/2013\/07\/plataonce.jpg\" alt=\"\" width=\"600\" height=\"1005\" srcset=\"https:\/\/static-blogs.diariosur.es\/wp-content\/uploads\/sites\/49\/2013\/07\/plataonce.jpg 600w, https:\/\/static-blogs.diariosur.es\/wp-content\/uploads\/sites\/49\/2013\/07\/plataonce-179x300.jpg 179w\" sizes=\"(max-width: 600px) 100vw, 600px\" \/><\/a><\/p>\n<p><a href=\"\/pasarelaurbana\/wp-content\/uploads\/sites\/49\/2013\/07\/platauno.jpg\"><img loading=\"lazy\" class=\"aligncenter size-full wp-image-4820\" title=\"platauno\" src=\"\/pasarelaurbana\/wp-content\/uploads\/sites\/49\/2013\/07\/platauno.jpg\" alt=\"\" width=\"600\" height=\"880\" srcset=\"https:\/\/static-blogs.diariosur.es\/wp-content\/uploads\/sites\/49\/2013\/07\/platauno.jpg 600w, https:\/\/static-blogs.diariosur.es\/wp-content\/uploads\/sites\/49\/2013\/07\/platauno-205x300.jpg 205w\" sizes=\"(max-width: 600px) 100vw, 600px\" \/><\/a><\/p>\n<p><a href=\"\/pasarelaurbana\/wp-content\/uploads\/sites\/49\/2013\/07\/platacinco.jpg\"><img loading=\"lazy\" class=\"aligncenter size-full wp-image-4810\" title=\"platacinco\" src=\"\/pasarelaurbana\/wp-content\/uploads\/sites\/49\/2013\/07\/platacinco.jpg\" alt=\"\" width=\"600\" height=\"837\" srcset=\"https:\/\/static-blogs.diariosur.es\/wp-content\/uploads\/sites\/49\/2013\/07\/platacinco.jpg 600w, https:\/\/static-blogs.diariosur.es\/wp-content\/uploads\/sites\/49\/2013\/07\/platacinco-215x300.jpg 215w\" sizes=\"(max-width: 600px) 100vw, 600px\" \/><\/a><\/p>\n<p><a href=\"\/pasarelaurbana\/wp-content\/uploads\/sites\/49\/2013\/07\/platadosa.jpg\"><img loading=\"lazy\" class=\"aligncenter size-full wp-image-4813\" title=\"platadosa\" src=\"\/pasarelaurbana\/wp-content\/uploads\/sites\/49\/2013\/07\/platadosa.jpg\" alt=\"\" width=\"600\" height=\"900\" srcset=\"https:\/\/static-blogs.diariosur.es\/wp-content\/uploads\/sites\/49\/2013\/07\/platadosa.jpg 600w, https:\/\/static-blogs.diariosur.es\/wp-content\/uploads\/sites\/49\/2013\/07\/platadosa-200x300.jpg 200w\" sizes=\"(max-width: 600px) 100vw, 600px\" \/><\/a><\/p>\n<p>&nbsp;<\/p>\n<p>&nbsp;<\/p>\n<p><a href=\"\/pasarelaurbana\/wp-content\/uploads\/sites\/49\/2013\/07\/platacuatro.jpg\"><img loading=\"lazy\" class=\"aligncenter size-full wp-image-4811\" title=\"platacuatro\" src=\"\/pasarelaurbana\/wp-content\/uploads\/sites\/49\/2013\/07\/platacuatro.jpg\" alt=\"\" width=\"600\" height=\"902\" srcset=\"https:\/\/static-blogs.diariosur.es\/wp-content\/uploads\/sites\/49\/2013\/07\/platacuatro.jpg 600w, https:\/\/static-blogs.diariosur.es\/wp-content\/uploads\/sites\/49\/2013\/07\/platacuatro-200x300.jpg 200w\" sizes=\"(max-width: 600px) 100vw, 600px\" \/><\/a><\/p>\n<p>&nbsp;<\/p>\n<p><a href=\"\/pasarelaurbana\/wp-content\/uploads\/sites\/49\/2013\/07\/platasiete.jpg\"><img loading=\"lazy\" class=\"aligncenter size-full wp-image-4818\" title=\"platasiete\" src=\"\/pasarelaurbana\/wp-content\/uploads\/sites\/49\/2013\/07\/platasiete.jpg\" alt=\"\" width=\"600\" height=\"895\" srcset=\"https:\/\/static-blogs.diariosur.es\/wp-content\/uploads\/sites\/49\/2013\/07\/platasiete.jpg 600w, https:\/\/static-blogs.diariosur.es\/wp-content\/uploads\/sites\/49\/2013\/07\/platasiete-201x300.jpg 201w\" sizes=\"(max-width: 600px) 100vw, 600px\" \/><\/a><\/p>\n<p><a href=\"\/pasarelaurbana\/wp-content\/uploads\/sites\/49\/2013\/07\/plataseis.jpg\"><img loading=\"lazy\" class=\"aligncenter size-full wp-image-4817\" title=\"plataseis\" src=\"\/pasarelaurbana\/wp-content\/uploads\/sites\/49\/2013\/07\/plataseis.jpg\" alt=\"\" width=\"600\" height=\"812\" srcset=\"https:\/\/static-blogs.diariosur.es\/wp-content\/uploads\/sites\/49\/2013\/07\/plataseis.jpg 600w, https:\/\/static-blogs.diariosur.es\/wp-content\/uploads\/sites\/49\/2013\/07\/plataseis-222x300.jpg 222w\" sizes=\"(max-width: 600px) 100vw, 600px\" \/><\/a><\/p>\n","protected":false},"excerpt":{"rendered":"<p>\u00a1Me ha vuelto a pasar! En cada avance de nueva temporada me surge un flechazo. Una de esas prendas (o complementos) que te conquistan nada m\u00e1s llegar a tienda y que no te puedes sacar de la cabeza hasta que \u00a1z\u00e1s! pasas por caja y te liberas de la dichosa obsesi\u00f3n. El pasado invierno me [&hellip;]<\/p>\n","protected":false},"author":54,"featured_media":0,"comment_status":"open","ping_status":"open","sticky":false,"template":"","format":"standard","meta":[],"categories":[2],"tags":[],"_links":{"self":[{"href":"https:\/\/blogs.diariosur.es\/pasarelaurbana\/wp-json\/wp\/v2\/posts\/4809"}],"collection":[{"href":"https:\/\/blogs.diariosur.es\/pasarelaurbana\/wp-json\/wp\/v2\/posts"}],"about":[{"href":"https:\/\/blogs.diariosur.es\/pasarelaurbana\/wp-json\/wp\/v2\/types\/post"}],"author":[{"embeddable":true,"href":"https:\/\/blogs.diariosur.es\/pasarelaurbana\/wp-json\/wp\/v2\/users\/54"}],"replies":[{"embeddable":true,"href":"https:\/\/blogs.diariosur.es\/pasarelaurbana\/wp-json\/wp\/v2\/comments?post=4809"}],"version-history":[{"count":0,"href":"https:\/\/blogs.diariosur.es\/pasarelaurbana\/wp-json\/wp\/v2\/posts\/4809\/revisions"}],"wp:attachment":[{"href":"https:\/\/blogs.diariosur.es\/pasarelaurbana\/wp-json\/wp\/v2\/media?parent=4809"}],"wp:term":[{"taxonomy":"category","embeddable":true,"href":"https:\/\/blogs.diariosur.es\/pasarelaurbana\/wp-json\/wp\/v2\/categories?post=4809"},{"taxonomy":"post_tag","embeddable":true,"href":"https:\/\/blogs.diariosur.es\/pasarelaurbana\/wp-json\/wp\/v2\/tags?post=4809"}],"curies":[{"name":"wp","href":"https:\/\/api.w.org\/{rel}","templated":true}]}}