{"id":4825,"date":"2013-07-25T15:44:25","date_gmt":"2013-07-25T13:44:25","guid":{"rendered":"http:\/\/blogs.diariosur.es\/pasarelaurbana\/?p=4825"},"modified":"2013-07-25T15:44:25","modified_gmt":"2013-07-25T13:44:25","slug":"superga-rosas-para-un-look-de-tendencia","status":"publish","type":"post","link":"https:\/\/blogs.diariosur.es\/pasarelaurbana\/2013\/07\/25\/superga-rosas-para-un-look-de-tendencia\/","title":{"rendered":"Superga rosas para un look de tendencia"},"content":{"rendered":"<p style=\"text-align: center;\">\u00a1Vamos a por el jueves! Un jueves duro, muy duro, en el que Espa\u00f1a entera est\u00e1 de luto por el tr\u00e1gico accidente de tren en Galicia. Con un tremendo nudo en la garganta (hay im\u00e1genes que no consigo borrar de mi retina) y tras varias semanas de par\u00e9ntesis hoy recuperamos el mejor street style malague\u00f1o. Y lo hacemos de la mano de <strong>Estefan\u00eda Kraus<\/strong>, una \u00a0estudiante de Turismo de 27 a\u00f1os con la que me top\u00e9 el pasado martes por calle Larios. \u00bfPor qu\u00e9 la par\u00e9? Pues he de deciros que despu\u00e9s de 300 post escritos y cientos de estilismos fichados a pie de calle \u00a0he llegado a la conclusi\u00f3n de que me muevo por flechazos. Por peque\u00f1os detalles que logran captar mi atenci\u00f3n. Hay estilismos impecables de los pies a la cabeza ante los que a una solo le queda rendirse. Y hay estilismos (la mayor\u00eda de los que desfilan por esta pasarela urbana) en los que el \u00e9xito radica en esos peque\u00f1os detalles. Un encaje estrat\u00e9gico, un tejido especial, un collar espectacular, unos zapatos, un bolso que, cual varita m\u00e1gica lo transforman todo. En el caso de Estefan\u00eda me enamor\u00e9 de las mangas de su crop top, caladas y cuajadas de unas flores bordadas que nos trasladan a Mexico con solo mirarlas. Kraus se apunta a la moda de ense\u00f1ar barriga, &#8220;aunque solo lo justo&#8221;, matiza y acierta con esta camiseta blanca combinada con short vaqueros. \u00bfEl toque chic? Unas Superga rosas ideales para un look de diario sport y juvenil. \u00a0\u00a1Os dejo con ella! Toda mi fuerza con Galicia. \u00a1Hasta ma\u00f1ana!<\/p>\n<p><a href=\"\/pasarelaurbana\/wp-content\/uploads\/sites\/49\/2013\/07\/110.jpg\"><img loading=\"lazy\" class=\"aligncenter size-full wp-image-4827\" title=\"1\" src=\"\/pasarelaurbana\/wp-content\/uploads\/sites\/49\/2013\/07\/110.jpg\" alt=\"\" width=\"600\" height=\"803\" srcset=\"https:\/\/static-blogs.diariosur.es\/wp-content\/uploads\/sites\/49\/2013\/07\/110.jpg 600w, https:\/\/static-blogs.diariosur.es\/wp-content\/uploads\/sites\/49\/2013\/07\/110-224x300.jpg 224w\" sizes=\"(max-width: 600px) 100vw, 600px\" \/><\/a><!--more--><a href=\"\/pasarelaurbana\/wp-content\/uploads\/sites\/49\/2013\/07\/22.jpg\"><img loading=\"lazy\" class=\"aligncenter size-full wp-image-4828\" title=\"2\" src=\"\/pasarelaurbana\/wp-content\/uploads\/sites\/49\/2013\/07\/22.jpg\" alt=\"\" width=\"600\" height=\"803\" srcset=\"https:\/\/static-blogs.diariosur.es\/wp-content\/uploads\/sites\/49\/2013\/07\/22.jpg 600w, https:\/\/static-blogs.diariosur.es\/wp-content\/uploads\/sites\/49\/2013\/07\/22-224x300.jpg 224w\" sizes=\"(max-width: 600px) 100vw, 600px\" \/><\/a><\/p>\n<p>&nbsp;<\/p>\n<p><a href=\"\/pasarelaurbana\/wp-content\/uploads\/sites\/49\/2013\/07\/31.jpg\"><img loading=\"lazy\" class=\"aligncenter size-full wp-image-4829\" title=\"3\" src=\"\/pasarelaurbana\/wp-content\/uploads\/sites\/49\/2013\/07\/31.jpg\" alt=\"\" width=\"600\" height=\"803\" srcset=\"https:\/\/static-blogs.diariosur.es\/wp-content\/uploads\/sites\/49\/2013\/07\/31.jpg 600w, https:\/\/static-blogs.diariosur.es\/wp-content\/uploads\/sites\/49\/2013\/07\/31-224x300.jpg 224w\" sizes=\"(max-width: 600px) 100vw, 600px\" \/><\/a><\/p>\n<p><a href=\"\/pasarelaurbana\/wp-content\/uploads\/sites\/49\/2013\/07\/41.jpg\"><img loading=\"lazy\" class=\"aligncenter size-full wp-image-4830\" title=\"4\" src=\"\/pasarelaurbana\/wp-content\/uploads\/sites\/49\/2013\/07\/41.jpg\" alt=\"\" width=\"600\" height=\"803\" srcset=\"https:\/\/static-blogs.diariosur.es\/wp-content\/uploads\/sites\/49\/2013\/07\/41.jpg 600w, https:\/\/static-blogs.diariosur.es\/wp-content\/uploads\/sites\/49\/2013\/07\/41-224x300.jpg 224w\" sizes=\"(max-width: 600px) 100vw, 600px\" \/><\/a><\/p>\n<p><a href=\"\/pasarelaurbana\/wp-content\/uploads\/sites\/49\/2013\/07\/51.jpg\"><img loading=\"lazy\" class=\"aligncenter size-full wp-image-4826\" title=\"5\" src=\"\/pasarelaurbana\/wp-content\/uploads\/sites\/49\/2013\/07\/51.jpg\" alt=\"\" width=\"600\" height=\"803\" srcset=\"https:\/\/static-blogs.diariosur.es\/wp-content\/uploads\/sites\/49\/2013\/07\/51.jpg 600w, https:\/\/static-blogs.diariosur.es\/wp-content\/uploads\/sites\/49\/2013\/07\/51-224x300.jpg 224w\" sizes=\"(max-width: 600px) 100vw, 600px\" \/><\/a><\/p>\n<p style=\"text-align: center;\"><strong>Estefan\u00eda Kraus.<\/strong> Estudiante de Turismo y Dependienta. 27 a\u00f1os<\/p>\n<p style=\"text-align: center;\">Camiseta: Bershka<\/p>\n<p style=\"text-align: center;\">Shorts: Blanco<\/p>\n<p style=\"text-align: center;\">Deportivas: Superga<\/p>\n<p style=\"text-align: center;\">Maleta: Adidas<\/p>\n<p>&nbsp;<\/p>\n","protected":false},"excerpt":{"rendered":"<p>\u00a1Vamos a por el jueves! Un jueves duro, muy duro, en el que Espa\u00f1a entera est\u00e1 de luto por el tr\u00e1gico accidente de tren en Galicia. Con un tremendo nudo en la garganta (hay im\u00e1genes que no consigo borrar de mi retina) y tras varias semanas de par\u00e9ntesis hoy recuperamos el mejor street style malague\u00f1o. [&hellip;]<\/p>\n","protected":false},"author":54,"featured_media":0,"comment_status":"open","ping_status":"open","sticky":false,"template":"","format":"standard","meta":[],"categories":[2],"tags":[],"_links":{"self":[{"href":"https:\/\/blogs.diariosur.es\/pasarelaurbana\/wp-json\/wp\/v2\/posts\/4825"}],"collection":[{"href":"https:\/\/blogs.diariosur.es\/pasarelaurbana\/wp-json\/wp\/v2\/posts"}],"about":[{"href":"https:\/\/blogs.diariosur.es\/pasarelaurbana\/wp-json\/wp\/v2\/types\/post"}],"author":[{"embeddable":true,"href":"https:\/\/blogs.diariosur.es\/pasarelaurbana\/wp-json\/wp\/v2\/users\/54"}],"replies":[{"embeddable":true,"href":"https:\/\/blogs.diariosur.es\/pasarelaurbana\/wp-json\/wp\/v2\/comments?post=4825"}],"version-history":[{"count":0,"href":"https:\/\/blogs.diariosur.es\/pasarelaurbana\/wp-json\/wp\/v2\/posts\/4825\/revisions"}],"wp:attachment":[{"href":"https:\/\/blogs.diariosur.es\/pasarelaurbana\/wp-json\/wp\/v2\/media?parent=4825"}],"wp:term":[{"taxonomy":"category","embeddable":true,"href":"https:\/\/blogs.diariosur.es\/pasarelaurbana\/wp-json\/wp\/v2\/categories?post=4825"},{"taxonomy":"post_tag","embeddable":true,"href":"https:\/\/blogs.diariosur.es\/pasarelaurbana\/wp-json\/wp\/v2\/tags?post=4825"}],"curies":[{"name":"wp","href":"https:\/\/api.w.org\/{rel}","templated":true}]}}