{"id":4832,"date":"2013-07-27T00:21:42","date_gmt":"2013-07-26T22:21:42","guid":{"rendered":"http:\/\/blogs.diariosur.es\/pasarelaurbana\/?p=4832"},"modified":"2013-07-27T00:21:42","modified_gmt":"2013-07-26T22:21:42","slug":"un-verano-muy-basico","status":"publish","type":"post","link":"https:\/\/blogs.diariosur.es\/pasarelaurbana\/2013\/07\/27\/un-verano-muy-basico\/","title":{"rendered":"Un verano muy b\u00e1sico"},"content":{"rendered":"<p style=\"text-align: center;\">Las modas van y vienen. Son c\u00edclicas. Pasajeras.\u00a0 Pero m\u00e1s all\u00e1 de los dictados de la pasarela, de las tendencias que rigen cada temporada, existen una serie de prendas que, colecci\u00f3n tras colecci\u00f3n, resisten el embiste del calendario. Son aut\u00e9nticas supervivientes. Cual tocadas por una peculiar varita, su magia no caduca y son capaces de solucionar cualquier estilismo con un efecto infalible que garantiza el acierto del look en el que se integran. Una camisa blanca, una camiseta a rayas de estilo navy, un buen vestido blanco de corte impecable (para el d\u00eda), y su versi\u00f3n negra (para la noche) unos vaqueros&#8230; B\u00e1sicos de fondo de armario que constituyen una apuesta segura tanto en invierno como durante los meses de verano. Muestra de ello son los \u2018outfits\u2019 fichados por SUR durante la sesi\u00f3n semanal de \u2018street style\u2019 por las calles del Centro.<br \/>\nComo demuestran las protagonistas de esta p\u00e1gina, hay vida m\u00e1s all\u00e1 de los tonos fl\u00faor, los \u2018crop top\u2019, los pantalones \u2018palazzo\u2019 (de pata de elefante) o los estampados \u00e9tnicos que saturan las calles malague\u00f1as. Opciones b\u00e1sicas y atemporales pero no por ellos menos chic y sofisticadas. El menos es m\u00e1s , con la discreci\u00f3n y la elegancia por bandera, revalida su dictamen en las propuestas de Celia, Mamen, Laura y Marta. La primera -dise\u00f1adora- acierta con una camisa rom\u00e1ntica maridada con vaqueros mientras que la segunda -asistente de moda- combina con \u00e9xito un LBD de estilo \u2018lady\u2019 con maxi collar de inspiraci\u00f3n \u00e9tnica. Laura (ginec\u00f3loga) reserva el toque de tendencia a sus gafas de cristales tornasolados mientras que Marta (m\u00e9dico) se aferra a la prenda estrella del verano, ideal para lucir moreno.<\/p>\n<p style=\"text-align: center;\">\u00a1Os dejo con ellas! \u00a1Feliz fin de semana!<\/p>\n<p style=\"text-align: center;\"><a href=\"\/pasarelaurbana\/wp-content\/uploads\/sites\/49\/2013\/07\/101.jpg\"><img loading=\"lazy\" class=\"aligncenter size-full wp-image-4835\" title=\"10\" src=\"\/pasarelaurbana\/wp-content\/uploads\/sites\/49\/2013\/07\/101.jpg\" alt=\"\" width=\"600\" height=\"803\" srcset=\"https:\/\/static-blogs.diariosur.es\/wp-content\/uploads\/sites\/49\/2013\/07\/101.jpg 600w, https:\/\/static-blogs.diariosur.es\/wp-content\/uploads\/sites\/49\/2013\/07\/101-224x300.jpg 224w\" sizes=\"(max-width: 600px) 100vw, 600px\" \/><\/a><!--more--><a href=\"\/pasarelaurbana\/wp-content\/uploads\/sites\/49\/2013\/07\/111.jpg\"><img loading=\"lazy\" class=\"aligncenter size-full wp-image-4836\" title=\"11\" src=\"\/pasarelaurbana\/wp-content\/uploads\/sites\/49\/2013\/07\/111.jpg\" alt=\"\" width=\"600\" height=\"803\" srcset=\"https:\/\/static-blogs.diariosur.es\/wp-content\/uploads\/sites\/49\/2013\/07\/111.jpg 600w, https:\/\/static-blogs.diariosur.es\/wp-content\/uploads\/sites\/49\/2013\/07\/111-224x300.jpg 224w\" sizes=\"(max-width: 600px) 100vw, 600px\" \/><\/a><a href=\"\/pasarelaurbana\/wp-content\/uploads\/sites\/49\/2013\/07\/121.jpg\"><img loading=\"lazy\" class=\"aligncenter size-full wp-image-4837\" title=\"12\" src=\"\/pasarelaurbana\/wp-content\/uploads\/sites\/49\/2013\/07\/121.jpg\" alt=\"\" width=\"600\" height=\"803\" srcset=\"https:\/\/static-blogs.diariosur.es\/wp-content\/uploads\/sites\/49\/2013\/07\/121.jpg 600w, https:\/\/static-blogs.diariosur.es\/wp-content\/uploads\/sites\/49\/2013\/07\/121-224x300.jpg 224w\" sizes=\"(max-width: 600px) 100vw, 600px\" \/><\/a><\/p>\n<p style=\"text-align: center;\"><a href=\"\/pasarelaurbana\/wp-content\/uploads\/sites\/49\/2013\/07\/131.jpg\"><img loading=\"lazy\" class=\"aligncenter size-full wp-image-4838\" title=\"13\" src=\"\/pasarelaurbana\/wp-content\/uploads\/sites\/49\/2013\/07\/131.jpg\" alt=\"\" width=\"600\" height=\"803\" srcset=\"https:\/\/static-blogs.diariosur.es\/wp-content\/uploads\/sites\/49\/2013\/07\/131.jpg 600w, https:\/\/static-blogs.diariosur.es\/wp-content\/uploads\/sites\/49\/2013\/07\/131-224x300.jpg 224w\" sizes=\"(max-width: 600px) 100vw, 600px\" \/><\/a><\/p>\n<p style=\"text-align: center;\"><a href=\"\/pasarelaurbana\/wp-content\/uploads\/sites\/49\/2013\/07\/141.jpg\"><img loading=\"lazy\" class=\"aligncenter size-full wp-image-4839\" title=\"14\" src=\"\/pasarelaurbana\/wp-content\/uploads\/sites\/49\/2013\/07\/141.jpg\" alt=\"\" width=\"600\" height=\"803\" srcset=\"https:\/\/static-blogs.diariosur.es\/wp-content\/uploads\/sites\/49\/2013\/07\/141.jpg 600w, https:\/\/static-blogs.diariosur.es\/wp-content\/uploads\/sites\/49\/2013\/07\/141-224x300.jpg 224w\" sizes=\"(max-width: 600px) 100vw, 600px\" \/><\/a><\/p>\n<p style=\"text-align: center;\"><a href=\"\/pasarelaurbana\/wp-content\/uploads\/sites\/49\/2013\/07\/151.jpg\"><img loading=\"lazy\" class=\"aligncenter size-full wp-image-4840\" title=\"15\" src=\"\/pasarelaurbana\/wp-content\/uploads\/sites\/49\/2013\/07\/151.jpg\" alt=\"\" width=\"600\" height=\"803\" srcset=\"https:\/\/static-blogs.diariosur.es\/wp-content\/uploads\/sites\/49\/2013\/07\/151.jpg 600w, https:\/\/static-blogs.diariosur.es\/wp-content\/uploads\/sites\/49\/2013\/07\/151-224x300.jpg 224w\" sizes=\"(max-width: 600px) 100vw, 600px\" \/><\/a><\/p>\n<p style=\"text-align: center;\"><a href=\"\/pasarelaurbana\/wp-content\/uploads\/sites\/49\/2013\/07\/161.jpg\"><img loading=\"lazy\" class=\"aligncenter size-full wp-image-4841\" title=\"16\" src=\"\/pasarelaurbana\/wp-content\/uploads\/sites\/49\/2013\/07\/161.jpg\" alt=\"\" width=\"600\" height=\"803\" srcset=\"https:\/\/static-blogs.diariosur.es\/wp-content\/uploads\/sites\/49\/2013\/07\/161.jpg 600w, https:\/\/static-blogs.diariosur.es\/wp-content\/uploads\/sites\/49\/2013\/07\/161-224x300.jpg 224w\" sizes=\"(max-width: 600px) 100vw, 600px\" \/><\/a><\/p>\n<p style=\"text-align: center;\"><strong>Mamen Hidalgo<\/strong>. Asistente de moda y relaciones p\u00fablicas. 32 a\u00f1os<\/p>\n<p style=\"text-align: center;\"><span style=\"text-decoration: underline;\">La magia del \u2018little black dress\u2019, infalible todo el a\u00f1o<\/span><br \/>\nEs un cl\u00e1sico de fondo de armario. Una de esas prendas imprescindibles que garantizan el \u00e9xito cuando una no sabe qu\u00e9 ponerse, principalmente para un evento de noche. El denominado \u2018little black dress\u2019 -0, lo que es lo mismo, el vestidito negro corto- es un b\u00e1sico a tener muy en cuenta tambi\u00e9n durante los meses de verano. Mamen Hidalgo, una asistenta personal de moda y relaciones p\u00fablicas de 32 a\u00f1os, apuesta por un LBD para una jornada de trabajo por el Centro hist\u00f3rico, por donde la pillamos el pasado martes durante nuestra sesi\u00f3n semanal de \u2018street style\u2019. De estilo italiano (asegura que persigue la sofisticaci\u00f3n en la elecci\u00f3n de cada uno de sus looks), Hidalgo eligi\u00f3 un modelo de inspiraci\u00f3n \u2018lady\u2019 de Zara que combin\u00f3 con sandalias multitiras con tachuelas, maxi collar de estilo \u00e9tnico (una de las tendencias clave de esta temporada) y bolso negro de Prada. \u00abLo que m\u00e1s me define son los complementos. Los busco protagonistas y que impriman elegancia al \u2018outfit\u2019. Soy m\u00e1s de tonos neutros que de fl\u00faor\u00bb, nos explic\u00f3 esta apasionada de la moda.<\/p>\n<p style=\"text-align: center;\">Vestido, collar y sandalias: Zara.<\/p>\n<p style=\"text-align: center;\">Bolso: Prada.<\/p>\n<p style=\"text-align: center;\">Reloj: Rolex.<\/p>\n<p style=\"text-align: center;\">Gafas: Ray-Ban.<\/p>\n<p style=\"text-align: center;\"><a href=\"\/pasarelaurbana\/wp-content\/uploads\/sites\/49\/2013\/07\/171.jpg\"><img loading=\"lazy\" class=\"aligncenter size-full wp-image-4842\" title=\"17\" src=\"\/pasarelaurbana\/wp-content\/uploads\/sites\/49\/2013\/07\/171.jpg\" alt=\"\" width=\"600\" height=\"803\" srcset=\"https:\/\/static-blogs.diariosur.es\/wp-content\/uploads\/sites\/49\/2013\/07\/171.jpg 600w, https:\/\/static-blogs.diariosur.es\/wp-content\/uploads\/sites\/49\/2013\/07\/171-224x300.jpg 224w\" sizes=\"(max-width: 600px) 100vw, 600px\" \/><\/a><\/p>\n<p style=\"text-align: center;\"><a href=\"\/pasarelaurbana\/wp-content\/uploads\/sites\/49\/2013\/07\/181.jpg\"><img loading=\"lazy\" class=\"aligncenter size-full wp-image-4843\" title=\"18\" src=\"\/pasarelaurbana\/wp-content\/uploads\/sites\/49\/2013\/07\/181.jpg\" alt=\"\" width=\"600\" height=\"803\" srcset=\"https:\/\/static-blogs.diariosur.es\/wp-content\/uploads\/sites\/49\/2013\/07\/181.jpg 600w, https:\/\/static-blogs.diariosur.es\/wp-content\/uploads\/sites\/49\/2013\/07\/181-224x300.jpg 224w\" sizes=\"(max-width: 600px) 100vw, 600px\" \/><\/a><\/p>\n<p style=\"text-align: center;\"><a href=\"\/pasarelaurbana\/wp-content\/uploads\/sites\/49\/2013\/07\/191.jpg\"><img loading=\"lazy\" class=\"aligncenter size-full wp-image-4844\" title=\"19\" src=\"\/pasarelaurbana\/wp-content\/uploads\/sites\/49\/2013\/07\/191.jpg\" alt=\"\" width=\"600\" height=\"803\" srcset=\"https:\/\/static-blogs.diariosur.es\/wp-content\/uploads\/sites\/49\/2013\/07\/191.jpg 600w, https:\/\/static-blogs.diariosur.es\/wp-content\/uploads\/sites\/49\/2013\/07\/191-224x300.jpg 224w\" sizes=\"(max-width: 600px) 100vw, 600px\" \/><\/a><\/p>\n<p style=\"text-align: center;\"><a href=\"\/pasarelaurbana\/wp-content\/uploads\/sites\/49\/2013\/07\/201.jpg\"><img loading=\"lazy\" class=\"aligncenter size-full wp-image-4833\" title=\"20\" src=\"\/pasarelaurbana\/wp-content\/uploads\/sites\/49\/2013\/07\/201.jpg\" alt=\"\" width=\"600\" height=\"803\" srcset=\"https:\/\/static-blogs.diariosur.es\/wp-content\/uploads\/sites\/49\/2013\/07\/201.jpg 600w, https:\/\/static-blogs.diariosur.es\/wp-content\/uploads\/sites\/49\/2013\/07\/201-224x300.jpg 224w\" sizes=\"(max-width: 600px) 100vw, 600px\" \/><\/a><\/p>\n<p style=\"text-align: center;\"><a href=\"\/pasarelaurbana\/wp-content\/uploads\/sites\/49\/2013\/07\/211.jpg\"><img loading=\"lazy\" class=\"aligncenter size-full wp-image-4846\" title=\"21\" src=\"\/pasarelaurbana\/wp-content\/uploads\/sites\/49\/2013\/07\/211.jpg\" alt=\"\" width=\"600\" height=\"803\" srcset=\"https:\/\/static-blogs.diariosur.es\/wp-content\/uploads\/sites\/49\/2013\/07\/211.jpg 600w, https:\/\/static-blogs.diariosur.es\/wp-content\/uploads\/sites\/49\/2013\/07\/211-224x300.jpg 224w\" sizes=\"(max-width: 600px) 100vw, 600px\" \/><\/a><\/p>\n<p style=\"text-align: center;\"><a href=\"\/pasarelaurbana\/wp-content\/uploads\/sites\/49\/2013\/07\/221.jpg\"><img loading=\"lazy\" class=\"aligncenter size-full wp-image-4847\" title=\"22\" src=\"\/pasarelaurbana\/wp-content\/uploads\/sites\/49\/2013\/07\/221.jpg\" alt=\"\" width=\"600\" height=\"803\" srcset=\"https:\/\/static-blogs.diariosur.es\/wp-content\/uploads\/sites\/49\/2013\/07\/221.jpg 600w, https:\/\/static-blogs.diariosur.es\/wp-content\/uploads\/sites\/49\/2013\/07\/221-224x300.jpg 224w\" sizes=\"(max-width: 600px) 100vw, 600px\" \/><\/a><\/p>\n<p style=\"text-align: center;\"><strong>Celia Mart\u00ednez<\/strong>. Dise\u00f1adora demoda. 29 \u00f1os<\/p>\n<p style=\"text-align: center;\"><span style=\"text-decoration: underline;\">Un d\u00fao atemporal: camisa de estilo rom\u00e1ntico y vaqueros<\/span><br \/>\nEl d\u00fao camisa rom\u00e1ntica (si es blanca, mejor) y vaqueros es una pareja bien avenida que resiste el embiste del calendario. Las modas viene y van pero esta combinaci\u00f3n -b\u00e1sica donde las haya- sobrevive a las tendencias demostrando aquello de que menos es m\u00e1s. Un\u00a0 buen ejemplo es el estilismo que luce Celia Mart\u00ednez. Esta dise\u00f1adora de moda de 29 a\u00f1os (responsable de la firma Makarthy) apuesta por una blusa en blanco roto con delicados bordados florales de Sfera que mezcla con vaqueros entubados de Zara con los bajos remangados. \u00bfEl toque chic? Un \u2018shopping bag\u2019 naranja de la firma Cremieux.<\/p>\n<p style=\"text-align: center;\">Camisa: Sfera.<\/p>\n<p style=\"text-align: center;\">Vaqueros: Zara.<\/p>\n<p style=\"text-align: center;\">Sandalias: Uterq\u00fce.<\/p>\n<p style=\"text-align: center;\">Bolso: Cremieux.<\/p>\n<p style=\"text-align: center;\">Gafas: Mango.<\/p>\n<p style=\"text-align: center;\"><a href=\"\/pasarelaurbana\/wp-content\/uploads\/sites\/49\/2013\/07\/23.jpg\"><img loading=\"lazy\" class=\"aligncenter size-full wp-image-4848\" title=\"23\" src=\"\/pasarelaurbana\/wp-content\/uploads\/sites\/49\/2013\/07\/23.jpg\" alt=\"\" width=\"600\" height=\"803\" srcset=\"https:\/\/static-blogs.diariosur.es\/wp-content\/uploads\/sites\/49\/2013\/07\/23.jpg 600w, https:\/\/static-blogs.diariosur.es\/wp-content\/uploads\/sites\/49\/2013\/07\/23-224x300.jpg 224w\" sizes=\"(max-width: 600px) 100vw, 600px\" \/><\/a><\/p>\n<p style=\"text-align: center;\"><a href=\"\/pasarelaurbana\/wp-content\/uploads\/sites\/49\/2013\/07\/24.jpg\"><img loading=\"lazy\" class=\"aligncenter size-full wp-image-4849\" title=\"24\" src=\"\/pasarelaurbana\/wp-content\/uploads\/sites\/49\/2013\/07\/24.jpg\" alt=\"\" width=\"600\" height=\"803\" srcset=\"https:\/\/static-blogs.diariosur.es\/wp-content\/uploads\/sites\/49\/2013\/07\/24.jpg 600w, https:\/\/static-blogs.diariosur.es\/wp-content\/uploads\/sites\/49\/2013\/07\/24-224x300.jpg 224w\" sizes=\"(max-width: 600px) 100vw, 600px\" \/><\/a><\/p>\n<p style=\"text-align: center;\"><a href=\"\/pasarelaurbana\/wp-content\/uploads\/sites\/49\/2013\/07\/25.jpg\"><img loading=\"lazy\" class=\"aligncenter size-full wp-image-4850\" title=\"25\" src=\"\/pasarelaurbana\/wp-content\/uploads\/sites\/49\/2013\/07\/25.jpg\" alt=\"\" width=\"600\" height=\"803\" srcset=\"https:\/\/static-blogs.diariosur.es\/wp-content\/uploads\/sites\/49\/2013\/07\/25.jpg 600w, https:\/\/static-blogs.diariosur.es\/wp-content\/uploads\/sites\/49\/2013\/07\/25-224x300.jpg 224w\" sizes=\"(max-width: 600px) 100vw, 600px\" \/><\/a><\/p>\n<p style=\"text-align: center;\"><a href=\"\/pasarelaurbana\/wp-content\/uploads\/sites\/49\/2013\/07\/26.jpg\"><img loading=\"lazy\" class=\"aligncenter size-full wp-image-4851\" title=\"26\" src=\"\/pasarelaurbana\/wp-content\/uploads\/sites\/49\/2013\/07\/26.jpg\" alt=\"\" width=\"600\" height=\"803\" srcset=\"https:\/\/static-blogs.diariosur.es\/wp-content\/uploads\/sites\/49\/2013\/07\/26.jpg 600w, https:\/\/static-blogs.diariosur.es\/wp-content\/uploads\/sites\/49\/2013\/07\/26-224x300.jpg 224w\" sizes=\"(max-width: 600px) 100vw, 600px\" \/><\/a><\/p>\n<p style=\"text-align: center;\"><a href=\"\/pasarelaurbana\/wp-content\/uploads\/sites\/49\/2013\/07\/27.jpg\"><img loading=\"lazy\" class=\"aligncenter size-full wp-image-4852\" title=\"27\" src=\"\/pasarelaurbana\/wp-content\/uploads\/sites\/49\/2013\/07\/27.jpg\" alt=\"\" width=\"600\" height=\"803\" srcset=\"https:\/\/static-blogs.diariosur.es\/wp-content\/uploads\/sites\/49\/2013\/07\/27.jpg 600w, https:\/\/static-blogs.diariosur.es\/wp-content\/uploads\/sites\/49\/2013\/07\/27-224x300.jpg 224w\" sizes=\"(max-width: 600px) 100vw, 600px\" \/><\/a><\/p>\n<p style=\"text-align: center;\"><strong>Laura L\u00f3pez<\/strong>. Ginec\u00f3loga. 30 a\u00f1os<\/p>\n<p style=\"text-align: center;\"><span style=\"text-decoration: underline;\">Gafas tornasoladas, el toque chic para un look sencillo<\/span><br \/>\nSon, sin duda, una de las tendencias m\u00e1s \u2018in\u2019 de este verano. Las gafas de cristales de espejo arrasan estos d\u00edas entre las fashionistas malague\u00f1as. Nos gustan las que luce Laura L\u00f3pez. Esta ginec\u00f3loga malague\u00f1a de 30 a\u00f1os apuesta por un modelo de la firma Mr. Boho, que acierta combinando monturas de corte cl\u00e1sico con una llamativas lentes de color. Las gafas son el toque chic de un estilismo sencillo y casual, donde, ante todo, prima la comodidad y el cuidado de los complementos, en su caso un cintur\u00f3n con cadenas trenzadas de Amichi y bolso blanco y unas cu\u00f1as de Bimba y Lola, \u00abimprescindibles en mis look veraniegos junto a una camiseta blanca b\u00e1sica\u00bb, nos explic\u00f3 Laura.<\/p>\n<p style=\"text-align: center;\">Camiseta: Oysho. <\/p>\n<p style=\"text-align: center;\">Falda: Mango.<\/p>\n<p style=\"text-align: center;\">Cintur\u00f3n: Amichi.<\/p>\n<p style=\"text-align: center;\">Bolso y cu\u00f1as: Bimba y Lola.<\/p>\n<p style=\"text-align: center;\">Gafas: Mr Boho.<\/p>\n<p style=\"text-align: center;\"><a href=\"\/pasarelaurbana\/wp-content\/uploads\/sites\/49\/2013\/07\/28.jpg\"><img loading=\"lazy\" class=\"aligncenter size-full wp-image-4853\" title=\"28\" src=\"\/pasarelaurbana\/wp-content\/uploads\/sites\/49\/2013\/07\/28.jpg\" alt=\"\" width=\"600\" height=\"803\" srcset=\"https:\/\/static-blogs.diariosur.es\/wp-content\/uploads\/sites\/49\/2013\/07\/28.jpg 600w, https:\/\/static-blogs.diariosur.es\/wp-content\/uploads\/sites\/49\/2013\/07\/28-224x300.jpg 224w\" sizes=\"(max-width: 600px) 100vw, 600px\" \/><\/a><\/p>\n<p style=\"text-align: center;\"><a href=\"\/pasarelaurbana\/wp-content\/uploads\/sites\/49\/2013\/07\/29.jpg\"><img loading=\"lazy\" class=\"aligncenter size-full wp-image-4854\" title=\"29\" src=\"\/pasarelaurbana\/wp-content\/uploads\/sites\/49\/2013\/07\/29.jpg\" alt=\"\" width=\"600\" height=\"803\" srcset=\"https:\/\/static-blogs.diariosur.es\/wp-content\/uploads\/sites\/49\/2013\/07\/29.jpg 600w, https:\/\/static-blogs.diariosur.es\/wp-content\/uploads\/sites\/49\/2013\/07\/29-224x300.jpg 224w\" sizes=\"(max-width: 600px) 100vw, 600px\" \/><\/a><\/p>\n<p style=\"text-align: center;\"><a href=\"\/pasarelaurbana\/wp-content\/uploads\/sites\/49\/2013\/07\/30.jpg\"><img loading=\"lazy\" class=\"aligncenter size-full wp-image-4855\" title=\"30\" src=\"\/pasarelaurbana\/wp-content\/uploads\/sites\/49\/2013\/07\/30.jpg\" alt=\"\" width=\"600\" height=\"803\" srcset=\"https:\/\/static-blogs.diariosur.es\/wp-content\/uploads\/sites\/49\/2013\/07\/30.jpg 600w, https:\/\/static-blogs.diariosur.es\/wp-content\/uploads\/sites\/49\/2013\/07\/30-224x300.jpg 224w\" sizes=\"(max-width: 600px) 100vw, 600px\" \/><\/a><a href=\"\/pasarelaurbana\/wp-content\/uploads\/sites\/49\/2013\/07\/311.jpg\"><img loading=\"lazy\" class=\"aligncenter size-full wp-image-4856\" title=\"31\" src=\"\/pasarelaurbana\/wp-content\/uploads\/sites\/49\/2013\/07\/311.jpg\" alt=\"\" width=\"600\" height=\"803\" srcset=\"https:\/\/static-blogs.diariosur.es\/wp-content\/uploads\/sites\/49\/2013\/07\/311.jpg 600w, https:\/\/static-blogs.diariosur.es\/wp-content\/uploads\/sites\/49\/2013\/07\/311-224x300.jpg 224w\" sizes=\"(max-width: 600px) 100vw, 600px\" \/><\/a><\/p>\n<p style=\"text-align: center;\"><a href=\"\/pasarelaurbana\/wp-content\/uploads\/sites\/49\/2013\/07\/32.jpg\"><img loading=\"lazy\" class=\"aligncenter size-full wp-image-4845\" title=\"32\" src=\"\/pasarelaurbana\/wp-content\/uploads\/sites\/49\/2013\/07\/32.jpg\" alt=\"\" width=\"600\" height=\"803\" srcset=\"https:\/\/static-blogs.diariosur.es\/wp-content\/uploads\/sites\/49\/2013\/07\/32.jpg 600w, https:\/\/static-blogs.diariosur.es\/wp-content\/uploads\/sites\/49\/2013\/07\/32-224x300.jpg 224w\" sizes=\"(max-width: 600px) 100vw, 600px\" \/><\/a><\/p>\n<p style=\"text-align: center;\"><strong>Marta Rojo<\/strong>. M\u00e9dico. 26 a\u00f1os<\/p>\n<p style=\"text-align: center;\"><span style=\"text-decoration: underline;\">El vestido que no puede faltar en un armario estival<\/span><br \/>\nMarta Rojo, una m\u00e9dico malague\u00f1a de 26 a\u00f1os, se rinde a la prenda estrella del verano: el vestidito blanco; otro de los grandes b\u00e1sicos de la temporada estival. En su caso eligi\u00f3 para pasear por calle Larios un modelo de Zara calado con encajes. La nota de color la reserva para los complementos: una bandolera tipo sobre en azul\u00f3n que adquiri\u00f3 en un viaje a Florencia y que combinan con sus pulseras multicolor compradas en diferentes mercadillos. \u00bfEl resultado? Un look chic y juvenil.<\/p>\n<p style=\"text-align: center;\">Vestido: Zara.<\/p>\n<p style=\"text-align: center;\">Bolso: Tra\u00eddo de Florencia.<\/p>\n<p style=\"text-align: center;\">Sandalias: Zara.<\/p>\n<p style=\"text-align: center;\">Pulseras: De mercadillo.<\/p>\n<p style=\"text-align: center;\">\u00a1Feliz fin de semana!<\/p>\n","protected":false},"excerpt":{"rendered":"<p>Las modas van y vienen. Son c\u00edclicas. Pasajeras.\u00a0 Pero m\u00e1s all\u00e1 de los dictados de la pasarela, de las tendencias que rigen cada temporada, existen una serie de prendas que, colecci\u00f3n tras colecci\u00f3n, resisten el embiste del calendario. Son aut\u00e9nticas supervivientes. Cual tocadas por una peculiar varita, su magia no caduca y son capaces de [&hellip;]<\/p>\n","protected":false},"author":54,"featured_media":0,"comment_status":"open","ping_status":"open","sticky":false,"template":"","format":"standard","meta":[],"categories":[2],"tags":[],"_links":{"self":[{"href":"https:\/\/blogs.diariosur.es\/pasarelaurbana\/wp-json\/wp\/v2\/posts\/4832"}],"collection":[{"href":"https:\/\/blogs.diariosur.es\/pasarelaurbana\/wp-json\/wp\/v2\/posts"}],"about":[{"href":"https:\/\/blogs.diariosur.es\/pasarelaurbana\/wp-json\/wp\/v2\/types\/post"}],"author":[{"embeddable":true,"href":"https:\/\/blogs.diariosur.es\/pasarelaurbana\/wp-json\/wp\/v2\/users\/54"}],"replies":[{"embeddable":true,"href":"https:\/\/blogs.diariosur.es\/pasarelaurbana\/wp-json\/wp\/v2\/comments?post=4832"}],"version-history":[{"count":0,"href":"https:\/\/blogs.diariosur.es\/pasarelaurbana\/wp-json\/wp\/v2\/posts\/4832\/revisions"}],"wp:attachment":[{"href":"https:\/\/blogs.diariosur.es\/pasarelaurbana\/wp-json\/wp\/v2\/media?parent=4832"}],"wp:term":[{"taxonomy":"category","embeddable":true,"href":"https:\/\/blogs.diariosur.es\/pasarelaurbana\/wp-json\/wp\/v2\/categories?post=4832"},{"taxonomy":"post_tag","embeddable":true,"href":"https:\/\/blogs.diariosur.es\/pasarelaurbana\/wp-json\/wp\/v2\/tags?post=4832"}],"curies":[{"name":"wp","href":"https:\/\/api.w.org\/{rel}","templated":true}]}}