{"id":4858,"date":"2013-07-30T15:59:46","date_gmt":"2013-07-30T13:59:46","guid":{"rendered":"http:\/\/blogs.diariosur.es\/pasarelaurbana\/?p=4858"},"modified":"2013-07-30T15:59:46","modified_gmt":"2013-07-30T13:59:46","slug":"camisa-etnica-y-short-un-duo-perfecto-para-el-dia","status":"publish","type":"post","link":"https:\/\/blogs.diariosur.es\/pasarelaurbana\/2013\/07\/30\/camisa-etnica-y-short-un-duo-perfecto-para-el-dia\/","title":{"rendered":"Camisa \u00e9tnica y short, un d\u00fao perfecto para el d\u00eda"},"content":{"rendered":"<p style=\"text-align: center;\">\u00a1Buenas! \u00bfC\u00f3mo llev\u00e1is la semana? Os recuerdo que hasta que termine el verano el calendario de actualizaci\u00f3n del blog ser\u00e1 de martes-jueves y s\u00e1bados. Dicho esto, \u00a1Hoy toca nuevo estilismo fichado a pie de calle! \u00bfEl seleccionado? Uno de esos &#8216;outfits&#8217; sencillos que siempre funcionan y que, sin grandes complicaciones, nos solucionan un look de diario. Precisamente por eso, por su naturalidad y su simpleza (sin que ello le reste ese toque chic y sofisticado que destila) me gust\u00f3 la combinaci\u00f3n elegida por<strong> Raquel Mac\u00edas<\/strong>,una dise\u00f1adora de bisuter\u00eda a la que pillamos hace unos d\u00edas paseando por calle Larios con camisa de inspiraci\u00f3n \u00e9tnica en el bicolor estrella de la temporada (y que a tenor de los avances de las nuevas colecciones tambi\u00e9n pisar\u00e1 fuerte este oto\u00f1o), el blanco y negro, shorts beige (me gustan porque tienen un largo perfecto) y manoletinas negras con la puntera de acabado metalizado. \u00bfA copiar? Sus sofisticadas gafas de Pedro del Hierro. \u00a1Ideales! En el armario de esta malague\u00f1a de 36 a\u00f1os no faltan en verano las camisas vaporosas y un buen vestido blanco tipo ibicenco. Los complementos, nos confes\u00f3, son clave en sus estiismos. &#8220;Unas buenas gafas y un bolso siempre juegan un papel protagonista&#8221;. \u00a1Os dejo con ella! \u00a1Hasta el jueves!<\/p>\n<p><a href=\"\/pasarelaurbana\/wp-content\/uploads\/sites\/49\/2013\/07\/40.jpg\"><img loading=\"lazy\" class=\"aligncenter size-full wp-image-4860\" title=\"40\" src=\"\/pasarelaurbana\/wp-content\/uploads\/sites\/49\/2013\/07\/40.jpg\" alt=\"\" width=\"600\" height=\"803\" srcset=\"https:\/\/static-blogs.diariosur.es\/wp-content\/uploads\/sites\/49\/2013\/07\/40.jpg 600w, https:\/\/static-blogs.diariosur.es\/wp-content\/uploads\/sites\/49\/2013\/07\/40-224x300.jpg 224w\" sizes=\"(max-width: 600px) 100vw, 600px\" \/><\/a><!--more--><a href=\"\/pasarelaurbana\/wp-content\/uploads\/sites\/49\/2013\/07\/411.jpg\"><img loading=\"lazy\" class=\"aligncenter size-full wp-image-4861\" title=\"41\" src=\"\/pasarelaurbana\/wp-content\/uploads\/sites\/49\/2013\/07\/411.jpg\" alt=\"\" width=\"600\" height=\"803\" srcset=\"https:\/\/static-blogs.diariosur.es\/wp-content\/uploads\/sites\/49\/2013\/07\/411.jpg 600w, https:\/\/static-blogs.diariosur.es\/wp-content\/uploads\/sites\/49\/2013\/07\/411-224x300.jpg 224w\" sizes=\"(max-width: 600px) 100vw, 600px\" \/><\/a><\/p>\n<p><a href=\"\/pasarelaurbana\/wp-content\/uploads\/sites\/49\/2013\/07\/44.jpg\"><img loading=\"lazy\" class=\"aligncenter size-full wp-image-4859\" title=\"44\" src=\"\/pasarelaurbana\/wp-content\/uploads\/sites\/49\/2013\/07\/44.jpg\" alt=\"\" width=\"600\" height=\"803\" srcset=\"https:\/\/static-blogs.diariosur.es\/wp-content\/uploads\/sites\/49\/2013\/07\/44.jpg 600w, https:\/\/static-blogs.diariosur.es\/wp-content\/uploads\/sites\/49\/2013\/07\/44-224x300.jpg 224w\" sizes=\"(max-width: 600px) 100vw, 600px\" \/><\/a><\/p>\n<p><a href=\"\/pasarelaurbana\/wp-content\/uploads\/sites\/49\/2013\/07\/43.jpg\"><img loading=\"lazy\" class=\"aligncenter size-full wp-image-4863\" title=\"43\" src=\"\/pasarelaurbana\/wp-content\/uploads\/sites\/49\/2013\/07\/43.jpg\" alt=\"\" width=\"600\" height=\"803\" srcset=\"https:\/\/static-blogs.diariosur.es\/wp-content\/uploads\/sites\/49\/2013\/07\/43.jpg 600w, https:\/\/static-blogs.diariosur.es\/wp-content\/uploads\/sites\/49\/2013\/07\/43-224x300.jpg 224w\" sizes=\"(max-width: 600px) 100vw, 600px\" \/><\/a><\/p>\n<p><a href=\"\/pasarelaurbana\/wp-content\/uploads\/sites\/49\/2013\/07\/42.jpg\"><img loading=\"lazy\" class=\"aligncenter size-full wp-image-4862\" title=\"42\" src=\"\/pasarelaurbana\/wp-content\/uploads\/sites\/49\/2013\/07\/42.jpg\" alt=\"\" width=\"600\" height=\"803\" srcset=\"https:\/\/static-blogs.diariosur.es\/wp-content\/uploads\/sites\/49\/2013\/07\/42.jpg 600w, https:\/\/static-blogs.diariosur.es\/wp-content\/uploads\/sites\/49\/2013\/07\/42-224x300.jpg 224w\" sizes=\"(max-width: 600px) 100vw, 600px\" \/><\/a><\/p>\n<p style=\"text-align: center;\"><strong>Raquel Mac\u00edas<\/strong>. Dise\u00f1adora de bisuter\u00eda. 36 a\u00f1os<\/p>\n<p style=\"text-align: center;\">Camisa: Zara<\/p>\n<p style=\"text-align: center;\">Short: Hugo Boss<\/p>\n<p style=\"text-align: center;\">Manoletinas: Zara<\/p>\n<p style=\"text-align: center;\">Bolso: &#8220;De mi fondo de armario&#8221;<\/p>\n<p style=\"text-align: center;\">Gafas: Pedro del Hierro<\/p>\n","protected":false},"excerpt":{"rendered":"<p>\u00a1Buenas! \u00bfC\u00f3mo llev\u00e1is la semana? Os recuerdo que hasta que termine el verano el calendario de actualizaci\u00f3n del blog ser\u00e1 de martes-jueves y s\u00e1bados. Dicho esto, \u00a1Hoy toca nuevo estilismo fichado a pie de calle! \u00bfEl seleccionado? Uno de esos &#8216;outfits&#8217; sencillos que siempre funcionan y que, sin grandes complicaciones, nos solucionan un look de [&hellip;]<\/p>\n","protected":false},"author":54,"featured_media":0,"comment_status":"open","ping_status":"open","sticky":false,"template":"","format":"standard","meta":[],"categories":[2],"tags":[],"_links":{"self":[{"href":"https:\/\/blogs.diariosur.es\/pasarelaurbana\/wp-json\/wp\/v2\/posts\/4858"}],"collection":[{"href":"https:\/\/blogs.diariosur.es\/pasarelaurbana\/wp-json\/wp\/v2\/posts"}],"about":[{"href":"https:\/\/blogs.diariosur.es\/pasarelaurbana\/wp-json\/wp\/v2\/types\/post"}],"author":[{"embeddable":true,"href":"https:\/\/blogs.diariosur.es\/pasarelaurbana\/wp-json\/wp\/v2\/users\/54"}],"replies":[{"embeddable":true,"href":"https:\/\/blogs.diariosur.es\/pasarelaurbana\/wp-json\/wp\/v2\/comments?post=4858"}],"version-history":[{"count":0,"href":"https:\/\/blogs.diariosur.es\/pasarelaurbana\/wp-json\/wp\/v2\/posts\/4858\/revisions"}],"wp:attachment":[{"href":"https:\/\/blogs.diariosur.es\/pasarelaurbana\/wp-json\/wp\/v2\/media?parent=4858"}],"wp:term":[{"taxonomy":"category","embeddable":true,"href":"https:\/\/blogs.diariosur.es\/pasarelaurbana\/wp-json\/wp\/v2\/categories?post=4858"},{"taxonomy":"post_tag","embeddable":true,"href":"https:\/\/blogs.diariosur.es\/pasarelaurbana\/wp-json\/wp\/v2\/tags?post=4858"}],"curies":[{"name":"wp","href":"https:\/\/api.w.org\/{rel}","templated":true}]}}