{"id":4864,"date":"2013-08-01T15:12:32","date_gmt":"2013-08-01T13:12:32","guid":{"rendered":"http:\/\/blogs.diariosur.es\/pasarelaurbana\/?p=4864"},"modified":"2013-08-01T15:12:32","modified_gmt":"2013-08-01T13:12:32","slug":"demetrio-de-la-torre-le-cambiaria-los-estilismos-a-letizia-me-traumatizan","status":"publish","type":"post","link":"https:\/\/blogs.diariosur.es\/pasarelaurbana\/2013\/08\/01\/demetrio-de-la-torre-le-cambiaria-los-estilismos-a-letizia-me-traumatizan\/","title":{"rendered":"Demetrio de la Torre: \u00abLe cambiar\u00eda los estilismos a Letizia, me traumatizan\u00bb"},"content":{"rendered":"<p style=\"text-align: center;\">\u00a1Feliz jueves! Hoy toca nuevo post, y en esta ocasi\u00f3n, quiero compartir con vosotros la entrevista de verano que le hice la semana pasada al comunicador de moda ybolgger malague\u00f1o Demetrio de la Torre. El autor de &#8216;Moda eres y en moda te convertir\u00e1s&#8217;\u00a0 (en cuyo <a href=\"https:\/\/blogs.diariosur.es\/pasarelaurbana\/2012\/10\/19\/el-armario-de-demetrio-de-la-torre\/\">armario<\/a> nos colamos hace ahora ya casi un a\u00f1o) se someti\u00f3 a la <strong>granizada de SUR<\/strong>, una secci\u00f3n de preguntas m\u00e1s divertidas y desenfadadas pensada para que conozc\u00e1is mejor a destacados personajes malague\u00f1os desde otro punto de vista. Os dejo con nuestra charla. \u00a1Espero que os guste! \u00a1Hasta el s\u00e1bado!<\/p>\n<p style=\"text-align: center;\"><a href=\"\/pasarelaurbana\/wp-content\/uploads\/sites\/49\/2013\/08\/demeuno.jpg\"><img loading=\"lazy\" class=\"aligncenter size-full wp-image-4865\" title=\"demeuno\" src=\"\/pasarelaurbana\/wp-content\/uploads\/sites\/49\/2013\/08\/demeuno.jpg\" alt=\"\" width=\"600\" height=\"400\" srcset=\"https:\/\/static-blogs.diariosur.es\/wp-content\/uploads\/sites\/49\/2013\/08\/demeuno.jpg 600w, https:\/\/static-blogs.diariosur.es\/wp-content\/uploads\/sites\/49\/2013\/08\/demeuno-300x200.jpg 300w\" sizes=\"(max-width: 600px) 100vw, 600px\" \/><\/a><!--more-->Plaza de las flores. Doce del mediod\u00eda. Sobre la mesa, una funda de m\u00f3vil rosa palo de la famosa Kiki Cat, \u00abhasta que la encontr\u00e9 por Ebay no par\u00e9\u00bb, su inseparable abanico, \u00abel mejor complemento para el verano\u00bb y un cord\u00f3n de gafas en tonos fl\u00faor de dise\u00f1o propio. Peque\u00f1os detalles que definen por s\u00ed solos a Demetrio de la Torre, uno de los principales blogger de moda malague\u00f1os con un marcado estilo propio que centra las miradas all\u00e1 donde va.<strong><\/strong><\/p>\n<p style=\"text-align: center;\"><strong>-&#8216;Enciclopedia de la moda&#8217;. As\u00ed se presenta en Twitter<\/strong><\/p>\n<p style=\"text-align: center;\">-Y autodidacta. Desde peque\u00f1o he tenido esa sensibilidad hacia la moda. Soy muy friki porque pienso que tiene mucho de investigaci\u00f3n. La moda es presente, pasado y futuro. Tienes que saber qu\u00e9 ha ocurrido, qu\u00e9 est\u00e1 pasando y predecir lo que va a pasar, porque esa capacidad de antelaci\u00f3n es clave para dise\u00f1ar y crear tendencia.<\/p>\n<p id=\"U306230984312haH\" style=\"text-align: center;\"><strong>-\u00bfMuchos desfiles en la retina?<\/strong><\/p>\n<p style=\"text-align: center;\">-Muchos. Mi afici\u00f3n es ver pasarelas. Cuando empiezan los circuitos internacional me hago un calendario y estudio cada colecci\u00f3n. No veo la tele. Cuando me siento en casa pongo desfiles en YouTube. Lo mismo con las revistas. No se cu\u00e1nto puedo gastar al mes, es necesario.<\/p>\n<p style=\"text-align: center;\"><strong>-&#8216;Moda eres y en moda te convertir\u00e1s&#8217;. \u00bfDe d\u00f3nde viene su blog?<\/strong><\/p>\n<p style=\"text-align: center;\">-Curiosamente el nombre me lo sugiri\u00f3 mi padre. Al principio no me convenci\u00f3, pero analiz\u00e1ndolo me di cuenta de que verdaderamente en la vida todo est\u00e1 vinculado con la moda de una manera u otra, aunque no seamos conscientes.<\/p>\n<p id=\"U306230984312TP\" style=\"text-align: center;\"><strong>-Define su estilo de &#8216;new gentleman&#8217;, \u00bfpuede explicarlo?<\/strong><\/p>\n<p style=\"text-align: center;\">-Me gusta el concepto del caballero de anta\u00f1o que se ha perdido y lo reivindico pero a\u00f1adi\u00e9ndole el &#8216;new&#8217;, porque soy consciente de que tengo una imagen hasta cierto punto transgresora. Mi estilo no pasa inadvertido. El momento Deme es un poco momento explosi\u00f3n. Soy huracanado en mi car\u00e1cter y mi estilo representa esa esencia.<\/p>\n<p id=\"U306230984312UKG\" style=\"text-align: center;\"><strong>-\u00bfEs consciente de que por la calle todo el mundo le mira?<\/strong><\/p>\n<p style=\"text-align: center;\">-Soy consciente, pero tan consciente que llego a la inconsciencia. Cuando entramos a un sitio mis amigos me dicen, &#8216;\u00bfno te das cuenta de que te miran?&#8217; Y francamente no, porque lo asumo como parte de mi. No tiene sentido que te dediques a vender imagen y moda sin dar imagen.<\/p>\n<p id=\"U306230984312ENC\" style=\"text-align: center;\"><strong>-En la facultad de Periodismo le llaman &#8216;El Ni\u00f1o de los pitillos&#8217;&#8230;<\/strong><\/p>\n<p style=\"text-align: center;\">-As\u00ed es, aunque poco a poco los estoy soltando. Fui de los primero chicos en M\u00e1laga en llevarlos. Mis primeros fueron vaqueros, de mujer, y recuerdo que les tuve que descoser una etiqueta de strass que llevaban. Uso pantalones de chica porque van mejor a mi silueta.<\/p>\n<p id=\"U306230984312uwH\" style=\"text-align: center;\"><strong>-\u00bfMucho ego en el mundo blogger?<\/strong><\/p>\n<p style=\"text-align: center;\">-S\u00ed que hay. Pero hay que matizar que yo no soy un egoblogger de moda. No muestro mis estilismos porque creo que no tengo nada que aportar. Ante todo soy comunicador de moda y ese es mi sitio.<\/p>\n<p id=\"U306230984312m0H\" style=\"text-align: center;\"><strong>-\u00bfLa combinaci\u00f3n mas arriesgada con la que ha salido a la calle?<\/strong><\/p>\n<p style=\"text-align: center;\">-Me he puesto de todo, sobre todo jugando con los pitillos y los colores. Recuerdo unos rosa fl\u00faor que estren\u00e9 en una fiesta en Madrid. Pens\u00e9 que all\u00ed pasar\u00edan inadvertidos, pero en 5 minutos ten\u00eda a todo Serrano revolucionado. De ah\u00ed sali\u00f3 el hashtag #nuncaesdemasiadorosa, uno de mis &#8216;leit motiv&#8217;.<\/p>\n<p style=\"text-align: center;\"><strong>-\u00bfC\u00f3mo llega un joven malague\u00f1o a ser apadrinado por una de las principales blogger del pa\u00eds como es Estefan\u00eda de &#8216;Con 2 tacones&#8217;?<\/strong><\/p>\n<p style=\"text-align: center;\">-La conoc\u00ed por su blog y tuve la desfachatez de invitarla a un desfile de Alvarno en Madrid. Nada m\u00e1s llegar llevaba un vestido marr\u00f3n bastante irreconocible y le dije: &#8216;Ese vestido de Azzedine Ala\u00efa&#8217;. Se qued\u00f3 blanca y a partir de ah\u00ed surgi\u00f3 una aut\u00e9ntica historia de amor.<\/p>\n<p id=\"U306230984312EwF\" style=\"text-align: center;\"><strong>-\u00bfEl hombre malague\u00f1o es aburrido a la hora de arreglarse?<\/strong><\/p>\n<p style=\"text-align: center;\">-Tremendamente, hasta el espasmo. Tenemos ese miedo a la diferencia y al rechazo.<\/p>\n<p id=\"U306230984312V2B\" style=\"text-align: center;\"><strong>-\u00bfUn pecado capital en moda?<\/strong><\/p>\n<p style=\"text-align: center;\">-La falsedad en la ausencia de naturalidad. Est\u00e1 muy de moda el postureo y hay que evitarlo.<\/p>\n<p id=\"U3062309843129NG\" style=\"text-align: center;\"><strong>-\u00bfA qu\u00e9 personaje p\u00fablico le cambiar\u00eda ahora mismo el estilismo<\/strong><\/p>\n<p style=\"text-align: center;\">-A do\u00f1a Letizia. Me traumatiza totalmente. Podr\u00eda ponerse aut\u00e9nticas maravillas pero es un fiasco.<\/p>\n<p>&nbsp;<\/p>\n<p><a href=\"\/pasarelaurbana\/wp-content\/uploads\/sites\/49\/2013\/08\/demedos1.jpg\"><img loading=\"lazy\" class=\"aligncenter size-full wp-image-4868\" title=\"demedos\" src=\"\/pasarelaurbana\/wp-content\/uploads\/sites\/49\/2013\/08\/demedos1.jpg\" alt=\"\" width=\"600\" height=\"409\" srcset=\"https:\/\/static-blogs.diariosur.es\/wp-content\/uploads\/sites\/49\/2013\/08\/demedos1.jpg 600w, https:\/\/static-blogs.diariosur.es\/wp-content\/uploads\/sites\/49\/2013\/08\/demedos1-300x205.jpg 300w\" sizes=\"(max-width: 600px) 100vw, 600px\" \/><\/a><\/p>\n<p><a href=\"\/pasarelaurbana\/wp-content\/uploads\/sites\/49\/2013\/08\/demetres.jpg\"><img loading=\"lazy\" class=\"aligncenter size-full wp-image-4867\" title=\"demetres\" src=\"\/pasarelaurbana\/wp-content\/uploads\/sites\/49\/2013\/08\/demetres.jpg\" alt=\"\" width=\"600\" height=\"416\" srcset=\"https:\/\/static-blogs.diariosur.es\/wp-content\/uploads\/sites\/49\/2013\/08\/demetres.jpg 600w, https:\/\/static-blogs.diariosur.es\/wp-content\/uploads\/sites\/49\/2013\/08\/demetres-300x208.jpg 300w\" sizes=\"(max-width: 600px) 100vw, 600px\" \/><\/a><\/p>\n<p>&nbsp;<\/p>\n","protected":false},"excerpt":{"rendered":"<p>\u00a1Feliz jueves! Hoy toca nuevo post, y en esta ocasi\u00f3n, quiero compartir con vosotros la entrevista de verano que le hice la semana pasada al comunicador de moda ybolgger malague\u00f1o Demetrio de la Torre. El autor de &#8216;Moda eres y en moda te convertir\u00e1s&#8217;\u00a0 (en cuyo armario nos colamos hace ahora ya casi un a\u00f1o) [&hellip;]<\/p>\n","protected":false},"author":54,"featured_media":0,"comment_status":"open","ping_status":"open","sticky":false,"template":"","format":"standard","meta":[],"categories":[2],"tags":[],"_links":{"self":[{"href":"https:\/\/blogs.diariosur.es\/pasarelaurbana\/wp-json\/wp\/v2\/posts\/4864"}],"collection":[{"href":"https:\/\/blogs.diariosur.es\/pasarelaurbana\/wp-json\/wp\/v2\/posts"}],"about":[{"href":"https:\/\/blogs.diariosur.es\/pasarelaurbana\/wp-json\/wp\/v2\/types\/post"}],"author":[{"embeddable":true,"href":"https:\/\/blogs.diariosur.es\/pasarelaurbana\/wp-json\/wp\/v2\/users\/54"}],"replies":[{"embeddable":true,"href":"https:\/\/blogs.diariosur.es\/pasarelaurbana\/wp-json\/wp\/v2\/comments?post=4864"}],"version-history":[{"count":0,"href":"https:\/\/blogs.diariosur.es\/pasarelaurbana\/wp-json\/wp\/v2\/posts\/4864\/revisions"}],"wp:attachment":[{"href":"https:\/\/blogs.diariosur.es\/pasarelaurbana\/wp-json\/wp\/v2\/media?parent=4864"}],"wp:term":[{"taxonomy":"category","embeddable":true,"href":"https:\/\/blogs.diariosur.es\/pasarelaurbana\/wp-json\/wp\/v2\/categories?post=4864"},{"taxonomy":"post_tag","embeddable":true,"href":"https:\/\/blogs.diariosur.es\/pasarelaurbana\/wp-json\/wp\/v2\/tags?post=4864"}],"curies":[{"name":"wp","href":"https:\/\/api.w.org\/{rel}","templated":true}]}}