{"id":4869,"date":"2013-08-03T00:41:56","date_gmt":"2013-08-02T22:41:56","guid":{"rendered":"http:\/\/blogs.diariosur.es\/pasarelaurbana\/?p=4869"},"modified":"2013-08-03T00:41:56","modified_gmt":"2013-08-02T22:41:56","slug":"el-armario-de-noelia-arques","status":"publish","type":"post","link":"https:\/\/blogs.diariosur.es\/pasarelaurbana\/2013\/08\/03\/el-armario-de-noelia-arques\/","title":{"rendered":"El armario de Noelia Arques"},"content":{"rendered":"<p style=\"text-align: center;\">Comodidad ante todo. Ese es el \u2018leitmotiv\u2019 que impera en su armario. Un espacio hecho a medida donde las prendas destilan personalidad. \u00abAnte todo, intento ser coherente con mi estilo, mi edad y mi forma de ser. Rara vez sigo las tendencias\u00bb, matiza <strong>Noelia Arques<\/strong>. Apasionada de las prendas vintage y de la inspiraci\u00f3n british, desde hace cinco a\u00f1os esta licenciada en Filolog\u00eda inglesa comparte con su hermana Vanessa una peculiar habitaci\u00f3n en calle Oller\u00edas. La habitaci\u00f3n de Kate. Todo un templo del \u2018handmade\u2019 y del estilo retro. \u00abEl nombre es un gui\u00f1o a Kate Moss, icono de la moda londinense por excelencia\u00bb, explica.<br \/>\nEn los looks de esta malague\u00f1a, de 39 a\u00f1os, no faltan los vestidos sueltos \u2013mejor si marcan cintura\u2013, las faldas largas o por la rodilla, las camisas vaporosas y la que es \u2013como\u00a0 confiesa\u2013 su prenda \u2018obsesi\u00f3n\u2019: la rebeca. \u00abAhora en verano apenas uso pantalones, me resultan inc\u00f3modos\u00bb. Los shorts min\u00fasculos \u2013\u00abno los soporto, me parecen anti est\u00e9ticos\u00bb\u2013, los escotes de v\u00e9rtigo y las faldas ce\u00f1idas tambi\u00e9n figuran en su lista negra. \u00abIntento llevar yo a la prenda, no que la prenda me lleve a mi, este aspecto es muy importante\u00bb, destaca entre risas al tiempo que expresa su rechazo hacia el concepto de moda actual. \u00abIr diferente no es fijarte en Paula Echevarr\u00eda y copiarte. Eso me parece lo peor. Ante todo hay que tener una personalidad propia y que las prendas te definan. En mi caso, tengo muy claro lo que me gusta y me favorece y eso es lo que llevo\u00bb, alega.<br \/>\nDefensora a ultranza de la ropa vintage \u2013\u00abantiguamente se cos\u00eda mucho mejor, los cortes realzaban m\u00e1s la silueta femenina y se empleaban tejidos de m\u00e1s calidad\u00bb, argumenta\u2013 en el vestidor de Noelia (te\u00f1ido principalmente de tonos azules y crema) ganan por goleada los vestiditos retro que rebusca en almacenes de EEUU y con los que siempre sorprende cuando va de invitada a un evento. \u00abSon prendas que llaman la atenci\u00f3n y adem\u00e1s te aseguras que nadie repetir\u00e1 modelito\u00bb, bromea.<br \/>\nPoco amiga de los tacones, que solo reserva para ocasiones muy muy concretas, en el zapatero de Arques predominan las sandalias c\u00f3modas (le gustan caladas y con cordones). En materia de complementos \u2013los cuales juegan un papel protagonista en sus \u2018outfits\u2019\u2013 confiesa que no puede salir de casa sin pendientes. Los collares y los broches son otros de los mejores aliados de esta empresaria con debilidad por los sombreros, \u00abmi pena es que en M\u00e1laga nadie se los pone\u00bb, concluye.<\/p>\n<p style=\"text-align: center;\">Os dejo con los interesantes estilismos de esta emprendedora malague\u00f1a fotografiados por mis compa\u00f1era Yhasmina Garc\u00eda. \u00a1Buen fin de semana!<\/p>\n<p><a href=\"\/pasarelaurbana\/wp-content\/uploads\/sites\/49\"><img loading=\"lazy\" class=\"aligncenter size-full wp-image-4876\" title=\"7\" src=\"\/pasarelaurbana\/wp-content\/uploads\/sites\/49\" alt=\"\" width=\"600\" height=\"400\" \/><\/a><!--more--><\/p>\n<p style=\"text-align: center;\"><strong>LOOK DE D\u00cdA<\/strong>: <span style=\"text-decoration: underline;\">Camsia vaporosa-+falda de print hawaiano con complementos rosa<\/span><\/p>\n<p><a href=\"\/pasarelaurbana\/wp-content\/uploads\/sites\/49\"><img loading=\"lazy\" class=\"aligncenter size-full wp-image-4871\" title=\"1\" src=\"\/pasarelaurbana\/wp-content\/uploads\/sites\/49\" alt=\"\" width=\"600\" height=\"1014\" \/><\/a><\/p>\n<p><a href=\"\/pasarelaurbana\/wp-content\/uploads\/sites\/49\"><img loading=\"lazy\" class=\"aligncenter size-full wp-image-4870\" title=\"6\" src=\"\/pasarelaurbana\/wp-content\/uploads\/sites\/49\" alt=\"\" width=\"600\" height=\"900\" \/><\/a><\/p>\n<p><a href=\"\/pasarelaurbana\/wp-content\/uploads\/sites\/49\"><img loading=\"lazy\" class=\"aligncenter size-full wp-image-4872\" title=\"2\" src=\"\/pasarelaurbana\/wp-content\/uploads\/sites\/49\" alt=\"\" width=\"600\" height=\"900\" \/><\/a><\/p>\n<p><a href=\"\/pasarelaurbana\/wp-content\/uploads\/sites\/49\"><img loading=\"lazy\" class=\"aligncenter size-full wp-image-4873\" title=\"3\" src=\"\/pasarelaurbana\/wp-content\/uploads\/sites\/49\" alt=\"\" width=\"600\" height=\"400\" \/><\/a><\/p>\n<p><a href=\"\/pasarelaurbana\/wp-content\/uploads\/sites\/49\"><img loading=\"lazy\" class=\"aligncenter size-full wp-image-4874\" title=\"4\" src=\"\/pasarelaurbana\/wp-content\/uploads\/sites\/49\" alt=\"\" width=\"600\" height=\"400\" \/><\/a><\/p>\n<p><a href=\"\/pasarelaurbana\/wp-content\/uploads\/sites\/49\"><img loading=\"lazy\" class=\"aligncenter size-full wp-image-4875\" title=\"5\" src=\"\/pasarelaurbana\/wp-content\/uploads\/sites\/49\" alt=\"\" width=\"600\" height=\"400\" \/><\/a><\/p>\n<p style=\"text-align: center;\">Su look de diario: camisa vaporosa, falda de print tropical y bolso malet\u00edn todo de <strong>Kling<\/strong>. Completa el \u2018outfit\u2019 con zapatos rosas y un colgante dise\u00f1ado por ella a partir de una pieza <strong>comprada en Berl\u00edn<\/strong>.<\/p>\n<p style=\"text-align: center;\"><strong>LOOK DE NOCHE<\/strong>: <span style=\"text-decoration: underline;\">Vestido blanco de inspiraci\u00f3n rom\u00e1ntica con sandalias marrones y bandolera vintage<\/span><\/p>\n<p style=\"text-align: center;\"><a href=\"\/pasarelaurbana\/wp-content\/uploads\/sites\/49\"><img loading=\"lazy\" class=\"aligncenter size-full wp-image-4877\" title=\"8\" src=\"\/pasarelaurbana\/wp-content\/uploads\/sites\/49\" alt=\"\" width=\"600\" height=\"900\" \/><\/a><\/p>\n<p style=\"text-align: center;\"><a href=\"\/pasarelaurbana\/wp-content\/uploads\/sites\/49\"><img loading=\"lazy\" class=\"aligncenter size-full wp-image-4878\" title=\"9\" src=\"\/pasarelaurbana\/wp-content\/uploads\/sites\/49\" alt=\"\" width=\"600\" height=\"900\" \/><\/a><\/p>\n<p style=\"text-align: center;\"><a href=\"\/pasarelaurbana\/wp-content\/uploads\/sites\/49\/2013\/08\/10.jpg\"><img loading=\"lazy\" class=\"aligncenter size-full wp-image-4879\" title=\"10\" src=\"\/pasarelaurbana\/wp-content\/uploads\/sites\/49\/2013\/08\/10.jpg\" alt=\"\" width=\"600\" height=\"400\" srcset=\"https:\/\/static-blogs.diariosur.es\/wp-content\/uploads\/sites\/49\/2013\/08\/10.jpg 600w, https:\/\/static-blogs.diariosur.es\/wp-content\/uploads\/sites\/49\/2013\/08\/10-300x200.jpg 300w\" sizes=\"(max-width: 600px) 100vw, 600px\" \/><\/a><\/p>\n<p style=\"text-align: center;\"><a href=\"\/pasarelaurbana\/wp-content\/uploads\/sites\/49\/2013\/08\/11.jpg\"><img loading=\"lazy\" class=\"aligncenter size-full wp-image-4880\" title=\"11\" src=\"\/pasarelaurbana\/wp-content\/uploads\/sites\/49\/2013\/08\/11.jpg\" alt=\"\" width=\"600\" height=\"400\" srcset=\"https:\/\/static-blogs.diariosur.es\/wp-content\/uploads\/sites\/49\/2013\/08\/11.jpg 600w, https:\/\/static-blogs.diariosur.es\/wp-content\/uploads\/sites\/49\/2013\/08\/11-300x200.jpg 300w\" sizes=\"(max-width: 600px) 100vw, 600px\" \/><\/a><\/p>\n<p style=\"text-align: center;\"><a href=\"\/pasarelaurbana\/wp-content\/uploads\/sites\/49\/2013\/08\/12.jpg\"><img loading=\"lazy\" class=\"aligncenter size-full wp-image-4881\" title=\"12\" src=\"\/pasarelaurbana\/wp-content\/uploads\/sites\/49\/2013\/08\/12.jpg\" alt=\"\" width=\"600\" height=\"400\" srcset=\"https:\/\/static-blogs.diariosur.es\/wp-content\/uploads\/sites\/49\/2013\/08\/12.jpg 600w, https:\/\/static-blogs.diariosur.es\/wp-content\/uploads\/sites\/49\/2013\/08\/12-300x200.jpg 300w\" sizes=\"(max-width: 600px) 100vw, 600px\" \/><\/a><\/p>\n<p style=\"text-align: center;\"><a href=\"\/pasarelaurbana\/wp-content\/uploads\/sites\/49\/2013\/08\/13.jpg\"><img loading=\"lazy\" class=\"aligncenter size-full wp-image-4882\" title=\"13\" src=\"\/pasarelaurbana\/wp-content\/uploads\/sites\/49\/2013\/08\/13.jpg\" alt=\"\" width=\"600\" height=\"900\" srcset=\"https:\/\/static-blogs.diariosur.es\/wp-content\/uploads\/sites\/49\/2013\/08\/13.jpg 600w, https:\/\/static-blogs.diariosur.es\/wp-content\/uploads\/sites\/49\/2013\/08\/13-200x300.jpg 200w\" sizes=\"(max-width: 600px) 100vw, 600px\" \/><\/a><\/p>\n<p style=\"text-align: center;\">\u00bfSu apuesta para una noche de verano? Vestido rom\u00e1ntico blanco con detalles de encajes en mangas y bajos (de <strong>Queen\u2019s wardrobe<\/strong>), bandolera comprada en un <strong>mercadillo de Lisboa<\/strong> \u00abpor un euro\u00bb y sandalias marrones de <strong>Hakei<\/strong>.<\/p>\n<p style=\"text-align: center;\"><strong>PARA UN EVENTO<\/strong>: <span style=\"text-decoration: underline;\">Vestido burdeos vintage con broche en la solapa<\/span><\/p>\n<p style=\"text-align: center;\"><a href=\"\/pasarelaurbana\/wp-content\/uploads\/sites\/49\/2013\/08\/14.jpg\"><img loading=\"lazy\" class=\"aligncenter size-full wp-image-4884\" title=\"14\" src=\"\/pasarelaurbana\/wp-content\/uploads\/sites\/49\/2013\/08\/14.jpg\" alt=\"\" width=\"600\" height=\"900\" srcset=\"https:\/\/static-blogs.diariosur.es\/wp-content\/uploads\/sites\/49\/2013\/08\/14.jpg 600w, https:\/\/static-blogs.diariosur.es\/wp-content\/uploads\/sites\/49\/2013\/08\/14-200x300.jpg 200w\" sizes=\"(max-width: 600px) 100vw, 600px\" \/><\/a><\/p>\n<p style=\"text-align: center;\"><a href=\"\/pasarelaurbana\/wp-content\/uploads\/sites\/49\/2013\/08\/15.jpg\"><img loading=\"lazy\" class=\"aligncenter size-full wp-image-4885\" title=\"15\" src=\"\/pasarelaurbana\/wp-content\/uploads\/sites\/49\/2013\/08\/15.jpg\" alt=\"\" width=\"600\" height=\"400\" srcset=\"https:\/\/static-blogs.diariosur.es\/wp-content\/uploads\/sites\/49\/2013\/08\/15.jpg 600w, https:\/\/static-blogs.diariosur.es\/wp-content\/uploads\/sites\/49\/2013\/08\/15-300x200.jpg 300w\" sizes=\"(max-width: 600px) 100vw, 600px\" \/><\/a><\/p>\n<p style=\"text-align: center;\"><a href=\"\/pasarelaurbana\/wp-content\/uploads\/sites\/49\/2013\/08\/19.jpg\"><img loading=\"lazy\" class=\"aligncenter size-full wp-image-4889\" title=\"19\" src=\"\/pasarelaurbana\/wp-content\/uploads\/sites\/49\/2013\/08\/19.jpg\" alt=\"\" width=\"600\" height=\"400\" srcset=\"https:\/\/static-blogs.diariosur.es\/wp-content\/uploads\/sites\/49\/2013\/08\/19.jpg 600w, https:\/\/static-blogs.diariosur.es\/wp-content\/uploads\/sites\/49\/2013\/08\/19-300x200.jpg 300w\" sizes=\"(max-width: 600px) 100vw, 600px\" \/><\/a><\/p>\n<p style=\"text-align: center;\"><a href=\"\/pasarelaurbana\/wp-content\/uploads\/sites\/49\/2013\/08\/17.jpg\"><img loading=\"lazy\" class=\"aligncenter size-full wp-image-4887\" title=\"17\" src=\"\/pasarelaurbana\/wp-content\/uploads\/sites\/49\/2013\/08\/17.jpg\" alt=\"\" width=\"600\" height=\"400\" srcset=\"https:\/\/static-blogs.diariosur.es\/wp-content\/uploads\/sites\/49\/2013\/08\/17.jpg 600w, https:\/\/static-blogs.diariosur.es\/wp-content\/uploads\/sites\/49\/2013\/08\/17-300x200.jpg 300w\" sizes=\"(max-width: 600px) 100vw, 600px\" \/><\/a><\/p>\n<p style=\"text-align: center;\"><a href=\"\/pasarelaurbana\/wp-content\/uploads\/sites\/49\/2013\/08\/18.jpg\"><img loading=\"lazy\" class=\"aligncenter size-full wp-image-4883\" title=\"18\" src=\"\/pasarelaurbana\/wp-content\/uploads\/sites\/49\/2013\/08\/18.jpg\" alt=\"\" width=\"600\" height=\"400\" srcset=\"https:\/\/static-blogs.diariosur.es\/wp-content\/uploads\/sites\/49\/2013\/08\/18.jpg 600w, https:\/\/static-blogs.diariosur.es\/wp-content\/uploads\/sites\/49\/2013\/08\/18-300x200.jpg 300w\" sizes=\"(max-width: 600px) 100vw, 600px\" \/><\/a><\/p>\n<p style=\"text-align: center;\"><a href=\"\/pasarelaurbana\/wp-content\/uploads\/sites\/49\/2013\/08\/16.jpg\"><img loading=\"lazy\" class=\"aligncenter size-full wp-image-4886\" title=\"16\" src=\"\/pasarelaurbana\/wp-content\/uploads\/sites\/49\/2013\/08\/16.jpg\" alt=\"\" width=\"600\" height=\"400\" srcset=\"https:\/\/static-blogs.diariosur.es\/wp-content\/uploads\/sites\/49\/2013\/08\/16.jpg 600w, https:\/\/static-blogs.diariosur.es\/wp-content\/uploads\/sites\/49\/2013\/08\/16-300x200.jpg 300w\" sizes=\"(max-width: 600px) 100vw, 600px\" \/><\/a><\/p>\n<p style=\"text-align: center;\">Para un evento, Noelia elige un estiloso<strong> vestido vintage<\/strong> burdeos tra\u00eddo de EEUU. \u00bfEl toque chic? Un broche dorado de <strong>LaliBlue<\/strong>. El brazalete dorado con la rosa es de <strong>Anika Casas<\/strong> y el collar de <strong>Colindante<\/strong>. El bolso se lo compr\u00f3 en <strong>Beyond Retro<\/strong>, una tienda del londinense Spitalfields Market.<\/p>\n<p style=\"text-align: center;\"><strong>ALGUNAS PRENDAS CLAVE EN SU ARMARIO<\/strong><\/p>\n<p style=\"text-align: center;\"><a href=\"\/pasarelaurbana\/wp-content\/uploads\/sites\/49\/2013\/08\/20.jpg\"><img loading=\"lazy\" class=\"aligncenter size-full wp-image-4890\" title=\"20\" src=\"\/pasarelaurbana\/wp-content\/uploads\/sites\/49\/2013\/08\/20.jpg\" alt=\"\" width=\"600\" height=\"900\" srcset=\"https:\/\/static-blogs.diariosur.es\/wp-content\/uploads\/sites\/49\/2013\/08\/20.jpg 600w, https:\/\/static-blogs.diariosur.es\/wp-content\/uploads\/sites\/49\/2013\/08\/20-200x300.jpg 200w\" sizes=\"(max-width: 600px) 100vw, 600px\" \/><\/a><\/p>\n<p style=\"text-align: center;\"><a href=\"\/pasarelaurbana\/wp-content\/uploads\/sites\/49\/2013\/08\/21.jpg\"><img loading=\"lazy\" class=\"aligncenter size-full wp-image-4891\" title=\"21\" src=\"\/pasarelaurbana\/wp-content\/uploads\/sites\/49\/2013\/08\/21.jpg\" alt=\"\" width=\"600\" height=\"900\" srcset=\"https:\/\/static-blogs.diariosur.es\/wp-content\/uploads\/sites\/49\/2013\/08\/21.jpg 600w, https:\/\/static-blogs.diariosur.es\/wp-content\/uploads\/sites\/49\/2013\/08\/21-200x300.jpg 200w\" sizes=\"(max-width: 600px) 100vw, 600px\" \/><\/a><\/p>\n<p style=\"text-align: center;\"><a href=\"\/pasarelaurbana\/wp-content\/uploads\/sites\/49\/2013\/08\/22.jpg\"><img loading=\"lazy\" class=\"aligncenter size-full wp-image-4892\" title=\"22\" src=\"\/pasarelaurbana\/wp-content\/uploads\/sites\/49\/2013\/08\/22.jpg\" alt=\"\" width=\"600\" height=\"900\" srcset=\"https:\/\/static-blogs.diariosur.es\/wp-content\/uploads\/sites\/49\/2013\/08\/22.jpg 600w, https:\/\/static-blogs.diariosur.es\/wp-content\/uploads\/sites\/49\/2013\/08\/22-200x300.jpg 200w\" sizes=\"(max-width: 600px) 100vw, 600px\" \/><\/a><\/p>\n<p style=\"text-align: center;\"><a href=\"\/pasarelaurbana\/wp-content\/uploads\/sites\/49\/2013\/08\/23.jpg\"><img loading=\"lazy\" class=\"aligncenter size-full wp-image-4893\" title=\"23\" src=\"\/pasarelaurbana\/wp-content\/uploads\/sites\/49\/2013\/08\/23.jpg\" alt=\"\" width=\"600\" height=\"400\" srcset=\"https:\/\/static-blogs.diariosur.es\/wp-content\/uploads\/sites\/49\/2013\/08\/23.jpg 600w, https:\/\/static-blogs.diariosur.es\/wp-content\/uploads\/sites\/49\/2013\/08\/23-300x200.jpg 300w\" sizes=\"(max-width: 600px) 100vw, 600px\" \/><\/a><\/p>\n<p style=\"text-align: center;\">Algunos de los b\u00e1sicos de su armario: camisa de estampado hawaiano, rebeca calada (ambos <strong>vintage<\/strong>) y falda rom\u00e1ntica de <strong>Manoush<\/strong>.<\/p>\n<p style=\"text-align: center;\"><a href=\"\/pasarelaurbana\/wp-content\/uploads\/sites\/49\/2013\/08\/24.jpg\"><img loading=\"lazy\" class=\"aligncenter size-full wp-image-4894\" title=\"24\" src=\"\/pasarelaurbana\/wp-content\/uploads\/sites\/49\/2013\/08\/24.jpg\" alt=\"\" width=\"600\" height=\"900\" srcset=\"https:\/\/static-blogs.diariosur.es\/wp-content\/uploads\/sites\/49\/2013\/08\/24.jpg 600w, https:\/\/static-blogs.diariosur.es\/wp-content\/uploads\/sites\/49\/2013\/08\/24-200x300.jpg 200w\" sizes=\"(max-width: 600px) 100vw, 600px\" \/><\/a><\/p>\n<p style=\"text-align: center;\">Vestido de estampado hawaiano (de la misma colecci\u00f3n que la falda del primer look), de <strong>Kling<\/strong>.<\/p>\n<p style=\"text-align: center;\"><a href=\"\/pasarelaurbana\/wp-content\/uploads\/sites\/49\/2013\/08\/25.jpg\"><img loading=\"lazy\" class=\"aligncenter size-full wp-image-4895\" title=\"25\" src=\"\/pasarelaurbana\/wp-content\/uploads\/sites\/49\/2013\/08\/25.jpg\" alt=\"\" width=\"600\" height=\"900\" srcset=\"https:\/\/static-blogs.diariosur.es\/wp-content\/uploads\/sites\/49\/2013\/08\/25.jpg 600w, https:\/\/static-blogs.diariosur.es\/wp-content\/uploads\/sites\/49\/2013\/08\/25-200x300.jpg 200w\" sizes=\"(max-width: 600px) 100vw, 600px\" \/><\/a><\/p>\n<p style=\"text-align: center;\">Vestido <strong>vintage<\/strong> en color champagne, impresindible en sus estilismos m\u00e1s formales.<\/p>\n<p style=\"text-align: center;\"><strong>SUS COMPLEMENTOS<\/strong><\/p>\n<p style=\"text-align: center;\"><a href=\"\/pasarelaurbana\/wp-content\/uploads\/sites\/49\/2013\/08\/26.jpg\"><img loading=\"lazy\" class=\"aligncenter size-full wp-image-4896\" title=\"26\" src=\"\/pasarelaurbana\/wp-content\/uploads\/sites\/49\/2013\/08\/26.jpg\" alt=\"\" width=\"600\" height=\"400\" srcset=\"https:\/\/static-blogs.diariosur.es\/wp-content\/uploads\/sites\/49\/2013\/08\/26.jpg 600w, https:\/\/static-blogs.diariosur.es\/wp-content\/uploads\/sites\/49\/2013\/08\/26-300x200.jpg 300w\" sizes=\"(max-width: 600px) 100vw, 600px\" \/><\/a><\/p>\n<p style=\"text-align: center;\">Los bolsos tambi\u00e9n juegan un papel protagonista en su armario: arriba de<strong> Kling, Accessorize y vintage<\/strong>.<\/p>\n<p style=\"text-align: center;\"><a href=\"\/pasarelaurbana\/wp-content\/uploads\/sites\/49\/2013\/08\/29.jpg\"><img loading=\"lazy\" class=\"aligncenter size-full wp-image-4899\" title=\"29\" src=\"\/pasarelaurbana\/wp-content\/uploads\/sites\/49\/2013\/08\/29.jpg\" alt=\"\" width=\"600\" height=\"400\" srcset=\"https:\/\/static-blogs.diariosur.es\/wp-content\/uploads\/sites\/49\/2013\/08\/29.jpg 600w, https:\/\/static-blogs.diariosur.es\/wp-content\/uploads\/sites\/49\/2013\/08\/29-300x200.jpg 300w\" sizes=\"(max-width: 600px) 100vw, 600px\" \/><\/a><\/p>\n<p style=\"text-align: center;\"><a href=\"\/pasarelaurbana\/wp-content\/uploads\/sites\/49\/2013\/08\/27.jpg\"><img loading=\"lazy\" class=\"aligncenter size-full wp-image-4897\" title=\"27\" src=\"\/pasarelaurbana\/wp-content\/uploads\/sites\/49\/2013\/08\/27.jpg\" alt=\"\" width=\"600\" height=\"400\" srcset=\"https:\/\/static-blogs.diariosur.es\/wp-content\/uploads\/sites\/49\/2013\/08\/27.jpg 600w, https:\/\/static-blogs.diariosur.es\/wp-content\/uploads\/sites\/49\/2013\/08\/27-300x200.jpg 300w\" sizes=\"(max-width: 600px) 100vw, 600px\" \/><\/a><\/p>\n<p style=\"text-align: center;\">Una muestra de su colecci\u00f3n de collares, indispensables en sus estilismos: <strong>vintage y tra\u00eddos de viajes<\/strong>. Abajo, una selecci\u00f3n de algunos de los pendientes estrella de su joyero: de <strong>Anika Casas<\/strong>, adquiridos en diferentes mercadillos y <strong>vintage<\/strong>. EL broche es de <strong>Laliblue.<\/strong><\/p>\n<p style=\"text-align: center;\"><a href=\"\/pasarelaurbana\/wp-content\/uploads\/sites\/49\/2013\/08\/28.jpg\"><img loading=\"lazy\" class=\"aligncenter size-full wp-image-4898\" title=\"28\" src=\"\/pasarelaurbana\/wp-content\/uploads\/sites\/49\/2013\/08\/28.jpg\" alt=\"\" width=\"600\" height=\"400\" srcset=\"https:\/\/static-blogs.diariosur.es\/wp-content\/uploads\/sites\/49\/2013\/08\/28.jpg 600w, https:\/\/static-blogs.diariosur.es\/wp-content\/uploads\/sites\/49\/2013\/08\/28-300x200.jpg 300w\" sizes=\"(max-width: 600px) 100vw, 600px\" \/><\/a><\/p>\n<p style=\"text-align: center;\"><a href=\"\/pasarelaurbana\/wp-content\/uploads\/sites\/49\/2013\/08\/30.jpg\"><img loading=\"lazy\" class=\"aligncenter size-full wp-image-4888\" title=\"30\" src=\"\/pasarelaurbana\/wp-content\/uploads\/sites\/49\/2013\/08\/30.jpg\" alt=\"\" width=\"600\" height=\"400\" srcset=\"https:\/\/static-blogs.diariosur.es\/wp-content\/uploads\/sites\/49\/2013\/08\/30.jpg 600w, https:\/\/static-blogs.diariosur.es\/wp-content\/uploads\/sites\/49\/2013\/08\/30-300x200.jpg 300w\" sizes=\"(max-width: 600px) 100vw, 600px\" \/><\/a><\/p>\n<p style=\"text-align: center;\">Y termino, como siempre, con una foto de mi \u00e1lbum personal junto a Noelia, un cielo de mujer y una magn\u00edfica profesional apasionada por su trabajo, lo cual se nota nada m\u00e1s que uno cruza las puertas de la preciosa Habitaci\u00f3n de Kate. Ella lleva vestido camisero de <strong>Kling<\/strong>. En mi caso, eleg\u00ed para la ocasi\u00f3n un <strong>total look de Zara<\/strong> (la falda tableada celeste y el collar joya XL son de la nueva colecci\u00f3n reci\u00e9n salida del horno). Y terminamos, como tambi\u00e9n es tradici\u00f3n, fichando la ruta de tiendas de nuestra protagonista. \u00a1Tomad nota!:<\/p>\n<p style=\"text-align: center;\"><span style=\"text-decoration: underline;\">\u00a0SU RUTA DE TIENDAS<\/span><\/p>\n<p style=\"text-align: center;\">1. <strong>Find de Luxe<\/strong>. Su tienda de segunda mano por excelencia, en C\/Casapalma.<br \/>\n2. <strong>Top Shop<\/strong>. Poco amiga de las franquicias, de \u00e9sta le pierden sus tops.<br \/>\n3. <strong>Kling<\/strong>. Una de sus firmas preferidas, \u00abme encantan sus vestidos de aire retro\u00bb.<br \/>\n4. <strong>Asos<\/strong>. Parada obligada de su ruta de \u2018e-shopping\u2019. \u00abAdoro la moda inglesa\u00bb.<br \/>\n5. <strong>Office.co.uk<\/strong>. Es su zapater\u00eda de cabecera en el ciberespacio.<\/p>\n<p style=\"text-align: center;\">\u00a1Espero que os haya gustado!\u00a1Feliz fin de semana!<\/p>\n<p>&nbsp;<\/p>\n","protected":false},"excerpt":{"rendered":"<p>Comodidad ante todo. Ese es el \u2018leitmotiv\u2019 que impera en su armario. Un espacio hecho a medida donde las prendas destilan personalidad. \u00abAnte todo, intento ser coherente con mi estilo, mi edad y mi forma de ser. Rara vez sigo las tendencias\u00bb, matiza Noelia Arques. Apasionada de las prendas vintage y de la inspiraci\u00f3n british, [&hellip;]<\/p>\n","protected":false},"author":54,"featured_media":0,"comment_status":"open","ping_status":"open","sticky":false,"template":"","format":"standard","meta":[],"categories":[2],"tags":[],"_links":{"self":[{"href":"https:\/\/blogs.diariosur.es\/pasarelaurbana\/wp-json\/wp\/v2\/posts\/4869"}],"collection":[{"href":"https:\/\/blogs.diariosur.es\/pasarelaurbana\/wp-json\/wp\/v2\/posts"}],"about":[{"href":"https:\/\/blogs.diariosur.es\/pasarelaurbana\/wp-json\/wp\/v2\/types\/post"}],"author":[{"embeddable":true,"href":"https:\/\/blogs.diariosur.es\/pasarelaurbana\/wp-json\/wp\/v2\/users\/54"}],"replies":[{"embeddable":true,"href":"https:\/\/blogs.diariosur.es\/pasarelaurbana\/wp-json\/wp\/v2\/comments?post=4869"}],"version-history":[{"count":0,"href":"https:\/\/blogs.diariosur.es\/pasarelaurbana\/wp-json\/wp\/v2\/posts\/4869\/revisions"}],"wp:attachment":[{"href":"https:\/\/blogs.diariosur.es\/pasarelaurbana\/wp-json\/wp\/v2\/media?parent=4869"}],"wp:term":[{"taxonomy":"category","embeddable":true,"href":"https:\/\/blogs.diariosur.es\/pasarelaurbana\/wp-json\/wp\/v2\/categories?post=4869"},{"taxonomy":"post_tag","embeddable":true,"href":"https:\/\/blogs.diariosur.es\/pasarelaurbana\/wp-json\/wp\/v2\/tags?post=4869"}],"curies":[{"name":"wp","href":"https:\/\/api.w.org\/{rel}","templated":true}]}}