{"id":4947,"date":"2013-08-13T18:10:10","date_gmt":"2013-08-13T16:10:10","guid":{"rendered":"http:\/\/blogs.diariosur.es\/pasarelaurbana\/?p=4947"},"modified":"2013-08-13T18:10:10","modified_gmt":"2013-08-13T16:10:10","slug":"la-moda-que-viene-la-era-de-las-faldas-midi","status":"publish","type":"post","link":"https:\/\/blogs.diariosur.es\/pasarelaurbana\/2013\/08\/13\/la-moda-que-viene-la-era-de-las-faldas-midi\/","title":{"rendered":"La moda que viene: la era de las faldas midi"},"content":{"rendered":"<p class=\"entradilla\" style=\"text-align: center;\">Temporada nueva&#8230;largo de falda nuevo. Este oto\u00f1o-invierno que empieza a asomarse t\u00edmidamente por los estantes de las tiendas nos impone nuevos c\u00f3digos de moda y nuevas medidas. Se acab\u00f3 eso de lucir pierna sin pudor. Lo m\u00e1s &#8216;in&#8217; de los pr\u00f3ximos meses llega en formato &#8216;midi&#8217;. La tendencia, que ya ha apuntado maneras este verano, cobrar\u00e1 su m\u00e1ximo protagonismo en los looks invernales m\u00e1s recatados. Toca ganarle cent\u00edmetros a faldas y vestidos con este corte tan retro al que se rindieron sobre la pasarela Chanel, Loewe, Louis Vuitton o Prada entre otros. De tubo o de vuelo (personalmente mis favoritas) las &#8216;midi&#8217; tienen una pega: bien combinadas pueden resultar muy sexys y favorecedoras, pero no todo el mundo acierta a la hora de lucirlas. Las que somos bajitas lo tenemos complicado. \u00bfLa mejor receta? Maridarlas con taconazos de v\u00e9rtigo. Para el d\u00eda quedan genial con una camisa o top ce\u00f1ido con un cintur\u00f3n emulando a las cl\u00e1sicas estrellas de Hollywood. De noche, apuesta por un modelo de cuero (casi todas las firmas low cost las tienen) y dale un punto de rockero con una camiseta con mensaje. Os dejo con una selecci\u00f3n de faldas midi fichadas en las nuevas colecciones. Y vosotras, \u00bfOs atrev\u00e9is con las midi?<\/p>\n<p>&nbsp;<\/p>\n<p><a href=\"\/pasarelaurbana\/wp-content\/uploads\/sites\/49\/2013\/08\/faldauno.jpg\"><img loading=\"lazy\" class=\"aligncenter size-full wp-image-4948\" title=\"faldauno\" src=\"\/pasarelaurbana\/wp-content\/uploads\/sites\/49\/2013\/08\/faldauno.jpg\" alt=\"\" width=\"600\" height=\"744\" srcset=\"https:\/\/static-blogs.diariosur.es\/wp-content\/uploads\/sites\/49\/2013\/08\/faldauno.jpg 600w, https:\/\/static-blogs.diariosur.es\/wp-content\/uploads\/sites\/49\/2013\/08\/faldauno-242x300.jpg 242w\" sizes=\"(max-width: 600px) 100vw, 600px\" \/><\/a><!--more--><\/p>\n<p><a href=\"\/pasarelaurbana\/wp-content\/uploads\/sites\/49\/2013\/08\/faldados.jpg\"><img loading=\"lazy\" class=\"aligncenter size-full wp-image-4951\" title=\"faldados\" src=\"\/pasarelaurbana\/wp-content\/uploads\/sites\/49\/2013\/08\/faldados.jpg\" alt=\"\" width=\"600\" height=\"744\" srcset=\"https:\/\/static-blogs.diariosur.es\/wp-content\/uploads\/sites\/49\/2013\/08\/faldados.jpg 600w, https:\/\/static-blogs.diariosur.es\/wp-content\/uploads\/sites\/49\/2013\/08\/faldados-242x300.jpg 242w\" sizes=\"(max-width: 600px) 100vw, 600px\" \/><\/a><\/p>\n<p>&nbsp;<\/p>\n<p>&nbsp;<\/p>\n<p><a href=\"\/pasarelaurbana\/wp-content\/uploads\/sites\/49\/2013\/08\/faldacuatro.jpg\"><img loading=\"lazy\" class=\"aligncenter size-full wp-image-4950\" title=\"faldacuatro\" src=\"\/pasarelaurbana\/wp-content\/uploads\/sites\/49\/2013\/08\/faldacuatro.jpg\" alt=\"\" width=\"600\" height=\"744\" srcset=\"https:\/\/static-blogs.diariosur.es\/wp-content\/uploads\/sites\/49\/2013\/08\/faldacuatro.jpg 600w, https:\/\/static-blogs.diariosur.es\/wp-content\/uploads\/sites\/49\/2013\/08\/faldacuatro-242x300.jpg 242w\" sizes=\"(max-width: 600px) 100vw, 600px\" \/><\/a><\/p>\n<p style=\"text-align: center;\">Los tres modelos de arriba son de Zara.<\/p>\n<p><a href=\"\/pasarelaurbana\/wp-content\/uploads\/sites\/49\/2013\/08\/faldablanco.jpg\"><img loading=\"lazy\" class=\"aligncenter size-full wp-image-4954\" title=\"faldablanco\" src=\"\/pasarelaurbana\/wp-content\/uploads\/sites\/49\/2013\/08\/faldablanco.jpg\" alt=\"\" width=\"600\" height=\"777\" srcset=\"https:\/\/static-blogs.diariosur.es\/wp-content\/uploads\/sites\/49\/2013\/08\/faldablanco.jpg 600w, https:\/\/static-blogs.diariosur.es\/wp-content\/uploads\/sites\/49\/2013\/08\/faldablanco-232x300.jpg 232w\" sizes=\"(max-width: 600px) 100vw, 600px\" \/><\/a><\/p>\n<p style=\"text-align: center;\">En clave print animal con gui\u00f1os tropicales, de Blanco<\/p>\n<p><a href=\"\/pasarelaurbana\/wp-content\/uploads\/sites\/49\/2013\/08\/faldahm.jpg\"><img loading=\"lazy\" class=\"aligncenter size-full wp-image-4955\" title=\"faldahm\" src=\"\/pasarelaurbana\/wp-content\/uploads\/sites\/49\/2013\/08\/faldahm.jpg\" alt=\"\" width=\"600\" height=\"702\" srcset=\"https:\/\/static-blogs.diariosur.es\/wp-content\/uploads\/sites\/49\/2013\/08\/faldahm.jpg 600w, https:\/\/static-blogs.diariosur.es\/wp-content\/uploads\/sites\/49\/2013\/08\/faldahm-256x300.jpg 256w\" sizes=\"(max-width: 600px) 100vw, 600px\" \/><\/a><\/p>\n<p style=\"text-align: center;\">\u00a0Negra, de H&#038;M<\/p>\n<p style=\"text-align: center;\"><a href=\"\/pasarelaurbana\/wp-content\/uploads\/sites\/49\/2013\/08\/faldaseis.jpg\"><img loading=\"lazy\" class=\"aligncenter size-full wp-image-4952\" title=\"faldaseis\" src=\"\/pasarelaurbana\/wp-content\/uploads\/sites\/49\/2013\/08\/faldaseis.jpg\" alt=\"\" width=\"600\" height=\"900\" srcset=\"https:\/\/static-blogs.diariosur.es\/wp-content\/uploads\/sites\/49\/2013\/08\/faldaseis.jpg 600w, https:\/\/static-blogs.diariosur.es\/wp-content\/uploads\/sites\/49\/2013\/08\/faldaseis-200x300.jpg 200w\" sizes=\"(max-width: 600px) 100vw, 600px\" \/><\/a>La m\u00e1s rom\u00e1ntica, plisada en rosa palo, de Mango<\/p>\n<p><a href=\"\/pasarelaurbana\/wp-content\/uploads\/sites\/49\/2013\/08\/faldasietejpg.jpg\"><img loading=\"lazy\" class=\"aligncenter size-full wp-image-4956\" title=\"faldasietejpg\" src=\"\/pasarelaurbana\/wp-content\/uploads\/sites\/49\/2013\/08\/faldasietejpg.jpg\" alt=\"\" width=\"600\" height=\"769\" srcset=\"https:\/\/static-blogs.diariosur.es\/wp-content\/uploads\/sites\/49\/2013\/08\/faldasietejpg.jpg 600w, https:\/\/static-blogs.diariosur.es\/wp-content\/uploads\/sites\/49\/2013\/08\/faldasietejpg-234x300.jpg 234w\" sizes=\"(max-width: 600px) 100vw, 600px\" \/><\/a><\/p>\n<p style=\"text-align: center;\">De Bershka, entubada negra<\/p>\n<p style=\"text-align: center;\">\n<p style=\"text-align: center;\">\n","protected":false},"excerpt":{"rendered":"<p>Temporada nueva&#8230;largo de falda nuevo. Este oto\u00f1o-invierno que empieza a asomarse t\u00edmidamente por los estantes de las tiendas nos impone nuevos c\u00f3digos de moda y nuevas medidas. Se acab\u00f3 eso de lucir pierna sin pudor. Lo m\u00e1s &#8216;in&#8217; de los pr\u00f3ximos meses llega en formato &#8216;midi&#8217;. La tendencia, que ya ha apuntado maneras este verano, [&hellip;]<\/p>\n","protected":false},"author":54,"featured_media":0,"comment_status":"open","ping_status":"open","sticky":false,"template":"","format":"standard","meta":[],"categories":[2],"tags":[],"_links":{"self":[{"href":"https:\/\/blogs.diariosur.es\/pasarelaurbana\/wp-json\/wp\/v2\/posts\/4947"}],"collection":[{"href":"https:\/\/blogs.diariosur.es\/pasarelaurbana\/wp-json\/wp\/v2\/posts"}],"about":[{"href":"https:\/\/blogs.diariosur.es\/pasarelaurbana\/wp-json\/wp\/v2\/types\/post"}],"author":[{"embeddable":true,"href":"https:\/\/blogs.diariosur.es\/pasarelaurbana\/wp-json\/wp\/v2\/users\/54"}],"replies":[{"embeddable":true,"href":"https:\/\/blogs.diariosur.es\/pasarelaurbana\/wp-json\/wp\/v2\/comments?post=4947"}],"version-history":[{"count":0,"href":"https:\/\/blogs.diariosur.es\/pasarelaurbana\/wp-json\/wp\/v2\/posts\/4947\/revisions"}],"wp:attachment":[{"href":"https:\/\/blogs.diariosur.es\/pasarelaurbana\/wp-json\/wp\/v2\/media?parent=4947"}],"wp:term":[{"taxonomy":"category","embeddable":true,"href":"https:\/\/blogs.diariosur.es\/pasarelaurbana\/wp-json\/wp\/v2\/categories?post=4947"},{"taxonomy":"post_tag","embeddable":true,"href":"https:\/\/blogs.diariosur.es\/pasarelaurbana\/wp-json\/wp\/v2\/tags?post=4947"}],"curies":[{"name":"wp","href":"https:\/\/api.w.org\/{rel}","templated":true}]}}